{"id":127374,"date":"2023-07-17T12:51:50","date_gmt":"2023-07-17T17:51:50","guid":{"rendered":"https:\/\/graziamagazine.com\/mx\/?post_type=articles&#038;p=127374"},"modified":"2023-07-17T19:36:30","modified_gmt":"2023-07-18T00:36:30","slug":"quien-era-jane-birkin-y-por-que-se-le-considera-un-icono-de-la-moda","status":"publish","type":"articles","link":"https:\/\/graziamagazine.com\/mx\/articles\/quien-era-jane-birkin-y-por-que-se-le-considera-un-icono-de-la-moda\/","title":{"rendered":"\u00bfQui\u00e9n era Jane Birkin y por qu\u00e9 se le considera un \u00edcono de la moda?"},"content":{"rendered":"<p><span style=\"font-weight: 400;\"><strong>Jane Birkin<\/strong>, la actriz, cantante, compositora y escritora brit\u00e1nica-francesa, que adem\u00e1s se convirti\u00f3 en s\u00edmbolo sexual en la d\u00e9cada de los 60s, <strong>falleci\u00f3 el domingo 16 de julio<\/strong> en su casa en Par\u00eds, a los 76 a\u00f1os, dejando un legado mundial sobre la sensualidad de la mujer.<\/span><\/p>\n<p><span style=\"font-weight: 400;\">Una de las cosas por las que siempre ser\u00e1 recordada es por ser el nombre detr\u00e1s del bolso <strong>Herm\u00e8s Birkin<\/strong>, que se lanz\u00f3 en 1984. Se dice que naci\u00f3 despu\u00e9s de una conversaci\u00f3n entre ella y el director ejecutivo de Herm\u00e8s, <strong>Jean-Louis Dumas<\/strong>, en un vuelo de Par\u00eds a Londres en el que discutieron lo dif\u00edcil que era encontrar un bolso que pudiera satisfacer las necesidades de Birkin como madre.<\/span><\/p>\n<p><span style=\"font-weight: 400;\">Y hoy, gracias a ella y a ese encuentro, el bolso es uno de los m\u00e1s exclusivos y cotizados del mundo.<\/span><\/p>\n<p><span style=\"font-weight: 400;\">Jane salt\u00f3 a la fama despu\u00e9s de aparecer en la pel\u00edcula <\/span><i><span style=\"font-weight: 400;\">Blow-Up<\/span><\/i><span style=\"font-weight: 400;\"> de 1966 en Reino Unido, antes de cruzar el Canal de la Mancha en 1968 y llegar a Francia a la edad de 22 a\u00f1os, para protagonizar la comedia rom\u00e1ntica sat\u00edrica <\/span><i><span style=\"font-weight: 400;\">Slogan <\/span><\/i><span style=\"font-weight: 400;\">junto a <strong>Serge Gainsbourg<\/strong>, quien era 18 a\u00f1os mayor que ella, se convertir\u00eda en su esposo y juntos ser\u00edan una de las parejas de celebridades m\u00e1s destacadas de la \u00e9poca, ganando notoriedad internacional con la canci\u00f3n er\u00f3tica<\/span><i><span style=\"font-weight: 400;\"> Je t &#8216;aime&#8230; moi non plus.<\/span><\/i><\/p>\n<p><span style=\"font-weight: 400;\">Fue el comienzo de una relaci\u00f3n de 13 a\u00f1os dentro y fuera de la pantalla, una pareja famosa tanto por su estilo de vida bohemio y hedonista, como por su trabajo. En 1971 tuvieron una hija, <strong>Charlotte Gainsbourg<\/strong>, famosa actriz y cantante galardonada. Birkin tuvo dos hijas m\u00e1s, <strong>Kate Barry<\/strong> (la mayor) fot\u00f3grafa de moda que muri\u00f3 en 2013, a los 46 a\u00f1os, y la cantante <strong>Lou Doillon<\/strong>, fruto de su relaci\u00f3n con el director <strong>Jacques Doillon.<\/strong><\/span><\/p>\n<p><img loading=\"lazy\" decoding=\"async\" class=\"alignnone size-medium wp-image-127375\" src=\"https:\/\/graziamagazine.com\/mx\/wp-content\/uploads\/sites\/13\/2023\/07\/Captura-de-Pantalla-2023-07-17-a-las-11.20.09.png?w=450\" alt=\"\" width=\"450\" height=\"256\" \/><\/p>\n<p><span style=\"font-weight: 400;\">Como socia y musa de Gainsbourg, Birkin pos\u00f3 para la portada de su \u00e1lbum <\/span><i><span style=\"font-weight: 400;\">Histoire de Melody Nelson<\/span><\/i><span style=\"font-weight: 400;\">, vistiendo solo una peluca roja y jeans azules con la cintura abierta, con un mono de peluche aferrado a su pecho desnudo, consagr\u00e1ndose a\u00fan m\u00e1s como \u00edcono de la moda y la sensualidad femenina que se escond\u00eda detr\u00e1s de su famosa inseguridad.<\/span><\/p>\n<p><span style=\"font-weight: 400;\">A pesar de estar prohibida en la radio en varios pa\u00edses y condenada por el Vaticano por sus letras abiertamente sexuales, su canci\u00f3n <\/span><i><span style=\"font-weight: 400;\">Je t&#8217;aime&#8230; moi non plus<\/span><\/i><span style=\"font-weight: 400;\"> (<\/span><i><span style=\"font-weight: 400;\">Te amo&#8230; yo tampoco<\/span><\/i><span style=\"font-weight: 400;\">), lanzada en febrero de 1969, logr\u00f3 convertirse en un \u00e9xito mundial y alcanz\u00f3 el n\u00famero 1 en la lista de sencillos del Reino Unido.<\/span><\/p>\n<p><span style=\"font-weight: 400;\">Gracias a su relaci\u00f3n con Gainsbourg, Birkin fue adoptada por Francia como un talento nacional, refiri\u00e9ndose constantemente a ella como \u201cla peque\u00f1a francesa\u201d.<\/span><\/p>\n<p><span style=\"font-weight: 400;\">Pero fue en 1980 que se separaron y Birkin pas\u00f3 de papeles cinematogr\u00e1ficos a producciones de arte y ensayo, obteniendo tres nominaciones a los C\u00e9sar &#8211; los Oscar de Francia &#8211;\u00a0 comenzando con <\/span><i><span style=\"font-weight: 400;\">La Pirate<\/span><\/i><span style=\"font-weight: 400;\"> en 1985.<\/span><\/p>\n<p><span style=\"font-weight: 400;\">Apareci\u00f3 en unas 70 pel\u00edculas con algunos de los principales directores de Francia, incluidos <strong>Bertrand Tavernier, Agn\u00e8s Varda, Jean-Luc Godard, Alain Resnais y James Ivory.<\/strong><\/span><\/p>\n<p><img loading=\"lazy\" decoding=\"async\" class=\"alignnone size-medium wp-image-127376\" src=\"https:\/\/graziamagazine.com\/mx\/wp-content\/uploads\/sites\/13\/2023\/07\/Captura-de-Pantalla-2023-07-17-a-las-11.19.54.png?w=374\" alt=\"\" width=\"374\" height=\"371\" \/><\/p>\n<p><span style=\"font-weight: 400;\">Tras anunciarse su muerte, el presidente franc\u00e9s <strong>Emmanuel Macron<\/strong> le rindi\u00f3 homenaje en Twitter, diciendo que \u201cencarn\u00f3 la libertad y cant\u00f3 las palabras m\u00e1s hermosas en nuestro idioma. Jane Birkin era un \u00edcono franc\u00e9s. Una artista completa, su voz era tan suave como ardientes sus compromisos. Ella nos lega un legado de canciones e im\u00e1genes que nunca nos dejar\u00e1n\u201d.<\/span><\/p>\n<p><span style=\"font-weight: 400;\">Jane Birkin ven\u00eda arrastrando algunos problemas de salud en los \u00faltimos a\u00f1os. En septiembre de 2021 ingres\u00f3 al hospital tras sufrir un derrame cerebral, y luego en marzo de 2022 tuvo que cancelar algunos conciertos programados en Par\u00eds debido a que se rompi\u00f3 un hombro.<\/span><\/p>\n<p><span style=\"font-weight: 400;\">\u201cSiempre he sido un gran optimista y me doy cuenta de que todav\u00eda me toma un poco de tiempo poder estar de nuevo en el escenario y contigo. Me encanta estar contigo\u201d, dijo en un comunicado en ese momento.<\/span><\/p>\n","protected":false},"author":11628,"featured_media":127377,"template":"","format":"standard","categories":[12483,2],"acf":[],"yoast_head":"<!-- This site is optimized with the Yoast SEO Premium plugin v18.5 (Yoast SEO v20.4) - https:\/\/yoast.com\/wordpress\/plugins\/seo\/ -->\n<title>\u00bfQui\u00e9n era Jane Birkin y por qu\u00e9 se le considera un \u00edcono de la moda? | Grazia M\u00e9xico y Latinoam\u00e9rica<\/title>\n<meta name=\"description\" content=\"Jane Birkin, la actriz, cantante, compositora y escritora brit\u00e1nica-francesa, que adem\u00e1s se convirti\u00f3 en s\u00edmbolo sexual en la d\u00e9cada de los 60s, falleci\u00f3\" \/>\n<meta name=\"robots\" content=\"index, follow, max-snippet:-1, max-image-preview:large, max-video-preview:-1\" \/>\n<link rel=\"canonical\" href=\"https:\/\/graziamagazine.com\/mx\/articles\/quien-era-jane-birkin-y-por-que-se-le-considera-un-icono-de-la-moda\/\" \/>\n<meta property=\"og:locale\" content=\"es_MX\" \/>\n<meta property=\"og:type\" content=\"article\" \/>\n<meta property=\"og:title\" content=\"\u00bfQui\u00e9n era Jane Birkin y por qu\u00e9 se le considera un \u00edcono de la moda?\" \/>\n<meta property=\"og:description\" content=\"Jane Birkin, la actriz, cantante, compositora y escritora brit\u00e1nica-francesa, que adem\u00e1s se convirti\u00f3 en s\u00edmbolo sexual en la d\u00e9cada de los 60s, falleci\u00f3\" \/>\n<meta property=\"og:url\" content=\"https:\/\/graziamagazine.com\/mx\/articles\/quien-era-jane-birkin-y-por-que-se-le-considera-un-icono-de-la-moda\/\" \/>\n<meta property=\"og:site_name\" content=\"Grazia M\u00e9xico y Latinoam\u00e9rica\" \/>\n<meta property=\"article:modified_time\" content=\"2023-07-18T00:36:30+00:00\" \/>\n<meta property=\"og:image\" content=\"https:\/\/graziamagazine.com\/mx\/wp-content\/uploads\/sites\/13\/2023\/07\/Captura-de-Pantalla-2023-07-17-a-las-11.19.10.png\" \/>\n\t<meta property=\"og:image:width\" content=\"612\" \/>\n\t<meta property=\"og:image:height\" content=\"369\" \/>\n\t<meta property=\"og:image:type\" content=\"image\/png\" \/>\n<meta name=\"twitter:card\" content=\"summary_large_image\" \/>\n<meta name=\"twitter:label1\" content=\"Est. reading time\" \/>\n\t<meta name=\"twitter:data1\" content=\"4 minutos\" \/>\n<script type=\"application\/ld+json\" class=\"yoast-schema-graph\">{\"@context\":\"https:\/\/schema.org\",\"@graph\":[{\"@type\":\"WebPage\",\"@id\":\"https:\/\/graziamagazine.com\/mx\/articles\/quien-era-jane-birkin-y-por-que-se-le-considera-un-icono-de-la-moda\/\",\"url\":\"https:\/\/graziamagazine.com\/mx\/articles\/quien-era-jane-birkin-y-por-que-se-le-considera-un-icono-de-la-moda\/\",\"name\":\"\u00bfQui\u00e9n era Jane Birkin y por qu\u00e9 se le considera un \u00edcono de la moda? | Grazia M\u00e9xico y Latinoam\u00e9rica\",\"isPartOf\":{\"@id\":\"https:\/\/graziamagazine.com\/mx\/#website\"},\"datePublished\":\"2023-07-17T17:51:50+00:00\",\"dateModified\":\"2023-07-18T00:36:30+00:00\",\"description\":\"Jane Birkin, la actriz, cantante, compositora y escritora brit\u00e1nica-francesa, que adem\u00e1s se convirti\u00f3 en s\u00edmbolo sexual en la d\u00e9cada de los 60s, falleci\u00f3\",\"breadcrumb\":{\"@id\":\"https:\/\/graziamagazine.com\/mx\/articles\/quien-era-jane-birkin-y-por-que-se-le-considera-un-icono-de-la-moda\/#breadcrumb\"},\"inLanguage\":\"es-MX\",\"potentialAction\":[{\"@type\":\"ReadAction\",\"target\":[\"https:\/\/graziamagazine.com\/mx\/articles\/quien-era-jane-birkin-y-por-que-se-le-considera-un-icono-de-la-moda\/\"]}]},{\"@type\":\"BreadcrumbList\",\"@id\":\"https:\/\/graziamagazine.com\/mx\/articles\/quien-era-jane-birkin-y-por-que-se-le-considera-un-icono-de-la-moda\/#breadcrumb\",\"itemListElement\":[{\"@type\":\"ListItem\",\"position\":1,\"name\":\"Home\",\"item\":\"https:\/\/graziamagazine.com\/mx\/\"},{\"@type\":\"ListItem\",\"position\":2,\"name\":\"\u00bfQui\u00e9n era Jane Birkin y por qu\u00e9 se le considera un \u00edcono de la moda?\"}]},{\"@type\":\"WebSite\",\"@id\":\"https:\/\/graziamagazine.com\/mx\/#website\",\"url\":\"https:\/\/graziamagazine.com\/mx\/\",\"name\":\"Grazia M\u00e9xico y Latinoam\u00e9rica\",\"description\":\"Grazia es moda, belleza y noticias  de actualidad \",\"potentialAction\":[{\"@type\":\"SearchAction\",\"target\":{\"@type\":\"EntryPoint\",\"urlTemplate\":\"https:\/\/graziamagazine.com\/mx\/?s={search_term_string}\"},\"query-input\":\"required name=search_term_string\"}],\"inLanguage\":\"es-MX\"}]}<\/script>\n<!-- \/ Yoast SEO Premium plugin. -->","yoast_head_json":{"title":"\u00bfQui\u00e9n era Jane Birkin y por qu\u00e9 se le considera un \u00edcono de la moda? | Grazia M\u00e9xico y Latinoam\u00e9rica","description":"Jane Birkin, la actriz, cantante, compositora y escritora brit\u00e1nica-francesa, que adem\u00e1s se convirti\u00f3 en s\u00edmbolo sexual en la d\u00e9cada de los 60s, falleci\u00f3","robots":{"index":"index","follow":"follow","max-snippet":"max-snippet:-1","max-image-preview":"max-image-preview:large","max-video-preview":"max-video-preview:-1"},"canonical":"https:\/\/graziamagazine.com\/mx\/articles\/quien-era-jane-birkin-y-por-que-se-le-considera-un-icono-de-la-moda\/","og_locale":"es_MX","og_type":"article","og_title":"\u00bfQui\u00e9n era Jane Birkin y por qu\u00e9 se le considera un \u00edcono de la moda?","og_description":"Jane Birkin, la actriz, cantante, compositora y escritora brit\u00e1nica-francesa, que adem\u00e1s se convirti\u00f3 en s\u00edmbolo sexual en la d\u00e9cada de los 60s, falleci\u00f3","og_url":"https:\/\/graziamagazine.com\/mx\/articles\/quien-era-jane-birkin-y-por-que-se-le-considera-un-icono-de-la-moda\/","og_site_name":"Grazia M\u00e9xico y Latinoam\u00e9rica","article_modified_time":"2023-07-18T00:36:30+00:00","og_image":[{"width":612,"height":369,"url":"https:\/\/graziamagazine.com\/mx\/wp-content\/uploads\/sites\/13\/2023\/07\/Captura-de-Pantalla-2023-07-17-a-las-11.19.10.png","type":"image\/png"}],"twitter_card":"summary_large_image","twitter_misc":{"Est. reading time":"4 minutos"},"schema":{"@context":"https:\/\/schema.org","@graph":[{"@type":"WebPage","@id":"https:\/\/graziamagazine.com\/mx\/articles\/quien-era-jane-birkin-y-por-que-se-le-considera-un-icono-de-la-moda\/","url":"https:\/\/graziamagazine.com\/mx\/articles\/quien-era-jane-birkin-y-por-que-se-le-considera-un-icono-de-la-moda\/","name":"\u00bfQui\u00e9n era Jane Birkin y por qu\u00e9 se le considera un \u00edcono de la moda? | Grazia M\u00e9xico y Latinoam\u00e9rica","isPartOf":{"@id":"https:\/\/graziamagazine.com\/mx\/#website"},"datePublished":"2023-07-17T17:51:50+00:00","dateModified":"2023-07-18T00:36:30+00:00","description":"Jane Birkin, la actriz, cantante, compositora y escritora brit\u00e1nica-francesa, que adem\u00e1s se convirti\u00f3 en s\u00edmbolo sexual en la d\u00e9cada de los 60s, falleci\u00f3","breadcrumb":{"@id":"https:\/\/graziamagazine.com\/mx\/articles\/quien-era-jane-birkin-y-por-que-se-le-considera-un-icono-de-la-moda\/#breadcrumb"},"inLanguage":"es-MX","potentialAction":[{"@type":"ReadAction","target":["https:\/\/graziamagazine.com\/mx\/articles\/quien-era-jane-birkin-y-por-que-se-le-considera-un-icono-de-la-moda\/"]}]},{"@type":"BreadcrumbList","@id":"https:\/\/graziamagazine.com\/mx\/articles\/quien-era-jane-birkin-y-por-que-se-le-considera-un-icono-de-la-moda\/#breadcrumb","itemListElement":[{"@type":"ListItem","position":1,"name":"Home","item":"https:\/\/graziamagazine.com\/mx\/"},{"@type":"ListItem","position":2,"name":"\u00bfQui\u00e9n era Jane Birkin y por qu\u00e9 se le considera un \u00edcono de la moda?"}]},{"@type":"WebSite","@id":"https:\/\/graziamagazine.com\/mx\/#website","url":"https:\/\/graziamagazine.com\/mx\/","name":"Grazia M\u00e9xico y Latinoam\u00e9rica","description":"Grazia es moda, belleza y noticias  de actualidad ","potentialAction":[{"@type":"SearchAction","target":{"@type":"EntryPoint","urlTemplate":"https:\/\/graziamagazine.com\/mx\/?s={search_term_string}"},"query-input":"required name=search_term_string"}],"inLanguage":"es-MX"}]}},"jetpack_sharing_enabled":true,"distributor_meta":false,"distributor_terms":false,"distributor_media":false,"distributor_original_site_name":"Grazia M\u00e9xico y Latinoam\u00e9rica","distributor_original_site_url":"https:\/\/graziamagazine.com\/mx","push-errors":false,"_links":{"self":[{"href":"https:\/\/graziamagazine.com\/mx\/wp-json\/wp\/v2\/articles\/127374"}],"collection":[{"href":"https:\/\/graziamagazine.com\/mx\/wp-json\/wp\/v2\/articles"}],"about":[{"href":"https:\/\/graziamagazine.com\/mx\/wp-json\/wp\/v2\/types\/articles"}],"author":[{"embeddable":true,"href":"https:\/\/graziamagazine.com\/mx\/wp-json\/wp\/v2\/users\/11628"}],"wp:featuredmedia":[{"embeddable":true,"href":"https:\/\/graziamagazine.com\/mx\/wp-json\/wp\/v2\/media\/127377"}],"wp:attachment":[{"href":"https:\/\/graziamagazine.com\/mx\/wp-json\/wp\/v2\/media?parent=127374"}],"wp:term":[{"taxonomy":"category","embeddable":true,"href":"https:\/\/graziamagazine.com\/mx\/wp-json\/wp\/v2\/categories?post=127374"}],"curies":[{"name":"wp","href":"https:\/\/api.w.org\/{rel}","templated":true}]}}