{"id":127305,"date":"2023-07-13T19:20:12","date_gmt":"2023-07-14T00:20:12","guid":{"rendered":"https:\/\/graziamagazine.com\/mx\/?post_type=articles&#038;p=127305"},"modified":"2023-07-13T19:24:37","modified_gmt":"2023-07-14T00:24:37","slug":"lisa-de-blackpink-y-frederic-arnault-de-lvmh-estan-saliendo","status":"publish","type":"articles","link":"https:\/\/graziamagazine.com\/mx\/articles\/lisa-de-blackpink-y-frederic-arnault-de-lvmh-estan-saliendo\/","title":{"rendered":"Lisa, de Blackpink, y Fr\u00e9d\u00e9ric Arnault, de LVMH, \u00bfest\u00e1n saliendo?"},"content":{"rendered":"<p><span style=\"font-weight: 400\">\u00a1Se activan las alarmas de romance! <strong>Lisa<\/strong>, cantante de la agrupaci\u00f3n coreana <strong>Blackpink y Fr\u00e9d\u00e9ric Arnault<\/strong>, hijo del due\u00f1o del grupo de lujo <strong>LVMH<\/strong>, han sido vistos juntos con frecuencia en eventos de las \u00faltimas semanas, pero ahora han sido captados pasando todo un d\u00eda juntos, aparentemente bes\u00e1ndose.<\/span><\/p>\n<p><span style=\"font-weight: 400\">El encuentro tuvo lugar en un restaurante en Par\u00eds, donde fueron captados por los fans, aunque ninguno de ellos ha confirmado o negado una posible relaci\u00f3n sentimental.<\/span><\/p>\n<p><img loading=\"lazy\" decoding=\"async\" class=\"alignnone size-medium wp-image-127309\" src=\"https:\/\/graziamagazine.com\/mx\/wp-content\/uploads\/sites\/13\/2023\/07\/Captura-de-Pantalla-2023-07-13-a-las-17.09.51.png?w=450\" alt=\"\" width=\"450\" height=\"426\" \/><\/p>\n<p><span style=\"font-weight: 400\">Sin embargo, se les ha visto juntos en galas ben\u00e9ficas, festivales musicales como Coachella, reuniones con amistades en com\u00fan, eventos corporativos, premieres, etc., particularmente por la relaci\u00f3n de Lisa como embajadora de marcas de lujo como Bvlgari y C\u00e9line, en las que Fr\u00e9d\u00e9ric tiene relaci\u00f3n directa por su trabajo.<\/span><\/p>\n<p><span style=\"font-weight: 400\">Lisa ha sido relacionada con m\u00faltiples \u00eddolos masculinos del <em>K-pop<\/em>, Lisa, siendo esta la primera vez que se le relaciona con el multimillonario Fr\u00e9d\u00e9ric Arnault, CEO de <strong>Tag Heuer<\/strong> y tercer hijo de Bernard Arnault, propietario de <strong>LVMH Mo\u00ebt Hennessy Louis Vuitton.<\/strong><\/span><\/p>\n<p><img loading=\"lazy\" decoding=\"async\" class=\"alignnone size-medium wp-image-127308\" src=\"https:\/\/graziamagazine.com\/mx\/wp-content\/uploads\/sites\/13\/2023\/07\/Captura-de-Pantalla-2023-07-13-a-las-17.10.01.png?w=413\" alt=\"\" width=\"413\" height=\"450\" \/><\/p>\n<p><span style=\"font-weight: 400\">Fr\u00e9d\u00e9ric, por su parte, se gradu\u00f3 en matem\u00e1ticas aplicadas e inform\u00e1tica en la prestigiosa \u00c9cole Polytechnique de Francia, y entre sus otros talentos conocidos est\u00e1 el dominio de los idiomas franc\u00e9s, ingl\u00e9s, italiano y alem\u00e1n.\u00a0<\/span><\/p>\n<p><span style=\"font-weight: 400\">Comenz\u00f3 en Tag Heuer como jefe de tecnolog\u00edas conectadas y ha escalado con \u00e9xito para convertirse en el director ejecutivo de la compa\u00f1\u00eda en 2020.\u00a0<\/span><\/p>\n<p><img loading=\"lazy\" decoding=\"async\" class=\"alignnone size-medium wp-image-127307\" src=\"https:\/\/graziamagazine.com\/mx\/wp-content\/uploads\/sites\/13\/2023\/07\/Captura-de-Pantalla-2023-07-13-a-las-17.10.11.png?w=413\" alt=\"\" width=\"413\" height=\"450\" \/><\/p>\n","protected":false},"author":11628,"featured_media":127306,"template":"","format":"standard","categories":[2],"acf":[],"yoast_head":"<!-- This site is optimized with the Yoast SEO Premium plugin v18.5 (Yoast SEO v20.4) - https:\/\/yoast.com\/wordpress\/plugins\/seo\/ -->\n<title>Lisa, de Blackpink, y Fr\u00e9d\u00e9ric Arnault, de LVMH, \u00bfest\u00e1n saliendo? | Grazia M\u00e9xico y Latinoam\u00e9rica<\/title>\n<meta name=\"description\" content=\"\u00a1Se activan las alarmas de romance! Lisa, cantante de la agrupaci\u00f3n coreana Blackpink y Fr\u00e9d\u00e9ric Arnault, hijo del due\u00f1o del grupo de lujo LVMH, han sido\" \/>\n<meta name=\"robots\" content=\"index, follow, max-snippet:-1, max-image-preview:large, max-video-preview:-1\" \/>\n<link rel=\"canonical\" href=\"https:\/\/graziamagazine.com\/mx\/articles\/lisa-de-blackpink-y-frederic-arnault-de-lvmh-estan-saliendo\/\" \/>\n<meta property=\"og:locale\" content=\"es_MX\" \/>\n<meta property=\"og:type\" content=\"article\" \/>\n<meta property=\"og:title\" content=\"Lisa, de Blackpink, y Fr\u00e9d\u00e9ric Arnault, de LVMH, \u00bfest\u00e1n saliendo?\" \/>\n<meta property=\"og:description\" content=\"\u00a1Se activan las alarmas de romance! Lisa, cantante de la agrupaci\u00f3n coreana Blackpink y Fr\u00e9d\u00e9ric Arnault, hijo del due\u00f1o del grupo de lujo LVMH, han sido\" \/>\n<meta property=\"og:url\" content=\"https:\/\/graziamagazine.com\/mx\/articles\/lisa-de-blackpink-y-frederic-arnault-de-lvmh-estan-saliendo\/\" \/>\n<meta property=\"og:site_name\" content=\"Grazia M\u00e9xico y Latinoam\u00e9rica\" \/>\n<meta property=\"article:modified_time\" content=\"2023-07-14T00:24:37+00:00\" \/>\n<meta property=\"og:image\" content=\"https:\/\/graziamagazine.com\/mx\/wp-content\/uploads\/sites\/13\/2023\/07\/Captura-de-Pantalla-2023-07-13-a-las-17.11.34.png\" \/>\n\t<meta property=\"og:image:width\" content=\"479\" \/>\n\t<meta property=\"og:image:height\" content=\"263\" \/>\n\t<meta property=\"og:image:type\" content=\"image\/png\" \/>\n<meta name=\"twitter:card\" content=\"summary_large_image\" \/>\n<meta name=\"twitter:label1\" content=\"Est. reading time\" \/>\n\t<meta name=\"twitter:data1\" content=\"2 minutos\" \/>\n<script type=\"application\/ld+json\" class=\"yoast-schema-graph\">{\"@context\":\"https:\/\/schema.org\",\"@graph\":[{\"@type\":\"WebPage\",\"@id\":\"https:\/\/graziamagazine.com\/mx\/articles\/lisa-de-blackpink-y-frederic-arnault-de-lvmh-estan-saliendo\/\",\"url\":\"https:\/\/graziamagazine.com\/mx\/articles\/lisa-de-blackpink-y-frederic-arnault-de-lvmh-estan-saliendo\/\",\"name\":\"Lisa, de Blackpink, y Fr\u00e9d\u00e9ric Arnault, de LVMH, \u00bfest\u00e1n saliendo? | Grazia M\u00e9xico y Latinoam\u00e9rica\",\"isPartOf\":{\"@id\":\"https:\/\/graziamagazine.com\/mx\/#website\"},\"datePublished\":\"2023-07-14T00:20:12+00:00\",\"dateModified\":\"2023-07-14T00:24:37+00:00\",\"description\":\"\u00a1Se activan las alarmas de romance! Lisa, cantante de la agrupaci\u00f3n coreana Blackpink y Fr\u00e9d\u00e9ric Arnault, hijo del due\u00f1o del grupo de lujo LVMH, han sido\",\"breadcrumb\":{\"@id\":\"https:\/\/graziamagazine.com\/mx\/articles\/lisa-de-blackpink-y-frederic-arnault-de-lvmh-estan-saliendo\/#breadcrumb\"},\"inLanguage\":\"es-MX\",\"potentialAction\":[{\"@type\":\"ReadAction\",\"target\":[\"https:\/\/graziamagazine.com\/mx\/articles\/lisa-de-blackpink-y-frederic-arnault-de-lvmh-estan-saliendo\/\"]}]},{\"@type\":\"BreadcrumbList\",\"@id\":\"https:\/\/graziamagazine.com\/mx\/articles\/lisa-de-blackpink-y-frederic-arnault-de-lvmh-estan-saliendo\/#breadcrumb\",\"itemListElement\":[{\"@type\":\"ListItem\",\"position\":1,\"name\":\"Home\",\"item\":\"https:\/\/graziamagazine.com\/mx\/\"},{\"@type\":\"ListItem\",\"position\":2,\"name\":\"Lisa, de Blackpink, y Fr\u00e9d\u00e9ric Arnault, de LVMH, \u00bfest\u00e1n saliendo?\"}]},{\"@type\":\"WebSite\",\"@id\":\"https:\/\/graziamagazine.com\/mx\/#website\",\"url\":\"https:\/\/graziamagazine.com\/mx\/\",\"name\":\"Grazia M\u00e9xico y Latinoam\u00e9rica\",\"description\":\"Grazia es moda, belleza y noticias  de actualidad \",\"potentialAction\":[{\"@type\":\"SearchAction\",\"target\":{\"@type\":\"EntryPoint\",\"urlTemplate\":\"https:\/\/graziamagazine.com\/mx\/?s={search_term_string}\"},\"query-input\":\"required name=search_term_string\"}],\"inLanguage\":\"es-MX\"}]}<\/script>\n<!-- \/ Yoast SEO Premium plugin. -->","yoast_head_json":{"title":"Lisa, de Blackpink, y Fr\u00e9d\u00e9ric Arnault, de LVMH, \u00bfest\u00e1n saliendo? | Grazia M\u00e9xico y Latinoam\u00e9rica","description":"\u00a1Se activan las alarmas de romance! Lisa, cantante de la agrupaci\u00f3n coreana Blackpink y Fr\u00e9d\u00e9ric Arnault, hijo del due\u00f1o del grupo de lujo LVMH, han sido","robots":{"index":"index","follow":"follow","max-snippet":"max-snippet:-1","max-image-preview":"max-image-preview:large","max-video-preview":"max-video-preview:-1"},"canonical":"https:\/\/graziamagazine.com\/mx\/articles\/lisa-de-blackpink-y-frederic-arnault-de-lvmh-estan-saliendo\/","og_locale":"es_MX","og_type":"article","og_title":"Lisa, de Blackpink, y Fr\u00e9d\u00e9ric Arnault, de LVMH, \u00bfest\u00e1n saliendo?","og_description":"\u00a1Se activan las alarmas de romance! Lisa, cantante de la agrupaci\u00f3n coreana Blackpink y Fr\u00e9d\u00e9ric Arnault, hijo del due\u00f1o del grupo de lujo LVMH, han sido","og_url":"https:\/\/graziamagazine.com\/mx\/articles\/lisa-de-blackpink-y-frederic-arnault-de-lvmh-estan-saliendo\/","og_site_name":"Grazia M\u00e9xico y Latinoam\u00e9rica","article_modified_time":"2023-07-14T00:24:37+00:00","og_image":[{"width":479,"height":263,"url":"https:\/\/graziamagazine.com\/mx\/wp-content\/uploads\/sites\/13\/2023\/07\/Captura-de-Pantalla-2023-07-13-a-las-17.11.34.png","type":"image\/png"}],"twitter_card":"summary_large_image","twitter_misc":{"Est. reading time":"2 minutos"},"schema":{"@context":"https:\/\/schema.org","@graph":[{"@type":"WebPage","@id":"https:\/\/graziamagazine.com\/mx\/articles\/lisa-de-blackpink-y-frederic-arnault-de-lvmh-estan-saliendo\/","url":"https:\/\/graziamagazine.com\/mx\/articles\/lisa-de-blackpink-y-frederic-arnault-de-lvmh-estan-saliendo\/","name":"Lisa, de Blackpink, y Fr\u00e9d\u00e9ric Arnault, de LVMH, \u00bfest\u00e1n saliendo? | Grazia M\u00e9xico y Latinoam\u00e9rica","isPartOf":{"@id":"https:\/\/graziamagazine.com\/mx\/#website"},"datePublished":"2023-07-14T00:20:12+00:00","dateModified":"2023-07-14T00:24:37+00:00","description":"\u00a1Se activan las alarmas de romance! Lisa, cantante de la agrupaci\u00f3n coreana Blackpink y Fr\u00e9d\u00e9ric Arnault, hijo del due\u00f1o del grupo de lujo LVMH, han sido","breadcrumb":{"@id":"https:\/\/graziamagazine.com\/mx\/articles\/lisa-de-blackpink-y-frederic-arnault-de-lvmh-estan-saliendo\/#breadcrumb"},"inLanguage":"es-MX","potentialAction":[{"@type":"ReadAction","target":["https:\/\/graziamagazine.com\/mx\/articles\/lisa-de-blackpink-y-frederic-arnault-de-lvmh-estan-saliendo\/"]}]},{"@type":"BreadcrumbList","@id":"https:\/\/graziamagazine.com\/mx\/articles\/lisa-de-blackpink-y-frederic-arnault-de-lvmh-estan-saliendo\/#breadcrumb","itemListElement":[{"@type":"ListItem","position":1,"name":"Home","item":"https:\/\/graziamagazine.com\/mx\/"},{"@type":"ListItem","position":2,"name":"Lisa, de Blackpink, y Fr\u00e9d\u00e9ric Arnault, de LVMH, \u00bfest\u00e1n saliendo?"}]},{"@type":"WebSite","@id":"https:\/\/graziamagazine.com\/mx\/#website","url":"https:\/\/graziamagazine.com\/mx\/","name":"Grazia M\u00e9xico y Latinoam\u00e9rica","description":"Grazia es moda, belleza y noticias  de actualidad ","potentialAction":[{"@type":"SearchAction","target":{"@type":"EntryPoint","urlTemplate":"https:\/\/graziamagazine.com\/mx\/?s={search_term_string}"},"query-input":"required name=search_term_string"}],"inLanguage":"es-MX"}]}},"jetpack_sharing_enabled":true,"distributor_meta":false,"distributor_terms":false,"distributor_media":false,"distributor_original_site_name":"Grazia M\u00e9xico y Latinoam\u00e9rica","distributor_original_site_url":"https:\/\/graziamagazine.com\/mx","push-errors":false,"_links":{"self":[{"href":"https:\/\/graziamagazine.com\/mx\/wp-json\/wp\/v2\/articles\/127305"}],"collection":[{"href":"https:\/\/graziamagazine.com\/mx\/wp-json\/wp\/v2\/articles"}],"about":[{"href":"https:\/\/graziamagazine.com\/mx\/wp-json\/wp\/v2\/types\/articles"}],"author":[{"embeddable":true,"href":"https:\/\/graziamagazine.com\/mx\/wp-json\/wp\/v2\/users\/11628"}],"wp:featuredmedia":[{"embeddable":true,"href":"https:\/\/graziamagazine.com\/mx\/wp-json\/wp\/v2\/media\/127306"}],"wp:attachment":[{"href":"https:\/\/graziamagazine.com\/mx\/wp-json\/wp\/v2\/media?parent=127305"}],"wp:term":[{"taxonomy":"category","embeddable":true,"href":"https:\/\/graziamagazine.com\/mx\/wp-json\/wp\/v2\/categories?post=127305"}],"curies":[{"name":"wp","href":"https:\/\/api.w.org\/{rel}","templated":true}]}}