{"id":127180,"date":"2023-07-10T18:40:38","date_gmt":"2023-07-10T23:40:38","guid":{"rendered":"https:\/\/graziamagazine.com\/mx\/?post_type=articles&#038;p=127180"},"modified":"2023-07-10T18:43:49","modified_gmt":"2023-07-10T23:43:49","slug":"louis-vuitton-presenta-las-colecciones-de-verano-para-hombre-de-taurillon-monogram-y-monogram-macassar","status":"publish","type":"articles","link":"https:\/\/graziamagazine.com\/mx\/articles\/louis-vuitton-presenta-las-colecciones-de-verano-para-hombre-de-taurillon-monogram-y-monogram-macassar\/","title":{"rendered":"Louis Vuitton presenta las colecciones de verano para hombre de Taurillon Monogram y Monogram Macassar"},"content":{"rendered":"<p><span style=\"font-weight: 400\">Las colecciones <strong>Taurillon Monogram y Monogram Macassar, de Louis Vuitton<\/strong>, se han renovado por completo con piezas frescas y llenas de estilo y elegancia para que los hombres se vean incre\u00edbles el<strong> verano<\/strong> de este a\u00f1o.<\/span><\/p>\n<p><img loading=\"lazy\" decoding=\"async\" class=\"alignnone size-medium wp-image-127182\" src=\"https:\/\/graziamagazine.com\/mx\/wp-content\/uploads\/sites\/13\/2023\/07\/LOUIS_VUITTON_TAURILLON_MONOGRAM_AND_MONOGRAM_MACASSAR-4.jpg?w=379\" alt=\"\" width=\"379\" height=\"450\" \/><\/p>\n<p><span style=\"font-weight: 400\">Luego de la presentaci\u00f3n de la <em>Maison<\/em> en la pasarela de Mil\u00e1n, las renovaciones y las nuevas incorporaciones de prendas y accesorios de dichas colecciones est\u00e1n ya disponibles en l\u00ednea y en tiendas f\u00edsicas.<\/span><\/p>\n<p><img loading=\"lazy\" decoding=\"async\" class=\"alignnone size-medium wp-image-127181\" src=\"https:\/\/graziamagazine.com\/mx\/wp-content\/uploads\/sites\/13\/2023\/07\/LOUIS_VUITTON_TAURILLON_MONOGRAM_AND_MONOGRAM_MACASSAR-5.jpg?w=450\" alt=\"\" width=\"450\" height=\"360\" \/><\/p>\n<p><span style=\"font-weight: 400\">La colecci\u00f3n Taurillon Monogram, en cuero repujado, presenta formas clave que incluyen la mochila Christopher, el delgado Sac Plat mini y el Keepall 25, en tonos frescos y veraniegos de azul el\u00e9ctrico <em>racing<\/em> y sofisticado gris mineral urbano, en contraste con herrajes en negro mate o plata paladio, respectivamente.\u00a0<\/span><\/p>\n<p><img loading=\"lazy\" decoding=\"async\" class=\"alignnone size-medium wp-image-127184\" src=\"https:\/\/graziamagazine.com\/mx\/wp-content\/uploads\/sites\/13\/2023\/07\/LOUIS_VUITTON_TAURILLON_MONOGRAM_AND_MONOGRAM_MACASSAR-2.jpg?w=450\" alt=\"\" width=\"450\" height=\"363\" \/><\/p>\n<p><span style=\"font-weight: 400\">Las colecciones tambi\u00e9n presentan una amplia gama de accesorios y art\u00edculos imprescindibles a juego, como organizadores de bolsillo, carteras, y maletas de viaje Horizon con ruedas y una bolsa Dopp Kit que tambi\u00e9n est\u00e1n disponibles en el veraniego color de temporada <\/span><i><span style=\"font-weight: 400\">racing blue.<\/span><\/i><\/p>\n<p><img loading=\"lazy\" decoding=\"async\" class=\"alignnone size-medium wp-image-127185\" src=\"https:\/\/graziamagazine.com\/mx\/wp-content\/uploads\/sites\/13\/2023\/07\/LOUIS_VUITTON_TAURILLON_MONOGRAM_AND_MONOGRAM_MACASSAR-1.jpg?w=377\" alt=\"\" width=\"377\" height=\"450\" \/><\/p>\n<p><span style=\"font-weight: 400\">Adornado con cuero en color amarillo <\/span><i><span style=\"font-weight: 400\">radiant sun<\/span><\/i><span style=\"font-weight: 400\"> que amplifica el contraste, la mochila Christopher, Keepall y la bolsa de mensajero S-Lock aportan energ\u00eda al lienzo Monogram caracter\u00edstico de la marca francesa.<\/span><\/p>\n<p><span style=\"font-weight: 400\">La novedad de esta temporada es el bolso Soft Polochon, con una forma cil\u00edndrica espaciosa que ofrece versatilidad de uso gracias a dos correas extra\u00edbles, una correa de hombro tejida y otra asa de cuero amarillo. El Horizon y otros favoritos de viaje, as\u00ed como una selecci\u00f3n de peque\u00f1os art\u00edculos de cuero, tambi\u00e9n est\u00e1n disponibles en Monogram Macassar con detalles en el amarillo radiant sun.<\/span><\/p>\n<p><img loading=\"lazy\" decoding=\"async\" class=\"alignnone size-medium wp-image-127186\" src=\"https:\/\/graziamagazine.com\/mx\/wp-content\/uploads\/sites\/13\/2023\/07\/LOUIS_VUITTON_TAURILLON_MONOGRAM_AND_MONOGRAM_MACASSAR.jpg?w=450\" alt=\"\" width=\"450\" height=\"364\" \/><\/p>\n<p><span style=\"font-weight: 400\">\u00bfAlguna duda de que estas prendas y accesorios son todo lo que el hombre contempor\u00e1neo necesita para esta temporada?<\/span><\/p>\n","protected":false},"author":11628,"featured_media":127183,"template":"","format":"standard","categories":[13540,4],"acf":[],"yoast_head":"<!-- This site is optimized with the Yoast SEO Premium plugin v18.5 (Yoast SEO v20.4) - https:\/\/yoast.com\/wordpress\/plugins\/seo\/ -->\n<title>Louis Vuitton presenta las colecciones de verano para hombre de Taurillon Monogram y Monogram Macassar | Grazia M\u00e9xico y Latinoam\u00e9rica<\/title>\n<meta name=\"description\" content=\"Las colecciones Taurillon Monogram y Monogram Macassar, de Louis Vuitton, se han renovado por completo con piezas frescas y llenas de estilo y elegancia\" \/>\n<meta name=\"robots\" content=\"index, follow, max-snippet:-1, max-image-preview:large, max-video-preview:-1\" \/>\n<link rel=\"canonical\" href=\"https:\/\/graziamagazine.com\/mx\/articles\/louis-vuitton-presenta-las-colecciones-de-verano-para-hombre-de-taurillon-monogram-y-monogram-macassar\/\" \/>\n<meta property=\"og:locale\" content=\"es_MX\" \/>\n<meta property=\"og:type\" content=\"article\" \/>\n<meta property=\"og:title\" content=\"Louis Vuitton presenta las colecciones de verano para hombre de Taurillon Monogram y Monogram Macassar\" \/>\n<meta property=\"og:description\" content=\"Las colecciones Taurillon Monogram y Monogram Macassar, de Louis Vuitton, se han renovado por completo con piezas frescas y llenas de estilo y elegancia\" \/>\n<meta property=\"og:url\" content=\"https:\/\/graziamagazine.com\/mx\/articles\/louis-vuitton-presenta-las-colecciones-de-verano-para-hombre-de-taurillon-monogram-y-monogram-macassar\/\" \/>\n<meta property=\"og:site_name\" content=\"Grazia M\u00e9xico y Latinoam\u00e9rica\" \/>\n<meta property=\"article:modified_time\" content=\"2023-07-10T23:43:49+00:00\" \/>\n<meta property=\"og:image\" content=\"https:\/\/graziamagazine.com\/mx\/wp-content\/uploads\/sites\/13\/2023\/07\/LOUIS_VUITTON_TAURILLON_MONOGRAM_AND_MONOGRAM_MACASSAR-3.jpg\" \/>\n\t<meta property=\"og:image:width\" content=\"1024\" \/>\n\t<meta property=\"og:image:height\" content=\"853\" \/>\n\t<meta property=\"og:image:type\" content=\"image\/jpeg\" \/>\n<meta name=\"twitter:card\" content=\"summary_large_image\" \/>\n<meta name=\"twitter:label1\" content=\"Est. reading time\" \/>\n\t<meta name=\"twitter:data1\" content=\"3 minutos\" \/>\n<script type=\"application\/ld+json\" class=\"yoast-schema-graph\">{\"@context\":\"https:\/\/schema.org\",\"@graph\":[{\"@type\":\"WebPage\",\"@id\":\"https:\/\/graziamagazine.com\/mx\/articles\/louis-vuitton-presenta-las-colecciones-de-verano-para-hombre-de-taurillon-monogram-y-monogram-macassar\/\",\"url\":\"https:\/\/graziamagazine.com\/mx\/articles\/louis-vuitton-presenta-las-colecciones-de-verano-para-hombre-de-taurillon-monogram-y-monogram-macassar\/\",\"name\":\"Louis Vuitton presenta las colecciones de verano para hombre de Taurillon Monogram y Monogram Macassar | Grazia M\u00e9xico y Latinoam\u00e9rica\",\"isPartOf\":{\"@id\":\"https:\/\/graziamagazine.com\/mx\/#website\"},\"datePublished\":\"2023-07-10T23:40:38+00:00\",\"dateModified\":\"2023-07-10T23:43:49+00:00\",\"description\":\"Las colecciones Taurillon Monogram y Monogram Macassar, de Louis Vuitton, se han renovado por completo con piezas frescas y llenas de estilo y elegancia\",\"breadcrumb\":{\"@id\":\"https:\/\/graziamagazine.com\/mx\/articles\/louis-vuitton-presenta-las-colecciones-de-verano-para-hombre-de-taurillon-monogram-y-monogram-macassar\/#breadcrumb\"},\"inLanguage\":\"es-MX\",\"potentialAction\":[{\"@type\":\"ReadAction\",\"target\":[\"https:\/\/graziamagazine.com\/mx\/articles\/louis-vuitton-presenta-las-colecciones-de-verano-para-hombre-de-taurillon-monogram-y-monogram-macassar\/\"]}]},{\"@type\":\"BreadcrumbList\",\"@id\":\"https:\/\/graziamagazine.com\/mx\/articles\/louis-vuitton-presenta-las-colecciones-de-verano-para-hombre-de-taurillon-monogram-y-monogram-macassar\/#breadcrumb\",\"itemListElement\":[{\"@type\":\"ListItem\",\"position\":1,\"name\":\"Home\",\"item\":\"https:\/\/graziamagazine.com\/mx\/\"},{\"@type\":\"ListItem\",\"position\":2,\"name\":\"Louis Vuitton presenta las colecciones de verano para hombre de Taurillon Monogram y Monogram Macassar\"}]},{\"@type\":\"WebSite\",\"@id\":\"https:\/\/graziamagazine.com\/mx\/#website\",\"url\":\"https:\/\/graziamagazine.com\/mx\/\",\"name\":\"Grazia M\u00e9xico y Latinoam\u00e9rica\",\"description\":\"Grazia es moda, belleza y noticias  de actualidad \",\"potentialAction\":[{\"@type\":\"SearchAction\",\"target\":{\"@type\":\"EntryPoint\",\"urlTemplate\":\"https:\/\/graziamagazine.com\/mx\/?s={search_term_string}\"},\"query-input\":\"required name=search_term_string\"}],\"inLanguage\":\"es-MX\"}]}<\/script>\n<!-- \/ Yoast SEO Premium plugin. -->","yoast_head_json":{"title":"Louis Vuitton presenta las colecciones de verano para hombre de Taurillon Monogram y Monogram Macassar | Grazia M\u00e9xico y Latinoam\u00e9rica","description":"Las colecciones Taurillon Monogram y Monogram Macassar, de Louis Vuitton, se han renovado por completo con piezas frescas y llenas de estilo y elegancia","robots":{"index":"index","follow":"follow","max-snippet":"max-snippet:-1","max-image-preview":"max-image-preview:large","max-video-preview":"max-video-preview:-1"},"canonical":"https:\/\/graziamagazine.com\/mx\/articles\/louis-vuitton-presenta-las-colecciones-de-verano-para-hombre-de-taurillon-monogram-y-monogram-macassar\/","og_locale":"es_MX","og_type":"article","og_title":"Louis Vuitton presenta las colecciones de verano para hombre de Taurillon Monogram y Monogram Macassar","og_description":"Las colecciones Taurillon Monogram y Monogram Macassar, de Louis Vuitton, se han renovado por completo con piezas frescas y llenas de estilo y elegancia","og_url":"https:\/\/graziamagazine.com\/mx\/articles\/louis-vuitton-presenta-las-colecciones-de-verano-para-hombre-de-taurillon-monogram-y-monogram-macassar\/","og_site_name":"Grazia M\u00e9xico y Latinoam\u00e9rica","article_modified_time":"2023-07-10T23:43:49+00:00","og_image":[{"url":"https:\/\/graziamagazine.com\/mx\/wp-content\/uploads\/sites\/13\/2023\/07\/LOUIS_VUITTON_TAURILLON_MONOGRAM_AND_MONOGRAM_MACASSAR-3.jpg","width":1024,"height":853,"type":"image\/jpeg"}],"twitter_card":"summary_large_image","twitter_misc":{"Est. reading time":"3 minutos"},"schema":{"@context":"https:\/\/schema.org","@graph":[{"@type":"WebPage","@id":"https:\/\/graziamagazine.com\/mx\/articles\/louis-vuitton-presenta-las-colecciones-de-verano-para-hombre-de-taurillon-monogram-y-monogram-macassar\/","url":"https:\/\/graziamagazine.com\/mx\/articles\/louis-vuitton-presenta-las-colecciones-de-verano-para-hombre-de-taurillon-monogram-y-monogram-macassar\/","name":"Louis Vuitton presenta las colecciones de verano para hombre de Taurillon Monogram y Monogram Macassar | Grazia M\u00e9xico y Latinoam\u00e9rica","isPartOf":{"@id":"https:\/\/graziamagazine.com\/mx\/#website"},"datePublished":"2023-07-10T23:40:38+00:00","dateModified":"2023-07-10T23:43:49+00:00","description":"Las colecciones Taurillon Monogram y Monogram Macassar, de Louis Vuitton, se han renovado por completo con piezas frescas y llenas de estilo y elegancia","breadcrumb":{"@id":"https:\/\/graziamagazine.com\/mx\/articles\/louis-vuitton-presenta-las-colecciones-de-verano-para-hombre-de-taurillon-monogram-y-monogram-macassar\/#breadcrumb"},"inLanguage":"es-MX","potentialAction":[{"@type":"ReadAction","target":["https:\/\/graziamagazine.com\/mx\/articles\/louis-vuitton-presenta-las-colecciones-de-verano-para-hombre-de-taurillon-monogram-y-monogram-macassar\/"]}]},{"@type":"BreadcrumbList","@id":"https:\/\/graziamagazine.com\/mx\/articles\/louis-vuitton-presenta-las-colecciones-de-verano-para-hombre-de-taurillon-monogram-y-monogram-macassar\/#breadcrumb","itemListElement":[{"@type":"ListItem","position":1,"name":"Home","item":"https:\/\/graziamagazine.com\/mx\/"},{"@type":"ListItem","position":2,"name":"Louis Vuitton presenta las colecciones de verano para hombre de Taurillon Monogram y Monogram Macassar"}]},{"@type":"WebSite","@id":"https:\/\/graziamagazine.com\/mx\/#website","url":"https:\/\/graziamagazine.com\/mx\/","name":"Grazia M\u00e9xico y Latinoam\u00e9rica","description":"Grazia es moda, belleza y noticias  de actualidad ","potentialAction":[{"@type":"SearchAction","target":{"@type":"EntryPoint","urlTemplate":"https:\/\/graziamagazine.com\/mx\/?s={search_term_string}"},"query-input":"required name=search_term_string"}],"inLanguage":"es-MX"}]}},"jetpack_sharing_enabled":true,"distributor_meta":false,"distributor_terms":false,"distributor_media":false,"distributor_original_site_name":"Grazia M\u00e9xico y Latinoam\u00e9rica","distributor_original_site_url":"https:\/\/graziamagazine.com\/mx","push-errors":false,"_links":{"self":[{"href":"https:\/\/graziamagazine.com\/mx\/wp-json\/wp\/v2\/articles\/127180"}],"collection":[{"href":"https:\/\/graziamagazine.com\/mx\/wp-json\/wp\/v2\/articles"}],"about":[{"href":"https:\/\/graziamagazine.com\/mx\/wp-json\/wp\/v2\/types\/articles"}],"author":[{"embeddable":true,"href":"https:\/\/graziamagazine.com\/mx\/wp-json\/wp\/v2\/users\/11628"}],"wp:featuredmedia":[{"embeddable":true,"href":"https:\/\/graziamagazine.com\/mx\/wp-json\/wp\/v2\/media\/127183"}],"wp:attachment":[{"href":"https:\/\/graziamagazine.com\/mx\/wp-json\/wp\/v2\/media?parent=127180"}],"wp:term":[{"taxonomy":"category","embeddable":true,"href":"https:\/\/graziamagazine.com\/mx\/wp-json\/wp\/v2\/categories?post=127180"}],"curies":[{"name":"wp","href":"https:\/\/api.w.org\/{rel}","templated":true}]}}