{"id":127144,"date":"2023-07-07T18:39:07","date_gmt":"2023-07-07T23:39:07","guid":{"rendered":"https:\/\/graziamagazine.com\/mx\/?post_type=articles&#038;p=127144"},"modified":"2023-07-09T15:58:43","modified_gmt":"2023-07-09T20:58:43","slug":"freckling-tecnica-semipermanente-pecas-rostro","status":"publish","type":"articles","link":"https:\/\/graziamagazine.com\/mx\/articles\/freckling-tecnica-semipermanente-pecas-rostro\/","title":{"rendered":"Freckling: La t\u00e9cnica semipermanente para tener pecas en tu rostro"},"content":{"rendered":"<p><b><i>Freckling <\/i><\/b><span style=\"font-weight: 400\">es la t\u00e9cnica que implica la aplicaci\u00f3n de pigmentaci\u00f3n semipermanente en la piel para tener <\/span><b>pecas artificiales<\/b><span style=\"font-weight: 400\">. As\u00ed es, no es otra cosa m\u00e1s que un m\u00e9todo de <\/span><b>micropigmentaci\u00f3n<\/b><span style=\"font-weight: 400\">.<\/span><\/p>\n<figure id=\"attachment_127152\" aria-describedby=\"caption-attachment-127152\" style=\"width: 1024px\" class=\"wp-caption alignnone\"><img loading=\"lazy\" decoding=\"async\" class=\"wp-image-127152 size-large\" src=\"https:\/\/graziamagazine.com\/mx\/wp-content\/uploads\/sites\/13\/2023\/07\/WhatsApp-Image-2023-07-07-at-17.37.48.jpeg?w=1024\" alt=\"\" width=\"1024\" height=\"993\" \/><figcaption id=\"caption-attachment-127152\" class=\"wp-caption-text\">Instagram<\/figcaption><\/figure>\n<p><span style=\"font-weight: 400\">Es una t\u00e9cnica que requiere ser aplicada por un experto, as\u00ed que no te atrevas con cualquiera. Un experto en freckling seguir\u00e1 estos pasos:<\/span><\/p>\n<ol>\n<li style=\"font-weight: 400\"><span style=\"font-weight: 400\">Preparaci\u00f3n. Consiste en limpiar y desinfectar tu piel, esto ayudar\u00e1 a eliminar impurezas. Se recomienda usar un anest\u00e9sico t\u00f3pico para evitar molestias durante el procedimiento.<\/span><\/li>\n<li style=\"font-weight: 400\"><span style=\"font-weight: 400\">Dise\u00f1o. La persona calificada para este procedimiento realizar\u00e1 el dise\u00f1o del patr\u00f3n de tus pecas, siempre respetando tus caracter\u00edsticas faciales y tus gustos.\u00a0<\/span><\/li>\n<li style=\"font-weight: 400\"><span style=\"font-weight: 400\">Aplicaci\u00f3n. Se realiza con una aguja o instrumento especial, creando peque\u00f1as marcas que simular\u00e1n tus nuevas pecas.\u00a0<\/span><\/li>\n<\/ol>\n<p><span style=\"font-weight: 400\">Es importante considerar que los resultados de este procedimiento al ser semipermanentes tardar\u00e1n en desaparecer de entre 1 y 3 a\u00f1os. Todo depende del tipo de piel, la aplicaci\u00f3n misma y los cuidados posteriores.<\/span><\/p>\n<figure id=\"attachment_127154\" aria-describedby=\"caption-attachment-127154\" style=\"width: 1024px\" class=\"wp-caption alignnone\"><img loading=\"lazy\" decoding=\"async\" class=\"wp-image-127154 size-large\" src=\"https:\/\/graziamagazine.com\/mx\/wp-content\/uploads\/sites\/13\/2023\/07\/WhatsApp-Image-2023-07-07-at-17.37.53.jpeg?w=1024\" alt=\"\" width=\"1024\" height=\"967\" \/><figcaption id=\"caption-attachment-127154\" class=\"wp-caption-text\">Instagram<\/figcaption><\/figure>\n<p><span style=\"font-weight: 400\">Tambi\u00e9n se recomienda verificar que el lugar en el que te realizar\u00e1n este procedimiento sea un centro especializado, y que sean profesionales los que lleven la aplicaci\u00f3n.\u00a0<\/span><\/p>\n<p><span style=\"font-weight: 400\">Esta t\u00e9cnica es completamente segura, pero como en cualquier procedimiento cosm\u00e9tico, hay riesgos y complicaciones como infecciones, reacciones al\u00e9rgicas, etc.<\/span><\/p>\n<figure id=\"attachment_127153\" aria-describedby=\"caption-attachment-127153\" style=\"width: 846px\" class=\"wp-caption alignnone\"><img loading=\"lazy\" decoding=\"async\" class=\"wp-image-127153 size-large\" src=\"https:\/\/graziamagazine.com\/mx\/wp-content\/uploads\/sites\/13\/2023\/07\/WhatsApp-Image-2023-07-07-at-17.37.49.jpeg?w=846\" alt=\"\" width=\"846\" height=\"1024\" \/><figcaption id=\"caption-attachment-127153\" class=\"wp-caption-text\">Instagram<\/figcaption><\/figure>\n<p><span style=\"font-weight: 400\">Recuerda que pr\u00e1cticamente est\u00e1s tatuando tu rostro, por lo que causar\u00e1 cierta inflamaci\u00f3n, y se intensifica en zonas cerca de los ojos y nariz, por lo que tendr\u00e1s tu rostro sensible, as\u00ed que un aliado imprescindible ser\u00e1 un buen protector solar.<\/span><\/p>\n<p><span style=\"font-weight: 400\">As\u00ed que si est\u00e1s pensando en hacerte este procedimiento, es importante conocer los pros y los contras de esta t\u00e9cnica, pero si dejas tu rostro en manos de un profesional, seguramente disfrutar\u00e1s de los resultados.<\/span><\/p>\n","protected":false},"author":36289,"featured_media":127151,"template":"","format":"standard","categories":[3],"acf":[],"yoast_head":"<!-- This site is optimized with the Yoast SEO Premium plugin v18.5 (Yoast SEO v20.4) - https:\/\/yoast.com\/wordpress\/plugins\/seo\/ -->\n<title>Freckling: La t\u00e9cnica semipermanente para tener pecas en tu rostro | Grazia M\u00e9xico y Latinoam\u00e9rica<\/title>\n<meta name=\"description\" content=\"Freckling es la t\u00e9cnica que implica la aplicaci\u00f3n de pigmentaci\u00f3n semipermanente en la piel para tener pecas artificiales. As\u00ed es, no es otra cosa m\u00e1s que\" \/>\n<meta name=\"robots\" content=\"index, follow, max-snippet:-1, max-image-preview:large, max-video-preview:-1\" \/>\n<link rel=\"canonical\" href=\"https:\/\/graziamagazine.com\/mx\/articles\/freckling-tecnica-semipermanente-pecas-rostro\/\" \/>\n<meta property=\"og:locale\" content=\"es_MX\" \/>\n<meta property=\"og:type\" content=\"article\" \/>\n<meta property=\"og:title\" content=\"Freckling: La t\u00e9cnica semipermanente para tener pecas en tu rostro\" \/>\n<meta property=\"og:description\" content=\"Freckling es la t\u00e9cnica que implica la aplicaci\u00f3n de pigmentaci\u00f3n semipermanente en la piel para tener pecas artificiales. As\u00ed es, no es otra cosa m\u00e1s que\" \/>\n<meta property=\"og:url\" content=\"https:\/\/graziamagazine.com\/mx\/articles\/freckling-tecnica-semipermanente-pecas-rostro\/\" \/>\n<meta property=\"og:site_name\" content=\"Grazia M\u00e9xico y Latinoam\u00e9rica\" \/>\n<meta property=\"article:modified_time\" content=\"2023-07-09T20:58:43+00:00\" \/>\n<meta property=\"og:image\" content=\"https:\/\/graziamagazine.com\/mx\/wp-content\/uploads\/sites\/13\/2023\/07\/WhatsApp-Image-2023-07-07-at-17.37.46-e1688773284641.jpeg\" \/>\n\t<meta property=\"og:image:width\" content=\"1125\" \/>\n\t<meta property=\"og:image:height\" content=\"520\" \/>\n\t<meta property=\"og:image:type\" content=\"image\/jpeg\" \/>\n<meta name=\"twitter:card\" content=\"summary_large_image\" \/>\n<meta name=\"twitter:label1\" content=\"Est. reading time\" \/>\n\t<meta name=\"twitter:data1\" content=\"2 minutos\" \/>\n<script type=\"application\/ld+json\" class=\"yoast-schema-graph\">{\"@context\":\"https:\/\/schema.org\",\"@graph\":[{\"@type\":\"WebPage\",\"@id\":\"https:\/\/graziamagazine.com\/mx\/articles\/freckling-tecnica-semipermanente-pecas-rostro\/\",\"url\":\"https:\/\/graziamagazine.com\/mx\/articles\/freckling-tecnica-semipermanente-pecas-rostro\/\",\"name\":\"Freckling: La t\u00e9cnica semipermanente para tener pecas en tu rostro | Grazia M\u00e9xico y Latinoam\u00e9rica\",\"isPartOf\":{\"@id\":\"https:\/\/graziamagazine.com\/mx\/#website\"},\"datePublished\":\"2023-07-07T23:39:07+00:00\",\"dateModified\":\"2023-07-09T20:58:43+00:00\",\"description\":\"Freckling es la t\u00e9cnica que implica la aplicaci\u00f3n de pigmentaci\u00f3n semipermanente en la piel para tener pecas artificiales. As\u00ed es, no es otra cosa m\u00e1s que\",\"breadcrumb\":{\"@id\":\"https:\/\/graziamagazine.com\/mx\/articles\/freckling-tecnica-semipermanente-pecas-rostro\/#breadcrumb\"},\"inLanguage\":\"es-MX\",\"potentialAction\":[{\"@type\":\"ReadAction\",\"target\":[\"https:\/\/graziamagazine.com\/mx\/articles\/freckling-tecnica-semipermanente-pecas-rostro\/\"]}]},{\"@type\":\"BreadcrumbList\",\"@id\":\"https:\/\/graziamagazine.com\/mx\/articles\/freckling-tecnica-semipermanente-pecas-rostro\/#breadcrumb\",\"itemListElement\":[{\"@type\":\"ListItem\",\"position\":1,\"name\":\"Home\",\"item\":\"https:\/\/graziamagazine.com\/mx\/\"},{\"@type\":\"ListItem\",\"position\":2,\"name\":\"Freckling: La t\u00e9cnica semipermanente para tener pecas en tu rostro\"}]},{\"@type\":\"WebSite\",\"@id\":\"https:\/\/graziamagazine.com\/mx\/#website\",\"url\":\"https:\/\/graziamagazine.com\/mx\/\",\"name\":\"Grazia M\u00e9xico y Latinoam\u00e9rica\",\"description\":\"Grazia es moda, belleza y noticias  de actualidad \",\"potentialAction\":[{\"@type\":\"SearchAction\",\"target\":{\"@type\":\"EntryPoint\",\"urlTemplate\":\"https:\/\/graziamagazine.com\/mx\/?s={search_term_string}\"},\"query-input\":\"required name=search_term_string\"}],\"inLanguage\":\"es-MX\"}]}<\/script>\n<!-- \/ Yoast SEO Premium plugin. -->","yoast_head_json":{"title":"Freckling: La t\u00e9cnica semipermanente para tener pecas en tu rostro | Grazia M\u00e9xico y Latinoam\u00e9rica","description":"Freckling es la t\u00e9cnica que implica la aplicaci\u00f3n de pigmentaci\u00f3n semipermanente en la piel para tener pecas artificiales. As\u00ed es, no es otra cosa m\u00e1s que","robots":{"index":"index","follow":"follow","max-snippet":"max-snippet:-1","max-image-preview":"max-image-preview:large","max-video-preview":"max-video-preview:-1"},"canonical":"https:\/\/graziamagazine.com\/mx\/articles\/freckling-tecnica-semipermanente-pecas-rostro\/","og_locale":"es_MX","og_type":"article","og_title":"Freckling: La t\u00e9cnica semipermanente para tener pecas en tu rostro","og_description":"Freckling es la t\u00e9cnica que implica la aplicaci\u00f3n de pigmentaci\u00f3n semipermanente en la piel para tener pecas artificiales. As\u00ed es, no es otra cosa m\u00e1s que","og_url":"https:\/\/graziamagazine.com\/mx\/articles\/freckling-tecnica-semipermanente-pecas-rostro\/","og_site_name":"Grazia M\u00e9xico y Latinoam\u00e9rica","article_modified_time":"2023-07-09T20:58:43+00:00","og_image":[{"width":1125,"height":520,"url":"https:\/\/graziamagazine.com\/mx\/wp-content\/uploads\/sites\/13\/2023\/07\/WhatsApp-Image-2023-07-07-at-17.37.46-e1688773284641.jpeg","type":"image\/jpeg"}],"twitter_card":"summary_large_image","twitter_misc":{"Est. reading time":"2 minutos"},"schema":{"@context":"https:\/\/schema.org","@graph":[{"@type":"WebPage","@id":"https:\/\/graziamagazine.com\/mx\/articles\/freckling-tecnica-semipermanente-pecas-rostro\/","url":"https:\/\/graziamagazine.com\/mx\/articles\/freckling-tecnica-semipermanente-pecas-rostro\/","name":"Freckling: La t\u00e9cnica semipermanente para tener pecas en tu rostro | Grazia M\u00e9xico y Latinoam\u00e9rica","isPartOf":{"@id":"https:\/\/graziamagazine.com\/mx\/#website"},"datePublished":"2023-07-07T23:39:07+00:00","dateModified":"2023-07-09T20:58:43+00:00","description":"Freckling es la t\u00e9cnica que implica la aplicaci\u00f3n de pigmentaci\u00f3n semipermanente en la piel para tener pecas artificiales. As\u00ed es, no es otra cosa m\u00e1s que","breadcrumb":{"@id":"https:\/\/graziamagazine.com\/mx\/articles\/freckling-tecnica-semipermanente-pecas-rostro\/#breadcrumb"},"inLanguage":"es-MX","potentialAction":[{"@type":"ReadAction","target":["https:\/\/graziamagazine.com\/mx\/articles\/freckling-tecnica-semipermanente-pecas-rostro\/"]}]},{"@type":"BreadcrumbList","@id":"https:\/\/graziamagazine.com\/mx\/articles\/freckling-tecnica-semipermanente-pecas-rostro\/#breadcrumb","itemListElement":[{"@type":"ListItem","position":1,"name":"Home","item":"https:\/\/graziamagazine.com\/mx\/"},{"@type":"ListItem","position":2,"name":"Freckling: La t\u00e9cnica semipermanente para tener pecas en tu rostro"}]},{"@type":"WebSite","@id":"https:\/\/graziamagazine.com\/mx\/#website","url":"https:\/\/graziamagazine.com\/mx\/","name":"Grazia M\u00e9xico y Latinoam\u00e9rica","description":"Grazia es moda, belleza y noticias  de actualidad ","potentialAction":[{"@type":"SearchAction","target":{"@type":"EntryPoint","urlTemplate":"https:\/\/graziamagazine.com\/mx\/?s={search_term_string}"},"query-input":"required name=search_term_string"}],"inLanguage":"es-MX"}]}},"jetpack_sharing_enabled":true,"distributor_meta":false,"distributor_terms":false,"distributor_media":false,"distributor_original_site_name":"Grazia M\u00e9xico y Latinoam\u00e9rica","distributor_original_site_url":"https:\/\/graziamagazine.com\/mx","push-errors":false,"_links":{"self":[{"href":"https:\/\/graziamagazine.com\/mx\/wp-json\/wp\/v2\/articles\/127144"}],"collection":[{"href":"https:\/\/graziamagazine.com\/mx\/wp-json\/wp\/v2\/articles"}],"about":[{"href":"https:\/\/graziamagazine.com\/mx\/wp-json\/wp\/v2\/types\/articles"}],"author":[{"embeddable":true,"href":"https:\/\/graziamagazine.com\/mx\/wp-json\/wp\/v2\/users\/36289"}],"wp:featuredmedia":[{"embeddable":true,"href":"https:\/\/graziamagazine.com\/mx\/wp-json\/wp\/v2\/media\/127151"}],"wp:attachment":[{"href":"https:\/\/graziamagazine.com\/mx\/wp-json\/wp\/v2\/media?parent=127144"}],"wp:term":[{"taxonomy":"category","embeddable":true,"href":"https:\/\/graziamagazine.com\/mx\/wp-json\/wp\/v2\/categories?post=127144"}],"curies":[{"name":"wp","href":"https:\/\/api.w.org\/{rel}","templated":true}]}}