{"id":127138,"date":"2023-07-07T13:35:15","date_gmt":"2023-07-07T18:35:15","guid":{"rendered":"https:\/\/graziamagazine.com\/mx\/?post_type=articles&#038;p=127138"},"modified":"2023-07-09T15:59:47","modified_gmt":"2023-07-09T20:59:47","slug":"creed-pertenece-grupo-lujo-kering","status":"publish","type":"articles","link":"https:\/\/graziamagazine.com\/mx\/articles\/creed-pertenece-grupo-lujo-kering\/","title":{"rendered":"Creed ahora pertenece al grupo de lujo Kering"},"content":{"rendered":"<p><span style=\"font-weight: 400\">El colosal grupo de lujo, <\/span><b>Kering<\/b><span style=\"font-weight: 400\">, ha anunciado que la firma de perfumer\u00eda de lujo, <\/span><b>Creed<\/b><span style=\"font-weight: 400\">, fundada por <\/span><b>James Henry Creed <\/b><span style=\"font-weight: 400\">en 1760, es ahora su nueva adquisici\u00f3n.\u00a0<\/span><\/p>\n<figure id=\"attachment_127139\" aria-describedby=\"caption-attachment-127139\" style=\"width: 1024px\" class=\"wp-caption alignnone\"><img loading=\"lazy\" decoding=\"async\" class=\"wp-image-127139 size-large\" src=\"https:\/\/graziamagazine.com\/mx\/wp-content\/uploads\/sites\/13\/2023\/07\/WhatsApp-Image-2023-07-07-at-12.31.47.jpeg?w=1024\" alt=\"\" width=\"1024\" height=\"663\" \/><figcaption id=\"caption-attachment-127139\" class=\"wp-caption-text\">Instagram<\/figcaption><\/figure>\n<p><span style=\"font-weight: 400\">\u201cLa adquisici\u00f3n de Creed, que es la primera iniciativa estrat\u00e9gica de <\/span><b>Kering Beaut\u00e9<\/b><span style=\"font-weight: 400\">, demuestra nuestra ambici\u00f3n de construir una posici\u00f3n s\u00f3lida para el grupo en el segmento m\u00e1s exclusivo de esta categor\u00eda\u201d, afirm\u00f3 <\/span><b>Fran\u00e7ois-Henri Pinault<\/b><span style=\"font-weight: 400\">, presidente y director general de Kering.<\/span><\/p>\n<p><span style=\"font-weight: 400\">El gigante grupo de lujo es due\u00f1o de grandes firmas como <\/span><b>Gucci<\/b><span style=\"font-weight: 400\">, <\/span><b>Yves Saint Laurent<\/b><span style=\"font-weight: 400\">, <\/span><b>Bottega Veneta<\/b><span style=\"font-weight: 400\">, <\/span><b>Balenciaga<\/b><span style=\"font-weight: 400\">, <\/span><b>Alexander McQueen<\/b><span style=\"font-weight: 400\">, <\/span><b>Sergio Rossi<\/b><span style=\"font-weight: 400\">, entre otras.<\/span><\/p>\n<p><span style=\"font-weight: 400\">La nueva adquisici\u00f3n de Kering Beaut\u00e9, la m\u00e1s reciente divisi\u00f3n de belleza del grupo de lujo ayudar\u00e1 a su crecimiento, desarrollo y posicionamiento en la cima de este universo de cosm\u00e9ticos y perfumer\u00eda.\u00a0<\/span><\/p>\n<div class=\"content-gallery\"><div class=\"gallery-placeholder\"><div class=\"spinner\"><\/div><\/div><span class=\"gallery-pagination\"><\/span><div id=\"gallery-1\" class=\"gallery galleryid-127138 gallery-columns- gallery-size-\"><figure class=\"gallery-item\"><div class=\"gallery-icon landscape\"><img loading=\"lazy\" decoding=\"async\" width=\"1125\" height=\"722\" src=\"https:\/\/graziamagazine.com\/mx\/wp-content\/uploads\/sites\/13\/2023\/07\/WhatsApp-Image-2023-07-07-at-12.31.49.jpeg\" class=\"lazy\" alt=\"\" \/><\/div><figcaption class=\"wp-caption-text gallery-caption\" id=\"gallery-1-127142\">Instagram<\/figcaption><\/figure><figure class=\"gallery-item\"><div class=\"gallery-icon landscape\"><img loading=\"lazy\" decoding=\"async\" width=\"1125\" height=\"719\" src=\"https:\/\/graziamagazine.com\/mx\/wp-content\/uploads\/sites\/13\/2023\/07\/WhatsApp-Image-2023-07-07-at-12.31.48-1.jpeg\" class=\"lazy\" alt=\"\" \/><\/div><figcaption class=\"wp-caption-text gallery-caption\" id=\"gallery-1-127140\">Instagram<\/figcaption><\/figure><\/div><\/div>\n<p><span style=\"font-weight: 400\">\u201cCreed tiene un posicionamiento \u00fanico en el mercado de fragancias. Vemos una raz\u00f3n muy convincente y beneficios estrat\u00e9gicos mutuos en t\u00e9rminos de experiencia, red y huella geogr\u00e1fica\u201d, coment\u00f3 <\/span><b>Rafaella Cornaggia<\/b><span style=\"font-weight: 400\">, directora general de Kering Beaut\u00e9.<\/span><\/p>\n<p><span style=\"font-weight: 400\">El equipo directivo de la firma de perfumer\u00eda se mantendr\u00e1, lo que brinda tranquilidad a todos los equipos dentro de la empresa.\u00a0<\/span><\/p>\n<p><span style=\"font-weight: 400\">\u201cEsperamos trabajar con la <\/span><i><span style=\"font-weight: 400\">CEO<\/span><\/i> <b>Sarah Rotheram<\/b><span style=\"font-weight: 400\"> y su apasionado equipo para seguir impulsando el \u00e9xito de Creed en todo el mundo\u201d, agreg\u00f3.<\/span><\/p>\n<p><span style=\"font-weight: 400\">Aunque Creed fue creada principalmente como sastrer\u00eda para vestir a las familias reales de <\/span><b>Europa<\/b><span style=\"font-weight: 400\">, se incursion\u00f3 en el mundo de las fragancias, convirti\u00e9ndose en una reconocida y destacada casa de perfumer\u00eda artesanal, y ser la creadora de uno de sus perfumes insignia, <\/span><b><i>Creed Aventus<\/i><\/b><span style=\"font-weight: 400\">.<\/span><\/p>\n<figure id=\"attachment_127143\" aria-describedby=\"caption-attachment-127143\" style=\"width: 856px\" class=\"wp-caption alignnone\"><img loading=\"lazy\" decoding=\"async\" class=\"wp-image-127143 size-large\" src=\"https:\/\/graziamagazine.com\/mx\/wp-content\/uploads\/sites\/13\/2023\/07\/WhatsApp-Image-2023-07-07-at-12.32.26.jpeg?w=856\" alt=\"\" width=\"856\" height=\"1024\" \/><figcaption id=\"caption-attachment-127143\" class=\"wp-caption-text\">Instagram<\/figcaption><\/figure>\n<p><span style=\"font-weight: 400\">Sin duda, esta nueva adquisici\u00f3n mantendr\u00e1 al colosal grupo de lujo en lo m\u00e1s alto, y ser\u00e1 muy interesante ver lo que ser\u00e1 de Creed en los pr\u00f3ximos a\u00f1os tras la adquisici\u00f3n.\u00a0<\/span><\/p>\n","protected":false},"author":36289,"featured_media":127141,"template":"","format":"standard","categories":[3],"acf":[],"yoast_head":"<!-- This site is optimized with the Yoast SEO Premium plugin v18.5 (Yoast SEO v20.4) - https:\/\/yoast.com\/wordpress\/plugins\/seo\/ -->\n<title>Creed ahora pertenece al grupo de lujo Kering | Grazia M\u00e9xico y Latinoam\u00e9rica<\/title>\n<meta name=\"description\" content=\"El colosal grupo de lujo, Kering, ha anunciado que la firma de perfumer\u00eda de lujo, Creed, fundada por James Henry Creed en 1760, es ahora su nueva\" \/>\n<meta name=\"robots\" content=\"index, follow, max-snippet:-1, max-image-preview:large, max-video-preview:-1\" \/>\n<link rel=\"canonical\" href=\"https:\/\/graziamagazine.com\/mx\/articles\/creed-pertenece-grupo-lujo-kering\/\" \/>\n<meta property=\"og:locale\" content=\"es_MX\" \/>\n<meta property=\"og:type\" content=\"article\" \/>\n<meta property=\"og:title\" content=\"Creed ahora pertenece al grupo de lujo Kering\" \/>\n<meta property=\"og:description\" content=\"El colosal grupo de lujo, Kering, ha anunciado que la firma de perfumer\u00eda de lujo, Creed, fundada por James Henry Creed en 1760, es ahora su nueva\" \/>\n<meta property=\"og:url\" content=\"https:\/\/graziamagazine.com\/mx\/articles\/creed-pertenece-grupo-lujo-kering\/\" \/>\n<meta property=\"og:site_name\" content=\"Grazia M\u00e9xico y Latinoam\u00e9rica\" \/>\n<meta property=\"article:modified_time\" content=\"2023-07-09T20:59:47+00:00\" \/>\n<meta property=\"og:image\" content=\"https:\/\/graziamagazine.com\/mx\/wp-content\/uploads\/sites\/13\/2023\/07\/WhatsApp-Image-2023-07-07-at-12.31.48-e1688755169252.jpeg\" \/>\n\t<meta property=\"og:image:width\" content=\"1125\" \/>\n\t<meta property=\"og:image:height\" content=\"720\" \/>\n\t<meta property=\"og:image:type\" content=\"image\/jpeg\" \/>\n<meta name=\"twitter:card\" content=\"summary_large_image\" \/>\n<meta name=\"twitter:label1\" content=\"Est. reading time\" \/>\n\t<meta name=\"twitter:data1\" content=\"2 minutos\" \/>\n<script type=\"application\/ld+json\" class=\"yoast-schema-graph\">{\"@context\":\"https:\/\/schema.org\",\"@graph\":[{\"@type\":\"WebPage\",\"@id\":\"https:\/\/graziamagazine.com\/mx\/articles\/creed-pertenece-grupo-lujo-kering\/\",\"url\":\"https:\/\/graziamagazine.com\/mx\/articles\/creed-pertenece-grupo-lujo-kering\/\",\"name\":\"Creed ahora pertenece al grupo de lujo Kering | Grazia M\u00e9xico y Latinoam\u00e9rica\",\"isPartOf\":{\"@id\":\"https:\/\/graziamagazine.com\/mx\/#website\"},\"datePublished\":\"2023-07-07T18:35:15+00:00\",\"dateModified\":\"2023-07-09T20:59:47+00:00\",\"description\":\"El colosal grupo de lujo, Kering, ha anunciado que la firma de perfumer\u00eda de lujo, Creed, fundada por James Henry Creed en 1760, es ahora su nueva\",\"breadcrumb\":{\"@id\":\"https:\/\/graziamagazine.com\/mx\/articles\/creed-pertenece-grupo-lujo-kering\/#breadcrumb\"},\"inLanguage\":\"es-MX\",\"potentialAction\":[{\"@type\":\"ReadAction\",\"target\":[\"https:\/\/graziamagazine.com\/mx\/articles\/creed-pertenece-grupo-lujo-kering\/\"]}]},{\"@type\":\"BreadcrumbList\",\"@id\":\"https:\/\/graziamagazine.com\/mx\/articles\/creed-pertenece-grupo-lujo-kering\/#breadcrumb\",\"itemListElement\":[{\"@type\":\"ListItem\",\"position\":1,\"name\":\"Home\",\"item\":\"https:\/\/graziamagazine.com\/mx\/\"},{\"@type\":\"ListItem\",\"position\":2,\"name\":\"Creed ahora pertenece al grupo de lujo Kering\"}]},{\"@type\":\"WebSite\",\"@id\":\"https:\/\/graziamagazine.com\/mx\/#website\",\"url\":\"https:\/\/graziamagazine.com\/mx\/\",\"name\":\"Grazia M\u00e9xico y Latinoam\u00e9rica\",\"description\":\"Grazia es moda, belleza y noticias  de actualidad \",\"potentialAction\":[{\"@type\":\"SearchAction\",\"target\":{\"@type\":\"EntryPoint\",\"urlTemplate\":\"https:\/\/graziamagazine.com\/mx\/?s={search_term_string}\"},\"query-input\":\"required name=search_term_string\"}],\"inLanguage\":\"es-MX\"}]}<\/script>\n<!-- \/ Yoast SEO Premium plugin. -->","yoast_head_json":{"title":"Creed ahora pertenece al grupo de lujo Kering | Grazia M\u00e9xico y Latinoam\u00e9rica","description":"El colosal grupo de lujo, Kering, ha anunciado que la firma de perfumer\u00eda de lujo, Creed, fundada por James Henry Creed en 1760, es ahora su nueva","robots":{"index":"index","follow":"follow","max-snippet":"max-snippet:-1","max-image-preview":"max-image-preview:large","max-video-preview":"max-video-preview:-1"},"canonical":"https:\/\/graziamagazine.com\/mx\/articles\/creed-pertenece-grupo-lujo-kering\/","og_locale":"es_MX","og_type":"article","og_title":"Creed ahora pertenece al grupo de lujo Kering","og_description":"El colosal grupo de lujo, Kering, ha anunciado que la firma de perfumer\u00eda de lujo, Creed, fundada por James Henry Creed en 1760, es ahora su nueva","og_url":"https:\/\/graziamagazine.com\/mx\/articles\/creed-pertenece-grupo-lujo-kering\/","og_site_name":"Grazia M\u00e9xico y Latinoam\u00e9rica","article_modified_time":"2023-07-09T20:59:47+00:00","og_image":[{"width":1125,"height":720,"url":"https:\/\/graziamagazine.com\/mx\/wp-content\/uploads\/sites\/13\/2023\/07\/WhatsApp-Image-2023-07-07-at-12.31.48-e1688755169252.jpeg","type":"image\/jpeg"}],"twitter_card":"summary_large_image","twitter_misc":{"Est. reading time":"2 minutos"},"schema":{"@context":"https:\/\/schema.org","@graph":[{"@type":"WebPage","@id":"https:\/\/graziamagazine.com\/mx\/articles\/creed-pertenece-grupo-lujo-kering\/","url":"https:\/\/graziamagazine.com\/mx\/articles\/creed-pertenece-grupo-lujo-kering\/","name":"Creed ahora pertenece al grupo de lujo Kering | Grazia M\u00e9xico y Latinoam\u00e9rica","isPartOf":{"@id":"https:\/\/graziamagazine.com\/mx\/#website"},"datePublished":"2023-07-07T18:35:15+00:00","dateModified":"2023-07-09T20:59:47+00:00","description":"El colosal grupo de lujo, Kering, ha anunciado que la firma de perfumer\u00eda de lujo, Creed, fundada por James Henry Creed en 1760, es ahora su nueva","breadcrumb":{"@id":"https:\/\/graziamagazine.com\/mx\/articles\/creed-pertenece-grupo-lujo-kering\/#breadcrumb"},"inLanguage":"es-MX","potentialAction":[{"@type":"ReadAction","target":["https:\/\/graziamagazine.com\/mx\/articles\/creed-pertenece-grupo-lujo-kering\/"]}]},{"@type":"BreadcrumbList","@id":"https:\/\/graziamagazine.com\/mx\/articles\/creed-pertenece-grupo-lujo-kering\/#breadcrumb","itemListElement":[{"@type":"ListItem","position":1,"name":"Home","item":"https:\/\/graziamagazine.com\/mx\/"},{"@type":"ListItem","position":2,"name":"Creed ahora pertenece al grupo de lujo Kering"}]},{"@type":"WebSite","@id":"https:\/\/graziamagazine.com\/mx\/#website","url":"https:\/\/graziamagazine.com\/mx\/","name":"Grazia M\u00e9xico y Latinoam\u00e9rica","description":"Grazia es moda, belleza y noticias  de actualidad ","potentialAction":[{"@type":"SearchAction","target":{"@type":"EntryPoint","urlTemplate":"https:\/\/graziamagazine.com\/mx\/?s={search_term_string}"},"query-input":"required name=search_term_string"}],"inLanguage":"es-MX"}]}},"jetpack_sharing_enabled":true,"distributor_meta":false,"distributor_terms":false,"distributor_media":false,"distributor_original_site_name":"Grazia M\u00e9xico y Latinoam\u00e9rica","distributor_original_site_url":"https:\/\/graziamagazine.com\/mx","push-errors":false,"_links":{"self":[{"href":"https:\/\/graziamagazine.com\/mx\/wp-json\/wp\/v2\/articles\/127138"}],"collection":[{"href":"https:\/\/graziamagazine.com\/mx\/wp-json\/wp\/v2\/articles"}],"about":[{"href":"https:\/\/graziamagazine.com\/mx\/wp-json\/wp\/v2\/types\/articles"}],"author":[{"embeddable":true,"href":"https:\/\/graziamagazine.com\/mx\/wp-json\/wp\/v2\/users\/36289"}],"wp:featuredmedia":[{"embeddable":true,"href":"https:\/\/graziamagazine.com\/mx\/wp-json\/wp\/v2\/media\/127141"}],"wp:attachment":[{"href":"https:\/\/graziamagazine.com\/mx\/wp-json\/wp\/v2\/media?parent=127138"}],"wp:term":[{"taxonomy":"category","embeddable":true,"href":"https:\/\/graziamagazine.com\/mx\/wp-json\/wp\/v2\/categories?post=127138"}],"curies":[{"name":"wp","href":"https:\/\/api.w.org\/{rel}","templated":true}]}}