{"id":126782,"date":"2023-07-03T00:03:41","date_gmt":"2023-07-03T05:03:41","guid":{"rendered":"https:\/\/graziamagazine.com\/mx\/?post_type=articles&#038;p=126782"},"modified":"2023-07-03T00:07:49","modified_gmt":"2023-07-03T05:07:49","slug":"la-seleccion-mexicana-de-futbol-portara-el-nuevo-jersey-femenil-frente-a-haiti-en-la-copa-oro","status":"publish","type":"articles","link":"https:\/\/graziamagazine.com\/mx\/articles\/la-seleccion-mexicana-de-futbol-portara-el-nuevo-jersey-femenil-frente-a-haiti-en-la-copa-oro\/","title":{"rendered":"La Selecci\u00f3n Mexicana de F\u00fatbol portar\u00e1 el nuevo jersey femenil frente a Hait\u00ed en la Copa Oro"},"content":{"rendered":"<p><span style=\"font-weight: 400\">Este d\u00eda todos los aficionados podr\u00e1n ver por primera vez a la Selecci\u00f3n Mexicana de F\u00fatbol portando el nuevo uniforme de la Selecci\u00f3n Mexicana de F\u00fatbol Femenil frente a la selecci\u00f3n de Hait\u00ed, cuando se juegue el primer lugar del grupo B en la Copa Oro 2023.<\/span><\/p>\n<p><img loading=\"lazy\" decoding=\"async\" class=\"alignnone size-medium wp-image-126788\" src=\"https:\/\/graziamagazine.com\/mx\/wp-content\/uploads\/sites\/13\/2023\/07\/Captura-de-Pantalla-2023-07-02-a-las-22.59.54.png?w=450\" alt=\"\" width=\"450\" height=\"302\" \/><\/p>\n<p><span style=\"font-weight: 400\">Inspirado en los ricos elementos naturales de M\u00e9xico, el jersey presenta un dise\u00f1o que converge con los oc\u00e9anos y el tibur\u00f3n ballena emblem\u00e1ticos de las costas del Pac\u00edfico de nuestro pa\u00eds, buscando tambi\u00e9n generar cierta conciencia sobre el impacto de nuestras acciones en el medio ambiente.<\/span><\/p>\n<p><img loading=\"lazy\" decoding=\"async\" class=\"alignnone size-medium wp-image-126787\" src=\"https:\/\/graziamagazine.com\/mx\/wp-content\/uploads\/sites\/13\/2023\/07\/Captura-de-Pantalla-2023-07-02-a-las-23.00.03.png?w=355\" alt=\"\" width=\"355\" height=\"234\" \/><\/p>\n<p><span style=\"font-weight: 400\">\u201cEsta nueva camiseta, integra elementos que nos representan como pa\u00eds, reflejados en un dise\u00f1o vanguardista e innovador que nos conecta con nuestras ra\u00edces. Nos enorgullece la idea que las jugadoras de la Selecci\u00f3n Nacional de M\u00e9xico Femenil representen esta autenticidad y progresi\u00f3n en la cancha, y esperamos que muchas otras mujeres aficionadas dentro y fuera de nuestro pa\u00eds lo porten con orgullo\u201d, coment\u00f3 Jorge Dionne, director general adidas M\u00e9xico.<\/span><\/p>\n<p><img loading=\"lazy\" decoding=\"async\" class=\"alignnone size-medium wp-image-126786\" src=\"https:\/\/graziamagazine.com\/mx\/wp-content\/uploads\/sites\/13\/2023\/07\/Captura-de-Pantalla-2023-07-02-a-las-23.00.08.png?w=408\" alt=\"\" width=\"408\" height=\"271\" \/><\/p>\n<p><span style=\"font-weight: 400\">Fabricado con hilo que contiene un 50 por ciento Parley Ocean Plastic y el otro 50 por ciento de poli\u00e9ster reciclado, el uniforme ultra transpirable incorpora las \u00faltimas innovaciones en materiales de adidas, como la tecnolog\u00eda HEAT.RDY combinada con zonas especiales de enfriamiento dise\u00f1adas para mantener frescos a los jugadores. \u200b<\/span><\/p>\n<p><img loading=\"lazy\" decoding=\"async\" class=\"alignnone size-medium wp-image-126783\" src=\"https:\/\/graziamagazine.com\/mx\/wp-content\/uploads\/sites\/13\/2023\/07\/Captura-de-Pantalla-2023-07-02-a-las-23.00.21.png?w=351\" alt=\"\" width=\"351\" height=\"229\" \/><\/p>\n<p><span style=\"font-weight: 400\">El objetivo de esta presentaci\u00f3n es apoyar al f\u00fatbol Femenil y darle mayor visibilidad a la afici\u00f3n mexicana, explica la marca.<\/span><\/p>\n<p><img loading=\"lazy\" decoding=\"async\" class=\"alignnone size-medium wp-image-126785\" src=\"https:\/\/graziamagazine.com\/mx\/wp-content\/uploads\/sites\/13\/2023\/07\/Captura-de-Pantalla-2023-07-02-a-las-23.00.15.png?w=350\" alt=\"\" width=\"350\" height=\"231\" \/><\/p>\n","protected":false},"author":11628,"featured_media":126784,"template":"","format":"standard","categories":[12483,4],"acf":[],"yoast_head":"<!-- This site is optimized with the Yoast SEO Premium plugin v18.5 (Yoast SEO v20.4) - https:\/\/yoast.com\/wordpress\/plugins\/seo\/ -->\n<title>La Selecci\u00f3n Mexicana de F\u00fatbol portar\u00e1 el nuevo jersey femenil frente a Hait\u00ed en la Copa Oro | Grazia M\u00e9xico y Latinoam\u00e9rica<\/title>\n<meta name=\"description\" content=\"Este d\u00eda todos los aficionados podr\u00e1n ver por primera vez a la Selecci\u00f3n Mexicana de F\u00fatbol portando el nuevo uniforme de la Selecci\u00f3n Mexicana de F\u00fatbol\" \/>\n<meta name=\"robots\" content=\"index, follow, max-snippet:-1, max-image-preview:large, max-video-preview:-1\" \/>\n<link rel=\"canonical\" href=\"https:\/\/graziamagazine.com\/mx\/articles\/la-seleccion-mexicana-de-futbol-portara-el-nuevo-jersey-femenil-frente-a-haiti-en-la-copa-oro\/\" \/>\n<meta property=\"og:locale\" content=\"es_MX\" \/>\n<meta property=\"og:type\" content=\"article\" \/>\n<meta property=\"og:title\" content=\"La Selecci\u00f3n Mexicana de F\u00fatbol portar\u00e1 el nuevo jersey femenil frente a Hait\u00ed en la Copa Oro\" \/>\n<meta property=\"og:description\" content=\"Este d\u00eda todos los aficionados podr\u00e1n ver por primera vez a la Selecci\u00f3n Mexicana de F\u00fatbol portando el nuevo uniforme de la Selecci\u00f3n Mexicana de F\u00fatbol\" \/>\n<meta property=\"og:url\" content=\"https:\/\/graziamagazine.com\/mx\/articles\/la-seleccion-mexicana-de-futbol-portara-el-nuevo-jersey-femenil-frente-a-haiti-en-la-copa-oro\/\" \/>\n<meta property=\"og:site_name\" content=\"Grazia M\u00e9xico y Latinoam\u00e9rica\" \/>\n<meta property=\"article:modified_time\" content=\"2023-07-03T05:07:49+00:00\" \/>\n<meta property=\"og:image\" content=\"https:\/\/graziamagazine.com\/mx\/wp-content\/uploads\/sites\/13\/2023\/07\/Captura-de-Pantalla-2023-07-02-a-las-22.59.46.png\" \/>\n\t<meta property=\"og:image:width\" content=\"709\" \/>\n\t<meta property=\"og:image:height\" content=\"363\" \/>\n\t<meta property=\"og:image:type\" content=\"image\/png\" \/>\n<meta name=\"twitter:card\" content=\"summary_large_image\" \/>\n<meta name=\"twitter:label1\" content=\"Est. reading time\" \/>\n\t<meta name=\"twitter:data1\" content=\"3 minutos\" \/>\n<script type=\"application\/ld+json\" class=\"yoast-schema-graph\">{\"@context\":\"https:\/\/schema.org\",\"@graph\":[{\"@type\":\"WebPage\",\"@id\":\"https:\/\/graziamagazine.com\/mx\/articles\/la-seleccion-mexicana-de-futbol-portara-el-nuevo-jersey-femenil-frente-a-haiti-en-la-copa-oro\/\",\"url\":\"https:\/\/graziamagazine.com\/mx\/articles\/la-seleccion-mexicana-de-futbol-portara-el-nuevo-jersey-femenil-frente-a-haiti-en-la-copa-oro\/\",\"name\":\"La Selecci\u00f3n Mexicana de F\u00fatbol portar\u00e1 el nuevo jersey femenil frente a Hait\u00ed en la Copa Oro | Grazia M\u00e9xico y Latinoam\u00e9rica\",\"isPartOf\":{\"@id\":\"https:\/\/graziamagazine.com\/mx\/#website\"},\"datePublished\":\"2023-07-03T05:03:41+00:00\",\"dateModified\":\"2023-07-03T05:07:49+00:00\",\"description\":\"Este d\u00eda todos los aficionados podr\u00e1n ver por primera vez a la Selecci\u00f3n Mexicana de F\u00fatbol portando el nuevo uniforme de la Selecci\u00f3n Mexicana de F\u00fatbol\",\"breadcrumb\":{\"@id\":\"https:\/\/graziamagazine.com\/mx\/articles\/la-seleccion-mexicana-de-futbol-portara-el-nuevo-jersey-femenil-frente-a-haiti-en-la-copa-oro\/#breadcrumb\"},\"inLanguage\":\"es-MX\",\"potentialAction\":[{\"@type\":\"ReadAction\",\"target\":[\"https:\/\/graziamagazine.com\/mx\/articles\/la-seleccion-mexicana-de-futbol-portara-el-nuevo-jersey-femenil-frente-a-haiti-en-la-copa-oro\/\"]}]},{\"@type\":\"BreadcrumbList\",\"@id\":\"https:\/\/graziamagazine.com\/mx\/articles\/la-seleccion-mexicana-de-futbol-portara-el-nuevo-jersey-femenil-frente-a-haiti-en-la-copa-oro\/#breadcrumb\",\"itemListElement\":[{\"@type\":\"ListItem\",\"position\":1,\"name\":\"Home\",\"item\":\"https:\/\/graziamagazine.com\/mx\/\"},{\"@type\":\"ListItem\",\"position\":2,\"name\":\"La Selecci\u00f3n Mexicana de F\u00fatbol portar\u00e1 el nuevo jersey femenil frente a Hait\u00ed en la Copa Oro\"}]},{\"@type\":\"WebSite\",\"@id\":\"https:\/\/graziamagazine.com\/mx\/#website\",\"url\":\"https:\/\/graziamagazine.com\/mx\/\",\"name\":\"Grazia M\u00e9xico y Latinoam\u00e9rica\",\"description\":\"Grazia es moda, belleza y noticias  de actualidad \",\"potentialAction\":[{\"@type\":\"SearchAction\",\"target\":{\"@type\":\"EntryPoint\",\"urlTemplate\":\"https:\/\/graziamagazine.com\/mx\/?s={search_term_string}\"},\"query-input\":\"required name=search_term_string\"}],\"inLanguage\":\"es-MX\"}]}<\/script>\n<!-- \/ Yoast SEO Premium plugin. -->","yoast_head_json":{"title":"La Selecci\u00f3n Mexicana de F\u00fatbol portar\u00e1 el nuevo jersey femenil frente a Hait\u00ed en la Copa Oro | Grazia M\u00e9xico y Latinoam\u00e9rica","description":"Este d\u00eda todos los aficionados podr\u00e1n ver por primera vez a la Selecci\u00f3n Mexicana de F\u00fatbol portando el nuevo uniforme de la Selecci\u00f3n Mexicana de F\u00fatbol","robots":{"index":"index","follow":"follow","max-snippet":"max-snippet:-1","max-image-preview":"max-image-preview:large","max-video-preview":"max-video-preview:-1"},"canonical":"https:\/\/graziamagazine.com\/mx\/articles\/la-seleccion-mexicana-de-futbol-portara-el-nuevo-jersey-femenil-frente-a-haiti-en-la-copa-oro\/","og_locale":"es_MX","og_type":"article","og_title":"La Selecci\u00f3n Mexicana de F\u00fatbol portar\u00e1 el nuevo jersey femenil frente a Hait\u00ed en la Copa Oro","og_description":"Este d\u00eda todos los aficionados podr\u00e1n ver por primera vez a la Selecci\u00f3n Mexicana de F\u00fatbol portando el nuevo uniforme de la Selecci\u00f3n Mexicana de F\u00fatbol","og_url":"https:\/\/graziamagazine.com\/mx\/articles\/la-seleccion-mexicana-de-futbol-portara-el-nuevo-jersey-femenil-frente-a-haiti-en-la-copa-oro\/","og_site_name":"Grazia M\u00e9xico y Latinoam\u00e9rica","article_modified_time":"2023-07-03T05:07:49+00:00","og_image":[{"width":709,"height":363,"url":"https:\/\/graziamagazine.com\/mx\/wp-content\/uploads\/sites\/13\/2023\/07\/Captura-de-Pantalla-2023-07-02-a-las-22.59.46.png","type":"image\/png"}],"twitter_card":"summary_large_image","twitter_misc":{"Est. reading time":"3 minutos"},"schema":{"@context":"https:\/\/schema.org","@graph":[{"@type":"WebPage","@id":"https:\/\/graziamagazine.com\/mx\/articles\/la-seleccion-mexicana-de-futbol-portara-el-nuevo-jersey-femenil-frente-a-haiti-en-la-copa-oro\/","url":"https:\/\/graziamagazine.com\/mx\/articles\/la-seleccion-mexicana-de-futbol-portara-el-nuevo-jersey-femenil-frente-a-haiti-en-la-copa-oro\/","name":"La Selecci\u00f3n Mexicana de F\u00fatbol portar\u00e1 el nuevo jersey femenil frente a Hait\u00ed en la Copa Oro | Grazia M\u00e9xico y Latinoam\u00e9rica","isPartOf":{"@id":"https:\/\/graziamagazine.com\/mx\/#website"},"datePublished":"2023-07-03T05:03:41+00:00","dateModified":"2023-07-03T05:07:49+00:00","description":"Este d\u00eda todos los aficionados podr\u00e1n ver por primera vez a la Selecci\u00f3n Mexicana de F\u00fatbol portando el nuevo uniforme de la Selecci\u00f3n Mexicana de F\u00fatbol","breadcrumb":{"@id":"https:\/\/graziamagazine.com\/mx\/articles\/la-seleccion-mexicana-de-futbol-portara-el-nuevo-jersey-femenil-frente-a-haiti-en-la-copa-oro\/#breadcrumb"},"inLanguage":"es-MX","potentialAction":[{"@type":"ReadAction","target":["https:\/\/graziamagazine.com\/mx\/articles\/la-seleccion-mexicana-de-futbol-portara-el-nuevo-jersey-femenil-frente-a-haiti-en-la-copa-oro\/"]}]},{"@type":"BreadcrumbList","@id":"https:\/\/graziamagazine.com\/mx\/articles\/la-seleccion-mexicana-de-futbol-portara-el-nuevo-jersey-femenil-frente-a-haiti-en-la-copa-oro\/#breadcrumb","itemListElement":[{"@type":"ListItem","position":1,"name":"Home","item":"https:\/\/graziamagazine.com\/mx\/"},{"@type":"ListItem","position":2,"name":"La Selecci\u00f3n Mexicana de F\u00fatbol portar\u00e1 el nuevo jersey femenil frente a Hait\u00ed en la Copa Oro"}]},{"@type":"WebSite","@id":"https:\/\/graziamagazine.com\/mx\/#website","url":"https:\/\/graziamagazine.com\/mx\/","name":"Grazia M\u00e9xico y Latinoam\u00e9rica","description":"Grazia es moda, belleza y noticias  de actualidad ","potentialAction":[{"@type":"SearchAction","target":{"@type":"EntryPoint","urlTemplate":"https:\/\/graziamagazine.com\/mx\/?s={search_term_string}"},"query-input":"required name=search_term_string"}],"inLanguage":"es-MX"}]}},"jetpack_sharing_enabled":true,"distributor_meta":false,"distributor_terms":false,"distributor_media":false,"distributor_original_site_name":"Grazia M\u00e9xico y Latinoam\u00e9rica","distributor_original_site_url":"https:\/\/graziamagazine.com\/mx","push-errors":false,"_links":{"self":[{"href":"https:\/\/graziamagazine.com\/mx\/wp-json\/wp\/v2\/articles\/126782"}],"collection":[{"href":"https:\/\/graziamagazine.com\/mx\/wp-json\/wp\/v2\/articles"}],"about":[{"href":"https:\/\/graziamagazine.com\/mx\/wp-json\/wp\/v2\/types\/articles"}],"author":[{"embeddable":true,"href":"https:\/\/graziamagazine.com\/mx\/wp-json\/wp\/v2\/users\/11628"}],"wp:featuredmedia":[{"embeddable":true,"href":"https:\/\/graziamagazine.com\/mx\/wp-json\/wp\/v2\/media\/126784"}],"wp:attachment":[{"href":"https:\/\/graziamagazine.com\/mx\/wp-json\/wp\/v2\/media?parent=126782"}],"wp:term":[{"taxonomy":"category","embeddable":true,"href":"https:\/\/graziamagazine.com\/mx\/wp-json\/wp\/v2\/categories?post=126782"}],"curies":[{"name":"wp","href":"https:\/\/api.w.org\/{rel}","templated":true}]}}