{"id":126717,"date":"2023-06-29T13:04:36","date_gmt":"2023-06-29T18:04:36","guid":{"rendered":"https:\/\/graziamagazine.com\/mx\/?post_type=articles&#038;p=126717"},"modified":"2023-06-29T16:10:52","modified_gmt":"2023-06-29T21:10:52","slug":"jacquemus-en-versalles-2023-un-espectaculo-de-moda-y-lujo","status":"publish","type":"articles","link":"https:\/\/graziamagazine.com\/mx\/articles\/jacquemus-en-versalles-2023-un-espectaculo-de-moda-y-lujo\/","title":{"rendered":"Jacquemus en Versalles 2023: Un espect\u00e1culo de moda y lujo"},"content":{"rendered":"<p>El renombrado dise\u00f1ador de moda <strong>Simon Porte Jacquemus<\/strong> hizo olas en la industria de la moda con su <strong>Colecci\u00f3n Pr\u00eat-\u00e0-Porter Oto\u00f1o 2023<\/strong>, acertadamente llamada <strong>&#8220;Le Chouchou&#8221;<\/strong>, que tuvo lugar en el ilustre <strong>Palacio de Versalles.<\/strong><\/p>\n<div class=\"content-gallery\"><div class=\"gallery-placeholder\"><div class=\"spinner\"><\/div><\/div><span class=\"gallery-pagination\"><\/span><div id=\"gallery-1\" class=\"gallery galleryid-126717 gallery-columns- gallery-size-\"><figure class=\"gallery-item\"><div class=\"gallery-icon landscape\"><img loading=\"lazy\" decoding=\"async\" width=\"752\" height=\"1152\" src=\"https:\/\/graziamagazine.com\/mx\/wp-content\/uploads\/sites\/13\/2023\/06\/Captura-de-Pantalla-2023-06-29-a-las-12.18.30.png\" class=\"lazy\" alt=\"\" \/><\/div><figcaption class=\"wp-caption-text gallery-caption\" id=\"gallery-1-126739\">Jacquemus en Versalles 2023: Un espect\u00e1culo de moda y lujo<\/figcaption><\/figure><figure class=\"gallery-item\"><div class=\"gallery-icon landscape\"><img loading=\"lazy\" decoding=\"async\" width=\"752\" height=\"1152\" src=\"https:\/\/graziamagazine.com\/mx\/wp-content\/uploads\/sites\/13\/2023\/06\/Captura-de-Pantalla-2023-06-29-a-las-12.18.27.png\" class=\"lazy\" alt=\"\" \/><\/div><\/figure><figure class=\"gallery-item\"><div class=\"gallery-icon landscape\"><img loading=\"lazy\" decoding=\"async\" width=\"752\" height=\"1152\" src=\"https:\/\/graziamagazine.com\/mx\/wp-content\/uploads\/sites\/13\/2023\/06\/Captura-de-Pantalla-2023-06-29-a-las-12.18.37.png\" class=\"lazy\" alt=\"\" \/><\/div><\/figure><figure class=\"gallery-item\"><div class=\"gallery-icon landscape\"><img loading=\"lazy\" decoding=\"async\" width=\"752\" height=\"1152\" src=\"https:\/\/graziamagazine.com\/mx\/wp-content\/uploads\/sites\/13\/2023\/06\/Captura-de-Pantalla-2023-06-29-a-las-12.18.36.png\" class=\"lazy\" alt=\"\" \/><\/div><\/figure><figure class=\"gallery-item\"><div class=\"gallery-icon landscape\"><img loading=\"lazy\" decoding=\"async\" width=\"752\" height=\"1152\" src=\"https:\/\/graziamagazine.com\/mx\/wp-content\/uploads\/sites\/13\/2023\/06\/Captura-de-Pantalla-2023-06-29-a-las-12.18.34.png\" class=\"lazy\" alt=\"\" \/><\/div><\/figure><\/div><\/div>\n<p>Combinando lujo y accesibilidad, Jacquemus pretend\u00eda llevar la opulencia de Versalles a la gente, revolucionando la experiencia de los desfiles de moda. Inspir\u00e1ndose en Mar\u00eda Antonieta, la <strong>Princesa Diana<\/strong> y el ballet, la colecci\u00f3n presentaba siluetas arrugadas, sastrer\u00eda ingeniosa y accesorios refinados.<\/p>\n<p>El muy esperado desfile Jacquemus Oto\u00f1o 2023 en el Palacio de Versalles marc\u00f3 un momento significativo en el mundo de la moda. Simon Porte Jacquemus, la fuerza creativa detr\u00e1s de la marca hom\u00f3nima, ten\u00eda como objetivo: romper las barreras entre el lujo y la accesibilidad.<\/p>\n<div class=\"content-gallery\"><div class=\"gallery-placeholder\"><div class=\"spinner\"><\/div><\/div><span class=\"gallery-pagination\"><\/span><div id=\"gallery-2\" class=\"gallery galleryid-126717 gallery-columns- gallery-size-\"><figure class=\"gallery-item\"><div class=\"gallery-icon landscape\"><img loading=\"lazy\" decoding=\"async\" width=\"752\" height=\"1152\" src=\"https:\/\/graziamagazine.com\/mx\/wp-content\/uploads\/sites\/13\/2023\/06\/Captura-de-Pantalla-2023-06-29-a-las-12.18.32.png\" class=\"lazy\" alt=\"\" \/><\/div><\/figure><figure class=\"gallery-item\"><div class=\"gallery-icon landscape\"><img loading=\"lazy\" decoding=\"async\" width=\"752\" height=\"1152\" src=\"https:\/\/graziamagazine.com\/mx\/wp-content\/uploads\/sites\/13\/2023\/06\/Captura-de-Pantalla-2023-06-29-a-las-12.18.39.png\" class=\"lazy\" alt=\"\" \/><\/div><\/figure><figure class=\"gallery-item\"><div class=\"gallery-icon landscape\"><img loading=\"lazy\" decoding=\"async\" width=\"752\" height=\"1152\" src=\"https:\/\/graziamagazine.com\/mx\/wp-content\/uploads\/sites\/13\/2023\/06\/Captura-de-Pantalla-2023-06-29-a-las-12.18.45.png\" class=\"lazy\" alt=\"\" \/><\/div><\/figure><figure class=\"gallery-item\"><div class=\"gallery-icon landscape\"><img loading=\"lazy\" decoding=\"async\" width=\"752\" height=\"1152\" src=\"https:\/\/graziamagazine.com\/mx\/wp-content\/uploads\/sites\/13\/2023\/06\/Captura-de-Pantalla-2023-06-29-a-las-12.18.46.png\" class=\"lazy\" alt=\"\" \/><\/div><\/figure><figure class=\"gallery-item\"><div class=\"gallery-icon landscape\"><img loading=\"lazy\" decoding=\"async\" width=\"752\" height=\"1152\" src=\"https:\/\/graziamagazine.com\/mx\/wp-content\/uploads\/sites\/13\/2023\/06\/Captura-de-Pantalla-2023-06-29-a-las-12.18.47.png\" class=\"lazy\" alt=\"\" \/><\/div><\/figure><\/div><\/div>\n<p>La colecci\u00f3n refleja algunas figuras hist\u00f3ricas junto al arte del ballet con siluetas arrugadas, sastrer\u00eda ingeniosa y accesorios refinados.<\/p>\n<p>Le Chouchou combina grandes vol\u00famenes, dise\u00f1os de inspiraci\u00f3n lencera y una paleta crom\u00e1tica en la que predominan los blancos y los negros. Las piezas evocan una sensaci\u00f3n de elegancia francesa al tiempo que incorporan materiales innovadores como cuero y asas met\u00e1licas.<\/p>\n<div class=\"content-gallery\"><div class=\"gallery-placeholder\"><div class=\"spinner\"><\/div><\/div><span class=\"gallery-pagination\"><\/span><div id=\"gallery-3\" class=\"gallery galleryid-126717 gallery-columns- gallery-size-\"><figure class=\"gallery-item\"><div class=\"gallery-icon landscape\"><img loading=\"lazy\" decoding=\"async\" width=\"752\" height=\"1152\" src=\"https:\/\/graziamagazine.com\/mx\/wp-content\/uploads\/sites\/13\/2023\/06\/Captura-de-Pantalla-2023-06-29-a-las-12.18.50.png\" class=\"lazy\" alt=\"\" \/><\/div><\/figure><figure class=\"gallery-item\"><div class=\"gallery-icon landscape\"><img loading=\"lazy\" decoding=\"async\" width=\"752\" height=\"1152\" src=\"https:\/\/graziamagazine.com\/mx\/wp-content\/uploads\/sites\/13\/2023\/06\/Captura-de-Pantalla-2023-06-29-a-las-12.18.51.png\" class=\"lazy\" alt=\"\" \/><\/div><\/figure><figure class=\"gallery-item\"><div class=\"gallery-icon landscape\"><img loading=\"lazy\" decoding=\"async\" width=\"752\" height=\"1152\" src=\"https:\/\/graziamagazine.com\/mx\/wp-content\/uploads\/sites\/13\/2023\/06\/Captura-de-Pantalla-2023-06-29-a-las-12.18.53.png\" class=\"lazy\" alt=\"\" \/><\/div><\/figure><figure class=\"gallery-item\"><div class=\"gallery-icon landscape\"><img loading=\"lazy\" decoding=\"async\" width=\"752\" height=\"1152\" src=\"https:\/\/graziamagazine.com\/mx\/wp-content\/uploads\/sites\/13\/2023\/06\/Captura-de-Pantalla-2023-06-29-a-las-12.18.55.png\" class=\"lazy\" alt=\"\" \/><\/div><\/figure><figure class=\"gallery-item\"><div class=\"gallery-icon landscape\"><img loading=\"lazy\" decoding=\"async\" width=\"752\" height=\"1152\" src=\"https:\/\/graziamagazine.com\/mx\/wp-content\/uploads\/sites\/13\/2023\/06\/Captura-de-Pantalla-2023-06-29-a-las-12.19.00.png\" class=\"lazy\" alt=\"\" \/><\/div><\/figure><figure class=\"gallery-item\"><div class=\"gallery-icon landscape\"><img loading=\"lazy\" decoding=\"async\" width=\"752\" height=\"1152\" src=\"https:\/\/graziamagazine.com\/mx\/wp-content\/uploads\/sites\/13\/2023\/06\/Captura-de-Pantalla-2023-06-29-a-las-12.18.58.png\" class=\"lazy\" alt=\"\" \/><\/div><\/figure><figure class=\"gallery-item\"><div class=\"gallery-icon landscape\"><img loading=\"lazy\" decoding=\"async\" width=\"752\" height=\"1152\" src=\"https:\/\/graziamagazine.com\/mx\/wp-content\/uploads\/sites\/13\/2023\/06\/Captura-de-Pantalla-2023-06-29-a-las-12.18.56.png\" class=\"lazy\" alt=\"\" \/><\/div><\/figure><\/div><\/div>\n<p>Adem\u00e1s el desfile tom\u00f3 un giro innovador cuando los invitados, incluidas celebridades notables e influenciadores como <strong>Emily Ratajkowski, Ar\u00f3n Piper<\/strong>, la <strong>pareja Beckham, Eva Longoria, India Amarteifio y Manu R\u00edos<\/strong>, observaron la pasarela desde botes en las orillas del palacio.<\/p>\n<p>Esta primera fila poco convencional cre\u00f3 una atm\u00f3sfera \u00fanica, marcando la pauta para la notable colecci\u00f3n que estaba a punto de desarrollarse.<\/p>\n<div class=\"content-gallery\"><div class=\"gallery-placeholder\"><div class=\"spinner\"><\/div><\/div><span class=\"gallery-pagination\"><\/span><div id=\"gallery-4\" class=\"gallery galleryid-126717 gallery-columns- gallery-size-\"><figure class=\"gallery-item\"><div class=\"gallery-icon landscape\"><img loading=\"lazy\" decoding=\"async\" width=\"752\" height=\"1152\" src=\"https:\/\/graziamagazine.com\/mx\/wp-content\/uploads\/sites\/13\/2023\/06\/Captura-de-Pantalla-2023-06-29-a-las-12.19.06.png\" class=\"lazy\" alt=\"\" \/><\/div><\/figure><figure class=\"gallery-item\"><div class=\"gallery-icon landscape\"><img loading=\"lazy\" decoding=\"async\" width=\"752\" height=\"1152\" src=\"https:\/\/graziamagazine.com\/mx\/wp-content\/uploads\/sites\/13\/2023\/06\/Captura-de-Pantalla-2023-06-29-a-las-12.19.04.png\" class=\"lazy\" alt=\"\" \/><\/div><\/figure><figure class=\"gallery-item\"><div class=\"gallery-icon landscape\"><img loading=\"lazy\" decoding=\"async\" width=\"752\" height=\"1152\" src=\"https:\/\/graziamagazine.com\/mx\/wp-content\/uploads\/sites\/13\/2023\/06\/Captura-de-Pantalla-2023-06-29-a-las-12.19.02.png\" class=\"lazy\" alt=\"\" \/><\/div><\/figure><\/div><\/div>\n<p><em><strong>*IMAGEN: Google Images<\/strong><\/em><\/p>\n<p>&nbsp;<\/p>\n<p>&nbsp;<\/p>\n","protected":false},"author":28953,"featured_media":126740,"template":"","format":"standard","categories":[4],"acf":[],"yoast_head":"<!-- This site is optimized with the Yoast SEO Premium plugin v18.5 (Yoast SEO v20.4) - https:\/\/yoast.com\/wordpress\/plugins\/seo\/ -->\n<title>Jacquemus en Versalles 2023: Un espect\u00e1culo de moda y lujo<\/title>\n<meta name=\"description\" content=\"Jacquemus presenta la colecci\u00f3n Le Chouchou para el oto\u00f1o\/invierno 2023-2024 en el ic\u00f3nico Palacio de Versalles\" \/>\n<meta name=\"robots\" content=\"index, follow, max-snippet:-1, max-image-preview:large, max-video-preview:-1\" \/>\n<link rel=\"canonical\" href=\"https:\/\/graziamagazine.com\/mx\/articles\/jacquemus-en-versalles-2023-un-espectaculo-de-moda-y-lujo\/\" \/>\n<meta property=\"og:locale\" content=\"es_MX\" \/>\n<meta property=\"og:type\" content=\"article\" \/>\n<meta property=\"og:title\" content=\"Jacquemus en Versalles 2023: Un espect\u00e1culo de moda y lujo\" \/>\n<meta property=\"og:description\" content=\"Jacquemus presenta la colecci\u00f3n Le Chouchou para el oto\u00f1o\/invierno 2023-2024 en el ic\u00f3nico Palacio de Versalles\" \/>\n<meta property=\"og:url\" content=\"https:\/\/graziamagazine.com\/mx\/articles\/jacquemus-en-versalles-2023-un-espectaculo-de-moda-y-lujo\/\" \/>\n<meta property=\"og:site_name\" content=\"Grazia M\u00e9xico y Latinoam\u00e9rica\" \/>\n<meta property=\"article:modified_time\" content=\"2023-06-29T21:10:52+00:00\" \/>\n<meta property=\"og:image\" content=\"https:\/\/graziamagazine.com\/mx\/wp-content\/uploads\/sites\/13\/2023\/06\/Captura-de-Pantalla-2023-06-29-a-las-15.08.22.png\" \/>\n\t<meta property=\"og:image:width\" content=\"1024\" \/>\n\t<meta property=\"og:image:height\" content=\"445\" \/>\n\t<meta property=\"og:image:type\" content=\"image\/png\" \/>\n<meta name=\"twitter:card\" content=\"summary_large_image\" \/>\n<meta name=\"twitter:label1\" content=\"Est. reading time\" \/>\n\t<meta name=\"twitter:data1\" content=\"2 minutos\" \/>\n<script type=\"application\/ld+json\" class=\"yoast-schema-graph\">{\"@context\":\"https:\/\/schema.org\",\"@graph\":[{\"@type\":\"WebPage\",\"@id\":\"https:\/\/graziamagazine.com\/mx\/articles\/jacquemus-en-versalles-2023-un-espectaculo-de-moda-y-lujo\/\",\"url\":\"https:\/\/graziamagazine.com\/mx\/articles\/jacquemus-en-versalles-2023-un-espectaculo-de-moda-y-lujo\/\",\"name\":\"Jacquemus en Versalles 2023: Un espect\u00e1culo de moda y lujo\",\"isPartOf\":{\"@id\":\"https:\/\/graziamagazine.com\/mx\/#website\"},\"datePublished\":\"2023-06-29T18:04:36+00:00\",\"dateModified\":\"2023-06-29T21:10:52+00:00\",\"description\":\"Jacquemus presenta la colecci\u00f3n Le Chouchou para el oto\u00f1o\/invierno 2023-2024 en el ic\u00f3nico Palacio de Versalles\",\"breadcrumb\":{\"@id\":\"https:\/\/graziamagazine.com\/mx\/articles\/jacquemus-en-versalles-2023-un-espectaculo-de-moda-y-lujo\/#breadcrumb\"},\"inLanguage\":\"es-MX\",\"potentialAction\":[{\"@type\":\"ReadAction\",\"target\":[\"https:\/\/graziamagazine.com\/mx\/articles\/jacquemus-en-versalles-2023-un-espectaculo-de-moda-y-lujo\/\"]}]},{\"@type\":\"BreadcrumbList\",\"@id\":\"https:\/\/graziamagazine.com\/mx\/articles\/jacquemus-en-versalles-2023-un-espectaculo-de-moda-y-lujo\/#breadcrumb\",\"itemListElement\":[{\"@type\":\"ListItem\",\"position\":1,\"name\":\"Home\",\"item\":\"https:\/\/graziamagazine.com\/mx\/\"},{\"@type\":\"ListItem\",\"position\":2,\"name\":\"Jacquemus en Versalles 2023: Un espect\u00e1culo de moda y lujo\"}]},{\"@type\":\"WebSite\",\"@id\":\"https:\/\/graziamagazine.com\/mx\/#website\",\"url\":\"https:\/\/graziamagazine.com\/mx\/\",\"name\":\"Grazia M\u00e9xico y Latinoam\u00e9rica\",\"description\":\"Grazia es moda, belleza y noticias  de actualidad \",\"potentialAction\":[{\"@type\":\"SearchAction\",\"target\":{\"@type\":\"EntryPoint\",\"urlTemplate\":\"https:\/\/graziamagazine.com\/mx\/?s={search_term_string}\"},\"query-input\":\"required name=search_term_string\"}],\"inLanguage\":\"es-MX\"}]}<\/script>\n<!-- \/ Yoast SEO Premium plugin. -->","yoast_head_json":{"title":"Jacquemus en Versalles 2023: Un espect\u00e1culo de moda y lujo","description":"Jacquemus presenta la colecci\u00f3n Le Chouchou para el oto\u00f1o\/invierno 2023-2024 en el ic\u00f3nico Palacio de Versalles","robots":{"index":"index","follow":"follow","max-snippet":"max-snippet:-1","max-image-preview":"max-image-preview:large","max-video-preview":"max-video-preview:-1"},"canonical":"https:\/\/graziamagazine.com\/mx\/articles\/jacquemus-en-versalles-2023-un-espectaculo-de-moda-y-lujo\/","og_locale":"es_MX","og_type":"article","og_title":"Jacquemus en Versalles 2023: Un espect\u00e1culo de moda y lujo","og_description":"Jacquemus presenta la colecci\u00f3n Le Chouchou para el oto\u00f1o\/invierno 2023-2024 en el ic\u00f3nico Palacio de Versalles","og_url":"https:\/\/graziamagazine.com\/mx\/articles\/jacquemus-en-versalles-2023-un-espectaculo-de-moda-y-lujo\/","og_site_name":"Grazia M\u00e9xico y Latinoam\u00e9rica","article_modified_time":"2023-06-29T21:10:52+00:00","og_image":[{"url":"https:\/\/graziamagazine.com\/mx\/wp-content\/uploads\/sites\/13\/2023\/06\/Captura-de-Pantalla-2023-06-29-a-las-15.08.22.png","width":1024,"height":445,"type":"image\/png"}],"twitter_card":"summary_large_image","twitter_misc":{"Est. reading time":"2 minutos"},"schema":{"@context":"https:\/\/schema.org","@graph":[{"@type":"WebPage","@id":"https:\/\/graziamagazine.com\/mx\/articles\/jacquemus-en-versalles-2023-un-espectaculo-de-moda-y-lujo\/","url":"https:\/\/graziamagazine.com\/mx\/articles\/jacquemus-en-versalles-2023-un-espectaculo-de-moda-y-lujo\/","name":"Jacquemus en Versalles 2023: Un espect\u00e1culo de moda y lujo","isPartOf":{"@id":"https:\/\/graziamagazine.com\/mx\/#website"},"datePublished":"2023-06-29T18:04:36+00:00","dateModified":"2023-06-29T21:10:52+00:00","description":"Jacquemus presenta la colecci\u00f3n Le Chouchou para el oto\u00f1o\/invierno 2023-2024 en el ic\u00f3nico Palacio de Versalles","breadcrumb":{"@id":"https:\/\/graziamagazine.com\/mx\/articles\/jacquemus-en-versalles-2023-un-espectaculo-de-moda-y-lujo\/#breadcrumb"},"inLanguage":"es-MX","potentialAction":[{"@type":"ReadAction","target":["https:\/\/graziamagazine.com\/mx\/articles\/jacquemus-en-versalles-2023-un-espectaculo-de-moda-y-lujo\/"]}]},{"@type":"BreadcrumbList","@id":"https:\/\/graziamagazine.com\/mx\/articles\/jacquemus-en-versalles-2023-un-espectaculo-de-moda-y-lujo\/#breadcrumb","itemListElement":[{"@type":"ListItem","position":1,"name":"Home","item":"https:\/\/graziamagazine.com\/mx\/"},{"@type":"ListItem","position":2,"name":"Jacquemus en Versalles 2023: Un espect\u00e1culo de moda y lujo"}]},{"@type":"WebSite","@id":"https:\/\/graziamagazine.com\/mx\/#website","url":"https:\/\/graziamagazine.com\/mx\/","name":"Grazia M\u00e9xico y Latinoam\u00e9rica","description":"Grazia es moda, belleza y noticias  de actualidad ","potentialAction":[{"@type":"SearchAction","target":{"@type":"EntryPoint","urlTemplate":"https:\/\/graziamagazine.com\/mx\/?s={search_term_string}"},"query-input":"required name=search_term_string"}],"inLanguage":"es-MX"}]}},"jetpack_sharing_enabled":true,"distributor_meta":false,"distributor_terms":false,"distributor_media":false,"distributor_original_site_name":"Grazia M\u00e9xico y Latinoam\u00e9rica","distributor_original_site_url":"https:\/\/graziamagazine.com\/mx","push-errors":false,"_links":{"self":[{"href":"https:\/\/graziamagazine.com\/mx\/wp-json\/wp\/v2\/articles\/126717"}],"collection":[{"href":"https:\/\/graziamagazine.com\/mx\/wp-json\/wp\/v2\/articles"}],"about":[{"href":"https:\/\/graziamagazine.com\/mx\/wp-json\/wp\/v2\/types\/articles"}],"author":[{"embeddable":true,"href":"https:\/\/graziamagazine.com\/mx\/wp-json\/wp\/v2\/users\/28953"}],"wp:featuredmedia":[{"embeddable":true,"href":"https:\/\/graziamagazine.com\/mx\/wp-json\/wp\/v2\/media\/126740"}],"wp:attachment":[{"href":"https:\/\/graziamagazine.com\/mx\/wp-json\/wp\/v2\/media?parent=126717"}],"wp:term":[{"taxonomy":"category","embeddable":true,"href":"https:\/\/graziamagazine.com\/mx\/wp-json\/wp\/v2\/categories?post=126717"}],"curies":[{"name":"wp","href":"https:\/\/api.w.org\/{rel}","templated":true}]}}