{"id":126564,"date":"2023-06-25T22:31:48","date_gmt":"2023-06-26T03:31:48","guid":{"rendered":"https:\/\/graziamagazine.com\/mx\/?post_type=articles&#038;p=126564"},"modified":"2023-06-25T22:34:00","modified_gmt":"2023-06-26T03:34:00","slug":"paul-mccartney-aclara-aspectos-de-la-nueva-cancion-de-the-beatles-en-la-que-utilizo-la-ia","status":"publish","type":"articles","link":"https:\/\/graziamagazine.com\/mx\/articles\/paul-mccartney-aclara-aspectos-de-la-nueva-cancion-de-the-beatles-en-la-que-utilizo-la-ia\/","title":{"rendered":"Paul McCartney aclara aspectos de la nueva canci\u00f3n de The Beatles en la que utiliz\u00f3 IA"},"content":{"rendered":"<p><span style=\"font-weight: 400\">Luego de que <strong>Paul McCartney<\/strong> anunciara hace unos d\u00edas el lanzamiento de una \u00faltima canci\u00f3n de <strong>The Beatles<\/strong> este 2023, a pesar de que dos de sus cuatro integrantes han fallecido &#8211; <strong>John Lennon y George Harrison<\/strong> &#8211; causando emoci\u00f3n entre los fans de la legendaria agrupaci\u00f3n, pero tambi\u00e9n dejando muchas preguntas al aire.<\/span><\/p>\n<p><span style=\"font-weight: 400\">El cantante brit\u00e1nico de 81 a\u00f1os dijo en el programa de radio <strong><em>Best of Today<\/em> <\/strong>de la <em>BBC<\/em>, que con la ayuda de la tecnolog\u00eda de IA realizar\u00e1 una pr\u00f3xima grabaci\u00f3n de The Beatles con todos los miembros de la banda, incluido \u00e9l mismo, Ringo Starr y sus compa\u00f1eros George Harrison y John Lennon, fallecidos en 2001 y 1980, respectivamente.<\/span><\/p>\n<p><span style=\"font-weight: 400\">\u201cEs algo muy interesante, es algo que todos estamos abordando en este momento y tratando de manejar\u201d, dijo McCartney cuando se le pregunt\u00f3 sobre los avances tecnol\u00f3gicos que impulsaron el legado de The Beatles aproximadamente 60 a\u00f1os despu\u00e9s de que el grupo alcanzara la prominencia mundial.\u00a0<\/span><\/p>\n<p><img loading=\"lazy\" decoding=\"async\" class=\"alignnone size-medium wp-image-126565\" src=\"https:\/\/graziamagazine.com\/mx\/wp-content\/uploads\/sites\/13\/2023\/06\/Captura-de-Pantalla-2023-06-23-a-las-19.00.44.png?w=257\" alt=\"\" width=\"257\" height=\"450\" \/><\/p>\n<p><span style=\"font-weight: 400\">Pero ante la creciente &#8220;confusi\u00f3n&#8221; y &#8220;especulaci\u00f3n&#8221; sobre la canci\u00f3n, dej\u00f3 una declaraci\u00f3n en Instagram Story para todos sus fans.<\/span><\/p>\n<p><span style=\"font-weight: 400\">&#8220;Ha sido genial ver una respuesta tan emocionante a nuestro pr\u00f3ximo proyecto de The Beatles&#8221;, comenz\u00f3 McCartney. &#8220;Nadie est\u00e1 m\u00e1s emocionado que nosotros de compartir algo con ustedes m\u00e1s adelante en el a\u00f1o&#8221;.<\/span><\/p>\n<p><span style=\"font-weight: 400\">&#8220;Parece que hay muchas conjeturas&#8221;, a\u00f1adi\u00f3. &#8220;No puedo decir demasiado en esta etapa, pero para ser claros, nada se ha creado artificial o sint\u00e9ticamente. Todo es real y todos tocamos en \u00e9l. Limpiamos algunas grabaciones existentes, un proceso que se ha prolongado durante a\u00f1os&#8221;.<\/span><\/p>\n<p><span style=\"font-weight: 400\">El m\u00fasico remat\u00f3 su declaraci\u00f3n agregando que espera que a los fan\u00e1ticos les encante la canci\u00f3n &#8220;tanto como a nosotros&#8221; y que anunciar\u00e1 informaci\u00f3n adicional al respecto, incluida una fecha de lanzamiento, &#8220;a su debido tiempo&#8221;.<\/span><\/p>\n<p><span style=\"font-weight: 400\">Esta no es la primera vez que la inteligencia artificial se utiliza en un proyecto de The Beatles. <strong>Peter Jackson<\/strong> us\u00f3 previamente la tecnolog\u00eda para restaurar im\u00e1genes de video y grabaciones de audio que aparecen en la serie documental de 2021 de la banda, <em><strong>Get Back.<\/strong><\/em><\/span><\/p>\n","protected":false},"author":11628,"featured_media":41409,"template":"","format":"standard","categories":[12483],"acf":[],"yoast_head":"<!-- This site is optimized with the Yoast SEO Premium plugin v18.5 (Yoast SEO v20.4) - https:\/\/yoast.com\/wordpress\/plugins\/seo\/ -->\n<title>Paul McCartney aclara aspectos de la nueva canci\u00f3n de The Beatles en la que utiliz\u00f3 IA | Grazia M\u00e9xico y Latinoam\u00e9rica<\/title>\n<meta name=\"description\" content=\"Asegur\u00f3 que nada fue creado artificialmente\" \/>\n<meta name=\"robots\" content=\"index, follow, max-snippet:-1, max-image-preview:large, max-video-preview:-1\" \/>\n<link rel=\"canonical\" href=\"https:\/\/graziamagazine.com\/mx\/articles\/paul-mccartney-aclara-aspectos-de-la-nueva-cancion-de-the-beatles-en-la-que-utilizo-la-ia\/\" \/>\n<meta property=\"og:locale\" content=\"es_MX\" \/>\n<meta property=\"og:type\" content=\"article\" \/>\n<meta property=\"og:title\" content=\"Paul McCartney aclara aspectos de la nueva canci\u00f3n de The Beatles en la que utiliz\u00f3 IA\" \/>\n<meta property=\"og:description\" content=\"Asegur\u00f3 que nada fue creado artificialmente\" \/>\n<meta property=\"og:url\" content=\"https:\/\/graziamagazine.com\/mx\/articles\/paul-mccartney-aclara-aspectos-de-la-nueva-cancion-de-the-beatles-en-la-que-utilizo-la-ia\/\" \/>\n<meta property=\"og:site_name\" content=\"Grazia M\u00e9xico y Latinoam\u00e9rica\" \/>\n<meta property=\"article:modified_time\" content=\"2023-06-26T03:34:00+00:00\" \/>\n<meta property=\"og:image\" content=\"https:\/\/graziamagazine.com\/mx\/wp-content\/uploads\/sites\/13\/2018\/01\/halftime-shows-del-super-bowl-espectaculares-incluyendo-michael-jackson-paul-mccartney-2005.jpg\" \/>\n\t<meta property=\"og:image:width\" content=\"750\" \/>\n\t<meta property=\"og:image:height\" content=\"617\" \/>\n\t<meta property=\"og:image:type\" content=\"image\/jpeg\" \/>\n<meta name=\"twitter:card\" content=\"summary_large_image\" \/>\n<meta name=\"twitter:label1\" content=\"Est. reading time\" \/>\n\t<meta name=\"twitter:data1\" content=\"2 minutos\" \/>\n<script type=\"application\/ld+json\" class=\"yoast-schema-graph\">{\"@context\":\"https:\/\/schema.org\",\"@graph\":[{\"@type\":\"WebPage\",\"@id\":\"https:\/\/graziamagazine.com\/mx\/articles\/paul-mccartney-aclara-aspectos-de-la-nueva-cancion-de-the-beatles-en-la-que-utilizo-la-ia\/\",\"url\":\"https:\/\/graziamagazine.com\/mx\/articles\/paul-mccartney-aclara-aspectos-de-la-nueva-cancion-de-the-beatles-en-la-que-utilizo-la-ia\/\",\"name\":\"Paul McCartney aclara aspectos de la nueva canci\u00f3n de The Beatles en la que utiliz\u00f3 IA | Grazia M\u00e9xico y Latinoam\u00e9rica\",\"isPartOf\":{\"@id\":\"https:\/\/graziamagazine.com\/mx\/#website\"},\"datePublished\":\"2023-06-26T03:31:48+00:00\",\"dateModified\":\"2023-06-26T03:34:00+00:00\",\"description\":\"Asegur\u00f3 que nada fue creado artificialmente\",\"breadcrumb\":{\"@id\":\"https:\/\/graziamagazine.com\/mx\/articles\/paul-mccartney-aclara-aspectos-de-la-nueva-cancion-de-the-beatles-en-la-que-utilizo-la-ia\/#breadcrumb\"},\"inLanguage\":\"es-MX\",\"potentialAction\":[{\"@type\":\"ReadAction\",\"target\":[\"https:\/\/graziamagazine.com\/mx\/articles\/paul-mccartney-aclara-aspectos-de-la-nueva-cancion-de-the-beatles-en-la-que-utilizo-la-ia\/\"]}]},{\"@type\":\"BreadcrumbList\",\"@id\":\"https:\/\/graziamagazine.com\/mx\/articles\/paul-mccartney-aclara-aspectos-de-la-nueva-cancion-de-the-beatles-en-la-que-utilizo-la-ia\/#breadcrumb\",\"itemListElement\":[{\"@type\":\"ListItem\",\"position\":1,\"name\":\"Home\",\"item\":\"https:\/\/graziamagazine.com\/mx\/\"},{\"@type\":\"ListItem\",\"position\":2,\"name\":\"Paul McCartney aclara aspectos de la nueva canci\u00f3n de The Beatles en la que utiliz\u00f3 IA\"}]},{\"@type\":\"WebSite\",\"@id\":\"https:\/\/graziamagazine.com\/mx\/#website\",\"url\":\"https:\/\/graziamagazine.com\/mx\/\",\"name\":\"Grazia M\u00e9xico y Latinoam\u00e9rica\",\"description\":\"Grazia es moda, belleza y noticias  de actualidad \",\"potentialAction\":[{\"@type\":\"SearchAction\",\"target\":{\"@type\":\"EntryPoint\",\"urlTemplate\":\"https:\/\/graziamagazine.com\/mx\/?s={search_term_string}\"},\"query-input\":\"required name=search_term_string\"}],\"inLanguage\":\"es-MX\"}]}<\/script>\n<!-- \/ Yoast SEO Premium plugin. -->","yoast_head_json":{"title":"Paul McCartney aclara aspectos de la nueva canci\u00f3n de The Beatles en la que utiliz\u00f3 IA | Grazia M\u00e9xico y Latinoam\u00e9rica","description":"Asegur\u00f3 que nada fue creado artificialmente","robots":{"index":"index","follow":"follow","max-snippet":"max-snippet:-1","max-image-preview":"max-image-preview:large","max-video-preview":"max-video-preview:-1"},"canonical":"https:\/\/graziamagazine.com\/mx\/articles\/paul-mccartney-aclara-aspectos-de-la-nueva-cancion-de-the-beatles-en-la-que-utilizo-la-ia\/","og_locale":"es_MX","og_type":"article","og_title":"Paul McCartney aclara aspectos de la nueva canci\u00f3n de The Beatles en la que utiliz\u00f3 IA","og_description":"Asegur\u00f3 que nada fue creado artificialmente","og_url":"https:\/\/graziamagazine.com\/mx\/articles\/paul-mccartney-aclara-aspectos-de-la-nueva-cancion-de-the-beatles-en-la-que-utilizo-la-ia\/","og_site_name":"Grazia M\u00e9xico y Latinoam\u00e9rica","article_modified_time":"2023-06-26T03:34:00+00:00","og_image":[{"width":750,"height":617,"url":"https:\/\/graziamagazine.com\/mx\/wp-content\/uploads\/sites\/13\/2018\/01\/halftime-shows-del-super-bowl-espectaculares-incluyendo-michael-jackson-paul-mccartney-2005.jpg","type":"image\/jpeg"}],"twitter_card":"summary_large_image","twitter_misc":{"Est. reading time":"2 minutos"},"schema":{"@context":"https:\/\/schema.org","@graph":[{"@type":"WebPage","@id":"https:\/\/graziamagazine.com\/mx\/articles\/paul-mccartney-aclara-aspectos-de-la-nueva-cancion-de-the-beatles-en-la-que-utilizo-la-ia\/","url":"https:\/\/graziamagazine.com\/mx\/articles\/paul-mccartney-aclara-aspectos-de-la-nueva-cancion-de-the-beatles-en-la-que-utilizo-la-ia\/","name":"Paul McCartney aclara aspectos de la nueva canci\u00f3n de The Beatles en la que utiliz\u00f3 IA | Grazia M\u00e9xico y Latinoam\u00e9rica","isPartOf":{"@id":"https:\/\/graziamagazine.com\/mx\/#website"},"datePublished":"2023-06-26T03:31:48+00:00","dateModified":"2023-06-26T03:34:00+00:00","description":"Asegur\u00f3 que nada fue creado artificialmente","breadcrumb":{"@id":"https:\/\/graziamagazine.com\/mx\/articles\/paul-mccartney-aclara-aspectos-de-la-nueva-cancion-de-the-beatles-en-la-que-utilizo-la-ia\/#breadcrumb"},"inLanguage":"es-MX","potentialAction":[{"@type":"ReadAction","target":["https:\/\/graziamagazine.com\/mx\/articles\/paul-mccartney-aclara-aspectos-de-la-nueva-cancion-de-the-beatles-en-la-que-utilizo-la-ia\/"]}]},{"@type":"BreadcrumbList","@id":"https:\/\/graziamagazine.com\/mx\/articles\/paul-mccartney-aclara-aspectos-de-la-nueva-cancion-de-the-beatles-en-la-que-utilizo-la-ia\/#breadcrumb","itemListElement":[{"@type":"ListItem","position":1,"name":"Home","item":"https:\/\/graziamagazine.com\/mx\/"},{"@type":"ListItem","position":2,"name":"Paul McCartney aclara aspectos de la nueva canci\u00f3n de The Beatles en la que utiliz\u00f3 IA"}]},{"@type":"WebSite","@id":"https:\/\/graziamagazine.com\/mx\/#website","url":"https:\/\/graziamagazine.com\/mx\/","name":"Grazia M\u00e9xico y Latinoam\u00e9rica","description":"Grazia es moda, belleza y noticias  de actualidad ","potentialAction":[{"@type":"SearchAction","target":{"@type":"EntryPoint","urlTemplate":"https:\/\/graziamagazine.com\/mx\/?s={search_term_string}"},"query-input":"required name=search_term_string"}],"inLanguage":"es-MX"}]}},"jetpack_sharing_enabled":true,"distributor_meta":false,"distributor_terms":false,"distributor_media":false,"distributor_original_site_name":"Grazia M\u00e9xico y Latinoam\u00e9rica","distributor_original_site_url":"https:\/\/graziamagazine.com\/mx","push-errors":false,"_links":{"self":[{"href":"https:\/\/graziamagazine.com\/mx\/wp-json\/wp\/v2\/articles\/126564"}],"collection":[{"href":"https:\/\/graziamagazine.com\/mx\/wp-json\/wp\/v2\/articles"}],"about":[{"href":"https:\/\/graziamagazine.com\/mx\/wp-json\/wp\/v2\/types\/articles"}],"author":[{"embeddable":true,"href":"https:\/\/graziamagazine.com\/mx\/wp-json\/wp\/v2\/users\/11628"}],"wp:featuredmedia":[{"embeddable":true,"href":"https:\/\/graziamagazine.com\/mx\/wp-json\/wp\/v2\/media\/41409"}],"wp:attachment":[{"href":"https:\/\/graziamagazine.com\/mx\/wp-json\/wp\/v2\/media?parent=126564"}],"wp:term":[{"taxonomy":"category","embeddable":true,"href":"https:\/\/graziamagazine.com\/mx\/wp-json\/wp\/v2\/categories?post=126564"}],"curies":[{"name":"wp","href":"https:\/\/api.w.org\/{rel}","templated":true}]}}