{"id":126363,"date":"2023-06-15T19:30:00","date_gmt":"2023-06-16T00:30:00","guid":{"rendered":"https:\/\/graziamagazine.com\/mx\/?post_type=articles&#038;p=126363"},"modified":"2023-06-16T13:15:39","modified_gmt":"2023-06-16T18:15:39","slug":"lo-ultimo-sobre-la-batalla-legal-entre-angelina-jolie-y-brad-pitt","status":"publish","type":"articles","link":"https:\/\/graziamagazine.com\/mx\/articles\/lo-ultimo-sobre-la-batalla-legal-entre-angelina-jolie-y-brad-pitt\/","title":{"rendered":"Lo \u00faltimo sobre la batalla legal entre Angelina Jolie y Brad Pitt"},"content":{"rendered":"<p>La actual batalla legal entre las estrellas de <strong>Hollywood, Angelina Jolie y Brad Pitt,<\/strong> lleva a\u00f1os acaparando titulares. La ex pareja pareja conocida por su glamuroso estilo de vida y sus esfuerzos filantr\u00f3picos, est\u00e1 ahora envuelta en una pol\u00e9mica disputa por la propiedad de <strong>Ch\u00e2teau Miraval<\/strong>, una renombrada bodega del sur de Francia.<\/p>\n<figure id=\"attachment_126367\" aria-describedby=\"caption-attachment-126367\" style=\"width: 1024px\" class=\"wp-caption alignnone\"><img loading=\"lazy\" decoding=\"async\" class=\"size-large wp-image-126367\" src=\"https:\/\/graziamagazine.com\/mx\/wp-content\/uploads\/sites\/13\/2023\/06\/gv_news1_123121_1600.jpg?w=1024\" alt=\"Lo \u00faltimo sobre la batalla legal entre Angelina Jolie y Brad Pitt\" width=\"1024\" height=\"576\" \/><figcaption id=\"caption-attachment-126367\" class=\"wp-caption-text\">Lo \u00faltimo sobre la batalla legal entre Angelina Jolie y Brad Pitt<\/figcaption><\/figure>\n<p>Con acusaciones de malos tratos, <strong>disputas financieras<\/strong> y el <strong>futuro de sus hijos en juego<\/strong>, la batalla legal entre Jolie y Pitt ha creado un caos tanto en su vida personal como en su imagen p\u00fablica.<\/p>\n<p>Ch\u00e2teau Miraval ocupa un lugar importante en la disputa legal entre Jolie y Pitt. La pareja compr\u00f3 la finca, conocida por su c\u00e9lebre vino rosado, en 2008 y donde se casaron en 2014.<\/p>\n<p>Tras su separaci\u00f3n,\u00a0 <strong>Jolie<\/strong> lleg\u00f3 a un acuerdo para <strong>vender su participaci\u00f3n en la bodega a un grupo llamado Tenute<\/strong> del Mondo. Sin embargo, Pitt trat\u00f3 de detener la venta, alegando que violaba su acuerdo, que estipulaba que ninguna de las partes pod\u00eda vender su participaci\u00f3n sin el consentimiento de la otra.<\/p>\n<p><img loading=\"lazy\" decoding=\"async\" class=\"alignnone wp-image-126368 size-large\" src=\"https:\/\/graziamagazine.com\/mx\/wp-content\/uploads\/sites\/13\/2023\/06\/ns_miraval100621_1600.jpg?w=1024\" alt=\"\" width=\"1024\" height=\"576\" \/><\/p>\n<p>En los documentos judiciales presentados como parte de la batalla legal por Ch\u00e2teau Miraval, Angelina Jolie detall\u00f3 acusaciones de comportamiento abusivo por parte de Brad Pitt durante un viaje en avi\u00f3n privado en 2016. Jolie afirma que el incidente condujo finalmente a la <strong>disoluci\u00f3n de su matrimonio.<\/strong><\/p>\n<p>La disputa legal sobre el terreno, dio un nuevo giro cuando Brad Pitt demand\u00f3 a Angelina Jolie y a su antigua empresa por lo que \u00e9l consider\u00f3 una<strong> venta &#8220;ilegal&#8221; de su participaci\u00f3n en la bodega<\/strong>. Pitt alega que las acciones de Jolie estaban motivadas por la venganza y que ella viol\u00f3 su acuerdo al vender sus acciones sin su consentimiento.<\/p>\n<p><em><strong>*IMAGEN: Google Images<\/strong><\/em><\/p>\n<p>&nbsp;<\/p>\n<p>&nbsp;<\/p>\n","protected":false},"author":28953,"featured_media":126366,"template":"","format":"standard","categories":[12483],"acf":[],"yoast_head":"<!-- This site is optimized with the Yoast SEO Premium plugin v18.5 (Yoast SEO v20.4) - https:\/\/yoast.com\/wordpress\/plugins\/seo\/ -->\n<title>Lo \u00faltimo sobre la batalla legal entre Angelina Jolie y Brad Pitt<\/title>\n<meta name=\"description\" content=\"Te contamos todo sobre los m\u00e1s recientes acontecimientos en torno al Ch\u00e2teau Miraval, un lugar &quot;de amor&quot; que compart\u00eda la ex pareja\" \/>\n<meta name=\"robots\" content=\"index, follow, max-snippet:-1, max-image-preview:large, max-video-preview:-1\" \/>\n<link rel=\"canonical\" href=\"https:\/\/graziamagazine.com\/mx\/articles\/lo-ultimo-sobre-la-batalla-legal-entre-angelina-jolie-y-brad-pitt\/\" \/>\n<meta property=\"og:locale\" content=\"es_MX\" \/>\n<meta property=\"og:type\" content=\"article\" \/>\n<meta property=\"og:title\" content=\"Lo \u00faltimo sobre la batalla legal entre Angelina Jolie y Brad Pitt\" \/>\n<meta property=\"og:description\" content=\"Te contamos todo sobre los m\u00e1s recientes acontecimientos en torno al Ch\u00e2teau Miraval, un lugar &quot;de amor&quot; que compart\u00eda la ex pareja\" \/>\n<meta property=\"og:url\" content=\"https:\/\/graziamagazine.com\/mx\/articles\/lo-ultimo-sobre-la-batalla-legal-entre-angelina-jolie-y-brad-pitt\/\" \/>\n<meta property=\"og:site_name\" content=\"Grazia M\u00e9xico y Latinoam\u00e9rica\" \/>\n<meta property=\"article:modified_time\" content=\"2023-06-16T18:15:39+00:00\" \/>\n<meta property=\"og:image\" content=\"https:\/\/graziamagazine.com\/mx\/wp-content\/uploads\/sites\/13\/2023\/06\/XALHLXOUUFBRZMRGSDKNI7LLUU.jpg\" \/>\n\t<meta property=\"og:image:width\" content=\"1920\" \/>\n\t<meta property=\"og:image:height\" content=\"1080\" \/>\n\t<meta property=\"og:image:type\" content=\"image\/jpeg\" \/>\n<meta name=\"twitter:card\" content=\"summary_large_image\" \/>\n<meta name=\"twitter:label1\" content=\"Est. reading time\" \/>\n\t<meta name=\"twitter:data1\" content=\"2 minutos\" \/>\n<script type=\"application\/ld+json\" class=\"yoast-schema-graph\">{\"@context\":\"https:\/\/schema.org\",\"@graph\":[{\"@type\":\"WebPage\",\"@id\":\"https:\/\/graziamagazine.com\/mx\/articles\/lo-ultimo-sobre-la-batalla-legal-entre-angelina-jolie-y-brad-pitt\/\",\"url\":\"https:\/\/graziamagazine.com\/mx\/articles\/lo-ultimo-sobre-la-batalla-legal-entre-angelina-jolie-y-brad-pitt\/\",\"name\":\"Lo \u00faltimo sobre la batalla legal entre Angelina Jolie y Brad Pitt\",\"isPartOf\":{\"@id\":\"https:\/\/graziamagazine.com\/mx\/#website\"},\"datePublished\":\"2023-06-16T00:30:00+00:00\",\"dateModified\":\"2023-06-16T18:15:39+00:00\",\"description\":\"Te contamos todo sobre los m\u00e1s recientes acontecimientos en torno al Ch\u00e2teau Miraval, un lugar \\\"de amor\\\" que compart\u00eda la ex pareja\",\"breadcrumb\":{\"@id\":\"https:\/\/graziamagazine.com\/mx\/articles\/lo-ultimo-sobre-la-batalla-legal-entre-angelina-jolie-y-brad-pitt\/#breadcrumb\"},\"inLanguage\":\"es-MX\",\"potentialAction\":[{\"@type\":\"ReadAction\",\"target\":[\"https:\/\/graziamagazine.com\/mx\/articles\/lo-ultimo-sobre-la-batalla-legal-entre-angelina-jolie-y-brad-pitt\/\"]}]},{\"@type\":\"BreadcrumbList\",\"@id\":\"https:\/\/graziamagazine.com\/mx\/articles\/lo-ultimo-sobre-la-batalla-legal-entre-angelina-jolie-y-brad-pitt\/#breadcrumb\",\"itemListElement\":[{\"@type\":\"ListItem\",\"position\":1,\"name\":\"Home\",\"item\":\"https:\/\/graziamagazine.com\/mx\/\"},{\"@type\":\"ListItem\",\"position\":2,\"name\":\"Lo \u00faltimo sobre la batalla legal entre Angelina Jolie y Brad Pitt\"}]},{\"@type\":\"WebSite\",\"@id\":\"https:\/\/graziamagazine.com\/mx\/#website\",\"url\":\"https:\/\/graziamagazine.com\/mx\/\",\"name\":\"Grazia M\u00e9xico y Latinoam\u00e9rica\",\"description\":\"Grazia es moda, belleza y noticias  de actualidad \",\"potentialAction\":[{\"@type\":\"SearchAction\",\"target\":{\"@type\":\"EntryPoint\",\"urlTemplate\":\"https:\/\/graziamagazine.com\/mx\/?s={search_term_string}\"},\"query-input\":\"required name=search_term_string\"}],\"inLanguage\":\"es-MX\"}]}<\/script>\n<!-- \/ Yoast SEO Premium plugin. -->","yoast_head_json":{"title":"Lo \u00faltimo sobre la batalla legal entre Angelina Jolie y Brad Pitt","description":"Te contamos todo sobre los m\u00e1s recientes acontecimientos en torno al Ch\u00e2teau Miraval, un lugar \"de amor\" que compart\u00eda la ex pareja","robots":{"index":"index","follow":"follow","max-snippet":"max-snippet:-1","max-image-preview":"max-image-preview:large","max-video-preview":"max-video-preview:-1"},"canonical":"https:\/\/graziamagazine.com\/mx\/articles\/lo-ultimo-sobre-la-batalla-legal-entre-angelina-jolie-y-brad-pitt\/","og_locale":"es_MX","og_type":"article","og_title":"Lo \u00faltimo sobre la batalla legal entre Angelina Jolie y Brad Pitt","og_description":"Te contamos todo sobre los m\u00e1s recientes acontecimientos en torno al Ch\u00e2teau Miraval, un lugar \"de amor\" que compart\u00eda la ex pareja","og_url":"https:\/\/graziamagazine.com\/mx\/articles\/lo-ultimo-sobre-la-batalla-legal-entre-angelina-jolie-y-brad-pitt\/","og_site_name":"Grazia M\u00e9xico y Latinoam\u00e9rica","article_modified_time":"2023-06-16T18:15:39+00:00","og_image":[{"width":1920,"height":1080,"url":"https:\/\/graziamagazine.com\/mx\/wp-content\/uploads\/sites\/13\/2023\/06\/XALHLXOUUFBRZMRGSDKNI7LLUU.jpg","type":"image\/jpeg"}],"twitter_card":"summary_large_image","twitter_misc":{"Est. reading time":"2 minutos"},"schema":{"@context":"https:\/\/schema.org","@graph":[{"@type":"WebPage","@id":"https:\/\/graziamagazine.com\/mx\/articles\/lo-ultimo-sobre-la-batalla-legal-entre-angelina-jolie-y-brad-pitt\/","url":"https:\/\/graziamagazine.com\/mx\/articles\/lo-ultimo-sobre-la-batalla-legal-entre-angelina-jolie-y-brad-pitt\/","name":"Lo \u00faltimo sobre la batalla legal entre Angelina Jolie y Brad Pitt","isPartOf":{"@id":"https:\/\/graziamagazine.com\/mx\/#website"},"datePublished":"2023-06-16T00:30:00+00:00","dateModified":"2023-06-16T18:15:39+00:00","description":"Te contamos todo sobre los m\u00e1s recientes acontecimientos en torno al Ch\u00e2teau Miraval, un lugar \"de amor\" que compart\u00eda la ex pareja","breadcrumb":{"@id":"https:\/\/graziamagazine.com\/mx\/articles\/lo-ultimo-sobre-la-batalla-legal-entre-angelina-jolie-y-brad-pitt\/#breadcrumb"},"inLanguage":"es-MX","potentialAction":[{"@type":"ReadAction","target":["https:\/\/graziamagazine.com\/mx\/articles\/lo-ultimo-sobre-la-batalla-legal-entre-angelina-jolie-y-brad-pitt\/"]}]},{"@type":"BreadcrumbList","@id":"https:\/\/graziamagazine.com\/mx\/articles\/lo-ultimo-sobre-la-batalla-legal-entre-angelina-jolie-y-brad-pitt\/#breadcrumb","itemListElement":[{"@type":"ListItem","position":1,"name":"Home","item":"https:\/\/graziamagazine.com\/mx\/"},{"@type":"ListItem","position":2,"name":"Lo \u00faltimo sobre la batalla legal entre Angelina Jolie y Brad Pitt"}]},{"@type":"WebSite","@id":"https:\/\/graziamagazine.com\/mx\/#website","url":"https:\/\/graziamagazine.com\/mx\/","name":"Grazia M\u00e9xico y Latinoam\u00e9rica","description":"Grazia es moda, belleza y noticias  de actualidad ","potentialAction":[{"@type":"SearchAction","target":{"@type":"EntryPoint","urlTemplate":"https:\/\/graziamagazine.com\/mx\/?s={search_term_string}"},"query-input":"required name=search_term_string"}],"inLanguage":"es-MX"}]}},"jetpack_sharing_enabled":true,"distributor_meta":false,"distributor_terms":false,"distributor_media":false,"distributor_original_site_name":"Grazia M\u00e9xico y Latinoam\u00e9rica","distributor_original_site_url":"https:\/\/graziamagazine.com\/mx","push-errors":false,"_links":{"self":[{"href":"https:\/\/graziamagazine.com\/mx\/wp-json\/wp\/v2\/articles\/126363"}],"collection":[{"href":"https:\/\/graziamagazine.com\/mx\/wp-json\/wp\/v2\/articles"}],"about":[{"href":"https:\/\/graziamagazine.com\/mx\/wp-json\/wp\/v2\/types\/articles"}],"author":[{"embeddable":true,"href":"https:\/\/graziamagazine.com\/mx\/wp-json\/wp\/v2\/users\/28953"}],"wp:featuredmedia":[{"embeddable":true,"href":"https:\/\/graziamagazine.com\/mx\/wp-json\/wp\/v2\/media\/126366"}],"wp:attachment":[{"href":"https:\/\/graziamagazine.com\/mx\/wp-json\/wp\/v2\/media?parent=126363"}],"wp:term":[{"taxonomy":"category","embeddable":true,"href":"https:\/\/graziamagazine.com\/mx\/wp-json\/wp\/v2\/categories?post=126363"}],"curies":[{"name":"wp","href":"https:\/\/api.w.org\/{rel}","templated":true}]}}