{"id":125862,"date":"2023-06-01T17:47:41","date_gmt":"2023-06-01T22:47:41","guid":{"rendered":"https:\/\/graziamagazine.com\/mx\/?post_type=articles&#038;p=125862"},"modified":"2023-06-01T17:51:58","modified_gmt":"2023-06-01T22:51:58","slug":"principe-harry-padre-proxima-visita-reino-unido","status":"publish","type":"articles","link":"https:\/\/graziamagazine.com\/mx\/articles\/principe-harry-padre-proxima-visita-reino-unido\/","title":{"rendered":"El pr\u00edncipe Harry no ver\u00e1 a su padre en su pr\u00f3xima visita a Reino Unido"},"content":{"rendered":"<p><span style=\"font-weight: 400\">El pr\u00edncipe<\/span><b> Harry<\/b><span style=\"font-weight: 400\"> viajar\u00e1 a <\/span><b>Reino Unido<\/b><span style=\"font-weight: 400\"> y aunque pudo darse la oportunidad de visitar a su padre, <\/span><b>Carlos III<\/b><span style=\"font-weight: 400\">, no ser\u00e1 posible pues el monarca estar\u00e1 de viaje por <\/span><b>Transilvania<\/b><span style=\"font-weight: 400\">, siendo su primera visita al extranjero desde su coronaci\u00f3n.<\/span><\/p>\n<p><span style=\"font-weight: 400\">Uno de los motivos por el cual el<\/span><b> duque de Sussex<\/b><span style=\"font-weight: 400\"> estar\u00e1 en su pa\u00eds natal es para continuar con el juicio que lleva en contra del <\/span><b>Mirror Group Newspaper <\/b><span style=\"font-weight: 400\">a quien se le acusa del uso de pr\u00e1cticas ilegales para la recopilaci\u00f3n de informaci\u00f3n.<\/span><\/p>\n<figure id=\"attachment_125863\" aria-describedby=\"caption-attachment-125863\" style=\"width: 450px\" class=\"wp-caption alignnone\"><img loading=\"lazy\" decoding=\"async\" class=\"size-medium wp-image-125863\" src=\"https:\/\/graziamagazine.com\/mx\/wp-content\/uploads\/sites\/13\/2023\/06\/Captura-de-Pantalla-2023-06-01-a-las-15.43.00.png?w=450\" alt=\"\" width=\"450\" height=\"310\" \/><figcaption id=\"caption-attachment-125863\" class=\"wp-caption-text\">Getty<\/figcaption><\/figure>\n<p><span style=\"font-weight: 400\">Harry encabeza la lista de celebridades que est\u00e1n en el mismo juicio en contra de este medio y de otros peri\u00f3dicos brit\u00e1nicos que mantienen pr\u00e1cticas similares.\u00a0<\/span><\/p>\n<p><span style=\"font-weight: 400\">El caso del duque de Sussex en este juicio parece ser m\u00e1s complicado que el de los otros implicados, pues seg\u00fan la defensa del peri\u00f3dico acusado no cuenta con evidencia suficiente que sustente su teor\u00eda de la llamada telef\u00f3nica (descrita en sus memorias) que le hicieron.\u00a0<\/span><\/p>\n<p><span style=\"font-weight: 400\">\u201cNing\u00fan periodista de Mirror Group Newspapers fue arrestado o investigado, sugiriendo que Mirror Group Newspaper no estaba involucrado en la intervenci\u00f3n del buz\u00f3n de voz del Duque de Sussex o de aquellos alrededor de \u00e9l\u201d, afirm\u00f3 el peri\u00f3dico.<\/span><\/p>\n<p><span style=\"font-weight: 400\">A pesar de esta declaraci\u00f3n, el testimonio que el pr\u00edncipe Harry presentar\u00e1 en la corte podr\u00eda ayudar en su caso, logrando que el juez tome una decisi\u00f3n a su favor.<\/span><\/p>\n<p><span style=\"font-weight: 400\">La relaci\u00f3n de Harry y su padre no ha sido lo m\u00e1s estrecha desde la publicaci\u00f3n de su libro <\/span><b><i>Spares<\/i><\/b><span style=\"font-weight: 400\">, pues en la ceremonia de coronaci\u00f3n de su padre no se le vio tener contacto p\u00fablico ni con \u00e9l ni su hermano, el pr\u00edncipe <\/span><b>William<\/b><span style=\"font-weight: 400\">.<\/span><\/p>\n<figure id=\"attachment_125865\" aria-describedby=\"caption-attachment-125865\" style=\"width: 378px\" class=\"wp-caption alignnone\"><img loading=\"lazy\" decoding=\"async\" class=\"size-medium wp-image-125865\" src=\"https:\/\/graziamagazine.com\/mx\/wp-content\/uploads\/sites\/13\/2023\/06\/WhatsApp-Image-2023-06-01-at-15.43.22.jpeg?w=378\" alt=\"\" width=\"378\" height=\"450\" \/><figcaption id=\"caption-attachment-125865\" class=\"wp-caption-text\">Instagram<\/figcaption><\/figure>\n<p><span style=\"font-weight: 400\">En el evento s\u00f3lo se le vio junto a <\/span><b>Beatriz<\/b><span style=\"font-weight: 400\">,<\/span><b> Eugenia de York <\/b><span style=\"font-weight: 400\">y sus esposos, adem\u00e1s de que solamente estuvo por unas cuantas horas para poder regresar y estar presente en el cumplea\u00f1os de su primog\u00e9nito, el pr\u00edncipe <\/span><b>Archie<\/b><span style=\"font-weight: 400\">.<\/span><\/p>\n","protected":false},"author":36289,"featured_media":125863,"template":"","format":"standard","categories":[12484],"acf":[],"yoast_head":"<!-- This site is optimized with the Yoast SEO Premium plugin v18.5 (Yoast SEO v20.4) - https:\/\/yoast.com\/wordpress\/plugins\/seo\/ -->\n<title>El pr\u00edncipe Harry no ver\u00e1 a su padre en su pr\u00f3xima visita a Reino Unido | Grazia M\u00e9xico y Latinoam\u00e9rica<\/title>\n<meta name=\"description\" content=\"El pr\u00edncipe Harry viajar\u00e1 a Reino Unido y aunque pudo darse la oportunidad de visitar a su padre, Carlos III, no ser\u00e1 posible pues el monarca estar\u00e1 de\" \/>\n<meta name=\"robots\" content=\"index, follow, max-snippet:-1, max-image-preview:large, max-video-preview:-1\" \/>\n<link rel=\"canonical\" href=\"https:\/\/graziamagazine.com\/mx\/articles\/principe-harry-padre-proxima-visita-reino-unido\/\" \/>\n<meta property=\"og:locale\" content=\"es_MX\" \/>\n<meta property=\"og:type\" content=\"article\" \/>\n<meta property=\"og:title\" content=\"El pr\u00edncipe Harry no ver\u00e1 a su padre en su pr\u00f3xima visita a Reino Unido\" \/>\n<meta property=\"og:description\" content=\"El pr\u00edncipe Harry viajar\u00e1 a Reino Unido y aunque pudo darse la oportunidad de visitar a su padre, Carlos III, no ser\u00e1 posible pues el monarca estar\u00e1 de\" \/>\n<meta property=\"og:url\" content=\"https:\/\/graziamagazine.com\/mx\/articles\/principe-harry-padre-proxima-visita-reino-unido\/\" \/>\n<meta property=\"og:site_name\" content=\"Grazia M\u00e9xico y Latinoam\u00e9rica\" \/>\n<meta property=\"article:modified_time\" content=\"2023-06-01T22:51:58+00:00\" \/>\n<meta property=\"og:image\" content=\"https:\/\/graziamagazine.com\/mx\/wp-content\/uploads\/sites\/13\/2023\/06\/Captura-de-Pantalla-2023-06-01-a-las-15.43.00-e1685659851636.png\" \/>\n\t<meta property=\"og:image:width\" content=\"1281\" \/>\n\t<meta property=\"og:image:height\" content=\"719\" \/>\n\t<meta property=\"og:image:type\" content=\"image\/png\" \/>\n<meta name=\"twitter:card\" content=\"summary_large_image\" \/>\n<meta name=\"twitter:label1\" content=\"Est. reading time\" \/>\n\t<meta name=\"twitter:data1\" content=\"2 minutos\" \/>\n<script type=\"application\/ld+json\" class=\"yoast-schema-graph\">{\"@context\":\"https:\/\/schema.org\",\"@graph\":[{\"@type\":\"WebPage\",\"@id\":\"https:\/\/graziamagazine.com\/mx\/articles\/principe-harry-padre-proxima-visita-reino-unido\/\",\"url\":\"https:\/\/graziamagazine.com\/mx\/articles\/principe-harry-padre-proxima-visita-reino-unido\/\",\"name\":\"El pr\u00edncipe Harry no ver\u00e1 a su padre en su pr\u00f3xima visita a Reino Unido | Grazia M\u00e9xico y Latinoam\u00e9rica\",\"isPartOf\":{\"@id\":\"https:\/\/graziamagazine.com\/mx\/#website\"},\"datePublished\":\"2023-06-01T22:47:41+00:00\",\"dateModified\":\"2023-06-01T22:51:58+00:00\",\"description\":\"El pr\u00edncipe Harry viajar\u00e1 a Reino Unido y aunque pudo darse la oportunidad de visitar a su padre, Carlos III, no ser\u00e1 posible pues el monarca estar\u00e1 de\",\"breadcrumb\":{\"@id\":\"https:\/\/graziamagazine.com\/mx\/articles\/principe-harry-padre-proxima-visita-reino-unido\/#breadcrumb\"},\"inLanguage\":\"es-MX\",\"potentialAction\":[{\"@type\":\"ReadAction\",\"target\":[\"https:\/\/graziamagazine.com\/mx\/articles\/principe-harry-padre-proxima-visita-reino-unido\/\"]}]},{\"@type\":\"BreadcrumbList\",\"@id\":\"https:\/\/graziamagazine.com\/mx\/articles\/principe-harry-padre-proxima-visita-reino-unido\/#breadcrumb\",\"itemListElement\":[{\"@type\":\"ListItem\",\"position\":1,\"name\":\"Home\",\"item\":\"https:\/\/graziamagazine.com\/mx\/\"},{\"@type\":\"ListItem\",\"position\":2,\"name\":\"El pr\u00edncipe Harry no ver\u00e1 a su padre en su pr\u00f3xima visita a Reino Unido\"}]},{\"@type\":\"WebSite\",\"@id\":\"https:\/\/graziamagazine.com\/mx\/#website\",\"url\":\"https:\/\/graziamagazine.com\/mx\/\",\"name\":\"Grazia M\u00e9xico y Latinoam\u00e9rica\",\"description\":\"Grazia es moda, belleza y noticias  de actualidad \",\"potentialAction\":[{\"@type\":\"SearchAction\",\"target\":{\"@type\":\"EntryPoint\",\"urlTemplate\":\"https:\/\/graziamagazine.com\/mx\/?s={search_term_string}\"},\"query-input\":\"required name=search_term_string\"}],\"inLanguage\":\"es-MX\"}]}<\/script>\n<!-- \/ Yoast SEO Premium plugin. -->","yoast_head_json":{"title":"El pr\u00edncipe Harry no ver\u00e1 a su padre en su pr\u00f3xima visita a Reino Unido | Grazia M\u00e9xico y Latinoam\u00e9rica","description":"El pr\u00edncipe Harry viajar\u00e1 a Reino Unido y aunque pudo darse la oportunidad de visitar a su padre, Carlos III, no ser\u00e1 posible pues el monarca estar\u00e1 de","robots":{"index":"index","follow":"follow","max-snippet":"max-snippet:-1","max-image-preview":"max-image-preview:large","max-video-preview":"max-video-preview:-1"},"canonical":"https:\/\/graziamagazine.com\/mx\/articles\/principe-harry-padre-proxima-visita-reino-unido\/","og_locale":"es_MX","og_type":"article","og_title":"El pr\u00edncipe Harry no ver\u00e1 a su padre en su pr\u00f3xima visita a Reino Unido","og_description":"El pr\u00edncipe Harry viajar\u00e1 a Reino Unido y aunque pudo darse la oportunidad de visitar a su padre, Carlos III, no ser\u00e1 posible pues el monarca estar\u00e1 de","og_url":"https:\/\/graziamagazine.com\/mx\/articles\/principe-harry-padre-proxima-visita-reino-unido\/","og_site_name":"Grazia M\u00e9xico y Latinoam\u00e9rica","article_modified_time":"2023-06-01T22:51:58+00:00","og_image":[{"width":1281,"height":719,"url":"https:\/\/graziamagazine.com\/mx\/wp-content\/uploads\/sites\/13\/2023\/06\/Captura-de-Pantalla-2023-06-01-a-las-15.43.00-e1685659851636.png","type":"image\/png"}],"twitter_card":"summary_large_image","twitter_misc":{"Est. reading time":"2 minutos"},"schema":{"@context":"https:\/\/schema.org","@graph":[{"@type":"WebPage","@id":"https:\/\/graziamagazine.com\/mx\/articles\/principe-harry-padre-proxima-visita-reino-unido\/","url":"https:\/\/graziamagazine.com\/mx\/articles\/principe-harry-padre-proxima-visita-reino-unido\/","name":"El pr\u00edncipe Harry no ver\u00e1 a su padre en su pr\u00f3xima visita a Reino Unido | Grazia M\u00e9xico y Latinoam\u00e9rica","isPartOf":{"@id":"https:\/\/graziamagazine.com\/mx\/#website"},"datePublished":"2023-06-01T22:47:41+00:00","dateModified":"2023-06-01T22:51:58+00:00","description":"El pr\u00edncipe Harry viajar\u00e1 a Reino Unido y aunque pudo darse la oportunidad de visitar a su padre, Carlos III, no ser\u00e1 posible pues el monarca estar\u00e1 de","breadcrumb":{"@id":"https:\/\/graziamagazine.com\/mx\/articles\/principe-harry-padre-proxima-visita-reino-unido\/#breadcrumb"},"inLanguage":"es-MX","potentialAction":[{"@type":"ReadAction","target":["https:\/\/graziamagazine.com\/mx\/articles\/principe-harry-padre-proxima-visita-reino-unido\/"]}]},{"@type":"BreadcrumbList","@id":"https:\/\/graziamagazine.com\/mx\/articles\/principe-harry-padre-proxima-visita-reino-unido\/#breadcrumb","itemListElement":[{"@type":"ListItem","position":1,"name":"Home","item":"https:\/\/graziamagazine.com\/mx\/"},{"@type":"ListItem","position":2,"name":"El pr\u00edncipe Harry no ver\u00e1 a su padre en su pr\u00f3xima visita a Reino Unido"}]},{"@type":"WebSite","@id":"https:\/\/graziamagazine.com\/mx\/#website","url":"https:\/\/graziamagazine.com\/mx\/","name":"Grazia M\u00e9xico y Latinoam\u00e9rica","description":"Grazia es moda, belleza y noticias  de actualidad ","potentialAction":[{"@type":"SearchAction","target":{"@type":"EntryPoint","urlTemplate":"https:\/\/graziamagazine.com\/mx\/?s={search_term_string}"},"query-input":"required name=search_term_string"}],"inLanguage":"es-MX"}]}},"jetpack_sharing_enabled":true,"distributor_meta":false,"distributor_terms":false,"distributor_media":false,"distributor_original_site_name":"Grazia M\u00e9xico y Latinoam\u00e9rica","distributor_original_site_url":"https:\/\/graziamagazine.com\/mx","push-errors":false,"_links":{"self":[{"href":"https:\/\/graziamagazine.com\/mx\/wp-json\/wp\/v2\/articles\/125862"}],"collection":[{"href":"https:\/\/graziamagazine.com\/mx\/wp-json\/wp\/v2\/articles"}],"about":[{"href":"https:\/\/graziamagazine.com\/mx\/wp-json\/wp\/v2\/types\/articles"}],"author":[{"embeddable":true,"href":"https:\/\/graziamagazine.com\/mx\/wp-json\/wp\/v2\/users\/36289"}],"wp:featuredmedia":[{"embeddable":true,"href":"https:\/\/graziamagazine.com\/mx\/wp-json\/wp\/v2\/media\/125863"}],"wp:attachment":[{"href":"https:\/\/graziamagazine.com\/mx\/wp-json\/wp\/v2\/media?parent=125862"}],"wp:term":[{"taxonomy":"category","embeddable":true,"href":"https:\/\/graziamagazine.com\/mx\/wp-json\/wp\/v2\/categories?post=125862"}],"curies":[{"name":"wp","href":"https:\/\/api.w.org\/{rel}","templated":true}]}}