{"id":125855,"date":"2023-06-01T11:00:16","date_gmt":"2023-06-01T16:00:16","guid":{"rendered":"https:\/\/graziamagazine.com\/mx\/?post_type=articles&#038;p=125855"},"modified":"2023-06-01T11:02:45","modified_gmt":"2023-06-01T16:02:45","slug":"ryan-gosling-habla-sobre-su-personaje-de-ken-en-barbie","status":"publish","type":"articles","link":"https:\/\/graziamagazine.com\/mx\/articles\/ryan-gosling-habla-sobre-su-personaje-de-ken-en-barbie\/","title":{"rendered":"Ryan Gosling habla sobre su personaje de Ken, en \u2018Barbie\u2019"},"content":{"rendered":"<p><span style=\"font-weight: 400\">Todos los reflectores est\u00e1n puestos en el personaje principal de la pel\u00edcula <em><strong>Barbie,<\/strong><\/em> la ic\u00f3nica mu\u00f1eca. <strong>Margot Robbie<\/strong>, vestida de rosa y en tacones, luce espectacular en su rol de Barbie, acaparando todas las miradas. Pero Ken, su fiel compa\u00f1ero, tambi\u00e9n est\u00e1 ah\u00ed junto a ella interpretado por <strong>Ryan Gosling.<\/strong><\/span><\/p>\n<p><span style=\"font-weight: 400\">En una entrevista reciente con la revista <\/span><i><span style=\"font-weight: 400\">GQ<\/span><\/i><span style=\"font-weight: 400\">, el actor coment\u00f3 sobre la importancia de su personaje en esta cinta dirigida por <strong>Greta Gerwig,<\/strong> y se sincer\u00f3 con mucho humor sobre sus sentimientos relacionados con Ken: \u201cSi la gente no quiere jugar con mi Ken, hay muchos otros con los que pueden hacerlo\u201d.\u00a0<\/span><\/p>\n<p><span style=\"font-weight: 400\">\u201cNo nos hemos preocupado por Ken todo este tiempo. Nunca les import\u00f3. Barbie nunca se ri\u00f3 con Ken. Por lo tanto, la hipocres\u00eda de todos est\u00e1 expuesta; por eso hay que contar su historia\u201d, a\u00f1adi\u00f3 Ryan, de origen canadiense.<\/span><\/p>\n<p><span style=\"font-weight: 400\">\u201cHay algo en este Ken que realmente, creo, se relaciona con esa versi\u00f3n de m\u00ed mismo. Como, el tipo que se estaba poniendo los pantalones Hammer y bailando en el centro comercial y oliendo a copete con laca de Aqua Net. Le debo mucho a ese ni\u00f1o. Siento que fui muy r\u00e1pido al distanciarme de \u00e9l cuando empec\u00e9 a hacer pel\u00edculas m\u00e1s serias. Pero la realidad es que, como, \u00e9l es la raz\u00f3n por la que tengo todo lo que tengo\u201d, dijo el actor sobre la pel\u00edcula que se estrena el pr\u00f3ximo 21 de julio.\u00a0<\/span><\/p>\n<p><span style=\"font-weight: 400\">Adem\u00e1s de Ryan Gosling y Margot Robbie, el resto del elenco lo completan <strong>Dua Lipa, Will Ferrell, Emma Mackey, Issa Rae, Hari Nef, Alexandra Shipp, Simu Liu, Scott Evans, Ncuti Gatwa, Connor Swindells, Nicola Coughlan, Emerald Fennell, Kate McKinnon, Michael Cera, America Ferrera, Kingsley Ben-Adir, Rhea Perlman, Sharon Rooney, Ana Cruz Kayne, Ritu Arya y Jamie Demetriou.<\/strong><\/span><\/p>\n","protected":false},"author":11628,"featured_media":125856,"template":"","format":"standard","categories":[2,12832],"acf":[],"yoast_head":"<!-- This site is optimized with the Yoast SEO Premium plugin v18.5 (Yoast SEO v20.4) - https:\/\/yoast.com\/wordpress\/plugins\/seo\/ -->\n<title>Ryan Gosling habla sobre su personaje de Ken, en \u2018Barbie\u2019 | Grazia M\u00e9xico y Latinoam\u00e9rica<\/title>\n<meta name=\"description\" content=\"Todos los reflectores est\u00e1n puestos en el personaje principal de la pel\u00edcula Barbie, la ic\u00f3nica mu\u00f1eca. Margot Robbie, vestida de rosa y en tacones, luce\" \/>\n<meta name=\"robots\" content=\"index, follow, max-snippet:-1, max-image-preview:large, max-video-preview:-1\" \/>\n<link rel=\"canonical\" href=\"https:\/\/graziamagazine.com\/mx\/articles\/ryan-gosling-habla-sobre-su-personaje-de-ken-en-barbie\/\" \/>\n<meta property=\"og:locale\" content=\"es_MX\" \/>\n<meta property=\"og:type\" content=\"article\" \/>\n<meta property=\"og:title\" content=\"Ryan Gosling habla sobre su personaje de Ken, en \u2018Barbie\u2019\" \/>\n<meta property=\"og:description\" content=\"Todos los reflectores est\u00e1n puestos en el personaje principal de la pel\u00edcula Barbie, la ic\u00f3nica mu\u00f1eca. Margot Robbie, vestida de rosa y en tacones, luce\" \/>\n<meta property=\"og:url\" content=\"https:\/\/graziamagazine.com\/mx\/articles\/ryan-gosling-habla-sobre-su-personaje-de-ken-en-barbie\/\" \/>\n<meta property=\"og:site_name\" content=\"Grazia M\u00e9xico y Latinoam\u00e9rica\" \/>\n<meta property=\"article:modified_time\" content=\"2023-06-01T16:02:45+00:00\" \/>\n<meta property=\"og:image\" content=\"https:\/\/graziamagazine.com\/mx\/wp-content\/uploads\/sites\/13\/2023\/06\/Captura-de-Pantalla-2023-06-01-a-las-8.48.33.png\" \/>\n\t<meta property=\"og:image:width\" content=\"813\" \/>\n\t<meta property=\"og:image:height\" content=\"521\" \/>\n\t<meta property=\"og:image:type\" content=\"image\/png\" \/>\n<meta name=\"twitter:card\" content=\"summary_large_image\" \/>\n<meta name=\"twitter:label1\" content=\"Est. reading time\" \/>\n\t<meta name=\"twitter:data1\" content=\"2 minutos\" \/>\n<script type=\"application\/ld+json\" class=\"yoast-schema-graph\">{\"@context\":\"https:\/\/schema.org\",\"@graph\":[{\"@type\":\"WebPage\",\"@id\":\"https:\/\/graziamagazine.com\/mx\/articles\/ryan-gosling-habla-sobre-su-personaje-de-ken-en-barbie\/\",\"url\":\"https:\/\/graziamagazine.com\/mx\/articles\/ryan-gosling-habla-sobre-su-personaje-de-ken-en-barbie\/\",\"name\":\"Ryan Gosling habla sobre su personaje de Ken, en \u2018Barbie\u2019 | Grazia M\u00e9xico y Latinoam\u00e9rica\",\"isPartOf\":{\"@id\":\"https:\/\/graziamagazine.com\/mx\/#website\"},\"datePublished\":\"2023-06-01T16:00:16+00:00\",\"dateModified\":\"2023-06-01T16:02:45+00:00\",\"description\":\"Todos los reflectores est\u00e1n puestos en el personaje principal de la pel\u00edcula Barbie, la ic\u00f3nica mu\u00f1eca. Margot Robbie, vestida de rosa y en tacones, luce\",\"breadcrumb\":{\"@id\":\"https:\/\/graziamagazine.com\/mx\/articles\/ryan-gosling-habla-sobre-su-personaje-de-ken-en-barbie\/#breadcrumb\"},\"inLanguage\":\"es-MX\",\"potentialAction\":[{\"@type\":\"ReadAction\",\"target\":[\"https:\/\/graziamagazine.com\/mx\/articles\/ryan-gosling-habla-sobre-su-personaje-de-ken-en-barbie\/\"]}]},{\"@type\":\"BreadcrumbList\",\"@id\":\"https:\/\/graziamagazine.com\/mx\/articles\/ryan-gosling-habla-sobre-su-personaje-de-ken-en-barbie\/#breadcrumb\",\"itemListElement\":[{\"@type\":\"ListItem\",\"position\":1,\"name\":\"Home\",\"item\":\"https:\/\/graziamagazine.com\/mx\/\"},{\"@type\":\"ListItem\",\"position\":2,\"name\":\"Ryan Gosling habla sobre su personaje de Ken, en \u2018Barbie\u2019\"}]},{\"@type\":\"WebSite\",\"@id\":\"https:\/\/graziamagazine.com\/mx\/#website\",\"url\":\"https:\/\/graziamagazine.com\/mx\/\",\"name\":\"Grazia M\u00e9xico y Latinoam\u00e9rica\",\"description\":\"Grazia es moda, belleza y noticias  de actualidad \",\"potentialAction\":[{\"@type\":\"SearchAction\",\"target\":{\"@type\":\"EntryPoint\",\"urlTemplate\":\"https:\/\/graziamagazine.com\/mx\/?s={search_term_string}\"},\"query-input\":\"required name=search_term_string\"}],\"inLanguage\":\"es-MX\"}]}<\/script>\n<!-- \/ Yoast SEO Premium plugin. -->","yoast_head_json":{"title":"Ryan Gosling habla sobre su personaje de Ken, en \u2018Barbie\u2019 | Grazia M\u00e9xico y Latinoam\u00e9rica","description":"Todos los reflectores est\u00e1n puestos en el personaje principal de la pel\u00edcula Barbie, la ic\u00f3nica mu\u00f1eca. Margot Robbie, vestida de rosa y en tacones, luce","robots":{"index":"index","follow":"follow","max-snippet":"max-snippet:-1","max-image-preview":"max-image-preview:large","max-video-preview":"max-video-preview:-1"},"canonical":"https:\/\/graziamagazine.com\/mx\/articles\/ryan-gosling-habla-sobre-su-personaje-de-ken-en-barbie\/","og_locale":"es_MX","og_type":"article","og_title":"Ryan Gosling habla sobre su personaje de Ken, en \u2018Barbie\u2019","og_description":"Todos los reflectores est\u00e1n puestos en el personaje principal de la pel\u00edcula Barbie, la ic\u00f3nica mu\u00f1eca. Margot Robbie, vestida de rosa y en tacones, luce","og_url":"https:\/\/graziamagazine.com\/mx\/articles\/ryan-gosling-habla-sobre-su-personaje-de-ken-en-barbie\/","og_site_name":"Grazia M\u00e9xico y Latinoam\u00e9rica","article_modified_time":"2023-06-01T16:02:45+00:00","og_image":[{"width":813,"height":521,"url":"https:\/\/graziamagazine.com\/mx\/wp-content\/uploads\/sites\/13\/2023\/06\/Captura-de-Pantalla-2023-06-01-a-las-8.48.33.png","type":"image\/png"}],"twitter_card":"summary_large_image","twitter_misc":{"Est. reading time":"2 minutos"},"schema":{"@context":"https:\/\/schema.org","@graph":[{"@type":"WebPage","@id":"https:\/\/graziamagazine.com\/mx\/articles\/ryan-gosling-habla-sobre-su-personaje-de-ken-en-barbie\/","url":"https:\/\/graziamagazine.com\/mx\/articles\/ryan-gosling-habla-sobre-su-personaje-de-ken-en-barbie\/","name":"Ryan Gosling habla sobre su personaje de Ken, en \u2018Barbie\u2019 | Grazia M\u00e9xico y Latinoam\u00e9rica","isPartOf":{"@id":"https:\/\/graziamagazine.com\/mx\/#website"},"datePublished":"2023-06-01T16:00:16+00:00","dateModified":"2023-06-01T16:02:45+00:00","description":"Todos los reflectores est\u00e1n puestos en el personaje principal de la pel\u00edcula Barbie, la ic\u00f3nica mu\u00f1eca. Margot Robbie, vestida de rosa y en tacones, luce","breadcrumb":{"@id":"https:\/\/graziamagazine.com\/mx\/articles\/ryan-gosling-habla-sobre-su-personaje-de-ken-en-barbie\/#breadcrumb"},"inLanguage":"es-MX","potentialAction":[{"@type":"ReadAction","target":["https:\/\/graziamagazine.com\/mx\/articles\/ryan-gosling-habla-sobre-su-personaje-de-ken-en-barbie\/"]}]},{"@type":"BreadcrumbList","@id":"https:\/\/graziamagazine.com\/mx\/articles\/ryan-gosling-habla-sobre-su-personaje-de-ken-en-barbie\/#breadcrumb","itemListElement":[{"@type":"ListItem","position":1,"name":"Home","item":"https:\/\/graziamagazine.com\/mx\/"},{"@type":"ListItem","position":2,"name":"Ryan Gosling habla sobre su personaje de Ken, en \u2018Barbie\u2019"}]},{"@type":"WebSite","@id":"https:\/\/graziamagazine.com\/mx\/#website","url":"https:\/\/graziamagazine.com\/mx\/","name":"Grazia M\u00e9xico y Latinoam\u00e9rica","description":"Grazia es moda, belleza y noticias  de actualidad ","potentialAction":[{"@type":"SearchAction","target":{"@type":"EntryPoint","urlTemplate":"https:\/\/graziamagazine.com\/mx\/?s={search_term_string}"},"query-input":"required name=search_term_string"}],"inLanguage":"es-MX"}]}},"jetpack_sharing_enabled":true,"distributor_meta":false,"distributor_terms":false,"distributor_media":false,"distributor_original_site_name":"Grazia M\u00e9xico y Latinoam\u00e9rica","distributor_original_site_url":"https:\/\/graziamagazine.com\/mx","push-errors":false,"_links":{"self":[{"href":"https:\/\/graziamagazine.com\/mx\/wp-json\/wp\/v2\/articles\/125855"}],"collection":[{"href":"https:\/\/graziamagazine.com\/mx\/wp-json\/wp\/v2\/articles"}],"about":[{"href":"https:\/\/graziamagazine.com\/mx\/wp-json\/wp\/v2\/types\/articles"}],"author":[{"embeddable":true,"href":"https:\/\/graziamagazine.com\/mx\/wp-json\/wp\/v2\/users\/11628"}],"wp:featuredmedia":[{"embeddable":true,"href":"https:\/\/graziamagazine.com\/mx\/wp-json\/wp\/v2\/media\/125856"}],"wp:attachment":[{"href":"https:\/\/graziamagazine.com\/mx\/wp-json\/wp\/v2\/media?parent=125855"}],"wp:term":[{"taxonomy":"category","embeddable":true,"href":"https:\/\/graziamagazine.com\/mx\/wp-json\/wp\/v2\/categories?post=125855"}],"curies":[{"name":"wp","href":"https:\/\/api.w.org\/{rel}","templated":true}]}}