{"id":125846,"date":"2023-05-31T18:15:44","date_gmt":"2023-05-31T23:15:44","guid":{"rendered":"https:\/\/graziamagazine.com\/mx\/?post_type=articles&#038;p=125846"},"modified":"2023-06-01T11:33:02","modified_gmt":"2023-06-01T16:33:02","slug":"metiers-dart-chanel-presenta-su-nueva-coleccion-en-tokio","status":"publish","type":"articles","link":"https:\/\/graziamagazine.com\/mx\/articles\/metiers-dart-chanel-presenta-su-nueva-coleccion-en-tokio\/","title":{"rendered":"M\u00e9tiers d\u2019Art: Chanel presenta su nueva colecci\u00f3n en Tokio"},"content":{"rendered":"<div dir=\"ltr\">\n<div lang=\"EN-US\">\n<p style=\"text-align: left\" align=\"center\">Este primero de junio de 2023, la firma francesa Chanel presentar\u00e1 su nueva colecci\u00f3n<strong> M\u00e9tiers d&#8217;art 2022\/23<\/strong> imaginada por Virginie Viard.<\/p>\n<p style=\"text-align: left\" align=\"center\">Con sede en Tokio-Jap\u00f3n <strong>Chanel presenta ahora un quinto episodio in\u00e9dito<\/strong>\u00a0<strong>producido por alumnos<\/strong>, el teaser presenta a la actriz y embajadora de la firma francesa,\u00a0<strong>Nana Komatsu mientras viaja de Dakar a Tokio.<\/strong><\/p>\n<p><iframe loading=\"lazy\" title=\"Stop-over in Tokyo for the CHANEL 2022\/23 M\u00e9tiers d\u2019art collection \u2014 CHANEL Shows\" width=\"500\" height=\"281\" src=\"https:\/\/www.youtube.com\/embed\/iDVQ6ZBojEU?feature=oembed\" frameborder=\"0\" allow=\"accelerometer; autoplay; clipboard-write; encrypted-media; gyroscope; picture-in-picture; web-share\" allowfullscreen><\/iframe><\/p>\n<p style=\"text-align: left\" align=\"center\">M\u00e9tiers d&#8217;Art fue una apuesta que inici\u00f3\u00a0<strong>Karl Lagerfeld<\/strong>\u00a0y que en la actualidad sigue ensalzando Virginie Viard, que este a\u00f1o ha confiado en el cineasta Ladj Ly y los alumnos de la escuela Kourtrajm\u00e9 de Montfermeil y Dakar para producir una serie documental sobre la muestra Chanel 2022\/23 M\u00e9tiers d&#8217;Art.<\/p>\n<p>El viaje inicia por <strong>tres capitales culturales y art\u00edsticas comenzando\u00a0<\/strong>en Par\u00eds, continuando con la m\u00e1gica energ\u00eda de Dakar. El show finaliza entre el emblem\u00e1tico<strong> Tokyo Skytree <\/strong>y el frenes\u00ed del distrito de Shibuya. La embajadora reaparece con una chaqueta de Tweed bordada,\u00a0<strong>como una invitaci\u00f3n a descubrir el desfile.<\/strong><\/p>\n<figure id=\"attachment_125847\" aria-describedby=\"caption-attachment-125847\" style=\"width: 1024px\" class=\"wp-caption alignnone\"><img loading=\"lazy\" decoding=\"async\" class=\"size-large wp-image-125847\" src=\"https:\/\/graziamagazine.com\/mx\/wp-content\/uploads\/sites\/13\/2023\/05\/chanel_2022-23-metiers-dart-show-in-tokyo-HD.jpg?w=1024\" alt=\"M\u00e9tiers d\u2019Art: Chanel presenta su nueva colecci\u00f3n en Tokio\" width=\"1024\" height=\"1024\" \/><figcaption id=\"caption-attachment-125847\" class=\"wp-caption-text\">M\u00e9tiers d\u2019Art: Chanel presenta su nueva colecci\u00f3n en Tokio<\/figcaption><\/figure>\n<p style=\"text-align: left\" align=\"center\">Como resultado del encuentro entre Virginie Viard, el director Ladj Ly y alumnos de la Escuela Kourtrajm\u00e9, el documental se encuentra compuesto por cuatro videos filmados en Dakar, el Estudio de Creaci\u00f3n de CHANEL en la rue Cambon y los talleres de las Maisons d&#8217;art en le19M en Par\u00eds, se dio a conocer en el momento del espect\u00e1culo el pasado mes de diciembre.<\/p>\n<p style=\"text-align: left\" align=\"center\"><em><strong>*IMAGEN: Cortes\u00eda Chanel<\/strong><\/em><\/p>\n<p style=\"text-align: left\" align=\"center\">\n<\/div>\n<\/div>\n","protected":false},"author":28953,"featured_media":125848,"template":"","format":"standard","categories":[4],"acf":[],"yoast_head":"<!-- This site is optimized with the Yoast SEO Premium plugin v18.5 (Yoast SEO v20.4) - https:\/\/yoast.com\/wordpress\/plugins\/seo\/ -->\n<title>M\u00e9tiers d\u2019Art: Chanel presenta su nueva colecci\u00f3n en Tokio<\/title>\n<meta name=\"description\" content=\"La casa francesa presenta un nuevo cap\u00edtulo con su colecci\u00f3n M\u00e9tiers d\u2019Art 2022\/2023 con sede en Tokyo Skytree\" \/>\n<meta name=\"robots\" content=\"index, follow, max-snippet:-1, max-image-preview:large, max-video-preview:-1\" \/>\n<link rel=\"canonical\" href=\"https:\/\/graziamagazine.com\/mx\/articles\/metiers-dart-chanel-presenta-su-nueva-coleccion-en-tokio\/\" \/>\n<meta property=\"og:locale\" content=\"es_MX\" \/>\n<meta property=\"og:type\" content=\"article\" \/>\n<meta property=\"og:title\" content=\"M\u00e9tiers d\u2019Art: Chanel presenta su nueva colecci\u00f3n en Tokio\" \/>\n<meta property=\"og:description\" content=\"La casa francesa presenta un nuevo cap\u00edtulo con su colecci\u00f3n M\u00e9tiers d\u2019Art 2022\/2023 con sede en Tokyo Skytree\" \/>\n<meta property=\"og:url\" content=\"https:\/\/graziamagazine.com\/mx\/articles\/metiers-dart-chanel-presenta-su-nueva-coleccion-en-tokio\/\" \/>\n<meta property=\"og:site_name\" content=\"Grazia M\u00e9xico y Latinoam\u00e9rica\" \/>\n<meta property=\"article:modified_time\" content=\"2023-06-01T16:33:02+00:00\" \/>\n<meta property=\"og:image\" content=\"https:\/\/graziamagazine.com\/mx\/wp-content\/uploads\/sites\/13\/2023\/05\/Captura-de-Pantalla-2023-05-31-a-las-17.37.19.png\" \/>\n\t<meta property=\"og:image:width\" content=\"1024\" \/>\n\t<meta property=\"og:image:height\" content=\"571\" \/>\n\t<meta property=\"og:image:type\" content=\"image\/png\" \/>\n<meta name=\"twitter:card\" content=\"summary_large_image\" \/>\n<meta name=\"twitter:label1\" content=\"Est. reading time\" \/>\n\t<meta name=\"twitter:data1\" content=\"2 minutos\" \/>\n<script type=\"application\/ld+json\" class=\"yoast-schema-graph\">{\"@context\":\"https:\/\/schema.org\",\"@graph\":[{\"@type\":\"WebPage\",\"@id\":\"https:\/\/graziamagazine.com\/mx\/articles\/metiers-dart-chanel-presenta-su-nueva-coleccion-en-tokio\/\",\"url\":\"https:\/\/graziamagazine.com\/mx\/articles\/metiers-dart-chanel-presenta-su-nueva-coleccion-en-tokio\/\",\"name\":\"M\u00e9tiers d\u2019Art: Chanel presenta su nueva colecci\u00f3n en Tokio\",\"isPartOf\":{\"@id\":\"https:\/\/graziamagazine.com\/mx\/#website\"},\"datePublished\":\"2023-05-31T23:15:44+00:00\",\"dateModified\":\"2023-06-01T16:33:02+00:00\",\"description\":\"La casa francesa presenta un nuevo cap\u00edtulo con su colecci\u00f3n M\u00e9tiers d\u2019Art 2022\/2023 con sede en Tokyo Skytree\",\"breadcrumb\":{\"@id\":\"https:\/\/graziamagazine.com\/mx\/articles\/metiers-dart-chanel-presenta-su-nueva-coleccion-en-tokio\/#breadcrumb\"},\"inLanguage\":\"es-MX\",\"potentialAction\":[{\"@type\":\"ReadAction\",\"target\":[\"https:\/\/graziamagazine.com\/mx\/articles\/metiers-dart-chanel-presenta-su-nueva-coleccion-en-tokio\/\"]}]},{\"@type\":\"BreadcrumbList\",\"@id\":\"https:\/\/graziamagazine.com\/mx\/articles\/metiers-dart-chanel-presenta-su-nueva-coleccion-en-tokio\/#breadcrumb\",\"itemListElement\":[{\"@type\":\"ListItem\",\"position\":1,\"name\":\"Home\",\"item\":\"https:\/\/graziamagazine.com\/mx\/\"},{\"@type\":\"ListItem\",\"position\":2,\"name\":\"M\u00e9tiers d\u2019Art: Chanel presenta su nueva colecci\u00f3n en Tokio\"}]},{\"@type\":\"WebSite\",\"@id\":\"https:\/\/graziamagazine.com\/mx\/#website\",\"url\":\"https:\/\/graziamagazine.com\/mx\/\",\"name\":\"Grazia M\u00e9xico y Latinoam\u00e9rica\",\"description\":\"Grazia es moda, belleza y noticias  de actualidad \",\"potentialAction\":[{\"@type\":\"SearchAction\",\"target\":{\"@type\":\"EntryPoint\",\"urlTemplate\":\"https:\/\/graziamagazine.com\/mx\/?s={search_term_string}\"},\"query-input\":\"required name=search_term_string\"}],\"inLanguage\":\"es-MX\"}]}<\/script>\n<!-- \/ Yoast SEO Premium plugin. -->","yoast_head_json":{"title":"M\u00e9tiers d\u2019Art: Chanel presenta su nueva colecci\u00f3n en Tokio","description":"La casa francesa presenta un nuevo cap\u00edtulo con su colecci\u00f3n M\u00e9tiers d\u2019Art 2022\/2023 con sede en Tokyo Skytree","robots":{"index":"index","follow":"follow","max-snippet":"max-snippet:-1","max-image-preview":"max-image-preview:large","max-video-preview":"max-video-preview:-1"},"canonical":"https:\/\/graziamagazine.com\/mx\/articles\/metiers-dart-chanel-presenta-su-nueva-coleccion-en-tokio\/","og_locale":"es_MX","og_type":"article","og_title":"M\u00e9tiers d\u2019Art: Chanel presenta su nueva colecci\u00f3n en Tokio","og_description":"La casa francesa presenta un nuevo cap\u00edtulo con su colecci\u00f3n M\u00e9tiers d\u2019Art 2022\/2023 con sede en Tokyo Skytree","og_url":"https:\/\/graziamagazine.com\/mx\/articles\/metiers-dart-chanel-presenta-su-nueva-coleccion-en-tokio\/","og_site_name":"Grazia M\u00e9xico y Latinoam\u00e9rica","article_modified_time":"2023-06-01T16:33:02+00:00","og_image":[{"url":"https:\/\/graziamagazine.com\/mx\/wp-content\/uploads\/sites\/13\/2023\/05\/Captura-de-Pantalla-2023-05-31-a-las-17.37.19.png","width":1024,"height":571,"type":"image\/png"}],"twitter_card":"summary_large_image","twitter_misc":{"Est. reading time":"2 minutos"},"schema":{"@context":"https:\/\/schema.org","@graph":[{"@type":"WebPage","@id":"https:\/\/graziamagazine.com\/mx\/articles\/metiers-dart-chanel-presenta-su-nueva-coleccion-en-tokio\/","url":"https:\/\/graziamagazine.com\/mx\/articles\/metiers-dart-chanel-presenta-su-nueva-coleccion-en-tokio\/","name":"M\u00e9tiers d\u2019Art: Chanel presenta su nueva colecci\u00f3n en Tokio","isPartOf":{"@id":"https:\/\/graziamagazine.com\/mx\/#website"},"datePublished":"2023-05-31T23:15:44+00:00","dateModified":"2023-06-01T16:33:02+00:00","description":"La casa francesa presenta un nuevo cap\u00edtulo con su colecci\u00f3n M\u00e9tiers d\u2019Art 2022\/2023 con sede en Tokyo Skytree","breadcrumb":{"@id":"https:\/\/graziamagazine.com\/mx\/articles\/metiers-dart-chanel-presenta-su-nueva-coleccion-en-tokio\/#breadcrumb"},"inLanguage":"es-MX","potentialAction":[{"@type":"ReadAction","target":["https:\/\/graziamagazine.com\/mx\/articles\/metiers-dart-chanel-presenta-su-nueva-coleccion-en-tokio\/"]}]},{"@type":"BreadcrumbList","@id":"https:\/\/graziamagazine.com\/mx\/articles\/metiers-dart-chanel-presenta-su-nueva-coleccion-en-tokio\/#breadcrumb","itemListElement":[{"@type":"ListItem","position":1,"name":"Home","item":"https:\/\/graziamagazine.com\/mx\/"},{"@type":"ListItem","position":2,"name":"M\u00e9tiers d\u2019Art: Chanel presenta su nueva colecci\u00f3n en Tokio"}]},{"@type":"WebSite","@id":"https:\/\/graziamagazine.com\/mx\/#website","url":"https:\/\/graziamagazine.com\/mx\/","name":"Grazia M\u00e9xico y Latinoam\u00e9rica","description":"Grazia es moda, belleza y noticias  de actualidad ","potentialAction":[{"@type":"SearchAction","target":{"@type":"EntryPoint","urlTemplate":"https:\/\/graziamagazine.com\/mx\/?s={search_term_string}"},"query-input":"required name=search_term_string"}],"inLanguage":"es-MX"}]}},"jetpack_sharing_enabled":true,"distributor_meta":false,"distributor_terms":false,"distributor_media":false,"distributor_original_site_name":"Grazia M\u00e9xico y Latinoam\u00e9rica","distributor_original_site_url":"https:\/\/graziamagazine.com\/mx","push-errors":false,"_links":{"self":[{"href":"https:\/\/graziamagazine.com\/mx\/wp-json\/wp\/v2\/articles\/125846"}],"collection":[{"href":"https:\/\/graziamagazine.com\/mx\/wp-json\/wp\/v2\/articles"}],"about":[{"href":"https:\/\/graziamagazine.com\/mx\/wp-json\/wp\/v2\/types\/articles"}],"author":[{"embeddable":true,"href":"https:\/\/graziamagazine.com\/mx\/wp-json\/wp\/v2\/users\/28953"}],"wp:featuredmedia":[{"embeddable":true,"href":"https:\/\/graziamagazine.com\/mx\/wp-json\/wp\/v2\/media\/125848"}],"wp:attachment":[{"href":"https:\/\/graziamagazine.com\/mx\/wp-json\/wp\/v2\/media?parent=125846"}],"wp:term":[{"taxonomy":"category","embeddable":true,"href":"https:\/\/graziamagazine.com\/mx\/wp-json\/wp\/v2\/categories?post=125846"}],"curies":[{"name":"wp","href":"https:\/\/api.w.org\/{rel}","templated":true}]}}