{"id":125300,"date":"2023-05-17T22:50:44","date_gmt":"2023-05-18T03:50:44","guid":{"rendered":"https:\/\/graziamagazine.com\/mx\/?post_type=articles&#038;p=125300"},"modified":"2023-05-17T22:53:34","modified_gmt":"2023-05-18T03:53:34","slug":"johnny-depp-regresa-al-festival-de-cannes-despues-del-juicio-contra-su-ex-esposa-amber-heard","status":"publish","type":"articles","link":"https:\/\/graziamagazine.com\/mx\/articles\/johnny-depp-regresa-al-festival-de-cannes-despues-del-juicio-contra-su-ex-esposa-amber-heard\/","title":{"rendered":"Johnny Depp regresa al Festival de Cannes despu\u00e9s del juicio contra su ex esposa, Amber Heard"},"content":{"rendered":"<p><span style=\"font-weight: 400\">Johnny Depp hizo su primera aparici\u00f3n p\u00fablica desde su juicio por difamaci\u00f3n contra su ex esposa Amber Heard, en el Festival de Cine de Cannes 2023, donde su participaci\u00f3n en como Jeanne du Barry en este drama hist\u00f3rico, abri\u00f3 el festival.<\/span><\/p>\n<p><span style=\"font-weight: 400\">El actor fue recibido en la alfombra roja mientras algunos fan\u00e1ticos estallaban en aplausos, l\u00e1grimas y gritos, con la esperanza de obtener su aut\u00f3grafo y posar juntos para las fotos. Los letreros de &#8220;Amamos a Johnny&#8221; y &#8220;Felicidades Johnny&#8221; se pod\u00edan ver entre la multitud.<\/span><\/p>\n<p><span style=\"font-weight: 400\">El romance hist\u00f3rico de Ma\u00efwenn Le Besco, conocido bajo el nombre mon\u00f3nimo de Ma\u00efwenn, est\u00e1 protagonizado por Depp como Luis XV y marca el primer papel protag\u00f3nico del actor luego de sus continuas batallas legales personales.\u00a0<\/span><\/p>\n<p><span style=\"font-weight: 400\">Justamente en el verano pasado, Depp gan\u00f3 su demanda por difamaci\u00f3n contra Amber despu\u00e9s de que un jurado decidi\u00f3 que Heard difam\u00f3 intencional y maliciosamente al actor.<\/span><\/p>\n<p><img loading=\"lazy\" decoding=\"async\" class=\"alignnone size-medium wp-image-2274\" src=\"https:\/\/graziamagazine.com\/mx\/wp-content\/uploads\/sites\/13\/2016\/05\/Hot-Johnny-Depp-Amber-Heard-Pictures.jpg?w=450\" alt=\"\" width=\"450\" height=\"300\" srcset=\"https:\/\/graziamagazine.com\/mx\/wp-content\/uploads\/sites\/13\/2016\/05\/Hot-Johnny-Depp-Amber-Heard-Pictures.jpg 1024w, https:\/\/graziamagazine.com\/mx\/wp-content\/uploads\/sites\/13\/2016\/05\/Hot-Johnny-Depp-Amber-Heard-Pictures.jpg?resize=450,300 450w, https:\/\/graziamagazine.com\/mx\/wp-content\/uploads\/sites\/13\/2016\/05\/Hot-Johnny-Depp-Amber-Heard-Pictures.jpg?resize=768,512 768w, https:\/\/graziamagazine.com\/mx\/wp-content\/uploads\/sites\/13\/2016\/05\/Hot-Johnny-Depp-Amber-Heard-Pictures.jpg?resize=155,103 155w\" sizes=\"(max-width: 450px) 100vw, 450px\" \/><\/p>\n<p><span style=\"font-weight: 400\">Sin embargo, en medio de este recibimiento en la alfombra roja, los seguidores de Amber Heard lanzaron un movimiento en redes sociales con el hashtag #CannesYouNot y criticaron el festival por &#8220;celebrar a los abusadores durante 76 a\u00f1os&#8221;.<\/span><\/p>\n<p><span style=\"font-weight: 400\">De hecho, la actriz francesa Ad\u00e8le Haenel tambi\u00e9n acus\u00f3 a Cannes y a la industria cinematogr\u00e1fica francesa de &#8220;complacencia hacia los agresores sexuales&#8221;, citando a los controvertidos cineastas Roman Polanski y Christophe Ruggia, a quien Haenel acus\u00f3 de acoso sexual.<\/span><\/p>\n<p><span style=\"font-weight: 400\">El director del festival, Thierry Fremaux, desestim\u00f3 la reacci\u00f3n durante una conferencia de prensa, calificando de &#8220;falsos&#8221; los comentarios &#8220;radicales&#8221; de Haenel y defendiendo la inclusi\u00f3n de Depp. &#8220;No conozco la imagen de Johnny Depp en Estados Unidos&#8221;, dijo Fremaux. &#8220;A decir verdad, en mi vida, solo tengo una regla, es la libertad de pensar, y la libertad de expresi\u00f3n y acci\u00f3n dentro de un marco legal&#8221;.<\/span><\/p>\n","protected":false},"author":11628,"featured_media":125301,"template":"","format":"standard","categories":[2,12832],"acf":[],"yoast_head":"<!-- This site is optimized with the Yoast SEO Premium plugin v18.5 (Yoast SEO v20.4) - https:\/\/yoast.com\/wordpress\/plugins\/seo\/ -->\n<title>Johnny Depp regresa al Festival de Cannes despu\u00e9s del juicio contra su ex esposa, Amber Heard | Grazia M\u00e9xico y Latinoam\u00e9rica<\/title>\n<meta name=\"description\" content=\"Johnny Depp hizo su primera aparici\u00f3n p\u00fablica desde su juicio por difamaci\u00f3n contra su ex esposa Amber Heard, en el Festival de Cine de Cannes 2023, donde\" \/>\n<meta name=\"robots\" content=\"index, follow, max-snippet:-1, max-image-preview:large, max-video-preview:-1\" \/>\n<link rel=\"canonical\" href=\"https:\/\/graziamagazine.com\/mx\/articles\/johnny-depp-regresa-al-festival-de-cannes-despues-del-juicio-contra-su-ex-esposa-amber-heard\/\" \/>\n<meta property=\"og:locale\" content=\"es_MX\" \/>\n<meta property=\"og:type\" content=\"article\" \/>\n<meta property=\"og:title\" content=\"Johnny Depp regresa al Festival de Cannes despu\u00e9s del juicio contra su ex esposa, Amber Heard\" \/>\n<meta property=\"og:description\" content=\"Johnny Depp hizo su primera aparici\u00f3n p\u00fablica desde su juicio por difamaci\u00f3n contra su ex esposa Amber Heard, en el Festival de Cine de Cannes 2023, donde\" \/>\n<meta property=\"og:url\" content=\"https:\/\/graziamagazine.com\/mx\/articles\/johnny-depp-regresa-al-festival-de-cannes-despues-del-juicio-contra-su-ex-esposa-amber-heard\/\" \/>\n<meta property=\"og:site_name\" content=\"Grazia M\u00e9xico y Latinoam\u00e9rica\" \/>\n<meta property=\"article:modified_time\" content=\"2023-05-18T03:53:34+00:00\" \/>\n<meta property=\"og:image\" content=\"https:\/\/graziamagazine.com\/mx\/wp-content\/uploads\/sites\/13\/2023\/05\/Captura-de-Pantalla-2023-05-17-a-las-21.52.30.png\" \/>\n\t<meta property=\"og:image:width\" content=\"570\" \/>\n\t<meta property=\"og:image:height\" content=\"352\" \/>\n\t<meta property=\"og:image:type\" content=\"image\/png\" \/>\n<meta name=\"twitter:card\" content=\"summary_large_image\" \/>\n<meta name=\"twitter:label1\" content=\"Est. reading time\" \/>\n\t<meta name=\"twitter:data1\" content=\"2 minutos\" \/>\n<script type=\"application\/ld+json\" class=\"yoast-schema-graph\">{\"@context\":\"https:\/\/schema.org\",\"@graph\":[{\"@type\":\"WebPage\",\"@id\":\"https:\/\/graziamagazine.com\/mx\/articles\/johnny-depp-regresa-al-festival-de-cannes-despues-del-juicio-contra-su-ex-esposa-amber-heard\/\",\"url\":\"https:\/\/graziamagazine.com\/mx\/articles\/johnny-depp-regresa-al-festival-de-cannes-despues-del-juicio-contra-su-ex-esposa-amber-heard\/\",\"name\":\"Johnny Depp regresa al Festival de Cannes despu\u00e9s del juicio contra su ex esposa, Amber Heard | Grazia M\u00e9xico y Latinoam\u00e9rica\",\"isPartOf\":{\"@id\":\"https:\/\/graziamagazine.com\/mx\/#website\"},\"datePublished\":\"2023-05-18T03:50:44+00:00\",\"dateModified\":\"2023-05-18T03:53:34+00:00\",\"description\":\"Johnny Depp hizo su primera aparici\u00f3n p\u00fablica desde su juicio por difamaci\u00f3n contra su ex esposa Amber Heard, en el Festival de Cine de Cannes 2023, donde\",\"breadcrumb\":{\"@id\":\"https:\/\/graziamagazine.com\/mx\/articles\/johnny-depp-regresa-al-festival-de-cannes-despues-del-juicio-contra-su-ex-esposa-amber-heard\/#breadcrumb\"},\"inLanguage\":\"es-MX\",\"potentialAction\":[{\"@type\":\"ReadAction\",\"target\":[\"https:\/\/graziamagazine.com\/mx\/articles\/johnny-depp-regresa-al-festival-de-cannes-despues-del-juicio-contra-su-ex-esposa-amber-heard\/\"]}]},{\"@type\":\"BreadcrumbList\",\"@id\":\"https:\/\/graziamagazine.com\/mx\/articles\/johnny-depp-regresa-al-festival-de-cannes-despues-del-juicio-contra-su-ex-esposa-amber-heard\/#breadcrumb\",\"itemListElement\":[{\"@type\":\"ListItem\",\"position\":1,\"name\":\"Home\",\"item\":\"https:\/\/graziamagazine.com\/mx\/\"},{\"@type\":\"ListItem\",\"position\":2,\"name\":\"Johnny Depp regresa al Festival de Cannes despu\u00e9s del juicio contra su ex esposa, Amber Heard\"}]},{\"@type\":\"WebSite\",\"@id\":\"https:\/\/graziamagazine.com\/mx\/#website\",\"url\":\"https:\/\/graziamagazine.com\/mx\/\",\"name\":\"Grazia M\u00e9xico y Latinoam\u00e9rica\",\"description\":\"Grazia es moda, belleza y noticias  de actualidad \",\"potentialAction\":[{\"@type\":\"SearchAction\",\"target\":{\"@type\":\"EntryPoint\",\"urlTemplate\":\"https:\/\/graziamagazine.com\/mx\/?s={search_term_string}\"},\"query-input\":\"required name=search_term_string\"}],\"inLanguage\":\"es-MX\"}]}<\/script>\n<!-- \/ Yoast SEO Premium plugin. -->","yoast_head_json":{"title":"Johnny Depp regresa al Festival de Cannes despu\u00e9s del juicio contra su ex esposa, Amber Heard | Grazia M\u00e9xico y Latinoam\u00e9rica","description":"Johnny Depp hizo su primera aparici\u00f3n p\u00fablica desde su juicio por difamaci\u00f3n contra su ex esposa Amber Heard, en el Festival de Cine de Cannes 2023, donde","robots":{"index":"index","follow":"follow","max-snippet":"max-snippet:-1","max-image-preview":"max-image-preview:large","max-video-preview":"max-video-preview:-1"},"canonical":"https:\/\/graziamagazine.com\/mx\/articles\/johnny-depp-regresa-al-festival-de-cannes-despues-del-juicio-contra-su-ex-esposa-amber-heard\/","og_locale":"es_MX","og_type":"article","og_title":"Johnny Depp regresa al Festival de Cannes despu\u00e9s del juicio contra su ex esposa, Amber Heard","og_description":"Johnny Depp hizo su primera aparici\u00f3n p\u00fablica desde su juicio por difamaci\u00f3n contra su ex esposa Amber Heard, en el Festival de Cine de Cannes 2023, donde","og_url":"https:\/\/graziamagazine.com\/mx\/articles\/johnny-depp-regresa-al-festival-de-cannes-despues-del-juicio-contra-su-ex-esposa-amber-heard\/","og_site_name":"Grazia M\u00e9xico y Latinoam\u00e9rica","article_modified_time":"2023-05-18T03:53:34+00:00","og_image":[{"width":570,"height":352,"url":"https:\/\/graziamagazine.com\/mx\/wp-content\/uploads\/sites\/13\/2023\/05\/Captura-de-Pantalla-2023-05-17-a-las-21.52.30.png","type":"image\/png"}],"twitter_card":"summary_large_image","twitter_misc":{"Est. reading time":"2 minutos"},"schema":{"@context":"https:\/\/schema.org","@graph":[{"@type":"WebPage","@id":"https:\/\/graziamagazine.com\/mx\/articles\/johnny-depp-regresa-al-festival-de-cannes-despues-del-juicio-contra-su-ex-esposa-amber-heard\/","url":"https:\/\/graziamagazine.com\/mx\/articles\/johnny-depp-regresa-al-festival-de-cannes-despues-del-juicio-contra-su-ex-esposa-amber-heard\/","name":"Johnny Depp regresa al Festival de Cannes despu\u00e9s del juicio contra su ex esposa, Amber Heard | Grazia M\u00e9xico y Latinoam\u00e9rica","isPartOf":{"@id":"https:\/\/graziamagazine.com\/mx\/#website"},"datePublished":"2023-05-18T03:50:44+00:00","dateModified":"2023-05-18T03:53:34+00:00","description":"Johnny Depp hizo su primera aparici\u00f3n p\u00fablica desde su juicio por difamaci\u00f3n contra su ex esposa Amber Heard, en el Festival de Cine de Cannes 2023, donde","breadcrumb":{"@id":"https:\/\/graziamagazine.com\/mx\/articles\/johnny-depp-regresa-al-festival-de-cannes-despues-del-juicio-contra-su-ex-esposa-amber-heard\/#breadcrumb"},"inLanguage":"es-MX","potentialAction":[{"@type":"ReadAction","target":["https:\/\/graziamagazine.com\/mx\/articles\/johnny-depp-regresa-al-festival-de-cannes-despues-del-juicio-contra-su-ex-esposa-amber-heard\/"]}]},{"@type":"BreadcrumbList","@id":"https:\/\/graziamagazine.com\/mx\/articles\/johnny-depp-regresa-al-festival-de-cannes-despues-del-juicio-contra-su-ex-esposa-amber-heard\/#breadcrumb","itemListElement":[{"@type":"ListItem","position":1,"name":"Home","item":"https:\/\/graziamagazine.com\/mx\/"},{"@type":"ListItem","position":2,"name":"Johnny Depp regresa al Festival de Cannes despu\u00e9s del juicio contra su ex esposa, Amber Heard"}]},{"@type":"WebSite","@id":"https:\/\/graziamagazine.com\/mx\/#website","url":"https:\/\/graziamagazine.com\/mx\/","name":"Grazia M\u00e9xico y Latinoam\u00e9rica","description":"Grazia es moda, belleza y noticias  de actualidad ","potentialAction":[{"@type":"SearchAction","target":{"@type":"EntryPoint","urlTemplate":"https:\/\/graziamagazine.com\/mx\/?s={search_term_string}"},"query-input":"required name=search_term_string"}],"inLanguage":"es-MX"}]}},"jetpack_sharing_enabled":true,"distributor_meta":false,"distributor_terms":false,"distributor_media":false,"distributor_original_site_name":"Grazia M\u00e9xico y Latinoam\u00e9rica","distributor_original_site_url":"https:\/\/graziamagazine.com\/mx","push-errors":false,"_links":{"self":[{"href":"https:\/\/graziamagazine.com\/mx\/wp-json\/wp\/v2\/articles\/125300"}],"collection":[{"href":"https:\/\/graziamagazine.com\/mx\/wp-json\/wp\/v2\/articles"}],"about":[{"href":"https:\/\/graziamagazine.com\/mx\/wp-json\/wp\/v2\/types\/articles"}],"author":[{"embeddable":true,"href":"https:\/\/graziamagazine.com\/mx\/wp-json\/wp\/v2\/users\/11628"}],"wp:featuredmedia":[{"embeddable":true,"href":"https:\/\/graziamagazine.com\/mx\/wp-json\/wp\/v2\/media\/125301"}],"wp:attachment":[{"href":"https:\/\/graziamagazine.com\/mx\/wp-json\/wp\/v2\/media?parent=125300"}],"wp:term":[{"taxonomy":"category","embeddable":true,"href":"https:\/\/graziamagazine.com\/mx\/wp-json\/wp\/v2\/categories?post=125300"}],"curies":[{"name":"wp","href":"https:\/\/api.w.org\/{rel}","templated":true}]}}