{"id":125233,"date":"2023-05-16T18:11:22","date_gmt":"2023-05-16T23:11:22","guid":{"rendered":"https:\/\/graziamagazine.com\/mx\/?post_type=articles&#038;p=125233"},"modified":"2023-05-23T19:29:17","modified_gmt":"2023-05-24T00:29:17","slug":"los-mejores-looks-del-festival-de-cine-de-cannes-2023","status":"publish","type":"articles","link":"https:\/\/graziamagazine.com\/mx\/articles\/los-mejores-looks-del-festival-de-cine-de-cannes-2023\/","title":{"rendered":"Los mejores looks del Festival de Cine de Cannes 2023"},"content":{"rendered":"<p>Este martes 16 de mayo se ha dado inicio a uno de los festivales m\u00e1s importantes y significativos para el mundo del cine, el <strong>Festival de Cine de Cannes 2023.<\/strong><\/p>\n<p>La inauguraci\u00f3n\u00a0 de esta edici\u00f3n de Cannes nos deleita la vista con sus propuestas visuales y estilismos por parte de un sinf\u00edn de celebridades que caminan por la alfombra roja.<\/p>\n<p>Durante esta edici\u00f3n se han destacado nombres de leyendas del cine como <strong>Helen Mirren, Uma Thurman y Catherine Zeta-Jones<\/strong> por mencionar algunos. Adem\u00e1s de j\u00f3venes celebridades como <strong>Elle Fanning, Emilia Schule y Brie Larson.<\/strong><\/p>\n<h3 class=\"BaseWrap-sc-gjQpdd BaseText-ewhhUZ GallerySlideCaptionHed-fiZQOl iUEiRd knlBl grNYxq\"><span class=\"GallerySlideCaptionHedText-iqjOmM jwPuvZ\">Elle Fanning<\/span><\/h3>\n<figure id=\"attachment_125269\" aria-describedby=\"caption-attachment-125269\" style=\"width: 730px\" class=\"wp-caption alignnone\"><img loading=\"lazy\" decoding=\"async\" class=\"wp-image-125269 size-large\" src=\"https:\/\/graziamagazine.com\/mx\/wp-content\/uploads\/sites\/13\/2023\/05\/Captura-de-Pantalla-2023-05-17-a-las-12.27.42.png?w=730\" alt=\"Los mejores looks del Festival de Cine de Cannes 2023\" width=\"730\" height=\"1024\" \/><figcaption id=\"caption-attachment-125269\" class=\"wp-caption-text\">Los mejores looks del Festival de Cine de Cannes 2023<\/figcaption><\/figure>\n<p>Abriendo la alfombra roja con un vestido de ensue\u00f1o Elle Fanning luci\u00f3 un vestido de Alexander McQueen.<\/p>\n<h3>Naomi Campbell<\/h3>\n<figure id=\"attachment_125260\" aria-describedby=\"caption-attachment-125260\" style=\"width: 670px\" class=\"wp-caption alignnone\"><img loading=\"lazy\" decoding=\"async\" class=\"size-large wp-image-125260\" src=\"https:\/\/graziamagazine.com\/mx\/wp-content\/uploads\/sites\/13\/2023\/05\/Captura-de-Pantalla-2023-05-16-a-las-18.20.38.png?w=670\" alt=\"Los mejores looks del Festival de Cine de Cannes 2023 \" width=\"670\" height=\"1024\" \/><figcaption id=\"caption-attachment-125260\" class=\"wp-caption-text\">Los mejores looks del Festival de Cine de Cannes 2023<\/figcaption><\/figure>\n<p>En un vestido glamoroso y de gala, la super modelo camino por la alfombra roja con un vestido de lentejuelas plata.<\/p>\n<h3 class=\"BaseWrap-sc-gjQpdd BaseText-ewhhUZ GallerySlideCaptionHed-fiZQOl iUEiRd knlBl grNYxq\"><span class=\"GallerySlideCaptionHedText-iqjOmM jwPuvZ\">Alessandra Ambrosio<\/span><\/h3>\n<figure id=\"attachment_125261\" aria-describedby=\"caption-attachment-125261\" style=\"width: 681px\" class=\"wp-caption alignnone\"><img loading=\"lazy\" decoding=\"async\" class=\"size-large wp-image-125261\" src=\"https:\/\/graziamagazine.com\/mx\/wp-content\/uploads\/sites\/13\/2023\/05\/Captura-de-Pantalla-2023-05-16-a-las-18.21.08.png?w=681\" alt=\"Los mejores looks del Festival de Cine de Cannes 2023 \" width=\"681\" height=\"1024\" \/><figcaption id=\"caption-attachment-125261\" class=\"wp-caption-text\">Los mejores looks del Festival de Cine de Cannes 2023<\/figcaption><\/figure>\n<p>Con un vestido en color rojo, transparencias y cristales, Alessandra opt\u00f3 por un vestido de Ellie Saab con capucha y accesorios de la firma Pomellato.<\/p>\n<h3>Uma Thurman<\/h3>\n<figure id=\"attachment_125256\" aria-describedby=\"caption-attachment-125256\" style=\"width: 697px\" class=\"wp-caption alignnone\"><img loading=\"lazy\" decoding=\"async\" class=\"size-large wp-image-125256\" src=\"https:\/\/graziamagazine.com\/mx\/wp-content\/uploads\/sites\/13\/2023\/05\/Captura-de-Pantalla-2023-05-16-a-las-18.09.34.png?w=697\" alt=\"Los mejores looks del Festival de Cine de Cannes 2023 \" width=\"697\" height=\"1024\" \/><figcaption id=\"caption-attachment-125256\" class=\"wp-caption-text\">Los mejores looks del Festival de Cine de Cannes 2023<\/figcaption><\/figure>\n<p>Uma tan despampanante como siempre con un vestido de Dior por Maria Grazia Chiuri. Llevaba un vestido de sat\u00e9n rosa Rose Des Vents de Dior Haute Couture con un abrigo de sat\u00e9n rojo.<\/p>\n<h3>Johnny Depp<\/h3>\n<figure id=\"attachment_125251\" aria-describedby=\"caption-attachment-125251\" style=\"width: 688px\" class=\"wp-caption alignnone\"><img loading=\"lazy\" decoding=\"async\" class=\"size-large wp-image-125251\" src=\"https:\/\/graziamagazine.com\/mx\/wp-content\/uploads\/sites\/13\/2023\/05\/unnamed-7-1.jpg?w=688\" alt=\"Los mejores looks del Festival de Cine de Cannes 2023 \" width=\"688\" height=\"1024\" \/><figcaption id=\"caption-attachment-125251\" class=\"wp-caption-text\">Los mejores looks del Festival de Cine de Cannes 2023<\/figcaption><\/figure>\n<p>Uno de nuestros favoritos durante la alfombra roja con un traje de Dior por Kim Jones.El conjunto compuesto por un esmoquin negro de lana y mohair con solapa de pico cruzado hecho a medida, una camisa blanca de cuello de pajarita de algod\u00f3n con plastr\u00f3n y botones de joyer\u00eda, un chaleco negro de lana y mohair y un pa\u00f1uelo de bolsillo de seda blanco.<\/p>\n<h3>Natalie Portman<\/h3>\n<figure id=\"attachment_125426\" aria-describedby=\"caption-attachment-125426\" style=\"width: 701px\" class=\"wp-caption alignnone\"><img loading=\"lazy\" decoding=\"async\" class=\"size-large wp-image-125426\" src=\"https:\/\/graziamagazine.com\/mx\/wp-content\/uploads\/sites\/13\/2023\/05\/cannes-alfombra-roja-2023-elle-646a262663ec0.jpg?w=701\" alt=\"Los mejores looks del Festival de Cine de Cannes 2023\" width=\"701\" height=\"1024\" \/><figcaption id=\"caption-attachment-125426\" class=\"wp-caption-text\">Los mejores looks del Festival de Cine de Cannes 2023<\/figcaption><\/figure>\n<p>La hermosa actriz port\u00f3 un vestido<em> strapless\u00a0<\/em>que se convirti\u00f3 en una sensaci\u00f3n durante el evento. De la firma Dior, Natalie opt\u00f3 por un vestido blanco con capas de p\u00e9talos que descend\u00edan por la falda con detalles en tonalidades azules.<\/p>\n<h3 class=\"css-fkxj9s e1tmud0h7\">Jennifer Lawrence<\/h3>\n<figure id=\"attachment_125424\" aria-describedby=\"caption-attachment-125424\" style=\"width: 683px\" class=\"wp-caption alignnone\"><img loading=\"lazy\" decoding=\"async\" class=\"size-large wp-image-125424\" src=\"https:\/\/graziamagazine.com\/mx\/wp-content\/uploads\/sites\/13\/2023\/05\/cannes-2023-alfombra-roja-elle-646a20aaa1f22.jpg?w=683\" alt=\"Los mejores looks del Festival de Cine de Cannes 2023\" width=\"683\" height=\"1024\" \/><figcaption id=\"caption-attachment-125424\" class=\"wp-caption-text\">Los mejores looks del Festival de Cine de Cannes 2023<\/figcaption><\/figure>\n<p>El vestido rojo de Lawrence, acaparo las miradas gracias a su ic\u00f3nico y cl\u00e1sico glamour y estilo.<\/p>\n<h3>Beatrice Borromeo<img loading=\"lazy\" decoding=\"async\" class=\"alignnone size-large wp-image-125250\" src=\"https:\/\/graziamagazine.com\/mx\/wp-content\/uploads\/sites\/13\/2023\/05\/unnamed-6-1.jpg?w=679\" alt=\"\" width=\"679\" height=\"1024\" \/><\/h3>\n<p>Dior se convierte en el sello de varias celebridades. con un vestido de la firma en negro y beige con incrustaciones de estampado floral de guipur, Beatrice combin\u00f3 su <em>makeup<\/em> con productos de la <em>maison. <\/em><\/p>\n<h3 class=\"BaseWrap-sc-gjQpdd BaseText-ewhhUZ GallerySlideCaptionHed-fiZQOl iUEiRd knlBl grNYxq\"><span class=\"GallerySlideCaptionHedText-iqjOmM jwPuvZ\">Helen Mirren<\/span><\/h3>\n<figure id=\"attachment_125257\" aria-describedby=\"caption-attachment-125257\" style=\"width: 672px\" class=\"wp-caption alignnone\"><img loading=\"lazy\" decoding=\"async\" class=\"size-large wp-image-125257\" src=\"https:\/\/graziamagazine.com\/mx\/wp-content\/uploads\/sites\/13\/2023\/05\/Captura-de-Pantalla-2023-05-16-a-las-18.09.52.png?w=672\" alt=\"Los mejores looks del Festival de Cine de Cannes 2023 \" width=\"672\" height=\"1024\" \/><figcaption id=\"caption-attachment-125257\" class=\"wp-caption-text\">Los mejores looks del Festival de Cine de Cannes 2023<\/figcaption><\/figure>\n<p>Con un conjunto en azul, la actriz combin\u00f3 su melena con rayos del mismo tono y discretas joyas que la hicieron lucir fant\u00e1stica.<\/p>\n<h3><span class=\"GallerySlideCaptionHedText-iqjOmM jwPuvZ\">Catherine Zeta-Jones<img loading=\"lazy\" decoding=\"async\" class=\"alignnone size-large wp-image-125255\" src=\"https:\/\/graziamagazine.com\/mx\/wp-content\/uploads\/sites\/13\/2023\/05\/Captura-de-Pantalla-2023-05-16-a-las-18.09.27.png?w=669\" alt=\"\" width=\"669\" height=\"1024\" \/><\/span><\/h3>\n<p>La aclamada actriz desfilo con un vestido de Ellie Saab en color rojo que jugaba un perfecto degradado a tonos vino.<\/p>\n<h3>Viola Davis<\/h3>\n<figure id=\"attachment_125274\" aria-describedby=\"caption-attachment-125274\" style=\"width: 1024px\" class=\"wp-caption alignnone\"><img loading=\"lazy\" decoding=\"async\" class=\"size-large wp-image-125274\" src=\"https:\/\/graziamagazine.com\/mx\/wp-content\/uploads\/sites\/13\/2023\/05\/Captura-de-Pantalla-2023-05-17-a-las-15.08.28.png?w=1024\" alt=\"Los mejores looks del Festival de Cine de Cannes 2023\" width=\"1024\" height=\"684\" \/><figcaption id=\"caption-attachment-125274\" class=\"wp-caption-text\">Los mejores looks del Festival de Cine de Cannes 2023<\/figcaption><\/figure>\n<p>Con un vestido largo en blanco con plumas, la actriz no paso desapercibida en el festival, siendo una de las favoritas de la noche.<\/p>\n<h3>Salma Hayek<\/h3>\n<figure id=\"attachment_125422\" aria-describedby=\"caption-attachment-125422\" style=\"width: 592px\" class=\"wp-caption alignnone\"><img loading=\"lazy\" decoding=\"async\" class=\"size-large wp-image-125422\" src=\"https:\/\/graziamagazine.com\/mx\/wp-content\/uploads\/sites\/13\/2023\/05\/Captura-de-Pantalla-2023-05-21-a-las-21.33.27.png?w=592\" alt=\"Los mejores looks del Festival de Cine de Cannes 2023\" width=\"592\" height=\"1024\" \/><figcaption id=\"caption-attachment-125422\" class=\"wp-caption-text\">Los mejores looks del Festival de Cine de Cannes 2023<\/figcaption><\/figure>\n<p>La actriz mexicana se hizo presente en los Cannes 2023 con un \u00a0vestido corte sirena en shantung de seda violeta de Alexander McQueen.<\/p>\n<h3 class=\"css-fkxj9s e1tmud0h7\">Dua Lipa<\/h3>\n<figure id=\"attachment_125425\" aria-describedby=\"caption-attachment-125425\" style=\"width: 683px\" class=\"wp-caption alignnone\"><img loading=\"lazy\" decoding=\"async\" class=\"size-large wp-image-125425\" src=\"https:\/\/graziamagazine.com\/mx\/wp-content\/uploads\/sites\/13\/2023\/05\/cannes-2023-alfombra-roja-mejor-vestidas-elle-8-646a1fb50a83a.jpg?w=683\" alt=\"Los mejores looks del Festival de Cine de Cannes 2023\" width=\"683\" height=\"1024\" \/><figcaption id=\"caption-attachment-125425\" class=\"wp-caption-text\">Los mejores looks del Festival de Cine de Cannes 2023<\/figcaption><\/figure>\n<div class=\"css-1io8vu2 e1tmud0h6\">\n<p class=\"css-18vfmjb et3p2gv0\">La cantante Brit\u00e1nica tambi\u00e9n fue una de las celebridades que nos dejo con la boca abierta. con un dise\u00f1o asim\u00e9trico de Celine, Dua lleg\u00f3 acompa\u00f1ada de su novio.<\/p>\n<h3 style=\"text-align: left\" align=\"center\"><span lang=\"ES\">Gemma Chan<\/span><\/h3>\n<figure id=\"attachment_125435\" aria-describedby=\"caption-attachment-125435\" style=\"width: 683px\" class=\"wp-caption alignnone\"><img loading=\"lazy\" decoding=\"async\" class=\"size-large wp-image-125435\" src=\"https:\/\/graziamagazine.com\/mx\/wp-content\/uploads\/sites\/13\/2023\/05\/GEMMA-CHAN-LOUIS-VUITTON-76TH-CANNES-FILM-FESTIVAL-1.jpg?w=683\" alt=\"Los mejores looks del Festival de Cine de Cannes 2023\" width=\"683\" height=\"1024\" \/><figcaption id=\"caption-attachment-125435\" class=\"wp-caption-text\">Los mejores looks del Festival de Cine de Cannes 2023<\/figcaption><\/figure>\n<p style=\"text-align: left\" align=\"center\"><span lang=\"ES\"> lleva un vestido hecho a medida de organza de seda bordada con escote halter y capa y sandalias de sat\u00e9n negro, de Louis Vuitton. <\/span><span lang=\"ES\">Tambi\u00e9n lleva pendientes y pulsera de oro blanco con zafiros y diamantes y un anillo de oro blanco y diamantes de la colecci\u00f3n de Alta Joyer\u00eda de Louis Vuitton.<\/span><\/p>\n<h3 style=\"text-align: left\" align=\"center\">Claudia Bouza<\/h3>\n<figure id=\"attachment_125433\" aria-describedby=\"caption-attachment-125433\" style=\"width: 683px\" class=\"wp-caption alignnone\"><img loading=\"lazy\" decoding=\"async\" class=\"size-large wp-image-125433\" src=\"https:\/\/graziamagazine.com\/mx\/wp-content\/uploads\/sites\/13\/2023\/05\/CLAUDIA-BOUZA-IN-MKC-17.05.23.jpg?w=683\" alt=\"Los mejores looks del Festival de Cine de Cannes 2023\" width=\"683\" height=\"1024\" \/><figcaption id=\"caption-attachment-125433\" class=\"wp-caption-text\">Los mejores looks del Festival de Cine de Cannes 2023<\/figcaption><\/figure>\n<p style=\"text-align: left\" align=\"center\">Michael Kors se complace en anunciar que la actriz espa\u00f1ola Claudia Bouza luci\u00f3 un vestido halter de punto mate color amapola con bordados a mano con lentejuelas de Michael Kors Collection en la alfombra roja.<\/p>\n<h3 style=\"text-align: left\" align=\"center\">Virginie Ledoyen<\/h3>\n<figure id=\"attachment_125434\" aria-describedby=\"caption-attachment-125434\" style=\"width: 681px\" class=\"wp-caption alignnone\"><img loading=\"lazy\" decoding=\"async\" class=\"size-large wp-image-125434\" src=\"https:\/\/graziamagazine.com\/mx\/wp-content\/uploads\/sites\/13\/2023\/05\/VIRGINIE-LEDOYEN-IN-MKC-17.05.2023.jpg?w=681\" alt=\"Los mejores looks del Festival de Cine de Cannes 2023\" width=\"681\" height=\"1024\" \/><figcaption id=\"caption-attachment-125434\" class=\"wp-caption-text\">Los mejores looks del Festival de Cine de Cannes 2023<\/figcaption><\/figure>\n<p style=\"text-align: left\" align=\"center\">La actriz francesa luci\u00f3 un body de viscosa perla, un pareo de punto plateado mate con bordados a mano con lentejuelas y sandalias Chrissy de piel de becerro en relieve de Michael Kors Collection.<\/p>\n<h3 class=\"css-fkxj9s e1tmud0h7\">Carla Bruni<\/h3>\n<figure id=\"attachment_125428\" aria-describedby=\"caption-attachment-125428\" style=\"width: 683px\" class=\"wp-caption alignnone\"><img loading=\"lazy\" decoding=\"async\" class=\"size-large wp-image-125428\" src=\"https:\/\/graziamagazine.com\/mx\/wp-content\/uploads\/sites\/13\/2023\/05\/cannes-2023-alfombra-roja-mejor-vestidas-elle-7-646a1fadd60c6.jpg?w=683\" alt=\"Los mejores looks del Festival de Cine de Cannes 2023\" width=\"683\" height=\"1024\" \/><figcaption id=\"caption-attachment-125428\" class=\"wp-caption-text\">Los mejores looks del Festival de Cine de Cannes 2023<\/figcaption><\/figure>\n<div class=\"css-1io8vu2 e1tmud0h6\">\n<p class=\"css-18vfmjb et3p2gv0\">Al igual que Dua, la estrella Carla Burini opt\u00f3 por un dise\u00f1o de la firma Celine acompa\u00f1ada de unas sandalias de Aquazzura.<\/p>\n<h3 class=\"css-fkxj9s e1tmud0h7\">Cate Blanchet<\/h3>\n<figure id=\"attachment_125427\" aria-describedby=\"caption-attachment-125427\" style=\"width: 683px\" class=\"wp-caption alignnone\"><img loading=\"lazy\" decoding=\"async\" class=\"size-large wp-image-125427\" src=\"https:\/\/graziamagazine.com\/mx\/wp-content\/uploads\/sites\/13\/2023\/05\/cannes-2023-alfombra-roja-mejor-vestidas-elle-6-646a1faaa3cd6.jpg?w=683\" alt=\"Los mejores looks del Festival de Cine de Cannes 2023\" width=\"683\" height=\"1024\" \/><figcaption id=\"caption-attachment-125427\" class=\"wp-caption-text\">Los mejores looks del Festival de Cine de Cannes 2023<\/figcaption><\/figure>\n<p>En un vestido con cortes blanco y negro, Cate luci\u00f3 un vestido de Louis Vuitton.<\/p>\n<div class=\"css-1io8vu2 e1tmud0h6\">\n<h3 class=\"css-fkxj9s e1tmud0h7\">Irina Shayk<\/h3>\n<figure id=\"attachment_125429\" aria-describedby=\"caption-attachment-125429\" style=\"width: 683px\" class=\"wp-caption alignnone\"><img loading=\"lazy\" decoding=\"async\" class=\"size-large wp-image-125429\" src=\"https:\/\/graziamagazine.com\/mx\/wp-content\/uploads\/sites\/13\/2023\/05\/cannes-2023-alfombra-roja-mejor-vestidas-elle-10-646a1faf12943.jpg?w=683\" alt=\"Los mejores looks del Festival de Cine de Cannes 2023\" width=\"683\" height=\"1024\" \/><figcaption id=\"caption-attachment-125429\" class=\"wp-caption-text\">Los mejores looks del Festival de Cine de Cannes 2023<\/figcaption><\/figure>\n<div class=\"css-1io8vu2 e1tmud0h6\">\n<p class=\"css-18vfmjb et3p2gv0\">La super modelo cautiv\u00f3 a los espectadores con un vestido azul rey, con escote en V y plisados en capas de Armani Priv\u00e9.<\/p>\n<h3 class=\"css-fkxj9s e1tmud0h7\">Sara Sampaio<\/h3>\n<figure id=\"attachment_125430\" aria-describedby=\"caption-attachment-125430\" style=\"width: 683px\" class=\"wp-caption alignnone\"><img loading=\"lazy\" decoding=\"async\" class=\"size-large wp-image-125430\" src=\"https:\/\/graziamagazine.com\/mx\/wp-content\/uploads\/sites\/13\/2023\/05\/cannes-2023-alfombra-roja-elle-2-646a2143a2fd5.jpg?w=683\" alt=\"Los mejores looks del Festival de Cine de Cannes 2023\" width=\"683\" height=\"1024\" \/><figcaption id=\"caption-attachment-125430\" class=\"wp-caption-text\">Los mejores looks del Festival de Cine de Cannes 2023<\/figcaption><\/figure>\n<div class=\"css-1io8vu2 e1tmud0h6\">\n<p class=\"css-18vfmjb et3p2gv0\">Slida como de un cuento, el vestido de la dise\u00f1adora Sophie Couture nos sumergi\u00f3 en texturas y siluetas que destacaron de entre otros vestidos de la gala. Adem\u00e1s Sara eligi\u00f3 combinar su esplendido look con joyas de Messika.<\/p>\n<h3 class=\"css-fkxj9s e1tmud0h7\">Alessandra Ambrosio<\/h3>\n<figure id=\"attachment_125431\" aria-describedby=\"caption-attachment-125431\" style=\"width: 683px\" class=\"wp-caption alignnone\"><img loading=\"lazy\" decoding=\"async\" class=\"size-large wp-image-125431\" src=\"https:\/\/graziamagazine.com\/mx\/wp-content\/uploads\/sites\/13\/2023\/05\/cannes-2023-alfombra-roja-elle-1-646a2143ca91d.jpg?w=683\" alt=\"Los mejores looks del Festival de Cine de Cannes 2023\" width=\"683\" height=\"1024\" \/><figcaption id=\"caption-attachment-125431\" class=\"wp-caption-text\">Los mejores looks del Festival de Cine de Cannes 2023<\/figcaption><\/figure>\n<div class=\"css-1io8vu2 e1tmud0h6\">\n<p class=\"css-18vfmjb et3p2gv0\">La hermosa modelo lleg\u00f3 a la alfombra roja con un vestido recto de Giorgio Armani y joyas de Pomellato.<\/p>\n<\/div>\n<\/div>\n<\/div>\n<\/div>\n<\/div>\n<\/div>\n<h3>Brie Larson<\/h3>\n<figure id=\"attachment_125254\" aria-describedby=\"caption-attachment-125254\" style=\"width: 727px\" class=\"wp-caption alignnone\"><img loading=\"lazy\" decoding=\"async\" class=\"size-large wp-image-125254\" src=\"https:\/\/graziamagazine.com\/mx\/wp-content\/uploads\/sites\/13\/2023\/05\/Captura-de-Pantalla-2023-05-16-a-las-18.09.06.png?w=727\" alt=\"Los mejores looks del Festival de Cine de Cannes 2023 \" width=\"727\" height=\"1024\" \/><figcaption id=\"caption-attachment-125254\" class=\"wp-caption-text\">Los mejores looks del Festival de Cine de Cannes 2023<\/figcaption><\/figure>\n<p>Tan \u00fanica, la ganadora de un Oscar, opt\u00f3 por un look\u00a0 de la colecci\u00f3n Crucero 2024 de Chanel, que est\u00e1 inspirado en la moda en ciudad de Los \u00c1ngeles durante los a\u00f1os 80.<\/p>\n<h3><b>Sofia Carson<img loading=\"lazy\" decoding=\"async\" class=\"alignnone size-large wp-image-125423\" src=\"https:\/\/graziamagazine.com\/mx\/wp-content\/uploads\/sites\/13\/2023\/05\/Captura-de-Pantalla-2023-05-21-a-las-21.35.51.png?w=1024\" alt=\"\" width=\"1024\" height=\"740\" \/><\/b><\/h3>\n<p>La actriz, cantante y bailarina estadounidense, impact\u00f3 con otro vestido rojo rub\u00ed con corset strapless y escote de coraz\u00f3n el cual fue uno de los considerados bien red carpet.<\/p>\n<h3>Cindy Bruna<\/h3>\n<figure id=\"attachment_125263\" aria-describedby=\"caption-attachment-125263\" style=\"width: 672px\" class=\"wp-caption alignnone\"><img loading=\"lazy\" decoding=\"async\" class=\"size-large wp-image-125263\" src=\"https:\/\/graziamagazine.com\/mx\/wp-content\/uploads\/sites\/13\/2023\/05\/Captura-de-Pantalla-2023-05-16-a-las-18.32.27.png?w=672\" alt=\"Los mejores looks del Festival de Cine de Cannes 2023 \" width=\"672\" height=\"1024\" \/><figcaption id=\"caption-attachment-125263\" class=\"wp-caption-text\">Los mejores looks del Festival de Cine de Cannes 2023<\/figcaption><\/figure>\n<p>Con un estilo original, Cindy se present\u00f3 con un traje de lino gris con una pomposa falda de volantes de tul negro de la colecci\u00f3n Oto\u00f1o\/Invierno 2023 de Act N\u00b01 combinado con joyas de oro blanco y diamantes, de Pomellato.<\/p>\n<h3>Baptiste Giabiconi<\/h3>\n<figure id=\"attachment_125253\" aria-describedby=\"caption-attachment-125253\" style=\"width: 677px\" class=\"wp-caption alignnone\"><img loading=\"lazy\" decoding=\"async\" class=\"size-large wp-image-125253\" src=\"https:\/\/graziamagazine.com\/mx\/wp-content\/uploads\/sites\/13\/2023\/05\/unnamed-13.jpg?w=677\" alt=\"Los mejores looks del Festival de Cine de Cannes 2023 \" width=\"677\" height=\"1024\" \/><figcaption id=\"caption-attachment-125253\" class=\"wp-caption-text\">Los mejores looks del Festival de Cine de Cannes 2023<\/figcaption><\/figure>\n<p>Con un traje &#8220;off-the-shoulder&#8221; Baptise port\u00f3 un chaleco de lana azul marino, un segundo chaleco de tweed azul con pantalones cortos con falda escocesa a juego, calcetines de lana negros con bordado CD Diamond y botas de cuero negro.<\/p>\n<h3>Denis M\u00e9nochet<\/h3>\n<figure id=\"attachment_125252\" aria-describedby=\"caption-attachment-125252\" style=\"width: 1018px\" class=\"wp-caption alignnone\"><img loading=\"lazy\" decoding=\"async\" class=\"wp-image-125252 size-full\" src=\"https:\/\/graziamagazine.com\/mx\/wp-content\/uploads\/sites\/13\/2023\/05\/unnamed-15.jpg\" alt=\"Los mejores looks del Festival de Cine de Cannes 2023 \" width=\"1018\" height=\"1822\" \/><figcaption id=\"caption-attachment-125252\" class=\"wp-caption-text\">Los mejores looks del Festival de Cine de Cannes 2023<\/figcaption><\/figure>\n<p>Denis llev\u00f3 un traje marr\u00f3n de lana con solapa de pico a medida con chaleco a juego y una cl\u00e1sica camisa blanca de algod\u00f3n de la firma Dior.<\/p>\n<h3>Romee Strijd<\/h3>\n<figure id=\"attachment_125270\" aria-describedby=\"caption-attachment-125270\" style=\"width: 682px\" class=\"wp-caption alignnone\"><img loading=\"lazy\" decoding=\"async\" class=\"wp-image-125270 size-large\" src=\"https:\/\/graziamagazine.com\/mx\/wp-content\/uploads\/sites\/13\/2023\/05\/Image.jpeg?w=682\" alt=\"Los mejores looks del Festival de Cine de Cannes 2023\" width=\"682\" height=\"1024\" \/><figcaption id=\"caption-attachment-125270\" class=\"wp-caption-text\">Los mejores looks del Festival de Cine de Cannes 2023<\/figcaption><\/figure>\n<p>Tan brillante como su vestido, Romee asiste a la alfombra roja de la ceremonia de apertura de la 76.\u00aa edici\u00f3n del Festival de Cine de Cannes con un vestido de zafiro iridiscente con paillettes de plata y diamantes azules de Alberta Ferretti.<\/p>\n<h3>Sakura And\u00f4<\/h3>\n<figure id=\"attachment_125436\" aria-describedby=\"caption-attachment-125436\" style=\"width: 682px\" class=\"wp-caption alignnone\"><img loading=\"lazy\" decoding=\"async\" class=\"size-large wp-image-125436\" src=\"https:\/\/graziamagazine.com\/mx\/wp-content\/uploads\/sites\/13\/2023\/05\/chanel_sakura-ando-wore-chanel-at-the-monster-76th-annual-cannes-film-festival-opening-ceremony-170523-2-hd-HD.jpg?w=682\" alt=\"\" width=\"682\" height=\"1024\" \/><figcaption id=\"caption-attachment-125436\" class=\"wp-caption-text\">Los mejores looks del Festival de Cine de Cannes 2023<\/figcaption><\/figure>\n<p>Con un elegante y dulce vestido de la firma francesa Chanel,\u00a0 Joaillerie aparece en el estreno de la pel\u00edcula &#8220;Monster&#8221; de Hirokazu Kore-Eda<\/p>\n<h3>Levon Hawke<\/h3>\n<figure id=\"attachment_125259\" aria-describedby=\"caption-attachment-125259\" style=\"width: 548px\" class=\"wp-caption alignnone\"><img loading=\"lazy\" decoding=\"async\" class=\"size-large wp-image-125259\" src=\"https:\/\/graziamagazine.com\/mx\/wp-content\/uploads\/sites\/13\/2023\/05\/unnamed-12.jpg?w=548\" alt=\"Los mejores looks del Festival de Cine de Cannes 2023\" width=\"548\" height=\"1024\" \/><figcaption id=\"caption-attachment-125259\" class=\"wp-caption-text\">Los mejores looks del Festival de Cine de Cannes 2023<\/figcaption><\/figure>\n<p>Dise\u00f1ado por Kim Jones, Levon llev\u00f3 un esmoquin Oblique azul noche de lana con solapa de pico, camisa blanca de algod\u00f3n con cuello de ala, corbat\u00edn de seda azul noche y derbies Carlo de cuero negro.<\/p>\n<h3 class=\"BaseWrap-sc-gjQpdd BaseText-ewhhUZ GallerySlideCaptionHed-fiZQOl iUEiRd knlBl grNYxq\"><span class=\"GallerySlideCaptionHedText-iqjOmM jwPuvZ\">Manu Rios<\/span><\/h3>\n<figure id=\"attachment_125273\" aria-describedby=\"caption-attachment-125273\" style=\"width: 666px\" class=\"wp-caption alignnone\"><img loading=\"lazy\" decoding=\"async\" class=\"wp-image-125273 size-large\" src=\"https:\/\/graziamagazine.com\/mx\/wp-content\/uploads\/sites\/13\/2023\/05\/Captura-de-Pantalla-2023-05-17-a-las-15.08.20.png?w=666\" alt=\"Los mejores looks del Festival de Cine de Cannes 2023\" width=\"666\" height=\"1024\" \/><figcaption id=\"caption-attachment-125273\" class=\"wp-caption-text\">Los mejores looks del Festival de Cine de Cannes 2023<\/figcaption><\/figure>\n<p>El joven y talentoso actor luci\u00f3 un look en blanco y negro de la firma Saint Laurent con joyas Cartier.<\/p>\n<h3 class=\"BaseWrap-sc-gjQpdd BaseText-ewhhUZ GallerySlideCaptionHed-fiZQOl iUEiRd knlBl grNYxq\"><span class=\"GallerySlideCaptionHedText-iqjOmM jwPuvZ\">Ethan Hawke<\/span><\/h3>\n<figure id=\"attachment_125272\" aria-describedby=\"caption-attachment-125272\" style=\"width: 672px\" class=\"wp-caption alignnone\"><img loading=\"lazy\" decoding=\"async\" class=\"size-large wp-image-125272\" src=\"https:\/\/graziamagazine.com\/mx\/wp-content\/uploads\/sites\/13\/2023\/05\/Captura-de-Pantalla-2023-05-17-a-las-15.08.14.png?w=672\" alt=\"Los mejores looks del Festival de Cine de Cannes 2023\" width=\"672\" height=\"1024\" \/><figcaption id=\"caption-attachment-125272\" class=\"wp-caption-text\">Los mejores looks del Festival de Cine de Cannes 2023<\/figcaption><\/figure>\n<p>Muy &#8220;a doc&#8221; a la temporada, la celebridad se present\u00f3 con un traje a rayas.<\/p>\n<h3 class=\"BaseWrap-sc-gjQpdd BaseText-ewhhUZ GallerySlideCaptionHed-fiZQOl iUEiRd knlBl grNYxq\"><span class=\"GallerySlideCaptionHedText-iqjOmM jwPuvZ\">Fan Bingbing<\/span><\/h3>\n<figure id=\"attachment_125275\" aria-describedby=\"caption-attachment-125275\" style=\"width: 751px\" class=\"wp-caption alignnone\"><img loading=\"lazy\" decoding=\"async\" class=\"wp-image-125275 size-large\" src=\"https:\/\/graziamagazine.com\/mx\/wp-content\/uploads\/sites\/13\/2023\/05\/Captura-de-Pantalla-2023-05-17-a-las-15.14.03.png?w=751\" alt=\"Los mejores looks del Festival de Cine de Cannes 2023\" width=\"751\" height=\"1024\" \/><figcaption id=\"caption-attachment-125275\" class=\"wp-caption-text\">Los mejores looks del Festival de Cine de Cannes 2023<\/figcaption><\/figure>\n<p>En un Christopher Bu, Fan desfil\u00f3 por la alfombra roja sumergi\u00e9ndonos en un espacio natural y astuto con los motivos de tigre en la falda del vestido.<\/p>\n<h3>Sara Sampaio<\/h3>\n<figure id=\"attachment_125278\" aria-describedby=\"caption-attachment-125278\" style=\"width: 1024px\" class=\"wp-caption alignnone\"><img loading=\"lazy\" decoding=\"async\" class=\"wp-image-125278 size-large\" src=\"https:\/\/graziamagazine.com\/mx\/wp-content\/uploads\/sites\/13\/2023\/05\/cannes-film-festival-2023-best-dressed-celebrities-sara-sampaio.jpg?w=1024\" alt=\"Los mejores looks del Festival de Cine de Cannes 2023\" width=\"1024\" height=\"683\" \/><figcaption id=\"caption-attachment-125278\" class=\"wp-caption-text\">Los mejores looks del Festival de Cine de Cannes 2023<\/figcaption><\/figure>\n<p>La modelo portuguesa apost\u00f3 a lo grande por un dise\u00f1o de la colecci\u00f3n de Alta Costura Primavera\/Verano 2023 del liban\u00e9s Zuhair Murad.<\/p>\n<h3>Anja Rubik<\/h3>\n<figure id=\"attachment_125280\" aria-describedby=\"caption-attachment-125280\" style=\"width: 683px\" class=\"wp-caption alignnone\"><img loading=\"lazy\" decoding=\"async\" class=\"size-large wp-image-125280\" src=\"https:\/\/graziamagazine.com\/mx\/wp-content\/uploads\/sites\/13\/2023\/05\/FwWBdZ3X0AAlGtc.jpg?w=683\" alt=\"Los mejores looks del Festival de Cine de Cannes 2023\" width=\"683\" height=\"1024\" \/><figcaption id=\"caption-attachment-125280\" class=\"wp-caption-text\">Los mejores looks del Festival de Cine de Cannes 2023<\/figcaption><\/figure>\n<p>En un look de Saint Laurent, la invitada visti\u00f3 un conjunto de blusa satinada en color crudo, pantalones pitillo negros de tiro alt\u00edsimo, medias de cristal y salones cl\u00e1sicos, un total look de la colecci\u00f3n Oto\u00f1o\/Invierno 2023 de Saint Laurent.<\/p>\n<h3>Iris Law<\/h3>\n<figure id=\"attachment_125281\" aria-describedby=\"caption-attachment-125281\" style=\"width: 666px\" class=\"wp-caption alignnone\"><img loading=\"lazy\" decoding=\"async\" class=\"size-large wp-image-125281\" src=\"https:\/\/graziamagazine.com\/mx\/wp-content\/uploads\/sites\/13\/2023\/05\/Captura-de-Pantalla-2023-05-17-a-las-15.31.27.png?w=666\" alt=\"Los mejores looks del Festival de Cine de Cannes 2023\" width=\"666\" height=\"1024\" \/><figcaption id=\"caption-attachment-125281\" class=\"wp-caption-text\">Los mejores looks del Festival de Cine de Cannes 2023<\/figcaption><\/figure>\n<p>Rompiendo el protocolo de vestido largo, la modelo seleccion\u00f3 un look de la colecci\u00f3n Oto\u00f1o\/Invierno 2023 de Saint Laurent.<\/p>\n<h3>Ad\u00e8le Exarchopoulos<\/h3>\n<figure id=\"attachment_125277\" aria-describedby=\"caption-attachment-125277\" style=\"width: 535px\" class=\"wp-caption alignnone\"><img loading=\"lazy\" decoding=\"async\" class=\"size-large wp-image-125277\" src=\"https:\/\/graziamagazine.com\/mx\/wp-content\/uploads\/sites\/13\/2023\/05\/adele-exarchopoulos-at-monster-premiere-at-76th-cannes-film-festival-05-17-2023-4_thumbnail.jpg?w=535\" alt=\"Los mejores looks del Festival de Cine de Cannes 2023\" width=\"535\" height=\"800\" \/><figcaption id=\"caption-attachment-125277\" class=\"wp-caption-text\">Los mejores looks del Festival de Cine de Cannes 2023<\/figcaption><\/figure>\n<p>Con un look cortes\u00eda Fendi, la actriz francesa opt\u00f3 por un look metalizado, el cual se encuentra en tendencia con un top cors\u00e9 con falda de sirena.<\/p>\n<h3>Emilie Dequenne<\/h3>\n<figure id=\"attachment_125282\" aria-describedby=\"caption-attachment-125282\" style=\"width: 670px\" class=\"wp-caption alignnone\"><img loading=\"lazy\" decoding=\"async\" class=\"wp-image-125282 size-large\" src=\"https:\/\/graziamagazine.com\/mx\/wp-content\/uploads\/sites\/13\/2023\/05\/unnamed-17.jpg?w=670\" alt=\"Los mejores looks del Festival de Cine de Cannes 2023\" width=\"670\" height=\"1024\" \/><figcaption id=\"caption-attachment-125282\" class=\"wp-caption-text\">Los mejores looks del Festival de Cine de Cannes 2023<\/figcaption><\/figure>\n<p>Vestida por Maria Grazia Chiuri, Emilie opt\u00f3 por un conjunto bicolor en negro y gris Dior.<\/p>\n<h3>Adriana Lima<\/h3>\n<figure id=\"attachment_125324\" aria-describedby=\"caption-attachment-125324\" style=\"width: 1024px\" class=\"wp-caption alignnone\"><img loading=\"lazy\" decoding=\"async\" class=\"size-large wp-image-125324\" src=\"https:\/\/graziamagazine.com\/mx\/wp-content\/uploads\/sites\/13\/2023\/05\/image-2.jpg?w=1024\" alt=\"Los mejores looks del Festival de Cine de Cannes 2023\" width=\"1024\" height=\"702\" \/><figcaption id=\"caption-attachment-125324\" class=\"wp-caption-text\">Los mejores looks del Festival de Cine de Cannes 2023<\/figcaption><\/figure>\n<p>La modelo ic\u00f3nica se ve\u00eda magn\u00edfica con un vestido con cors\u00e9 de terciopelo negro con un espectacular lazo y faj\u00edn de gran tama\u00f1o amarillo lim\u00f3n de la colecci\u00f3n privada del dise\u00f1ador. La colecci\u00f3n privada, presentada exclusivamente a los clientes durante la Semana de la Alta Costura Primavera\/Verano 2023 en Par\u00eds, simboliza la revelaci\u00f3n de Tamara Ralph Couture.<\/p>\n<h3>Yseult<\/h3>\n<figure id=\"attachment_125328\" aria-describedby=\"caption-attachment-125328\" style=\"width: 683px\" class=\"wp-caption alignnone\"><img loading=\"lazy\" decoding=\"async\" class=\"size-large wp-image-125328\" src=\"https:\/\/graziamagazine.com\/mx\/wp-content\/uploads\/sites\/13\/2023\/05\/Yseult-wearing-Alexander-McQueen-1.jpeg?w=683\" alt=\"Los mejores looks del Festival de Cine de Cannes 2023\" width=\"683\" height=\"1024\" \/><figcaption id=\"caption-attachment-125328\" class=\"wp-caption-text\">Los mejores looks del Festival de Cine de Cannes 2023<\/figcaption><\/figure>\n<p>Como una rosa, Yseult viste un inolvidable vestido de\u00a0 Alexander McQueen en el estreno de &#8216;Indiana Jones and The Dial of Destiny&#8217;.<\/p>\n<h3>Gemma Chan<\/h3>\n<p><img loading=\"lazy\" decoding=\"async\" class=\"size-large wp-image-125330\" src=\"https:\/\/graziamagazine.com\/mx\/wp-content\/uploads\/sites\/13\/2023\/05\/unnamed.jpg?w=683\" alt=\"\" width=\"683\" height=\"1024\" \/><\/p>\n<p>La actriz lleva un vestido hecho a medida de seda rojo y sandalias de sat\u00e9n negras de Louis Vuitton. Los combina con un anillo y pendientes de oro blanco con diamantes de la colecci\u00f3n de Alta Joyer\u00eda de la Maison.<\/p>\n<h3><strong>Gabrielle Caunesil<img loading=\"lazy\" decoding=\"async\" class=\"alignnone size-large wp-image-125329\" src=\"https:\/\/graziamagazine.com\/mx\/wp-content\/uploads\/sites\/13\/2023\/05\/FwbP-ONWAAYFEuR.jpg?w=683\" alt=\"\" width=\"683\" height=\"1024\" \/><\/strong><\/h3>\n<p style=\"font-weight: 400\">La modelo e influencer francesa\u00a0ha elegido piezas de Pomellato durante la alfombra roja junto a un vestido rosa de tul y diamantes.<\/p>\n<h3>Nadia Tereszkiewicz<img loading=\"lazy\" decoding=\"async\" class=\"alignnone size-large wp-image-125325\" src=\"https:\/\/graziamagazine.com\/mx\/wp-content\/uploads\/sites\/13\/2023\/05\/unnamed-18.jpg?w=674\" alt=\"\" width=\"674\" height=\"1024\" \/><\/h3>\n<p>Vestida de Dior por Maria Grazia Chiuri, Nadia llevo un vestido\u00a0plisado blanco hueso de Dior Haute Couture. Maquillaje de Dior.<\/p>\n<h3>Karlie Kloss<img loading=\"lazy\" decoding=\"async\" class=\"alignnone size-large wp-image-125331\" src=\"https:\/\/graziamagazine.com\/mx\/wp-content\/uploads\/sites\/13\/2023\/05\/unnamed-21.jpg?w=655\" alt=\"\" width=\"655\" height=\"1024\" \/><\/h3>\n<p>La super modelo desfilo con un un vestido de muselina amarilla de Dior Haute Couture.<\/p>\n<h3>Juliette Armanet<img loading=\"lazy\" decoding=\"async\" class=\"alignnone size-large wp-image-125326\" src=\"https:\/\/graziamagazine.com\/mx\/wp-content\/uploads\/sites\/13\/2023\/05\/unnamed-19.jpg?w=681\" alt=\"\" width=\"681\" height=\"1024\" \/><\/h3>\n<p>Juliette llego con un vestido largo Dior en crepe de seda.<\/p>\n<h3>Nadia Tereszkiewicz<img loading=\"lazy\" decoding=\"async\" class=\"alignnone size-large wp-image-125327\" src=\"https:\/\/graziamagazine.com\/mx\/wp-content\/uploads\/sites\/13\/2023\/05\/unnamed-20.jpg?w=683\" alt=\"\" width=\"683\" height=\"1024\" \/><\/h3>\n<p>Con un atuendo poco convencional pero sin perder el estilo, Nadia llev\u00f3 un overall denim de la firma Dior.<\/p>\n<h3>Orelsan<\/h3>\n<figure id=\"attachment_125333\" aria-describedby=\"caption-attachment-125333\" style=\"width: 679px\" class=\"wp-caption alignnone\"><img loading=\"lazy\" decoding=\"async\" class=\"size-large wp-image-125333\" src=\"https:\/\/graziamagazine.com\/mx\/wp-content\/uploads\/sites\/13\/2023\/05\/unnamed-22.jpg?w=679\" alt=\"Los mejores looks del Festival de Cine de Cannes 2023\" width=\"679\" height=\"1024\" \/><figcaption id=\"caption-attachment-125333\" class=\"wp-caption-text\">Los mejores looks del Festival de Cine de Cannes 2023<\/figcaption><\/figure>\n<p>Llevaba un traje de trabajo de algod\u00f3n gris claro, una camisa cl\u00e1sica de algod\u00f3n blanco y un par de zapatillas WARP blancas.<\/p>\n<h3>Guan Xiaotong<img loading=\"lazy\" decoding=\"async\" class=\"alignnone size-large wp-image-125334\" src=\"https:\/\/graziamagazine.com\/mx\/wp-content\/uploads\/sites\/13\/2023\/05\/4-121317.jpg?w=1024\" alt=\"\" width=\"1024\" height=\"576\" \/><\/h3>\n<p>La actriz china llev\u00f3 un vestido de alta costura y escote palabra de honor de la colecci\u00f3n de primavera 2023 de\u00a0Maison Valentino\u00a0en color negro con un top en plateado.<\/p>\n<h3>Gong Li<\/h3>\n<figure id=\"attachment_125495\" aria-describedby=\"caption-attachment-125495\" style=\"width: 683px\" class=\"wp-caption alignnone\"><img loading=\"lazy\" decoding=\"async\" class=\"size-large wp-image-125495\" src=\"https:\/\/graziamagazine.com\/mx\/wp-content\/uploads\/sites\/13\/2023\/05\/gong-li-attends-the-jeanne-du-barry-screening-opening-news-photo-1684310931.jpg?w=683\" alt=\"Los mejores looks del Festival de Cine de Cannes 2023\" width=\"683\" height=\"885\" \/><figcaption id=\"caption-attachment-125495\" class=\"wp-caption-text\">Los mejores looks del Festival de Cine de Cannes 2023<\/figcaption><\/figure>\n<p>Con un vestido negro en dos texturas y cola, Gong asisti\u00f3 a la Premiere de &#8216;Jeanne du Barry&#8217;.<\/p>\n<h3>Victoria Bonya<\/h3>\n<figure id=\"attachment_125496\" aria-describedby=\"caption-attachment-125496\" style=\"width: 682px\" class=\"wp-caption alignnone\"><img loading=\"lazy\" decoding=\"async\" class=\"size-large wp-image-125496\" src=\"https:\/\/graziamagazine.com\/mx\/wp-content\/uploads\/sites\/13\/2023\/05\/victoria-bonya-attends-the-jeanne-du-barry-screening-news-photo-1684312293.jpg?w=682\" alt=\"Los mejores looks del Festival de Cine de Cannes 2023\" width=\"682\" height=\"1024\" \/><figcaption id=\"caption-attachment-125496\" class=\"wp-caption-text\">Los mejores looks del Festival de Cine de Cannes 2023<\/figcaption><\/figure>\n<p>El glamour y la extravagancia se ven reflejados en el vestido de plumas verde de Victoria Bonya.<\/p>\n<h3>Fr\u00e9d\u00e9rique Bel<\/h3>\n<figure id=\"attachment_125497\" aria-describedby=\"caption-attachment-125497\" style=\"width: 681px\" class=\"wp-caption alignnone\"><img loading=\"lazy\" decoding=\"async\" class=\"size-large wp-image-125497\" src=\"https:\/\/graziamagazine.com\/mx\/wp-content\/uploads\/sites\/13\/2023\/05\/fr-c3-a9d-c3-a9rique-bel-attends-the-jeanne-du-barry-screening-news-photo-1684312376.jpg?w=681\" alt=\"Los mejores looks del Festival de Cine de Cannes 2023\" width=\"681\" height=\"1024\" \/><figcaption id=\"caption-attachment-125497\" class=\"wp-caption-text\">Los mejores looks del Festival de Cine de Cannes 2023<\/figcaption><\/figure>\n<p>Con un look Vintage, Fr\u00e9d\u00e9rique Bel luci\u00f3 un vestido con escote profundo negro y mangas abullonadas en tul con destellos palo de rosa.<\/p>\n<h3>Martina Cariddi<\/h3>\n<figure id=\"attachment_125499\" aria-describedby=\"caption-attachment-125499\" style=\"width: 683px\" class=\"wp-caption alignnone\"><img loading=\"lazy\" decoding=\"async\" class=\"size-large wp-image-125499\" src=\"https:\/\/graziamagazine.com\/mx\/wp-content\/uploads\/sites\/13\/2023\/05\/martina-cariddi-attends-the-jeanne-du-barry-screening-news-photo-1684311646.jpg?w=683\" alt=\"Los mejores looks del Festival de Cine de Cannes 2023\" width=\"683\" height=\"1024\" \/><figcaption id=\"caption-attachment-125499\" class=\"wp-caption-text\">Los mejores looks del Festival de Cine de Cannes 2023<\/figcaption><\/figure>\n<p>La actriz espa\u00f1ola fue fiel a su estilo. Con un conjunto negro que se compone de un blazer y una falda negra de encaje, el accesorio fue una clave pieza para el \u00e9xito de este look.<\/p>\n<h3>John C. Reilly<\/h3>\n<figure id=\"attachment_125498\" aria-describedby=\"caption-attachment-125498\" style=\"width: 731px\" class=\"wp-caption alignnone\"><img loading=\"lazy\" decoding=\"async\" class=\"size-large wp-image-125498\" src=\"https:\/\/graziamagazine.com\/mx\/wp-content\/uploads\/sites\/13\/2023\/05\/john-c-reilly-at-the-jeanne-du-barry-screening-opening-news-photo-1684312127.jpg?w=731\" alt=\"Los mejores looks del Festival de Cine de Cannes 2023\" width=\"731\" height=\"1024\" \/><figcaption id=\"caption-attachment-125498\" class=\"wp-caption-text\">Los mejores looks del Festival de Cine de Cannes 2023<\/figcaption><\/figure>\n<p>El actor lleg\u00f3 con un esmoquin casual en color negro. El mo\u00f1o le dio un toque \u00fanico al estilo de John.<\/p>\n<h3>Guan Xiaotong<\/h3>\n<figure id=\"attachment_125502\" aria-describedby=\"caption-attachment-125502\" style=\"width: 683px\" class=\"wp-caption alignnone\"><img loading=\"lazy\" decoding=\"async\" class=\"size-large wp-image-125502\" src=\"https:\/\/graziamagazine.com\/mx\/wp-content\/uploads\/sites\/13\/2023\/05\/guan-xiaotong-attending-the-jeanne-du-barry-premiere-during-news-photo-1684310156.jpg?w=683\" alt=\"Los mejores looks del Festival de Cine de Cannes 2023\" width=\"683\" height=\"1024\" \/><figcaption id=\"caption-attachment-125502\" class=\"wp-caption-text\">Los mejores looks del Festival de Cine de Cannes 2023<\/figcaption><\/figure>\n<p>Un delicado y elegante vestido largo <em>strapless<\/em> con cortes en la falda y olanes brillantes en el pecho.<\/p>\n<h3>Chika Ike<\/h3>\n<figure id=\"attachment_125500\" aria-describedby=\"caption-attachment-125500\" style=\"width: 980px\" class=\"wp-caption alignnone\"><img loading=\"lazy\" decoding=\"async\" class=\"size-large wp-image-125500\" src=\"https:\/\/graziamagazine.com\/mx\/wp-content\/uploads\/sites\/13\/2023\/05\/chika-ike-attends-the-jeanne-du-barry-screening-opening-news-photo-1684314112.jpg?w=980\" alt=\"Los mejores looks del Festival de Cine de Cannes 2023\" width=\"980\" height=\"654\" \/><figcaption id=\"caption-attachment-125500\" class=\"wp-caption-text\">Los mejores looks del Festival de Cine de Cannes 2023<\/figcaption><\/figure>\n<p>Algunas celebridades se atrevieron a llevar colores brillantes a la alfombra roja. Una de ellas fue Chika Ike que nos dejo encantados con su gran vestido largo de sirena y una capa con mangas abullonadas.<\/p>\n<h3>Delphine Ernotte<\/h3>\n<figure id=\"attachment_125501\" aria-describedby=\"caption-attachment-125501\" style=\"width: 683px\" class=\"wp-caption alignnone\"><img loading=\"lazy\" decoding=\"async\" class=\"size-large wp-image-125501\" src=\"https:\/\/graziamagazine.com\/mx\/wp-content\/uploads\/sites\/13\/2023\/05\/delphine-ernotte-attends-the-jeanne-du-barry-screening-news-photo-1684310405.jpg?w=683\" alt=\"Los mejores looks del Festival de Cine de Cannes 2023\" width=\"683\" height=\"1024\" \/><figcaption id=\"caption-attachment-125501\" class=\"wp-caption-text\">Los mejores looks del Festival de Cine de Cannes 2023<\/figcaption><\/figure>\n<p>La elegancia y sencillez en un solo look. Delphine dio paso con una falda larga de lentejuelas plata y negras combinandola con una camisa blanca.<\/p>\n<h3>Julia Ducournau<\/h3>\n<figure id=\"attachment_125504\" aria-describedby=\"caption-attachment-125504\" style=\"width: 683px\" class=\"wp-caption alignnone\"><img loading=\"lazy\" decoding=\"async\" class=\"size-large wp-image-125504\" src=\"https:\/\/graziamagazine.com\/mx\/wp-content\/uploads\/sites\/13\/2023\/05\/julia-ducournau-during-the-opening-ceremony-at-the-76th-news-photo-1684311271.jpg?w=683\" alt=\"Los mejores looks del Festival de Cine de Cannes 2023\" width=\"683\" height=\"963\" \/><figcaption id=\"caption-attachment-125504\" class=\"wp-caption-text\">Los mejores looks del Festival de Cine de Cannes 2023<\/figcaption><\/figure>\n<p>El hermoso vestido pantal\u00f3n en color negro con capa larga. Las delicada aplicaciones que descend\u00edan de la falda nos recuerdan a una m\u00e1gica cascada de flores.<\/p>\n<h3>Daphne Burki<\/h3>\n<figure id=\"attachment_125503\" aria-describedby=\"caption-attachment-125503\" style=\"width: 683px\" class=\"wp-caption alignnone\"><img loading=\"lazy\" decoding=\"async\" class=\"size-large wp-image-125503\" src=\"https:\/\/graziamagazine.com\/mx\/wp-content\/uploads\/sites\/13\/2023\/05\/daphne-burki-attends-the-jeanne-du-barry-screening-opening-news-photo-1684312574.jpg?w=683\" alt=\"Los mejores looks del Festival de Cine de Cannes 2023\" width=\"683\" height=\"1024\" \/><figcaption id=\"caption-attachment-125503\" class=\"wp-caption-text\">Los mejores looks del Festival de Cine de Cannes 2023<\/figcaption><\/figure>\n<p>Con un look setentero, Daphne luci\u00f3 un traje de saco y pantal\u00f3n acampanado en colores plata y negro con patrones de rombos que eran un espect\u00e1culo visual.<\/p>\n<h3>Paola Turani<\/h3>\n<figure id=\"attachment_125505\" aria-describedby=\"caption-attachment-125505\" style=\"width: 683px\" class=\"wp-caption alignnone\"><img loading=\"lazy\" decoding=\"async\" class=\"size-large wp-image-125505\" src=\"https:\/\/graziamagazine.com\/mx\/wp-content\/uploads\/sites\/13\/2023\/05\/paola-turani-attends-the-jeanne-du-barry-screening-opening-news-photo-1684312510.jpg?w=683\" alt=\"Los mejores looks del Festival de Cine de Cannes 2023\" width=\"683\" height=\"1024\" \/><figcaption id=\"caption-attachment-125505\" class=\"wp-caption-text\">Los mejores looks del Festival de Cine de Cannes 2023<\/figcaption><\/figure>\n<p>Si lo que describe la palabra sensual en este vestido es lo correcto, Paola le ha dado al blanco. El ce\u00f1ido y elegante vestido con aplicaciones de plumas en el ruedo, nos sumerge en un espacio de los a\u00f1os 20.<\/p>\n<h3>Matthias Schweigh\u00f6fer<\/h3>\n<figure id=\"attachment_125506\" aria-describedby=\"caption-attachment-125506\" style=\"width: 683px\" class=\"wp-caption alignnone\"><img loading=\"lazy\" decoding=\"async\" class=\"size-large wp-image-125506\" src=\"https:\/\/graziamagazine.com\/mx\/wp-content\/uploads\/sites\/13\/2023\/05\/matthias-schweigh-c3-b6fer-attends-the-jeanne-du-barry-screening-news-photo-1684314497.jpg?w=683\" alt=\"Los mejores looks del Festival de Cine de Cannes 2023\" width=\"683\" height=\"1024\" \/><figcaption id=\"caption-attachment-125506\" class=\"wp-caption-text\">Los mejores looks del Festival de Cine de Cannes 2023<\/figcaption><\/figure>\n<p>Para la premier de &#8216;Jeanne du Barry&#8217;, Matthias port\u00f3 un traje completamente negro con mocasines charol.<\/p>\n<h3>Ruby O. Fee<\/h3>\n<figure id=\"attachment_125507\" aria-describedby=\"caption-attachment-125507\" style=\"width: 683px\" class=\"wp-caption alignnone\"><img loading=\"lazy\" decoding=\"async\" class=\"size-large wp-image-125507\" src=\"https:\/\/graziamagazine.com\/mx\/wp-content\/uploads\/sites\/13\/2023\/05\/ruby-o-fee-attends-the-jeanne-du-barry-screening-opening-news-photo-1684314258.jpg?w=683\" alt=\"Los mejores looks del Festival de Cine de Cannes 2023\" width=\"683\" height=\"1024\" \/><figcaption id=\"caption-attachment-125507\" class=\"wp-caption-text\">Los mejores looks del Festival de Cine de Cannes 2023<\/figcaption><\/figure>\n<p>Con un vestido negro largo, escote cuadrado y apertura en pierna, Ruby opt\u00f3 por combinar este look con unas gafas de sol futuristas.<\/p>\n<h3>Huang Lu<\/h3>\n<figure id=\"attachment_125531\" aria-describedby=\"caption-attachment-125531\" style=\"width: 682px\" class=\"wp-caption alignnone\"><img loading=\"lazy\" decoding=\"async\" class=\"size-large wp-image-125531\" src=\"https:\/\/graziamagazine.com\/mx\/wp-content\/uploads\/sites\/13\/2023\/05\/huang-lu-attends-the-opening-ceremony-gala-dinner-at-the-news-photo-1684314219.jpg?w=682\" alt=\"Los mejores looks del Festival de Cine de Cannes 2023\" width=\"682\" height=\"1024\" \/><figcaption id=\"caption-attachment-125531\" class=\"wp-caption-text\">Los mejores looks del Festival de Cine de Cannes 2023<\/figcaption><\/figure>\n<p>Vestido largo con hombreras en color lila con aplicaciones plata<\/p>\n<h3>Gene Simmons<\/h3>\n<figure id=\"attachment_125530\" aria-describedby=\"caption-attachment-125530\" style=\"width: 683px\" class=\"wp-caption alignnone\"><img loading=\"lazy\" decoding=\"async\" class=\"size-large wp-image-125530\" src=\"https:\/\/graziamagazine.com\/mx\/wp-content\/uploads\/sites\/13\/2023\/05\/gene-simmons-is-seen-at-hotel-le-majestic-during-the-76th-news-photo-1684311493.jpg?w=683\" alt=\"Los mejores looks del Festival de Cine de Cannes 2023\" width=\"683\" height=\"1024\" \/><figcaption id=\"caption-attachment-125530\" class=\"wp-caption-text\">Los mejores looks del Festival de Cine de Cannes 2023<\/figcaption><\/figure>\n<p>Sin duda lo casual siempre ser\u00e1 una buena opci\u00f3n. Gene opt\u00f3 por un look desenfadado acompa\u00f1ado de una chaqueta de cuero, playera negra y pantalones negros y tenis.<\/p>\n<h3>Simona Tabasco<\/h3>\n<figure id=\"attachment_125532\" aria-describedby=\"caption-attachment-125532\" style=\"width: 702px\" class=\"wp-caption alignnone\"><img loading=\"lazy\" decoding=\"async\" class=\"size-large wp-image-125532\" src=\"https:\/\/graziamagazine.com\/mx\/wp-content\/uploads\/sites\/13\/2023\/05\/simona-tabasco-attends-the-monster-screening-at-the-76th-news-photo-1684393664.jpg?w=702\" alt=\"Los mejores looks del Festival de Cine de Cannes 2023\" width=\"702\" height=\"1024\" \/><figcaption id=\"caption-attachment-125532\" class=\"wp-caption-text\">Los mejores looks del Festival de Cine de Cannes 2023<\/figcaption><\/figure>\n<p>Lo curioso de este vestido fueron las aplicaciones\u00a0 de flores en color amarillo y verde neon pastel que acompa\u00f1aban la silueta de un lienzo blanco.<\/p>\n<h3>Oph\u00e9lie M\u00e9zino<\/h3>\n<figure id=\"attachment_125533\" aria-describedby=\"caption-attachment-125533\" style=\"width: 683px\" class=\"wp-caption alignnone\"><img loading=\"lazy\" decoding=\"async\" class=\"size-large wp-image-125533\" src=\"https:\/\/graziamagazine.com\/mx\/wp-content\/uploads\/sites\/13\/2023\/05\/oph-c3-a9ly-m-c3-a9zino-attends-the-monster-screening-at-the-76th-news-photo-1684393718.jpg?w=683\" alt=\"Los mejores looks del Festival de Cine de Cannes 2023\" width=\"683\" height=\"945\" \/><figcaption id=\"caption-attachment-125533\" class=\"wp-caption-text\">Los mejores looks del Festival de Cine de Cannes 2023<\/figcaption><\/figure>\n<p>El vestido en color morado fue una buena elecci\u00f3n para brillar en la alfombra roja.<\/p>\n<h3>Rahi Chadda<\/h3>\n<figure id=\"attachment_125534\" aria-describedby=\"caption-attachment-125534\" style=\"width: 683px\" class=\"wp-caption alignnone\"><img loading=\"lazy\" decoding=\"async\" class=\"size-large wp-image-125534\" src=\"https:\/\/graziamagazine.com\/mx\/wp-content\/uploads\/sites\/13\/2023\/05\/rahi-chadda-attends-the-monster-red-carpet-during-the-76th-news-photo-1684394063.jpg?w=683\" alt=\"Los mejores looks del Festival de Cine de Cannes 2023\" width=\"683\" height=\"1024\" \/><figcaption id=\"caption-attachment-125534\" class=\"wp-caption-text\">Los mejores looks del Festival de Cine de Cannes 2023<\/figcaption><\/figure>\n<p>Rahi asisti\u00f3 a la premier de &#8216;Monster&#8217; con un look dram\u00e1tico en rojo con aplicaciones de cristales en manga y delantero del saco.<\/p>\n<h3>Soo Joo Park<\/h3>\n<figure id=\"attachment_125535\" aria-describedby=\"caption-attachment-125535\" style=\"width: 683px\" class=\"wp-caption alignnone\"><img loading=\"lazy\" decoding=\"async\" class=\"size-large wp-image-125535\" src=\"https:\/\/graziamagazine.com\/mx\/wp-content\/uploads\/sites\/13\/2023\/05\/soo-joo-park-attends-the-monster-red-carpet-during-the-76th-news-photo-1684394466.jpg?w=683\" alt=\"Los mejores looks del Festival de Cine de Cannes 2023\" width=\"683\" height=\"1024\" \/><figcaption id=\"caption-attachment-125535\" class=\"wp-caption-text\">Los mejores looks del Festival de Cine de Cannes 2023<\/figcaption><\/figure>\n<p>El hermoso vestido ce\u00f1ido a la esbelta figura de Soo, se convierte en un triunf\u00f3 en el Festival de Cannes 2023.<\/p>\n<h3>Zhang Yuqi<\/h3>\n<figure id=\"attachment_125536\" aria-describedby=\"caption-attachment-125536\" style=\"width: 683px\" class=\"wp-caption alignnone\"><img loading=\"lazy\" decoding=\"async\" class=\"size-large wp-image-125536\" src=\"https:\/\/graziamagazine.com\/mx\/wp-content\/uploads\/sites\/13\/2023\/05\/zhang-yuqi-attends-the-monster-red-carpet-during-the-76th-news-photo-1684394604.jpg?w=683\" alt=\"Los mejores looks del Festival de Cine de Cannes 2023\" width=\"683\" height=\"1024\" \/><figcaption id=\"caption-attachment-125536\" class=\"wp-caption-text\">Los mejores looks del Festival de Cine de Cannes 2023<\/figcaption><\/figure>\n<p>El curioso material con el que se realiz\u00f3 el vestido de Zhang, pareciera ser estar cortado por un l\u00e1ser en formas geom\u00e9tricas que dieron volumen en los hombros.<\/p>\n<h3>Rose Bertram<\/h3>\n<figure id=\"attachment_125537\" aria-describedby=\"caption-attachment-125537\" style=\"width: 683px\" class=\"wp-caption alignnone\"><img loading=\"lazy\" decoding=\"async\" class=\"size-large wp-image-125537\" src=\"https:\/\/graziamagazine.com\/mx\/wp-content\/uploads\/sites\/13\/2023\/05\/rose-bertram-attends-the-le-retour-red-carpet-during-the-news-photo-1684394932.jpg?w=683\" alt=\"Los mejores looks del Festival de Cine de Cannes 2023\" width=\"683\" height=\"1024\" \/><figcaption id=\"caption-attachment-125537\" class=\"wp-caption-text\">Los mejores looks del Festival de Cine de Cannes 2023<\/figcaption><\/figure>\n<p>Una oda a su nombre, Rose llevo un vestido rojo con que la envolv\u00edan como si fuera una delicada rosa.<\/p>\n<h3>Pia Wurtzbach<\/h3>\n<figure id=\"attachment_125538\" aria-describedby=\"caption-attachment-125538\" style=\"width: 682px\" class=\"wp-caption alignnone\"><img loading=\"lazy\" decoding=\"async\" class=\"size-large wp-image-125538\" src=\"https:\/\/graziamagazine.com\/mx\/wp-content\/uploads\/sites\/13\/2023\/05\/pia-wurtzbach-attends-the-le-retour-red-carpet-during-the-news-photo-1684395296.jpg?w=682\" alt=\"Los mejores looks del Festival de Cine de Cannes 2023\" width=\"682\" height=\"989\" \/><figcaption id=\"caption-attachment-125538\" class=\"wp-caption-text\">Los mejores looks del Festival de Cine de Cannes 2023<\/figcaption><\/figure>\n<p>Pia opt\u00f3 por un look asim\u00e9trico en color rojo brillante, envuelta por lentejuelas y un cuello en pico.<\/p>\n<h3>Araya Hargate<\/h3>\n<figure id=\"attachment_125529\" aria-describedby=\"caption-attachment-125529\" style=\"width: 980px\" class=\"wp-caption alignnone\"><img loading=\"lazy\" decoding=\"async\" class=\"size-large wp-image-125529\" src=\"https:\/\/graziamagazine.com\/mx\/wp-content\/uploads\/sites\/13\/2023\/05\/araya-hargate-attends-the-monster-red-carpet-during-the-news-photo-1684395634.jpg?w=980\" alt=\"Los mejores looks del Festival de Cine de Cannes 2023\" width=\"980\" height=\"654\" \/><figcaption id=\"caption-attachment-125529\" class=\"wp-caption-text\">Los mejores looks del Festival de Cine de Cannes 2023<\/figcaption><\/figure>\n<p>Tul, tul y m\u00e1s tul. Envuelta en muchos metros de tela, Araya luci\u00f3 un gran vestido de capas en la alfombra roja.<\/p>\n<p><em><strong>*IMAGEN: Cortes\u00eda<\/strong><\/em><\/p>\n<p>&nbsp;<\/p>\n<h2 class=\"BaseWrap-sc-gjQpdd BaseText-ewhhUZ GallerySlideCaptionHed-fiZQOl iUEiRd knlBl grNYxq\"><\/h2>\n","protected":false},"author":28953,"featured_media":125248,"template":"","format":"standard","categories":[4],"acf":[],"yoast_head":"<!-- This site is optimized with the Yoast SEO Premium plugin v18.5 (Yoast SEO v20.4) - https:\/\/yoast.com\/wordpress\/plugins\/seo\/ -->\n<title>Los mejores looks del Festival de Cine de Cannes 2023<\/title>\n<meta name=\"description\" content=\"La red carpet que honra al s\u00e9ptimo arte ha llegado no solo con los pr\u00f3ximos estrenos, tambi\u00e9n con celebridades y llamativos looks de gala\" \/>\n<meta name=\"robots\" content=\"index, follow, max-snippet:-1, max-image-preview:large, max-video-preview:-1\" \/>\n<link rel=\"canonical\" href=\"https:\/\/graziamagazine.com\/mx\/articles\/los-mejores-looks-del-festival-de-cine-de-cannes-2023\/\" \/>\n<meta property=\"og:locale\" content=\"es_MX\" \/>\n<meta property=\"og:type\" content=\"article\" \/>\n<meta property=\"og:title\" content=\"Los mejores looks del Festival de Cine de Cannes 2023\" \/>\n<meta property=\"og:description\" content=\"La red carpet que honra al s\u00e9ptimo arte ha llegado no solo con los pr\u00f3ximos estrenos, tambi\u00e9n con celebridades y llamativos looks de gala\" \/>\n<meta property=\"og:url\" content=\"https:\/\/graziamagazine.com\/mx\/articles\/los-mejores-looks-del-festival-de-cine-de-cannes-2023\/\" \/>\n<meta property=\"og:site_name\" content=\"Grazia M\u00e9xico y Latinoam\u00e9rica\" \/>\n<meta property=\"article:modified_time\" content=\"2023-05-24T00:29:17+00:00\" \/>\n<meta property=\"og:image\" content=\"https:\/\/graziamagazine.com\/mx\/wp-content\/uploads\/sites\/13\/2023\/05\/Elle-Fanning-wearing-Alexander-McQueen-3.jpg\" \/>\n\t<meta property=\"og:image:width\" content=\"1024\" \/>\n\t<meta property=\"og:image:height\" content=\"683\" \/>\n\t<meta property=\"og:image:type\" content=\"image\/jpeg\" \/>\n<meta name=\"twitter:card\" content=\"summary_large_image\" \/>\n<meta name=\"twitter:label1\" content=\"Est. reading time\" \/>\n\t<meta name=\"twitter:data1\" content=\"28 minutos\" \/>\n<script type=\"application\/ld+json\" class=\"yoast-schema-graph\">{\"@context\":\"https:\/\/schema.org\",\"@graph\":[{\"@type\":\"WebPage\",\"@id\":\"https:\/\/graziamagazine.com\/mx\/articles\/los-mejores-looks-del-festival-de-cine-de-cannes-2023\/\",\"url\":\"https:\/\/graziamagazine.com\/mx\/articles\/los-mejores-looks-del-festival-de-cine-de-cannes-2023\/\",\"name\":\"Los mejores looks del Festival de Cine de Cannes 2023\",\"isPartOf\":{\"@id\":\"https:\/\/graziamagazine.com\/mx\/#website\"},\"datePublished\":\"2023-05-16T23:11:22+00:00\",\"dateModified\":\"2023-05-24T00:29:17+00:00\",\"description\":\"La red carpet que honra al s\u00e9ptimo arte ha llegado no solo con los pr\u00f3ximos estrenos, tambi\u00e9n con celebridades y llamativos looks de gala\",\"breadcrumb\":{\"@id\":\"https:\/\/graziamagazine.com\/mx\/articles\/los-mejores-looks-del-festival-de-cine-de-cannes-2023\/#breadcrumb\"},\"inLanguage\":\"es-MX\",\"potentialAction\":[{\"@type\":\"ReadAction\",\"target\":[\"https:\/\/graziamagazine.com\/mx\/articles\/los-mejores-looks-del-festival-de-cine-de-cannes-2023\/\"]}]},{\"@type\":\"BreadcrumbList\",\"@id\":\"https:\/\/graziamagazine.com\/mx\/articles\/los-mejores-looks-del-festival-de-cine-de-cannes-2023\/#breadcrumb\",\"itemListElement\":[{\"@type\":\"ListItem\",\"position\":1,\"name\":\"Home\",\"item\":\"https:\/\/graziamagazine.com\/mx\/\"},{\"@type\":\"ListItem\",\"position\":2,\"name\":\"Los mejores looks del Festival de Cine de Cannes 2023\"}]},{\"@type\":\"WebSite\",\"@id\":\"https:\/\/graziamagazine.com\/mx\/#website\",\"url\":\"https:\/\/graziamagazine.com\/mx\/\",\"name\":\"Grazia M\u00e9xico y Latinoam\u00e9rica\",\"description\":\"Grazia es moda, belleza y noticias  de actualidad \",\"potentialAction\":[{\"@type\":\"SearchAction\",\"target\":{\"@type\":\"EntryPoint\",\"urlTemplate\":\"https:\/\/graziamagazine.com\/mx\/?s={search_term_string}\"},\"query-input\":\"required name=search_term_string\"}],\"inLanguage\":\"es-MX\"}]}<\/script>\n<!-- \/ Yoast SEO Premium plugin. -->","yoast_head_json":{"title":"Los mejores looks del Festival de Cine de Cannes 2023","description":"La red carpet que honra al s\u00e9ptimo arte ha llegado no solo con los pr\u00f3ximos estrenos, tambi\u00e9n con celebridades y llamativos looks de gala","robots":{"index":"index","follow":"follow","max-snippet":"max-snippet:-1","max-image-preview":"max-image-preview:large","max-video-preview":"max-video-preview:-1"},"canonical":"https:\/\/graziamagazine.com\/mx\/articles\/los-mejores-looks-del-festival-de-cine-de-cannes-2023\/","og_locale":"es_MX","og_type":"article","og_title":"Los mejores looks del Festival de Cine de Cannes 2023","og_description":"La red carpet que honra al s\u00e9ptimo arte ha llegado no solo con los pr\u00f3ximos estrenos, tambi\u00e9n con celebridades y llamativos looks de gala","og_url":"https:\/\/graziamagazine.com\/mx\/articles\/los-mejores-looks-del-festival-de-cine-de-cannes-2023\/","og_site_name":"Grazia M\u00e9xico y Latinoam\u00e9rica","article_modified_time":"2023-05-24T00:29:17+00:00","og_image":[{"url":"https:\/\/graziamagazine.com\/mx\/wp-content\/uploads\/sites\/13\/2023\/05\/Elle-Fanning-wearing-Alexander-McQueen-3.jpg","width":1024,"height":683,"type":"image\/jpeg"}],"twitter_card":"summary_large_image","twitter_misc":{"Est. reading time":"28 minutos"},"schema":{"@context":"https:\/\/schema.org","@graph":[{"@type":"WebPage","@id":"https:\/\/graziamagazine.com\/mx\/articles\/los-mejores-looks-del-festival-de-cine-de-cannes-2023\/","url":"https:\/\/graziamagazine.com\/mx\/articles\/los-mejores-looks-del-festival-de-cine-de-cannes-2023\/","name":"Los mejores looks del Festival de Cine de Cannes 2023","isPartOf":{"@id":"https:\/\/graziamagazine.com\/mx\/#website"},"datePublished":"2023-05-16T23:11:22+00:00","dateModified":"2023-05-24T00:29:17+00:00","description":"La red carpet que honra al s\u00e9ptimo arte ha llegado no solo con los pr\u00f3ximos estrenos, tambi\u00e9n con celebridades y llamativos looks de gala","breadcrumb":{"@id":"https:\/\/graziamagazine.com\/mx\/articles\/los-mejores-looks-del-festival-de-cine-de-cannes-2023\/#breadcrumb"},"inLanguage":"es-MX","potentialAction":[{"@type":"ReadAction","target":["https:\/\/graziamagazine.com\/mx\/articles\/los-mejores-looks-del-festival-de-cine-de-cannes-2023\/"]}]},{"@type":"BreadcrumbList","@id":"https:\/\/graziamagazine.com\/mx\/articles\/los-mejores-looks-del-festival-de-cine-de-cannes-2023\/#breadcrumb","itemListElement":[{"@type":"ListItem","position":1,"name":"Home","item":"https:\/\/graziamagazine.com\/mx\/"},{"@type":"ListItem","position":2,"name":"Los mejores looks del Festival de Cine de Cannes 2023"}]},{"@type":"WebSite","@id":"https:\/\/graziamagazine.com\/mx\/#website","url":"https:\/\/graziamagazine.com\/mx\/","name":"Grazia M\u00e9xico y Latinoam\u00e9rica","description":"Grazia es moda, belleza y noticias  de actualidad ","potentialAction":[{"@type":"SearchAction","target":{"@type":"EntryPoint","urlTemplate":"https:\/\/graziamagazine.com\/mx\/?s={search_term_string}"},"query-input":"required name=search_term_string"}],"inLanguage":"es-MX"}]}},"jetpack_sharing_enabled":true,"distributor_meta":false,"distributor_terms":false,"distributor_media":false,"distributor_original_site_name":"Grazia M\u00e9xico y Latinoam\u00e9rica","distributor_original_site_url":"https:\/\/graziamagazine.com\/mx","push-errors":false,"_links":{"self":[{"href":"https:\/\/graziamagazine.com\/mx\/wp-json\/wp\/v2\/articles\/125233"}],"collection":[{"href":"https:\/\/graziamagazine.com\/mx\/wp-json\/wp\/v2\/articles"}],"about":[{"href":"https:\/\/graziamagazine.com\/mx\/wp-json\/wp\/v2\/types\/articles"}],"author":[{"embeddable":true,"href":"https:\/\/graziamagazine.com\/mx\/wp-json\/wp\/v2\/users\/28953"}],"wp:featuredmedia":[{"embeddable":true,"href":"https:\/\/graziamagazine.com\/mx\/wp-json\/wp\/v2\/media\/125248"}],"wp:attachment":[{"href":"https:\/\/graziamagazine.com\/mx\/wp-json\/wp\/v2\/media?parent=125233"}],"wp:term":[{"taxonomy":"category","embeddable":true,"href":"https:\/\/graziamagazine.com\/mx\/wp-json\/wp\/v2\/categories?post=125233"}],"curies":[{"name":"wp","href":"https:\/\/api.w.org\/{rel}","templated":true}]}}