{"id":125156,"date":"2023-05-15T17:09:20","date_gmt":"2023-05-15T22:09:20","guid":{"rendered":"https:\/\/graziamagazine.com\/mx\/?post_type=articles&#038;p=125156"},"modified":"2023-05-16T07:58:11","modified_gmt":"2023-05-16T12:58:11","slug":"estos-looks-quedaran-en-la-historia-del-festival-de-cine-de-cannes","status":"publish","type":"articles","link":"https:\/\/graziamagazine.com\/mx\/articles\/estos-looks-quedaran-en-la-historia-del-festival-de-cine-de-cannes\/","title":{"rendered":"Estos looks quedar\u00e1n en la historia del Festival de Cine de Cannes"},"content":{"rendered":"<p class=\"css-vqgwj6 exadjwu8\">El <strong>Festival de Cine de Cannes<\/strong> nos ofrece m\u00e1s que una despampanante alfombra roja. Nueve d\u00edas de celebraci\u00f3n y estrenos, toman fuerza por su legado original en el que los artistas se presentan con <strong>aut\u00e9nticos, elegantes y glamorosos looks.<\/strong><\/p>\n<p>A\u00f1o tras a\u00f1o, la moda apuesta por todos los estilos que <strong>pasar\u00e1n a la historia<\/strong> y que han inspirado a las pr\u00f3ximas generaciones que no solo son amantes del cine, sino tambi\u00e9n de la moda y la belleza.<\/p>\n<p>Celebridades como <strong>Kristen Stewart, Anne Hathaway, Blake Lively, Amal Clooney, Angelina Jolie, Emma Watson<\/strong>, solo por mencionar algunas, quedar\u00e1n en un gran legado dentro de la historia de la moda por sus originales atuendos en el Festival de Cine de Cannes.<\/p>\n<p>\u00a1Te compartimos una lista de los mejores looks!<\/p>\n<h3 class=\"css-1euv19 e1tmud0h7\"><span>Diana, princesa de Gales<\/span><\/h3>\n<figure id=\"attachment_125197\" aria-describedby=\"caption-attachment-125197\" style=\"width: 685px\" class=\"wp-caption alignnone\"><img loading=\"lazy\" decoding=\"async\" class=\"wp-image-125197 size-large\" src=\"https:\/\/graziamagazine.com\/mx\/wp-content\/uploads\/sites\/13\/2023\/05\/1494409185-cannes-princess-diana.jpg?w=685\" alt=\"Estos looks quedar\u00e1n en la historia del Festival de Cine de Cannes\" width=\"685\" height=\"1024\" \/><figcaption id=\"caption-attachment-125197\" class=\"wp-caption-text\">Estos looks quedar\u00e1n en la historia del Festival de Cine de Cannes<\/figcaption><\/figure>\n<p>Comenzando esta alfombra roja de los mejore looks del Festival de Cine de Cannes, La Princesa Diana quedar\u00e1 por siempre en la historia de la moda por sus ic\u00f3nicos looks que la hac\u00edan tan autentica. Irradiando una gran luz, la princesa asisti\u00f3 a una<span>\u00a0noche de gala en honor a Sir Alec Guinnes <\/span><span class=\"redactor-invisible-space\" data-verified=\"redactor\" data-redactor-tag=\"span\" data-redactor-class=\"redactor-invisible-space\"><span>, 1987 con un vestido de Catherine Waker.<\/span><\/span><\/p>\n<h3 class=\"css-1euv19 e1tmud0h7\">Anne Hathaway<\/h3>\n<figure id=\"attachment_125204\" aria-describedby=\"caption-attachment-125204\" style=\"width: 684px\" class=\"wp-caption alignnone\"><img loading=\"lazy\" decoding=\"async\" class=\"size-large wp-image-125204\" src=\"https:\/\/graziamagazine.com\/mx\/wp-content\/uploads\/sites\/13\/2023\/05\/Captura-de-Pantalla-2023-05-16-a-las-6.14.14.png?w=684\" alt=\"Estos looks quedar\u00e1n en la historia del Festival de Cine de Cannes\" width=\"684\" height=\"1024\" \/><figcaption id=\"caption-attachment-125204\" class=\"wp-caption-text\">Estos looks quedar\u00e1n en la historia del Festival de Cine de Cannes<\/figcaption><\/figure>\n<p>Una de las favoritas en todas las alfombras rojas. Anne Hathaway no deja de brillar con aut\u00e9nticos looks. Portando un vestido Armani Priv\u00e9 y un\u00a0collar de la prestigiosa firma Bulgari.<\/p>\n<h3 class=\"css-1euv19 e1tmud0h7\">Amal Clooney<\/h3>\n<figure id=\"attachment_125216\" aria-describedby=\"caption-attachment-125216\" style=\"width: 682px\" class=\"wp-caption alignnone\"><img loading=\"lazy\" decoding=\"async\" class=\"size-large wp-image-125216\" src=\"https:\/\/graziamagazine.com\/mx\/wp-content\/uploads\/sites\/13\/2023\/05\/amal-clooney-cannes-2016.jpg?w=682\" alt=\"Estos looks quedar\u00e1n en la historia del Festival de Cine de Cannes\" width=\"682\" height=\"1024\" \/><figcaption id=\"caption-attachment-125216\" class=\"wp-caption-text\">Estos looks quedar\u00e1n en la historia del Festival de Cine de Cannes<\/figcaption><\/figure>\n<p>En 2016 la esposa del talentoso actor George Cloony luci\u00f3 un vestido Armani en color amarillo pastel.<\/p>\n<h3 class=\"css-1euv19 e1tmud0h7\">Blake Lively<\/h3>\n<figure id=\"attachment_125199\" aria-describedby=\"caption-attachment-125199\" style=\"width: 640px\" class=\"wp-caption alignnone\"><img loading=\"lazy\" decoding=\"async\" class=\"size-large wp-image-125199\" src=\"https:\/\/graziamagazine.com\/mx\/wp-content\/uploads\/sites\/13\/2023\/05\/15892915663784.jpg?w=640\" alt=\"Estos looks quedar\u00e1n en la historia del Festival de Cine de Cannes\" width=\"640\" height=\"925\" \/><figcaption id=\"caption-attachment-125199\" class=\"wp-caption-text\">Estos looks quedar\u00e1n en la historia del Festival de Cine de Cannes<\/figcaption><\/figure>\n<p>Iluminando la alfombra roja con su gran porte, la actriz Blake Lively no deja de sorprendernos. En 2014 se vio a la celebridad con un dise\u00f1o exclusivo de Gucci Premi\u00e8re.<\/p>\n<h3 class=\"css-1euv19 e1tmud0h7\">Elle Fanning<\/h3>\n<figure id=\"attachment_125205\" aria-describedby=\"caption-attachment-125205\" style=\"width: 683px\" class=\"wp-caption alignnone\"><img loading=\"lazy\" decoding=\"async\" class=\"size-large wp-image-125205\" src=\"https:\/\/graziamagazine.com\/mx\/wp-content\/uploads\/sites\/13\/2023\/05\/elle-fanning-attends-the-screening-of-top-gun-maverick-news-photo-1684145035.jpg?w=683\" alt=\"Estos looks quedar\u00e1n en la historia del Festival de Cine de Cannes\" width=\"683\" height=\"1024\" \/><figcaption id=\"caption-attachment-125205\" class=\"wp-caption-text\">Estos looks quedar\u00e1n en la historia del Festival de Cine de Cannes<\/figcaption><\/figure>\n<p>Para el estreno de la aclamada pel\u00edcula <em>Top Gun: Maverick<\/em> , 2022, Elle opt\u00f3 por un dulce y elegante vestido de la firma Armani Priv\u00e9.<\/p>\n<h3 class=\"css-1euv19 e1tmud0h7\">Marion Cotillard<\/h3>\n<figure id=\"attachment_125210\" aria-describedby=\"caption-attachment-125210\" style=\"width: 681px\" class=\"wp-caption alignnone\"><img loading=\"lazy\" decoding=\"async\" class=\"size-large wp-image-125210\" src=\"https:\/\/graziamagazine.com\/mx\/wp-content\/uploads\/sites\/13\/2023\/05\/original-144680603-master-jpg-2e7381de.jpg?w=681\" alt=\"Estos looks quedar\u00e1n en la historia del Festival de Cine de Cannes\" width=\"681\" height=\"1024\" \/><figcaption id=\"caption-attachment-125210\" class=\"wp-caption-text\">Estos looks quedar\u00e1n en la historia del Festival de Cine de Cannes<\/figcaption><\/figure>\n<p>Con un porte que hace distinguir a esta actriz en donde sea que est\u00e9, Marion camin\u00f3 por la alfombra roja en el estreno\u00a0<em data-redactor-tag=\"em\">de De Rouille et D&#8217;os , <\/em>2012, con un vestido de la Maison Dior.<\/p>\n<h3 class=\"css-1euv19 e1tmud0h7\">Angelina Jolie<\/h3>\n<figure id=\"attachment_125200\" aria-describedby=\"caption-attachment-125200\" style=\"width: 640px\" class=\"wp-caption alignnone\"><img loading=\"lazy\" decoding=\"async\" class=\"size-large wp-image-125200\" src=\"https:\/\/graziamagazine.com\/mx\/wp-content\/uploads\/sites\/13\/2023\/05\/15892915724478.jpg?w=640\" alt=\"Estos looks quedar\u00e1n en la historia del Festival de Cine de Cannes\" width=\"640\" height=\"956\" \/><figcaption id=\"caption-attachment-125200\" class=\"wp-caption-text\">Estos looks quedar\u00e1n en la historia del Festival de Cine de Cannes<\/figcaption><\/figure>\n<p>Apostando por looks que la hacen distinguirse no solo por su belleza sino por el glamour, Angelina Jolie elige un color con el que no muchos se atreven a desfilar. Para el estreno de <em><span>Ocean&#8217;s 13<\/span><\/em><span> , 2007 la aclamada actriz port\u00f3 un vestido del dise\u00f1ador<\/span><span> Emanuel Ungaro.<\/span><\/p>\n<h3 class=\"css-1euv19 e1tmud0h7\">Emma Watson<\/h3>\n<figure id=\"attachment_125203\" aria-describedby=\"caption-attachment-125203\" style=\"width: 683px\" class=\"wp-caption alignnone\"><img loading=\"lazy\" decoding=\"async\" class=\"size-large wp-image-125203\" src=\"https:\/\/graziamagazine.com\/mx\/wp-content\/uploads\/sites\/13\/2023\/05\/Cannes-looks-from-day2-1.jpg?w=683\" alt=\"Estos looks quedar\u00e1n en la historia del Festival de Cine de Cannes\" width=\"683\" height=\"1024\" \/><figcaption id=\"caption-attachment-125203\" class=\"wp-caption-text\">Estos looks quedar\u00e1n en la historia del Festival de Cine de Cannes<\/figcaption><\/figure>\n<p>Chanel siempre presente. En un juego bicolor del iconico blanco y negro, la actriz brit\u00e1nica dej\u00f3 ver su encanto con un delicado y elegante vestido largo.<\/p>\n<div class=\"css-7o74ds e1tmud0h6\">\n<h3 class=\"css-1euv19 e1tmud0h7\">Lashana Lynch<\/h3>\n<figure id=\"attachment_125208\" aria-describedby=\"caption-attachment-125208\" style=\"width: 682px\" class=\"wp-caption alignnone\"><img loading=\"lazy\" decoding=\"async\" class=\"size-large wp-image-125208\" src=\"https:\/\/graziamagazine.com\/mx\/wp-content\/uploads\/sites\/13\/2023\/05\/lashana-lynch-attends-the-screening-of-final-cut-and-news-photo-1684145324.jpg?w=682\" alt=\"Estos looks quedar\u00e1n en la historia del Festival de Cine de Cannes\" width=\"682\" height=\"1024\" \/><figcaption id=\"caption-attachment-125208\" class=\"wp-caption-text\">Estos looks quedar\u00e1n en la historia del Festival de Cine de Cannes<\/figcaption><\/figure>\n<p>C\u00f3mo una diosa, Lynch ha conquistado a los espectadores con un look de la firma italiana Fendi para el estreno de <em>Final Cut (\u00a1Coupez!)<\/em> , 2022.<\/p>\n<div class=\"css-7o74ds e1tmud0h6\">\n<h3 class=\"css-1euv19 e1tmud0h7\">Viola Davis<\/h3>\n<figure id=\"attachment_125214\" aria-describedby=\"caption-attachment-125214\" style=\"width: 682px\" class=\"wp-caption alignnone\"><img loading=\"lazy\" decoding=\"async\" class=\"size-large wp-image-125214\" src=\"https:\/\/graziamagazine.com\/mx\/wp-content\/uploads\/sites\/13\/2023\/05\/viola-davis-attends-the-screening-of-top-gun-maverick-news-photo-1684146148.jpg?w=682\" alt=\"Estos looks quedar\u00e1n en la historia del Festival de Cine de Cannes\" width=\"682\" height=\"1024\" \/><figcaption id=\"caption-attachment-125214\" class=\"wp-caption-text\">Estos looks quedar\u00e1n en la historia del Festival de Cine de Cannes<\/figcaption><\/figure>\n<p>Sin duda alguna, la espera por ver a Viola Davis vale la pena. En 2022 la actriz inmortalizo un espectacular momento con un look de Alexander McQueen.<\/p>\n<h3 class=\"css-1euv19 e1tmud0h7\">Regina King<\/h3>\n<figure id=\"attachment_125201\" aria-describedby=\"caption-attachment-125201\" style=\"width: 491px\" class=\"wp-caption alignnone\"><img loading=\"lazy\" decoding=\"async\" class=\"size-large wp-image-125201\" src=\"https:\/\/graziamagazine.com\/mx\/wp-content\/uploads\/sites\/13\/2023\/05\/cannes-amfar-regina-king-1652708518.png?w=491\" alt=\"Estos looks quedar\u00e1n en la historia del Festival de Cine de Cannes\" width=\"491\" height=\"737\" \/><figcaption id=\"caption-attachment-125201\" class=\"wp-caption-text\">Estos looks quedar\u00e1n en la historia del Festival de Cine de Cannes<\/figcaption><\/figure>\n<p>Schiaparelli sabe como hacer su trabajo. Con un despampanante vestido abombado en blanco y negro, Regina King se present\u00f3 en Cannes amfAR Gala, 2021.<\/p>\n<div class=\"css-7o74ds e1tmud0h6\">\n<h3 class=\"css-1euv19 e1tmud0h7\">Isabelle Huppert<\/h3>\n<figure id=\"attachment_125207\" aria-describedby=\"caption-attachment-125207\" style=\"width: 682px\" class=\"wp-caption alignnone\"><img loading=\"lazy\" decoding=\"async\" class=\"size-large wp-image-125207\" src=\"https:\/\/graziamagazine.com\/mx\/wp-content\/uploads\/sites\/13\/2023\/05\/isabelle-huppert-attends-the-screening-of-forever-young-news-photo-1684146725.jpg?w=682\" alt=\"Estos looks quedar\u00e1n en la historia del Festival de Cine de Cannes\" width=\"682\" height=\"1024\" \/><figcaption id=\"caption-attachment-125207\" class=\"wp-caption-text\">Estos looks quedar\u00e1n en la historia del Festival de Cine de Cannes<\/figcaption><\/figure>\n<p>De la ic\u00f3nica firma Balenciaga, Isabelle ha permanecido en la historia de la moda gracias a un ic\u00f3nico look en verde vibrante.<\/p>\n<div class=\"css-7o74ds e1tmud0h6\">\n<h3 class=\"css-1euv19 e1tmud0h7\">Gemma Chan<\/h3>\n<figure id=\"attachment_125202\" aria-describedby=\"caption-attachment-125202\" style=\"width: 682px\" class=\"wp-caption alignnone\"><img loading=\"lazy\" decoding=\"async\" class=\"size-large wp-image-125202\" src=\"https:\/\/graziamagazine.com\/mx\/wp-content\/uploads\/sites\/13\/2023\/05\/cannes-gemma-1626605028.jpg?w=682\" alt=\"Estos looks quedar\u00e1n en la historia del Festival de Cine de Cannes\" width=\"682\" height=\"1024\" \/><figcaption id=\"caption-attachment-125202\" class=\"wp-caption-text\">Estos looks quedar\u00e1n en la historia del Festival de Cine de Cannes<\/figcaption><\/figure>\n<p>Gemma Chan se luci\u00f3 un Oscar de la Renta en la Ceremonia de Clausura y estreno de\u00a0<em>OSS 117: From Africa With Love<\/em> , 2021.<\/p>\n<h3 class=\"css-1euv19 e1tmud0h7\">Carey Mulligan<\/h3>\n<figure id=\"attachment_125211\" aria-describedby=\"caption-attachment-125211\" style=\"width: 682px\" class=\"wp-caption alignnone\"><img loading=\"lazy\" decoding=\"async\" class=\"size-large wp-image-125211\" src=\"https:\/\/graziamagazine.com\/mx\/wp-content\/uploads\/sites\/13\/2023\/05\/original-carey-mulligan-jpg-c622e5d6.jpg?w=682\" alt=\"Estos looks quedar\u00e1n en la historia del Festival de Cine de Cannes\" width=\"682\" height=\"1024\" \/><figcaption id=\"caption-attachment-125211\" class=\"wp-caption-text\">Estos looks quedar\u00e1n en la historia del Festival de Cine de Cannes<\/figcaption><\/figure>\n<p>Elegante y discreta, Carey opt\u00f3 por un vestido de la firma francesa Dior en el estreno de Ceremonia de apertura y\u00a0<em data-redactor-tag=\"em\">El gran Gatsby<\/em> , 2013.<\/p>\n<div class=\"css-7o74ds e1tmud0h6\">\n<h3 class=\"css-1euv19 e1tmud0h7\">Rihanna<\/h3>\n<figure id=\"attachment_125213\" aria-describedby=\"caption-attachment-125213\" style=\"width: 683px\" class=\"wp-caption alignnone\"><img loading=\"lazy\" decoding=\"async\" class=\"size-large wp-image-125213\" src=\"https:\/\/graziamagazine.com\/mx\/wp-content\/uploads\/sites\/13\/2023\/05\/rihanna-attends-the-okja-screening-during-the-70th-annual-news-photo-685676368-1557831587.jpg?w=683\" alt=\"Estos looks quedar\u00e1n en la historia del Festival de Cine de Cannes\" width=\"683\" height=\"1024\" \/><figcaption id=\"caption-attachment-125213\" class=\"wp-caption-text\">Estos looks quedar\u00e1n en la historia del Festival de Cine de Cannes<\/figcaption><\/figure>\n<p>La cantante es una de las m\u00e1s esperadas no solo por su presencia, sino por sus ic\u00f3nicos looks. Rihanna camin\u00f3 por la alfombra con un vestido Dior en el estreno de\u00a0<em>Okja<\/em>\u00a0, 2017<\/p>\n<div class=\"css-7o74ds e1tmud0h6\">\n<h3 class=\"css-1euv19 e1tmud0h7\">Julia Roberts<\/h3>\n<figure id=\"attachment_125195\" aria-describedby=\"caption-attachment-125195\" style=\"width: 682px\" class=\"wp-caption alignnone\"><img loading=\"lazy\" decoding=\"async\" class=\"size-large wp-image-125195\" src=\"https:\/\/graziamagazine.com\/mx\/wp-content\/uploads\/sites\/13\/2023\/05\/1494408873-cannes-julia-roberts.jpg?w=682\" alt=\"Estos looks quedar\u00e1n en la historia del Festival de Cine de Cannes\" width=\"682\" height=\"1024\" \/><figcaption id=\"caption-attachment-125195\" class=\"wp-caption-text\">Estos looks quedar\u00e1n en la historia del Festival de Cine de Cannes<\/figcaption><\/figure>\n<p>La actriz, Julia Roberts es una de las m\u00e1s aclamadas y esperadas en las ceremonias y alfombras rojas de cada a\u00f1o. Julia port\u00f3 un vestido Armani Priv\u00e9 en el estreno de <em data-redactor-tag=\"i\">Money Monster<\/em> , 2016.<\/p>\n<h3 class=\"css-1euv19 e1tmud0h7\">Blake Lively<\/h3>\n<figure id=\"attachment_125194\" aria-describedby=\"caption-attachment-125194\" style=\"width: 683px\" class=\"wp-caption alignnone\"><img loading=\"lazy\" decoding=\"async\" class=\"size-large wp-image-125194\" src=\"https:\/\/graziamagazine.com\/mx\/wp-content\/uploads\/sites\/13\/2023\/05\/1494408498-cannes-blake-lively.jpg?w=683\" alt=\"Estos looks quedar\u00e1n en la historia del Festival de Cine de Cannes\" width=\"683\" height=\"1024\" \/><figcaption id=\"caption-attachment-125194\" class=\"wp-caption-text\">Estos looks quedar\u00e1n en la historia del Festival de Cine de Cannes<\/figcaption><\/figure>\n<p>Una vez m\u00e1s Blake nos enamora con un Atelier Versace en el \u00a0estreno de BFG, 2016.<\/p>\n<h3 class=\"css-1euv19 e1tmud0h7\">Kristen Stewart<\/h3>\n<figure id=\"attachment_125196\" aria-describedby=\"caption-attachment-125196\" style=\"width: 683px\" class=\"wp-caption alignnone\"><img loading=\"lazy\" decoding=\"async\" class=\"size-large wp-image-125196\" src=\"https:\/\/graziamagazine.com\/mx\/wp-content\/uploads\/sites\/13\/2023\/05\/1494409034-cannes-kristen-stewart.jpg?w=683\" alt=\"Estos looks quedar\u00e1n en la historia del Festival de Cine de Cannes\" width=\"683\" height=\"1024\" \/><figcaption id=\"caption-attachment-125196\" class=\"wp-caption-text\">Estos looks quedar\u00e1n en la historia del Festival de Cine de Cannes<\/figcaption><\/figure>\n<p>En un vestido rojo vibrante con escote en V, Kristen luci\u00f3 un vestido de la firma Reem Acra en el estreno de <em data-redactor-tag=\"em\">Cosm\u00f3polis<\/em> , 2012.<\/p>\n<h3 class=\"css-1euv19 e1tmud0h7\">Lupita Nyong&#8217;o<img loading=\"lazy\" decoding=\"async\" class=\"alignnone size-large wp-image-125209\" src=\"https:\/\/graziamagazine.com\/mx\/wp-content\/uploads\/sites\/13\/2023\/05\/lupita-nyongo-cannes-1557824981.jpg?w=683\" alt=\"\" width=\"683\" height=\"1024\" \/><\/h3>\n<p>En un vestido blanco de la firma francesa, Dior, Lupita asisti\u00f3 al estreno de <em> Sorry Angel<\/em>\u00a0, 2018<\/p>\n<h3 class=\"css-1euv19 e1tmud0h7\">Bella Hadid<\/h3>\n<figure id=\"attachment_125206\" aria-describedby=\"caption-attachment-125206\" style=\"width: 682px\" class=\"wp-caption alignnone\"><img loading=\"lazy\" decoding=\"async\" class=\"size-large wp-image-125206\" src=\"https:\/\/graziamagazine.com\/mx\/wp-content\/uploads\/sites\/13\/2023\/05\/gettyimages-1328183005-1-1626024610.jpg?w=682\" alt=\"Tre Piani (Three Floors)\u00a0, 2021\" width=\"682\" height=\"1024\" \/><figcaption id=\"caption-attachment-125206\" class=\"wp-caption-text\">Tre Piani (Three Floors)\u00a0, 2021<\/figcaption><\/figure>\n<p>Y como olvidar el look de la top model Bella en el estreno de<em>Tre Piani (Three Floors)<\/em> , 2021, con la majestuosa estructura de la firma Schiaparelli.<\/p>\n<p><em><strong>*IMAGEN: Google Images<\/strong><\/em><\/p>\n<p>&nbsp;<\/p>\n<p>&nbsp;<\/p>\n<div class=\"css-7o74ds e1tmud0h6\">\n<p class=\"css-18vfmjb et3p2gv0\">\n<\/div>\n<div class=\"css-7o74ds e1tmud0h6\">\n<p class=\"css-18vfmjb et3p2gv0\">\n<\/div>\n<\/div>\n<\/div>\n<\/div>\n<\/div>\n<\/div>\n<\/div>\n","protected":false},"author":28953,"featured_media":125215,"template":"","format":"standard","categories":[4],"acf":[],"yoast_head":"<!-- This site is optimized with the Yoast SEO Premium plugin v18.5 (Yoast SEO v20.4) - https:\/\/yoast.com\/wordpress\/plugins\/seo\/ -->\n<title>Estos looks quedar\u00e1n en la historia del Festival de Cine de Cannes<\/title>\n<meta name=\"description\" content=\"Las celebridades que han caminado por la alfombra roja del Festival de Cine de Cannes han dejado perpetuos impactantes y magn\u00edficos looks que te presentamos aqu\u00ed\" \/>\n<meta name=\"robots\" content=\"index, follow, max-snippet:-1, max-image-preview:large, max-video-preview:-1\" \/>\n<link rel=\"canonical\" href=\"https:\/\/graziamagazine.com\/mx\/articles\/estos-looks-quedaran-en-la-historia-del-festival-de-cine-de-cannes\/\" \/>\n<meta property=\"og:locale\" content=\"es_MX\" \/>\n<meta property=\"og:type\" content=\"article\" \/>\n<meta property=\"og:title\" content=\"Estos looks quedar\u00e1n en la historia del Festival de Cine de Cannes\" \/>\n<meta property=\"og:description\" content=\"Las celebridades que han caminado por la alfombra roja del Festival de Cine de Cannes han dejado perpetuos impactantes y magn\u00edficos looks que te presentamos aqu\u00ed\" \/>\n<meta property=\"og:url\" content=\"https:\/\/graziamagazine.com\/mx\/articles\/estos-looks-quedaran-en-la-historia-del-festival-de-cine-de-cannes\/\" \/>\n<meta property=\"og:site_name\" content=\"Grazia M\u00e9xico y Latinoam\u00e9rica\" \/>\n<meta property=\"article:modified_time\" content=\"2023-05-16T12:58:11+00:00\" \/>\n<meta property=\"og:image\" content=\"https:\/\/graziamagazine.com\/mx\/wp-content\/uploads\/sites\/13\/2023\/05\/alfombra-roja-festival-cannes-vestido-amarillo-kKh-1350x900@MujerHoy.jpg\" \/>\n\t<meta property=\"og:image:width\" content=\"1350\" \/>\n\t<meta property=\"og:image:height\" content=\"900\" \/>\n\t<meta property=\"og:image:type\" content=\"image\/jpeg\" \/>\n<meta name=\"twitter:card\" content=\"summary_large_image\" \/>\n<meta name=\"twitter:label1\" content=\"Est. reading time\" \/>\n\t<meta name=\"twitter:data1\" content=\"9 minutos\" \/>\n<script type=\"application\/ld+json\" class=\"yoast-schema-graph\">{\"@context\":\"https:\/\/schema.org\",\"@graph\":[{\"@type\":\"WebPage\",\"@id\":\"https:\/\/graziamagazine.com\/mx\/articles\/estos-looks-quedaran-en-la-historia-del-festival-de-cine-de-cannes\/\",\"url\":\"https:\/\/graziamagazine.com\/mx\/articles\/estos-looks-quedaran-en-la-historia-del-festival-de-cine-de-cannes\/\",\"name\":\"Estos looks quedar\u00e1n en la historia del Festival de Cine de Cannes\",\"isPartOf\":{\"@id\":\"https:\/\/graziamagazine.com\/mx\/#website\"},\"datePublished\":\"2023-05-15T22:09:20+00:00\",\"dateModified\":\"2023-05-16T12:58:11+00:00\",\"description\":\"Las celebridades que han caminado por la alfombra roja del Festival de Cine de Cannes han dejado perpetuos impactantes y magn\u00edficos looks que te presentamos aqu\u00ed\",\"breadcrumb\":{\"@id\":\"https:\/\/graziamagazine.com\/mx\/articles\/estos-looks-quedaran-en-la-historia-del-festival-de-cine-de-cannes\/#breadcrumb\"},\"inLanguage\":\"es-MX\",\"potentialAction\":[{\"@type\":\"ReadAction\",\"target\":[\"https:\/\/graziamagazine.com\/mx\/articles\/estos-looks-quedaran-en-la-historia-del-festival-de-cine-de-cannes\/\"]}]},{\"@type\":\"BreadcrumbList\",\"@id\":\"https:\/\/graziamagazine.com\/mx\/articles\/estos-looks-quedaran-en-la-historia-del-festival-de-cine-de-cannes\/#breadcrumb\",\"itemListElement\":[{\"@type\":\"ListItem\",\"position\":1,\"name\":\"Home\",\"item\":\"https:\/\/graziamagazine.com\/mx\/\"},{\"@type\":\"ListItem\",\"position\":2,\"name\":\"Estos looks quedar\u00e1n en la historia del Festival de Cine de Cannes\"}]},{\"@type\":\"WebSite\",\"@id\":\"https:\/\/graziamagazine.com\/mx\/#website\",\"url\":\"https:\/\/graziamagazine.com\/mx\/\",\"name\":\"Grazia M\u00e9xico y Latinoam\u00e9rica\",\"description\":\"Grazia es moda, belleza y noticias  de actualidad \",\"potentialAction\":[{\"@type\":\"SearchAction\",\"target\":{\"@type\":\"EntryPoint\",\"urlTemplate\":\"https:\/\/graziamagazine.com\/mx\/?s={search_term_string}\"},\"query-input\":\"required name=search_term_string\"}],\"inLanguage\":\"es-MX\"}]}<\/script>\n<!-- \/ Yoast SEO Premium plugin. -->","yoast_head_json":{"title":"Estos looks quedar\u00e1n en la historia del Festival de Cine de Cannes","description":"Las celebridades que han caminado por la alfombra roja del Festival de Cine de Cannes han dejado perpetuos impactantes y magn\u00edficos looks que te presentamos aqu\u00ed","robots":{"index":"index","follow":"follow","max-snippet":"max-snippet:-1","max-image-preview":"max-image-preview:large","max-video-preview":"max-video-preview:-1"},"canonical":"https:\/\/graziamagazine.com\/mx\/articles\/estos-looks-quedaran-en-la-historia-del-festival-de-cine-de-cannes\/","og_locale":"es_MX","og_type":"article","og_title":"Estos looks quedar\u00e1n en la historia del Festival de Cine de Cannes","og_description":"Las celebridades que han caminado por la alfombra roja del Festival de Cine de Cannes han dejado perpetuos impactantes y magn\u00edficos looks que te presentamos aqu\u00ed","og_url":"https:\/\/graziamagazine.com\/mx\/articles\/estos-looks-quedaran-en-la-historia-del-festival-de-cine-de-cannes\/","og_site_name":"Grazia M\u00e9xico y Latinoam\u00e9rica","article_modified_time":"2023-05-16T12:58:11+00:00","og_image":[{"width":1350,"height":900,"url":"https:\/\/graziamagazine.com\/mx\/wp-content\/uploads\/sites\/13\/2023\/05\/alfombra-roja-festival-cannes-vestido-amarillo-kKh-1350x900@MujerHoy.jpg","type":"image\/jpeg"}],"twitter_card":"summary_large_image","twitter_misc":{"Est. reading time":"9 minutos"},"schema":{"@context":"https:\/\/schema.org","@graph":[{"@type":"WebPage","@id":"https:\/\/graziamagazine.com\/mx\/articles\/estos-looks-quedaran-en-la-historia-del-festival-de-cine-de-cannes\/","url":"https:\/\/graziamagazine.com\/mx\/articles\/estos-looks-quedaran-en-la-historia-del-festival-de-cine-de-cannes\/","name":"Estos looks quedar\u00e1n en la historia del Festival de Cine de Cannes","isPartOf":{"@id":"https:\/\/graziamagazine.com\/mx\/#website"},"datePublished":"2023-05-15T22:09:20+00:00","dateModified":"2023-05-16T12:58:11+00:00","description":"Las celebridades que han caminado por la alfombra roja del Festival de Cine de Cannes han dejado perpetuos impactantes y magn\u00edficos looks que te presentamos aqu\u00ed","breadcrumb":{"@id":"https:\/\/graziamagazine.com\/mx\/articles\/estos-looks-quedaran-en-la-historia-del-festival-de-cine-de-cannes\/#breadcrumb"},"inLanguage":"es-MX","potentialAction":[{"@type":"ReadAction","target":["https:\/\/graziamagazine.com\/mx\/articles\/estos-looks-quedaran-en-la-historia-del-festival-de-cine-de-cannes\/"]}]},{"@type":"BreadcrumbList","@id":"https:\/\/graziamagazine.com\/mx\/articles\/estos-looks-quedaran-en-la-historia-del-festival-de-cine-de-cannes\/#breadcrumb","itemListElement":[{"@type":"ListItem","position":1,"name":"Home","item":"https:\/\/graziamagazine.com\/mx\/"},{"@type":"ListItem","position":2,"name":"Estos looks quedar\u00e1n en la historia del Festival de Cine de Cannes"}]},{"@type":"WebSite","@id":"https:\/\/graziamagazine.com\/mx\/#website","url":"https:\/\/graziamagazine.com\/mx\/","name":"Grazia M\u00e9xico y Latinoam\u00e9rica","description":"Grazia es moda, belleza y noticias  de actualidad ","potentialAction":[{"@type":"SearchAction","target":{"@type":"EntryPoint","urlTemplate":"https:\/\/graziamagazine.com\/mx\/?s={search_term_string}"},"query-input":"required name=search_term_string"}],"inLanguage":"es-MX"}]}},"jetpack_sharing_enabled":true,"distributor_meta":false,"distributor_terms":false,"distributor_media":false,"distributor_original_site_name":"Grazia M\u00e9xico y Latinoam\u00e9rica","distributor_original_site_url":"https:\/\/graziamagazine.com\/mx","push-errors":false,"_links":{"self":[{"href":"https:\/\/graziamagazine.com\/mx\/wp-json\/wp\/v2\/articles\/125156"}],"collection":[{"href":"https:\/\/graziamagazine.com\/mx\/wp-json\/wp\/v2\/articles"}],"about":[{"href":"https:\/\/graziamagazine.com\/mx\/wp-json\/wp\/v2\/types\/articles"}],"author":[{"embeddable":true,"href":"https:\/\/graziamagazine.com\/mx\/wp-json\/wp\/v2\/users\/28953"}],"wp:featuredmedia":[{"embeddable":true,"href":"https:\/\/graziamagazine.com\/mx\/wp-json\/wp\/v2\/media\/125215"}],"wp:attachment":[{"href":"https:\/\/graziamagazine.com\/mx\/wp-json\/wp\/v2\/media?parent=125156"}],"wp:term":[{"taxonomy":"category","embeddable":true,"href":"https:\/\/graziamagazine.com\/mx\/wp-json\/wp\/v2\/categories?post=125156"}],"curies":[{"name":"wp","href":"https:\/\/api.w.org\/{rel}","templated":true}]}}