{"id":124933,"date":"2023-05-09T18:30:46","date_gmt":"2023-05-09T23:30:46","guid":{"rendered":"https:\/\/graziamagazine.com\/mx\/?post_type=articles&#038;p=124933"},"modified":"2023-05-10T01:12:38","modified_gmt":"2023-05-10T06:12:38","slug":"asi-ha-sido-el-primer-desfile-de-la-nueva-era-pucci","status":"publish","type":"articles","link":"https:\/\/graziamagazine.com\/mx\/articles\/asi-ha-sido-el-primer-desfile-de-la-nueva-era-pucci\/","title":{"rendered":"As\u00ed ha sido el primer desfile de la nueva era Pucci"},"content":{"rendered":"<p><span style=\"font-weight: 400\"><strong>\u2018Initials E.P.\u2019<\/strong> se ha convertido en el primer desfile de <strong>Pucci<\/strong> bajo la direcci\u00f3n creativa de <strong>Camille Miceli,<\/strong> y fue presentado en Florencia, Italia, de manera magistral durante la puesta del sol reflej\u00e1ndose sobre el ic\u00f3nico Ponte Vecchio, celebrando as\u00ed el v\u00ednculo de Emilio Pucci con Florencia.<\/span><\/p>\n<p><span style=\"font-weight: 400\">La primera colecci\u00f3n &#8211; y desfile &#8211; creada por Camille Miceli para Pucci, ha sucedido un a\u00f1o despu\u00e9s de su debut como directora art\u00edstica. El regreso a la pasarela ocurri\u00f3 en la ciudad que vio nacer a Emilio Pucci, por lo que era l\u00f3gico que la <\/span><i><span style=\"font-weight: 400\">Maison<\/span><\/i><span style=\"font-weight: 400\"> eligiera ese momento del d\u00eda junto al famoso puente como escenario de este desfile de moda, un encuentro al aire libre para respirar moda y sentir la brisa de la ciudad toscana.\u00a0<\/span><\/p>\n<p><img loading=\"lazy\" decoding=\"async\" class=\"alignnone wp-image-124937 size-large\" src=\"https:\/\/graziamagazine.com\/mx\/wp-content\/uploads\/sites\/13\/2023\/05\/Captura-de-Pantalla-2023-05-09-a-las-16.47.53.png?w=517\" alt=\"\" width=\"517\" height=\"619\" \/><\/p>\n<p><span style=\"font-weight: 400\">\u201cInspirada en el logotipo dise\u00f1ado por Emilio Pucci para la misi\u00f3n Apolo 15 de la NASA en 1971, la colecci\u00f3n, que utiliza materiales preciosos y motivos que se mezclan con una atm\u00f3sfera de la era espacial, se abre con una t\u00fanica fluida con el motivo Pez. Le siguen varios <\/span><i><span style=\"font-weight: 400\">looks total white<\/span><\/i><span style=\"font-weight: 400\">: un par de jeans ajustados, un mini vestido con forma, un <\/span><i><span style=\"font-weight: 400\">crop top<\/span><\/i><span style=\"font-weight: 400\"> adornado con flores bordadas y tonos neutros\u201d, explica la marca en un comunicado.<\/span><\/p>\n<p><img loading=\"lazy\" decoding=\"async\" class=\"alignnone wp-image-124936 size-large\" src=\"https:\/\/graziamagazine.com\/mx\/wp-content\/uploads\/sites\/13\/2023\/05\/Captura-de-Pantalla-2023-05-09-a-las-16.48.08.png?w=659\" alt=\"\" width=\"659\" height=\"484\" \/><\/p>\n<p><span style=\"font-weight: 400\">\u201cA falta de estampados, estos adornos dan un toque fresco a las t\u00e9cnicas artesanales. Las prendas de corte envolvente, reinterpretadas a trav\u00e9s de una serie de jers\u00e9is amenizados por bandas con diferentes estampados, dan paso a looks de corte m\u00e1s masculino que superponen los motivos cl\u00e1sicos de Pucci con una expresi\u00f3n atrevida. El estampado Marble aparece en todo el denim, que se trata con l\u00e1ser y se lava con agua reciclada, seg\u00fan un proceso sostenible. Un corpi\u00f1o y jeans sueltos, una chaqueta con flecos y un cuello chal combinado con una minifalda, recuerdan la actitud de los 90\u201d, a\u00f1ade.<\/span><\/p>\n<p><img loading=\"lazy\" decoding=\"async\" class=\"alignnone wp-image-124934 size-large\" src=\"https:\/\/graziamagazine.com\/mx\/wp-content\/uploads\/sites\/13\/2023\/05\/Captura-de-Pantalla-2023-05-09-a-las-16.48.32.png?w=482\" alt=\"\" width=\"482\" height=\"651\" \/><\/p>\n<p><span style=\"font-weight: 400\">La marca tambi\u00e9n present\u00f3 looks de playa que combinan lo deportivo con lo chic, en distintos materiales, telas y estampados para disfrutar del sol al m\u00e1ximo, as\u00ed como zapatos, joyas, sombreros y lentes de sol que van desde sandalias con una gran plataforma hasta zapatos de sal\u00f3n con peque\u00f1os detalles de peces, para completar el look vacacional.<\/span><\/p>\n","protected":false},"author":11628,"featured_media":124935,"template":"","format":"standard","categories":[],"acf":[],"yoast_head":"<!-- This site is optimized with the Yoast SEO Premium plugin v18.5 (Yoast SEO v20.4) - https:\/\/yoast.com\/wordpress\/plugins\/seo\/ -->\n<title>As\u00ed ha sido el primer desfile de la nueva era Pucci | Grazia M\u00e9xico y Latinoam\u00e9rica<\/title>\n<meta name=\"description\" content=\"Todo lo que necesitamos para las vacaciones de verano, est\u00e1 plasmado aqu\u00ed\" \/>\n<meta name=\"robots\" content=\"index, follow, max-snippet:-1, max-image-preview:large, max-video-preview:-1\" \/>\n<link rel=\"canonical\" href=\"https:\/\/graziamagazine.com\/mx\/articles\/asi-ha-sido-el-primer-desfile-de-la-nueva-era-pucci\/\" \/>\n<meta property=\"og:locale\" content=\"es_MX\" \/>\n<meta property=\"og:type\" content=\"article\" \/>\n<meta property=\"og:title\" content=\"As\u00ed ha sido el primer desfile de la nueva era Pucci\" \/>\n<meta property=\"og:description\" content=\"Todo lo que necesitamos para las vacaciones de verano, est\u00e1 plasmado aqu\u00ed\" \/>\n<meta property=\"og:url\" content=\"https:\/\/graziamagazine.com\/mx\/articles\/asi-ha-sido-el-primer-desfile-de-la-nueva-era-pucci\/\" \/>\n<meta property=\"og:site_name\" content=\"Grazia M\u00e9xico y Latinoam\u00e9rica\" \/>\n<meta property=\"article:modified_time\" content=\"2023-05-10T06:12:38+00:00\" \/>\n<meta property=\"og:image\" content=\"https:\/\/graziamagazine.com\/mx\/wp-content\/uploads\/sites\/13\/2023\/05\/Captura-de-Pantalla-2023-05-09-a-las-16.48.16.png\" \/>\n\t<meta property=\"og:image:width\" content=\"657\" \/>\n\t<meta property=\"og:image:height\" content=\"481\" \/>\n\t<meta property=\"og:image:type\" content=\"image\/png\" \/>\n<meta name=\"twitter:card\" content=\"summary_large_image\" \/>\n<meta name=\"twitter:label1\" content=\"Est. reading time\" \/>\n\t<meta name=\"twitter:data1\" content=\"3 minutos\" \/>\n<script type=\"application\/ld+json\" class=\"yoast-schema-graph\">{\"@context\":\"https:\/\/schema.org\",\"@graph\":[{\"@type\":\"WebPage\",\"@id\":\"https:\/\/graziamagazine.com\/mx\/articles\/asi-ha-sido-el-primer-desfile-de-la-nueva-era-pucci\/\",\"url\":\"https:\/\/graziamagazine.com\/mx\/articles\/asi-ha-sido-el-primer-desfile-de-la-nueva-era-pucci\/\",\"name\":\"As\u00ed ha sido el primer desfile de la nueva era Pucci | Grazia M\u00e9xico y Latinoam\u00e9rica\",\"isPartOf\":{\"@id\":\"https:\/\/graziamagazine.com\/mx\/#website\"},\"datePublished\":\"2023-05-09T23:30:46+00:00\",\"dateModified\":\"2023-05-10T06:12:38+00:00\",\"description\":\"Todo lo que necesitamos para las vacaciones de verano, est\u00e1 plasmado aqu\u00ed\",\"breadcrumb\":{\"@id\":\"https:\/\/graziamagazine.com\/mx\/articles\/asi-ha-sido-el-primer-desfile-de-la-nueva-era-pucci\/#breadcrumb\"},\"inLanguage\":\"es-MX\",\"potentialAction\":[{\"@type\":\"ReadAction\",\"target\":[\"https:\/\/graziamagazine.com\/mx\/articles\/asi-ha-sido-el-primer-desfile-de-la-nueva-era-pucci\/\"]}]},{\"@type\":\"BreadcrumbList\",\"@id\":\"https:\/\/graziamagazine.com\/mx\/articles\/asi-ha-sido-el-primer-desfile-de-la-nueva-era-pucci\/#breadcrumb\",\"itemListElement\":[{\"@type\":\"ListItem\",\"position\":1,\"name\":\"Home\",\"item\":\"https:\/\/graziamagazine.com\/mx\/\"},{\"@type\":\"ListItem\",\"position\":2,\"name\":\"As\u00ed ha sido el primer desfile de la nueva era Pucci\"}]},{\"@type\":\"WebSite\",\"@id\":\"https:\/\/graziamagazine.com\/mx\/#website\",\"url\":\"https:\/\/graziamagazine.com\/mx\/\",\"name\":\"Grazia M\u00e9xico y Latinoam\u00e9rica\",\"description\":\"Grazia es moda, belleza y noticias  de actualidad \",\"potentialAction\":[{\"@type\":\"SearchAction\",\"target\":{\"@type\":\"EntryPoint\",\"urlTemplate\":\"https:\/\/graziamagazine.com\/mx\/?s={search_term_string}\"},\"query-input\":\"required name=search_term_string\"}],\"inLanguage\":\"es-MX\"}]}<\/script>\n<!-- \/ Yoast SEO Premium plugin. -->","yoast_head_json":{"title":"As\u00ed ha sido el primer desfile de la nueva era Pucci | Grazia M\u00e9xico y Latinoam\u00e9rica","description":"Todo lo que necesitamos para las vacaciones de verano, est\u00e1 plasmado aqu\u00ed","robots":{"index":"index","follow":"follow","max-snippet":"max-snippet:-1","max-image-preview":"max-image-preview:large","max-video-preview":"max-video-preview:-1"},"canonical":"https:\/\/graziamagazine.com\/mx\/articles\/asi-ha-sido-el-primer-desfile-de-la-nueva-era-pucci\/","og_locale":"es_MX","og_type":"article","og_title":"As\u00ed ha sido el primer desfile de la nueva era Pucci","og_description":"Todo lo que necesitamos para las vacaciones de verano, est\u00e1 plasmado aqu\u00ed","og_url":"https:\/\/graziamagazine.com\/mx\/articles\/asi-ha-sido-el-primer-desfile-de-la-nueva-era-pucci\/","og_site_name":"Grazia M\u00e9xico y Latinoam\u00e9rica","article_modified_time":"2023-05-10T06:12:38+00:00","og_image":[{"width":657,"height":481,"url":"https:\/\/graziamagazine.com\/mx\/wp-content\/uploads\/sites\/13\/2023\/05\/Captura-de-Pantalla-2023-05-09-a-las-16.48.16.png","type":"image\/png"}],"twitter_card":"summary_large_image","twitter_misc":{"Est. reading time":"3 minutos"},"schema":{"@context":"https:\/\/schema.org","@graph":[{"@type":"WebPage","@id":"https:\/\/graziamagazine.com\/mx\/articles\/asi-ha-sido-el-primer-desfile-de-la-nueva-era-pucci\/","url":"https:\/\/graziamagazine.com\/mx\/articles\/asi-ha-sido-el-primer-desfile-de-la-nueva-era-pucci\/","name":"As\u00ed ha sido el primer desfile de la nueva era Pucci | Grazia M\u00e9xico y Latinoam\u00e9rica","isPartOf":{"@id":"https:\/\/graziamagazine.com\/mx\/#website"},"datePublished":"2023-05-09T23:30:46+00:00","dateModified":"2023-05-10T06:12:38+00:00","description":"Todo lo que necesitamos para las vacaciones de verano, est\u00e1 plasmado aqu\u00ed","breadcrumb":{"@id":"https:\/\/graziamagazine.com\/mx\/articles\/asi-ha-sido-el-primer-desfile-de-la-nueva-era-pucci\/#breadcrumb"},"inLanguage":"es-MX","potentialAction":[{"@type":"ReadAction","target":["https:\/\/graziamagazine.com\/mx\/articles\/asi-ha-sido-el-primer-desfile-de-la-nueva-era-pucci\/"]}]},{"@type":"BreadcrumbList","@id":"https:\/\/graziamagazine.com\/mx\/articles\/asi-ha-sido-el-primer-desfile-de-la-nueva-era-pucci\/#breadcrumb","itemListElement":[{"@type":"ListItem","position":1,"name":"Home","item":"https:\/\/graziamagazine.com\/mx\/"},{"@type":"ListItem","position":2,"name":"As\u00ed ha sido el primer desfile de la nueva era Pucci"}]},{"@type":"WebSite","@id":"https:\/\/graziamagazine.com\/mx\/#website","url":"https:\/\/graziamagazine.com\/mx\/","name":"Grazia M\u00e9xico y Latinoam\u00e9rica","description":"Grazia es moda, belleza y noticias  de actualidad ","potentialAction":[{"@type":"SearchAction","target":{"@type":"EntryPoint","urlTemplate":"https:\/\/graziamagazine.com\/mx\/?s={search_term_string}"},"query-input":"required name=search_term_string"}],"inLanguage":"es-MX"}]}},"jetpack_sharing_enabled":true,"distributor_meta":false,"distributor_terms":false,"distributor_media":false,"distributor_original_site_name":"Grazia M\u00e9xico y Latinoam\u00e9rica","distributor_original_site_url":"https:\/\/graziamagazine.com\/mx","push-errors":false,"_links":{"self":[{"href":"https:\/\/graziamagazine.com\/mx\/wp-json\/wp\/v2\/articles\/124933"}],"collection":[{"href":"https:\/\/graziamagazine.com\/mx\/wp-json\/wp\/v2\/articles"}],"about":[{"href":"https:\/\/graziamagazine.com\/mx\/wp-json\/wp\/v2\/types\/articles"}],"author":[{"embeddable":true,"href":"https:\/\/graziamagazine.com\/mx\/wp-json\/wp\/v2\/users\/11628"}],"wp:featuredmedia":[{"embeddable":true,"href":"https:\/\/graziamagazine.com\/mx\/wp-json\/wp\/v2\/media\/124935"}],"wp:attachment":[{"href":"https:\/\/graziamagazine.com\/mx\/wp-json\/wp\/v2\/media?parent=124933"}],"wp:term":[{"taxonomy":"category","embeddable":true,"href":"https:\/\/graziamagazine.com\/mx\/wp-json\/wp\/v2\/categories?post=124933"}],"curies":[{"name":"wp","href":"https:\/\/api.w.org\/{rel}","templated":true}]}}