{"id":124733,"date":"2023-05-04T11:15:32","date_gmt":"2023-05-04T16:15:32","guid":{"rendered":"https:\/\/graziamagazine.com\/mx\/?post_type=articles&#038;p=124733"},"modified":"2023-05-04T11:18:53","modified_gmt":"2023-05-04T16:18:53","slug":"lleva-de-viaje-a-tu-mama-en-el-dia-de-las-madres","status":"publish","type":"articles","link":"https:\/\/graziamagazine.com\/mx\/articles\/lleva-de-viaje-a-tu-mama-en-el-dia-de-las-madres\/","title":{"rendered":"Lleva de viaje a tu mam\u00e1 en el D\u00eda de las Madres"},"content":{"rendered":"<p><span style=\"font-weight: 400\">Estamos a pocos d\u00edas de una de las celebraciones m\u00e1s importantes del a\u00f1o, el <strong>D\u00eda de las Madres<\/strong>, siendo la fecha ideal para apapachar como se merece a la persona que gu\u00eda el hogar de muchas familias mexicanas.\u00a0<\/span><\/p>\n<p><span style=\"font-weight: 400\">Pero las madres de hoy ya no quieren lo mismo que antes. Los electrodom\u00e9sticos han dejado de ser un regalo, ellas buscan vivir nuevas experiencias que les dejen buenos momentos y recuerdos.<\/span><\/p>\n<p><span style=\"font-weight: 400\">Entonces, \u00bfqu\u00e9 mejor que regalarles un viaje? Considerando que cada madre tiene gustos espec\u00edficos, estos son cuatro tipos de viaje que puedes elegir dependiendo de como sea tu mam\u00e1.<\/span><\/p>\n<p><b>Entretenimiento. <\/b>De acuerdo con <em>Assist Card<\/em><span style=\"font-weight: 400\">, la compa\u00f1\u00eda integral de asistencia al viajero,<\/span> <span style=\"font-weight: 400\">la ciudad de Miami en Estados Unidos es una gran opci\u00f3n para aquellas que disfrutan de las compras debido a su gran oferta de tiendas <\/span><i><span style=\"font-weight: 400\">outlet <\/span><\/i><span style=\"font-weight: 400\">e ideal para los amantes de la playa. Tomar el sol en las playas de South Beach y luego visitar el Parque Nacional de los Everglades para conocer de cerca la fauna local en su h\u00e1bitat, son dos de las cosas m\u00e1s atractivas.<\/span><\/p>\n<p><b>Cultura. <\/b><span style=\"font-weight: 400\">Madrid, la capital de Espa\u00f1a, tiene mucho para ofrecer. Caracterizada por su gran cantidad de bares, podr\u00e1s beber unas ca\u00f1as y degustar unas tapas junto a tu mam\u00e1. Adem\u00e1s de su oferta gastron\u00f3mica, tiene interesantes puntos tur\u00edsticos como el Parque del Buen Retiro, el Museo Nacional del Prado y el Palacio Real, residencia oficial del rey de Espa\u00f1a, el cual puedes conocer gracias a un tour guiado.\u00a0<\/span><\/p>\n<p><img loading=\"lazy\" decoding=\"async\" class=\"alignnone size-medium wp-image-124735\" src=\"https:\/\/graziamagazine.com\/mx\/wp-content\/uploads\/sites\/13\/2023\/05\/ViajeMama_AC.jpg?w=450\" alt=\"\" width=\"450\" height=\"265\" \/><\/p>\n<p><b>Moda. <\/b><span style=\"font-weight: 400\">Un cl\u00e1sico que no puede faltar en el recorrido europeo es Par\u00eds, m\u00e1s conocida como la Ciudad de la Luz. Esta capital destaca por su cultura, la moda y el arte. Con tantos atractivos tur\u00edsticos, es ideal armar un buen recorrido que incluya lugares como el Museo del Louvre y la Torre Eiffel, as\u00ed como las galer\u00edas<\/span><i><span style=\"font-weight: 400\"> Lafayette<\/span><\/i><span style=\"font-weight: 400\"> y <\/span><i><span style=\"font-weight: 400\">Pristemps<\/span><\/i><span style=\"font-weight: 400\">, ambos destinos prestigiosos de compras con numerosas tiendas de ropa de lujo, y la popular Avenida de los Campos El\u00edseos, llena de boutiques de las mejores marcas del mundo. \u00c9xito garantizado para viajar con tu mam\u00e1.<\/span><\/p>\n<p><b>Playa. <\/b><span style=\"font-weight: 400\">Poder disfrutar del mejor clima tropical, rodeado de arena blanca y a los pies del mar caribe\u00f1o es posible en Punta Cana, el destino ideal para pasar en familia. Adem\u00e1s de la playa, se puede gozar tambi\u00e9n de la gastronom\u00eda, variedad de actividades en la playa y nocturnas, para as\u00ed relajarse y pasar lindos d\u00edas en compa\u00f1\u00eda de toda la familia.<\/span><\/p>\n<p><span style=\"font-weight: 400\">\u201cViajar en familia es de las mejores experiencias. Nuestro objetivo es brindarle a cada viajero una cobertura acorde a sus necesidades, para que sienta la tranquilidad de viajar seguro y protegido fuera del pa\u00eds\u201d, se\u00f1ala Carlos Bricka, Country Manager de Assist Card M\u00e9xico.<\/span><\/p>\n<p><span style=\"font-weight: 400\">Con muchos destinos por conocer, el que sea elegido en esta fecha tan importante ser\u00e1 recordado como el mejor, por la compa\u00f1\u00eda y la experiencia.\u00a0<\/span><\/p>\n","protected":false},"author":11628,"featured_media":124734,"template":"","format":"standard","categories":[12483,9864],"acf":[],"yoast_head":"<!-- This site is optimized with the Yoast SEO Premium plugin v18.5 (Yoast SEO v20.4) - https:\/\/yoast.com\/wordpress\/plugins\/seo\/ -->\n<title>Lleva de viaje a tu mam\u00e1 en el D\u00eda de las Madres | Grazia M\u00e9xico y Latinoam\u00e9rica<\/title>\n<meta name=\"description\" content=\"Una escapada madre e hija siempre ser\u00e1 necesaria\" \/>\n<meta name=\"robots\" content=\"index, follow, max-snippet:-1, max-image-preview:large, max-video-preview:-1\" \/>\n<link rel=\"canonical\" href=\"https:\/\/graziamagazine.com\/mx\/articles\/lleva-de-viaje-a-tu-mama-en-el-dia-de-las-madres\/\" \/>\n<meta property=\"og:locale\" content=\"es_MX\" \/>\n<meta property=\"og:type\" content=\"article\" \/>\n<meta property=\"og:title\" content=\"Lleva de viaje a tu mam\u00e1 en el D\u00eda de las Madres\" \/>\n<meta property=\"og:description\" content=\"Una escapada madre e hija siempre ser\u00e1 necesaria\" \/>\n<meta property=\"og:url\" content=\"https:\/\/graziamagazine.com\/mx\/articles\/lleva-de-viaje-a-tu-mama-en-el-dia-de-las-madres\/\" \/>\n<meta property=\"og:site_name\" content=\"Grazia M\u00e9xico y Latinoam\u00e9rica\" \/>\n<meta property=\"article:modified_time\" content=\"2023-05-04T16:18:53+00:00\" \/>\n<meta property=\"og:image\" content=\"https:\/\/graziamagazine.com\/mx\/wp-content\/uploads\/sites\/13\/2023\/05\/ViajeMama_AC2.jpg\" \/>\n\t<meta property=\"og:image:width\" content=\"1200\" \/>\n\t<meta property=\"og:image:height\" content=\"706\" \/>\n\t<meta property=\"og:image:type\" content=\"image\/jpeg\" \/>\n<meta name=\"twitter:card\" content=\"summary_large_image\" \/>\n<meta name=\"twitter:label1\" content=\"Est. reading time\" \/>\n\t<meta name=\"twitter:data1\" content=\"3 minutos\" \/>\n<script type=\"application\/ld+json\" class=\"yoast-schema-graph\">{\"@context\":\"https:\/\/schema.org\",\"@graph\":[{\"@type\":\"WebPage\",\"@id\":\"https:\/\/graziamagazine.com\/mx\/articles\/lleva-de-viaje-a-tu-mama-en-el-dia-de-las-madres\/\",\"url\":\"https:\/\/graziamagazine.com\/mx\/articles\/lleva-de-viaje-a-tu-mama-en-el-dia-de-las-madres\/\",\"name\":\"Lleva de viaje a tu mam\u00e1 en el D\u00eda de las Madres | Grazia M\u00e9xico y Latinoam\u00e9rica\",\"isPartOf\":{\"@id\":\"https:\/\/graziamagazine.com\/mx\/#website\"},\"datePublished\":\"2023-05-04T16:15:32+00:00\",\"dateModified\":\"2023-05-04T16:18:53+00:00\",\"description\":\"Una escapada madre e hija siempre ser\u00e1 necesaria\",\"breadcrumb\":{\"@id\":\"https:\/\/graziamagazine.com\/mx\/articles\/lleva-de-viaje-a-tu-mama-en-el-dia-de-las-madres\/#breadcrumb\"},\"inLanguage\":\"es-MX\",\"potentialAction\":[{\"@type\":\"ReadAction\",\"target\":[\"https:\/\/graziamagazine.com\/mx\/articles\/lleva-de-viaje-a-tu-mama-en-el-dia-de-las-madres\/\"]}]},{\"@type\":\"BreadcrumbList\",\"@id\":\"https:\/\/graziamagazine.com\/mx\/articles\/lleva-de-viaje-a-tu-mama-en-el-dia-de-las-madres\/#breadcrumb\",\"itemListElement\":[{\"@type\":\"ListItem\",\"position\":1,\"name\":\"Home\",\"item\":\"https:\/\/graziamagazine.com\/mx\/\"},{\"@type\":\"ListItem\",\"position\":2,\"name\":\"Lleva de viaje a tu mam\u00e1 en el D\u00eda de las Madres\"}]},{\"@type\":\"WebSite\",\"@id\":\"https:\/\/graziamagazine.com\/mx\/#website\",\"url\":\"https:\/\/graziamagazine.com\/mx\/\",\"name\":\"Grazia M\u00e9xico y Latinoam\u00e9rica\",\"description\":\"Grazia es moda, belleza y noticias  de actualidad \",\"potentialAction\":[{\"@type\":\"SearchAction\",\"target\":{\"@type\":\"EntryPoint\",\"urlTemplate\":\"https:\/\/graziamagazine.com\/mx\/?s={search_term_string}\"},\"query-input\":\"required name=search_term_string\"}],\"inLanguage\":\"es-MX\"}]}<\/script>\n<!-- \/ Yoast SEO Premium plugin. -->","yoast_head_json":{"title":"Lleva de viaje a tu mam\u00e1 en el D\u00eda de las Madres | Grazia M\u00e9xico y Latinoam\u00e9rica","description":"Una escapada madre e hija siempre ser\u00e1 necesaria","robots":{"index":"index","follow":"follow","max-snippet":"max-snippet:-1","max-image-preview":"max-image-preview:large","max-video-preview":"max-video-preview:-1"},"canonical":"https:\/\/graziamagazine.com\/mx\/articles\/lleva-de-viaje-a-tu-mama-en-el-dia-de-las-madres\/","og_locale":"es_MX","og_type":"article","og_title":"Lleva de viaje a tu mam\u00e1 en el D\u00eda de las Madres","og_description":"Una escapada madre e hija siempre ser\u00e1 necesaria","og_url":"https:\/\/graziamagazine.com\/mx\/articles\/lleva-de-viaje-a-tu-mama-en-el-dia-de-las-madres\/","og_site_name":"Grazia M\u00e9xico y Latinoam\u00e9rica","article_modified_time":"2023-05-04T16:18:53+00:00","og_image":[{"width":1200,"height":706,"url":"https:\/\/graziamagazine.com\/mx\/wp-content\/uploads\/sites\/13\/2023\/05\/ViajeMama_AC2.jpg","type":"image\/jpeg"}],"twitter_card":"summary_large_image","twitter_misc":{"Est. reading time":"3 minutos"},"schema":{"@context":"https:\/\/schema.org","@graph":[{"@type":"WebPage","@id":"https:\/\/graziamagazine.com\/mx\/articles\/lleva-de-viaje-a-tu-mama-en-el-dia-de-las-madres\/","url":"https:\/\/graziamagazine.com\/mx\/articles\/lleva-de-viaje-a-tu-mama-en-el-dia-de-las-madres\/","name":"Lleva de viaje a tu mam\u00e1 en el D\u00eda de las Madres | Grazia M\u00e9xico y Latinoam\u00e9rica","isPartOf":{"@id":"https:\/\/graziamagazine.com\/mx\/#website"},"datePublished":"2023-05-04T16:15:32+00:00","dateModified":"2023-05-04T16:18:53+00:00","description":"Una escapada madre e hija siempre ser\u00e1 necesaria","breadcrumb":{"@id":"https:\/\/graziamagazine.com\/mx\/articles\/lleva-de-viaje-a-tu-mama-en-el-dia-de-las-madres\/#breadcrumb"},"inLanguage":"es-MX","potentialAction":[{"@type":"ReadAction","target":["https:\/\/graziamagazine.com\/mx\/articles\/lleva-de-viaje-a-tu-mama-en-el-dia-de-las-madres\/"]}]},{"@type":"BreadcrumbList","@id":"https:\/\/graziamagazine.com\/mx\/articles\/lleva-de-viaje-a-tu-mama-en-el-dia-de-las-madres\/#breadcrumb","itemListElement":[{"@type":"ListItem","position":1,"name":"Home","item":"https:\/\/graziamagazine.com\/mx\/"},{"@type":"ListItem","position":2,"name":"Lleva de viaje a tu mam\u00e1 en el D\u00eda de las Madres"}]},{"@type":"WebSite","@id":"https:\/\/graziamagazine.com\/mx\/#website","url":"https:\/\/graziamagazine.com\/mx\/","name":"Grazia M\u00e9xico y Latinoam\u00e9rica","description":"Grazia es moda, belleza y noticias  de actualidad ","potentialAction":[{"@type":"SearchAction","target":{"@type":"EntryPoint","urlTemplate":"https:\/\/graziamagazine.com\/mx\/?s={search_term_string}"},"query-input":"required name=search_term_string"}],"inLanguage":"es-MX"}]}},"jetpack_sharing_enabled":true,"distributor_meta":false,"distributor_terms":false,"distributor_media":false,"distributor_original_site_name":"Grazia M\u00e9xico y Latinoam\u00e9rica","distributor_original_site_url":"https:\/\/graziamagazine.com\/mx","push-errors":false,"_links":{"self":[{"href":"https:\/\/graziamagazine.com\/mx\/wp-json\/wp\/v2\/articles\/124733"}],"collection":[{"href":"https:\/\/graziamagazine.com\/mx\/wp-json\/wp\/v2\/articles"}],"about":[{"href":"https:\/\/graziamagazine.com\/mx\/wp-json\/wp\/v2\/types\/articles"}],"author":[{"embeddable":true,"href":"https:\/\/graziamagazine.com\/mx\/wp-json\/wp\/v2\/users\/11628"}],"wp:featuredmedia":[{"embeddable":true,"href":"https:\/\/graziamagazine.com\/mx\/wp-json\/wp\/v2\/media\/124734"}],"wp:attachment":[{"href":"https:\/\/graziamagazine.com\/mx\/wp-json\/wp\/v2\/media?parent=124733"}],"wp:term":[{"taxonomy":"category","embeddable":true,"href":"https:\/\/graziamagazine.com\/mx\/wp-json\/wp\/v2\/categories?post=124733"}],"curies":[{"name":"wp","href":"https:\/\/api.w.org\/{rel}","templated":true}]}}