{"id":124450,"date":"2023-04-26T16:10:18","date_gmt":"2023-04-26T21:10:18","guid":{"rendered":"https:\/\/graziamagazine.com\/mx\/?post_type=articles&#038;p=124450"},"modified":"2023-04-26T16:17:29","modified_gmt":"2023-04-26T21:17:29","slug":"salma-hayek-deslumbra-redes-sociales-demuestra-reina","status":"publish","type":"articles","link":"https:\/\/graziamagazine.com\/mx\/articles\/salma-hayek-deslumbra-redes-sociales-demuestra-reina\/","title":{"rendered":"Salma Hayek deslumbra en redes sociales y demuestra por qu\u00e9 es la reina"},"content":{"rendered":"<p><b>Salma Hayek<\/b><span style=\"font-weight: 400\"> vuelve a conquistar las redes sociales despu\u00e9s de publicar unas fotos en su cuenta de <\/span><b>Instagram<\/b><span style=\"font-weight: 400\"> donde posa en un traje de ba\u00f1o amarillo y a pesar de sus 56 a\u00f1os, demuestra que est\u00e1 en su mejor etapa.<\/span><\/p>\n<figure id=\"attachment_124453\" aria-describedby=\"caption-attachment-124453\" style=\"width: 366px\" class=\"wp-caption alignnone\"><img loading=\"lazy\" decoding=\"async\" class=\"size-medium wp-image-124453\" src=\"https:\/\/graziamagazine.com\/mx\/wp-content\/uploads\/sites\/13\/2023\/04\/WhatsApp-Image-2023-04-26-at-13.56.19-1.jpeg?w=366\" alt=\"\" width=\"366\" height=\"450\" \/><figcaption id=\"caption-attachment-124453\" class=\"wp-caption-text\">Instagram<\/figcaption><\/figure>\n<p><span style=\"font-weight: 400\">\u201cCada vez que necesito sentirme renovada, me meto al mar\u201d, se lee la descripci\u00f3n de la publicaci\u00f3n en el perfil de Instagram de la actriz d<\/span><span style=\"font-weight: 400\">onde se puede ver el hermoso atardecer que se pinta al fondo de las incre\u00edbles im\u00e1genes.<\/span><\/p>\n<figure id=\"attachment_124455\" aria-describedby=\"caption-attachment-124455\" style=\"width: 366px\" class=\"wp-caption alignnone\"><img loading=\"lazy\" decoding=\"async\" class=\"size-medium wp-image-124455\" src=\"https:\/\/graziamagazine.com\/mx\/wp-content\/uploads\/sites\/13\/2023\/04\/WhatsApp-Image-2023-04-26-at-13.56.19.jpeg?w=366\" alt=\"\" width=\"366\" height=\"450\" \/><figcaption id=\"caption-attachment-124455\" class=\"wp-caption-text\">Instagram<\/figcaption><\/figure>\n<p><span style=\"font-weight: 400\">Si bien no se detalla el lugar en el que se encuentra la int\u00e9rprete de <\/span><b><i>Frida<\/i><\/b><span style=\"font-weight: 400\">, se puede ver que el mar es uno de sus lugares preferidos para descansar, retomar fuerzas e inspirarse para los proyectos en su vida.<\/span><\/p>\n<p><span style=\"font-weight: 400\">Sus seguidores y fans llenaron de mensajes positivos la publicaci\u00f3n, mostrando su afecto, admiraci\u00f3n y respeto por la actriz, incluso algunas celebridades como <\/span><b>Cindy Crawford<\/b><span style=\"font-weight: 400\">, <\/span><b>Paris Hilton<\/b><span style=\"font-weight: 400\">, <\/span><b>Jessica Alba<\/b><span style=\"font-weight: 400\"> y <\/span><b>Kerri Washington<\/b><span style=\"font-weight: 400\">, se sumaron a los cumplidos.<\/span><\/p>\n<p><span style=\"font-weight: 400\">La publicaci\u00f3n ya tiene m\u00e1s de dos millones de likes, lo que nos deja ver lo amada y valorada que es la actriz para su p\u00fablico.<\/span><\/p>\n<figure id=\"attachment_124452\" aria-describedby=\"caption-attachment-124452\" style=\"width: 364px\" class=\"wp-caption alignnone\"><img loading=\"lazy\" decoding=\"async\" class=\"size-medium wp-image-124452\" src=\"https:\/\/graziamagazine.com\/mx\/wp-content\/uploads\/sites\/13\/2023\/04\/WhatsApp-Image-2023-04-26-at-13.56.16.jpeg?w=364\" alt=\"\" width=\"364\" height=\"450\" \/><figcaption id=\"caption-attachment-124452\" class=\"wp-caption-text\">Instagram<\/figcaption><\/figure>\n<p><span style=\"font-weight: 400\">\u201cLes tengo que decir que no piensen que porque uno se vuelve m\u00e1s grande se le quita lo sexy\u201d, expres\u00f3 la actriz en una entrevista para <\/span><b>El Gordo y la Flaca<\/b><span style=\"font-weight: 400\"> en el estreno de la pel\u00edcula <\/span><b><i>Magic Mike\u2019s Last Dance<\/i><\/b><span style=\"font-weight: 400\">.<\/span><\/p>\n<p><span style=\"font-weight: 400\">\u201cLa sensualidad es una parte del ser humano que se puede transformar de muchas maneras, es una energ\u00eda que no tenemos por qu\u00e9 perderla. Adem\u00e1s es vital\u201d, agreg\u00f3<\/span><\/p>\n<p><span style=\"font-weight: 400\">Sin duda alguna la mexicana ha demostrado que no es cuesti\u00f3n de edad para mantenerse en forma y saludable, pues todo es cuesti\u00f3n de amor propio, y al final, la edad s\u00f3lo un n\u00famero.<\/span><\/p>\n","protected":false},"author":36289,"featured_media":124453,"template":"","format":"standard","categories":[2],"acf":[],"yoast_head":"<!-- This site is optimized with the Yoast SEO Premium plugin v18.5 (Yoast SEO v20.4) - https:\/\/yoast.com\/wordpress\/plugins\/seo\/ -->\n<title>Salma Hayek deslumbra en redes sociales y demuestra por qu\u00e9 es la reina | Grazia M\u00e9xico y Latinoam\u00e9rica<\/title>\n<meta name=\"description\" content=\"Salma Hayek vuelve a conquistar las redes sociales despu\u00e9s de publicar unas fotos en su cuenta de Instagram donde posa en un traje de ba\u00f1o amarillo y a\" \/>\n<meta name=\"robots\" content=\"index, follow, max-snippet:-1, max-image-preview:large, max-video-preview:-1\" \/>\n<link rel=\"canonical\" href=\"https:\/\/graziamagazine.com\/mx\/articles\/salma-hayek-deslumbra-redes-sociales-demuestra-reina\/\" \/>\n<meta property=\"og:locale\" content=\"es_MX\" \/>\n<meta property=\"og:type\" content=\"article\" \/>\n<meta property=\"og:title\" content=\"Salma Hayek deslumbra en redes sociales y demuestra por qu\u00e9 es la reina\" \/>\n<meta property=\"og:description\" content=\"Salma Hayek vuelve a conquistar las redes sociales despu\u00e9s de publicar unas fotos en su cuenta de Instagram donde posa en un traje de ba\u00f1o amarillo y a\" \/>\n<meta property=\"og:url\" content=\"https:\/\/graziamagazine.com\/mx\/articles\/salma-hayek-deslumbra-redes-sociales-demuestra-reina\/\" \/>\n<meta property=\"og:site_name\" content=\"Grazia M\u00e9xico y Latinoam\u00e9rica\" \/>\n<meta property=\"article:modified_time\" content=\"2023-04-26T21:17:29+00:00\" \/>\n<meta property=\"og:image\" content=\"https:\/\/graziamagazine.com\/mx\/wp-content\/uploads\/sites\/13\/2023\/04\/WhatsApp-Image-2023-04-26-at-13.56.19-1-e1682543764337.jpeg\" \/>\n\t<meta property=\"og:image:width\" content=\"1123\" \/>\n\t<meta property=\"og:image:height\" content=\"719\" \/>\n\t<meta property=\"og:image:type\" content=\"image\/jpeg\" \/>\n<meta name=\"twitter:card\" content=\"summary_large_image\" \/>\n<meta name=\"twitter:label1\" content=\"Est. reading time\" \/>\n\t<meta name=\"twitter:data1\" content=\"2 minutos\" \/>\n<script type=\"application\/ld+json\" class=\"yoast-schema-graph\">{\"@context\":\"https:\/\/schema.org\",\"@graph\":[{\"@type\":\"WebPage\",\"@id\":\"https:\/\/graziamagazine.com\/mx\/articles\/salma-hayek-deslumbra-redes-sociales-demuestra-reina\/\",\"url\":\"https:\/\/graziamagazine.com\/mx\/articles\/salma-hayek-deslumbra-redes-sociales-demuestra-reina\/\",\"name\":\"Salma Hayek deslumbra en redes sociales y demuestra por qu\u00e9 es la reina | Grazia M\u00e9xico y Latinoam\u00e9rica\",\"isPartOf\":{\"@id\":\"https:\/\/graziamagazine.com\/mx\/#website\"},\"datePublished\":\"2023-04-26T21:10:18+00:00\",\"dateModified\":\"2023-04-26T21:17:29+00:00\",\"description\":\"Salma Hayek vuelve a conquistar las redes sociales despu\u00e9s de publicar unas fotos en su cuenta de Instagram donde posa en un traje de ba\u00f1o amarillo y a\",\"breadcrumb\":{\"@id\":\"https:\/\/graziamagazine.com\/mx\/articles\/salma-hayek-deslumbra-redes-sociales-demuestra-reina\/#breadcrumb\"},\"inLanguage\":\"es-MX\",\"potentialAction\":[{\"@type\":\"ReadAction\",\"target\":[\"https:\/\/graziamagazine.com\/mx\/articles\/salma-hayek-deslumbra-redes-sociales-demuestra-reina\/\"]}]},{\"@type\":\"BreadcrumbList\",\"@id\":\"https:\/\/graziamagazine.com\/mx\/articles\/salma-hayek-deslumbra-redes-sociales-demuestra-reina\/#breadcrumb\",\"itemListElement\":[{\"@type\":\"ListItem\",\"position\":1,\"name\":\"Home\",\"item\":\"https:\/\/graziamagazine.com\/mx\/\"},{\"@type\":\"ListItem\",\"position\":2,\"name\":\"Salma Hayek deslumbra en redes sociales y demuestra por qu\u00e9 es la reina\"}]},{\"@type\":\"WebSite\",\"@id\":\"https:\/\/graziamagazine.com\/mx\/#website\",\"url\":\"https:\/\/graziamagazine.com\/mx\/\",\"name\":\"Grazia M\u00e9xico y Latinoam\u00e9rica\",\"description\":\"Grazia es moda, belleza y noticias  de actualidad \",\"potentialAction\":[{\"@type\":\"SearchAction\",\"target\":{\"@type\":\"EntryPoint\",\"urlTemplate\":\"https:\/\/graziamagazine.com\/mx\/?s={search_term_string}\"},\"query-input\":\"required name=search_term_string\"}],\"inLanguage\":\"es-MX\"}]}<\/script>\n<!-- \/ Yoast SEO Premium plugin. -->","yoast_head_json":{"title":"Salma Hayek deslumbra en redes sociales y demuestra por qu\u00e9 es la reina | Grazia M\u00e9xico y Latinoam\u00e9rica","description":"Salma Hayek vuelve a conquistar las redes sociales despu\u00e9s de publicar unas fotos en su cuenta de Instagram donde posa en un traje de ba\u00f1o amarillo y a","robots":{"index":"index","follow":"follow","max-snippet":"max-snippet:-1","max-image-preview":"max-image-preview:large","max-video-preview":"max-video-preview:-1"},"canonical":"https:\/\/graziamagazine.com\/mx\/articles\/salma-hayek-deslumbra-redes-sociales-demuestra-reina\/","og_locale":"es_MX","og_type":"article","og_title":"Salma Hayek deslumbra en redes sociales y demuestra por qu\u00e9 es la reina","og_description":"Salma Hayek vuelve a conquistar las redes sociales despu\u00e9s de publicar unas fotos en su cuenta de Instagram donde posa en un traje de ba\u00f1o amarillo y a","og_url":"https:\/\/graziamagazine.com\/mx\/articles\/salma-hayek-deslumbra-redes-sociales-demuestra-reina\/","og_site_name":"Grazia M\u00e9xico y Latinoam\u00e9rica","article_modified_time":"2023-04-26T21:17:29+00:00","og_image":[{"width":1123,"height":719,"url":"https:\/\/graziamagazine.com\/mx\/wp-content\/uploads\/sites\/13\/2023\/04\/WhatsApp-Image-2023-04-26-at-13.56.19-1-e1682543764337.jpeg","type":"image\/jpeg"}],"twitter_card":"summary_large_image","twitter_misc":{"Est. reading time":"2 minutos"},"schema":{"@context":"https:\/\/schema.org","@graph":[{"@type":"WebPage","@id":"https:\/\/graziamagazine.com\/mx\/articles\/salma-hayek-deslumbra-redes-sociales-demuestra-reina\/","url":"https:\/\/graziamagazine.com\/mx\/articles\/salma-hayek-deslumbra-redes-sociales-demuestra-reina\/","name":"Salma Hayek deslumbra en redes sociales y demuestra por qu\u00e9 es la reina | Grazia M\u00e9xico y Latinoam\u00e9rica","isPartOf":{"@id":"https:\/\/graziamagazine.com\/mx\/#website"},"datePublished":"2023-04-26T21:10:18+00:00","dateModified":"2023-04-26T21:17:29+00:00","description":"Salma Hayek vuelve a conquistar las redes sociales despu\u00e9s de publicar unas fotos en su cuenta de Instagram donde posa en un traje de ba\u00f1o amarillo y a","breadcrumb":{"@id":"https:\/\/graziamagazine.com\/mx\/articles\/salma-hayek-deslumbra-redes-sociales-demuestra-reina\/#breadcrumb"},"inLanguage":"es-MX","potentialAction":[{"@type":"ReadAction","target":["https:\/\/graziamagazine.com\/mx\/articles\/salma-hayek-deslumbra-redes-sociales-demuestra-reina\/"]}]},{"@type":"BreadcrumbList","@id":"https:\/\/graziamagazine.com\/mx\/articles\/salma-hayek-deslumbra-redes-sociales-demuestra-reina\/#breadcrumb","itemListElement":[{"@type":"ListItem","position":1,"name":"Home","item":"https:\/\/graziamagazine.com\/mx\/"},{"@type":"ListItem","position":2,"name":"Salma Hayek deslumbra en redes sociales y demuestra por qu\u00e9 es la reina"}]},{"@type":"WebSite","@id":"https:\/\/graziamagazine.com\/mx\/#website","url":"https:\/\/graziamagazine.com\/mx\/","name":"Grazia M\u00e9xico y Latinoam\u00e9rica","description":"Grazia es moda, belleza y noticias  de actualidad ","potentialAction":[{"@type":"SearchAction","target":{"@type":"EntryPoint","urlTemplate":"https:\/\/graziamagazine.com\/mx\/?s={search_term_string}"},"query-input":"required name=search_term_string"}],"inLanguage":"es-MX"}]}},"jetpack_sharing_enabled":true,"distributor_meta":false,"distributor_terms":false,"distributor_media":false,"distributor_original_site_name":"Grazia M\u00e9xico y Latinoam\u00e9rica","distributor_original_site_url":"https:\/\/graziamagazine.com\/mx","push-errors":false,"_links":{"self":[{"href":"https:\/\/graziamagazine.com\/mx\/wp-json\/wp\/v2\/articles\/124450"}],"collection":[{"href":"https:\/\/graziamagazine.com\/mx\/wp-json\/wp\/v2\/articles"}],"about":[{"href":"https:\/\/graziamagazine.com\/mx\/wp-json\/wp\/v2\/types\/articles"}],"author":[{"embeddable":true,"href":"https:\/\/graziamagazine.com\/mx\/wp-json\/wp\/v2\/users\/36289"}],"wp:featuredmedia":[{"embeddable":true,"href":"https:\/\/graziamagazine.com\/mx\/wp-json\/wp\/v2\/media\/124453"}],"wp:attachment":[{"href":"https:\/\/graziamagazine.com\/mx\/wp-json\/wp\/v2\/media?parent=124450"}],"wp:term":[{"taxonomy":"category","embeddable":true,"href":"https:\/\/graziamagazine.com\/mx\/wp-json\/wp\/v2\/categories?post=124450"}],"curies":[{"name":"wp","href":"https:\/\/api.w.org\/{rel}","templated":true}]}}