{"id":124284,"date":"2023-04-21T14:33:34","date_gmt":"2023-04-21T19:33:34","guid":{"rendered":"https:\/\/graziamagazine.com\/mx\/?post_type=articles&#038;p=124284"},"modified":"2023-04-21T18:55:15","modified_gmt":"2023-04-21T23:55:15","slug":"tiffany-co-reinaugura-la-emblematica-tienda-de-la-quinta-avenida-de-nueva-york","status":"publish","type":"articles","link":"https:\/\/graziamagazine.com\/mx\/articles\/tiffany-co-reinaugura-la-emblematica-tienda-de-la-quinta-avenida-de-nueva-york\/","title":{"rendered":"Tiffany &amp; Co. reinaugura la emblem\u00e1tica tienda de la Quinta Avenida de Nueva York"},"content":{"rendered":"<p><span style=\"font-weight: 400;\">Una de las tiendas m\u00e1s emblem\u00e1ticas de todo Nueva York y una de las boutiques m\u00e1s famosas de <strong>Tiffany &amp; Co.<\/strong> en todo el mundo, est\u00e1 de manteles largos con la reinauguraci\u00f3n tras una remodelaci\u00f3n importante.<\/span><\/p>\n<p><span style=\"font-weight: 400;\">La gran reapertura de las puertas de la tienda que se encuentra en la calle 57 y la Quinta Avenida \u2014conocida como<strong> The Landmark\u2014<\/strong>\u00a0est\u00e1 programada para el <strong>28 abril de 2023<\/strong>, presentando al mundo un nuevo Tiffany &amp; Co., con obras de arte personalizadas, joyas nunca antes vistas y exhibiciones envolventes.<\/span><\/p>\n<p><span style=\"font-weight: 400;\">\u201cThe Landmark marca la primera renovaci\u00f3n de la tienda de la instituci\u00f3n de lujo desde que abri\u00f3 sus puertas en 1940. Fuerzas opuestas definen esta transformaci\u00f3n: pasado y futuro, tesoros escondidos y revelados. Al rendir homenaje a la estructura original del ic\u00f3nico edificio, la aclamada fachada con la estatua Atlas y el reloj sobre las puertas giratorias se renov\u00f3 para honrar su dise\u00f1o original, mientras que los interiores se reinventaron por completo en un mundo de maravillas\u201d, explica la marca en un comunicado.<\/span><\/p>\n<p><img loading=\"lazy\" decoding=\"async\" class=\"aligncenter wp-image-124285 size-large\" src=\"https:\/\/graziamagazine.com\/mx\/wp-content\/uploads\/sites\/13\/2023\/04\/Captura-de-Pantalla-2023-04-21-a-las-13.06.36.png?w=558\" alt=\"\" width=\"558\" height=\"366\" \/><\/p>\n<p><span style=\"font-weight: 400;\">&#8220;La reapertura de la ic\u00f3nica Landmark de la Quinta Avenida es un hito importante para nuestra Casa. S\u00edmbolo que marca una nueva era para Tiffany &amp; Co., The Landmark es mucho m\u00e1s que una tienda de joyer\u00eda, es un centro cultural con una muestra exquisita de arquitectura y hospitalidad superior, as\u00ed como de arte y dise\u00f1o de vanguardia. Definitivamente establece un nuevo est\u00e1ndar para el mundo del lujo a nivel global&#8221;, dijo Anthony Ledru, Presidente y Director Ejecutivo de Tiffany &amp; Co.<\/span><\/p>\n<p><span style=\"font-weight: 400;\">Dos fuerzas principales fueron parte integral de la transformaci\u00f3n de la tienda. El legendario arquitecto Peter Marino, reinvent\u00f3 la arquitectura interior y, OMA Nueva York, liderada por el renombrado Shohei Shigematsu, encabez\u00f3 la renovaci\u00f3n del n\u00facleo y la infraestructura de circulaci\u00f3n del edificio; as\u00ed como la adici\u00f3n de tres pisos nuevos sobre el edificio existente. El \u00faltimo piso, dirigido por OMA \/ Shohei Shigematsu, que reemplaza el espacio de oficina a\u00f1adido en 1980, presenta dos estilos de arquitectura distintos que resultan en un ambiente unificado.<\/span><\/p>\n<p><span style=\"font-weight: 400;\">Al entrar a la nueva tienda, los clientes estar\u00e1n sumergidos en un gran piso principal con exhibidores iluminados de forma innovadora por un tragaluz. La instalaci\u00f3n del techo abarca casi la longitud del espacio y est\u00e1 compuesta por una abstracci\u00f3n de facetas, cuyo dise\u00f1o \u00fanico es un tributo a la herencia y autoridad de Tiffany como el proveedor de los diamantes m\u00e1s finos en el mundo. Integradas a lo largo de los 10 pisos de The Landmark, hay casi 40 obras de arte, incluidas piezas comisionadas de Tiffany nunca antes vistas. La curadur\u00eda presenta obras de renombrados artistas internacionales como Damien Hirst, Julian Schnabel, Rashid Johnson, Anna Wevant y Daniel Arsham.<\/span><\/p>\n<p><img loading=\"lazy\" decoding=\"async\" class=\"aligncenter wp-image-124286 size-large\" src=\"https:\/\/graziamagazine.com\/mx\/wp-content\/uploads\/sites\/13\/2023\/04\/Captura-de-Pantalla-2023-04-21-a-las-13.06.29.png?w=558\" alt=\"\" width=\"558\" height=\"367\" \/><\/p>\n<p><span style=\"font-weight: 400;\">Uno de los espacios m\u00e1s destacados se encuentra en el coraz\u00f3n de la tienda, se trata de una escultural escalera de caracol adornada con cristales, inspirada en los dise\u00f1os sensuales y org\u00e1nicos de <strong>Elsa Peretti<\/strong>. La escalera conecta del tercer al octavo piso, mientras que los ascensores permiten acceder a todas las plantas.<\/span><\/p>\n<p><span style=\"font-weight: 400;\">El Blue Box Cafe por Daniel Boulud ofrece una visi\u00f3n \u00fanica de la codiciada experiencia gastron\u00f3mica de Tiffany. El chef neoyorquino, galardonado con una estrella Michelin, ofrece un men\u00fa diurno de inspiraci\u00f3n estacional, que incluye desayunos y t\u00e9. El espacio redise\u00f1ado cuenta ahora con un comedor privado y un bar con instalaciones art\u00edsticas.<\/span><\/p>\n<p><span style=\"font-weight: 400;\">Los espacios dedicados a museos y exposiciones de las plantas 8 y 9 ofrecer\u00e1n una rotaci\u00f3n de conceptos atractivos y experiencias narrativas \u00fanicas.<\/span><\/p>\n<p><img loading=\"lazy\" decoding=\"async\" class=\"aligncenter wp-image-124288 size-large\" src=\"https:\/\/graziamagazine.com\/mx\/wp-content\/uploads\/sites\/13\/2023\/04\/Captura-de-Pantalla-2023-04-21-a-las-13.06.17.png?w=559\" alt=\"\" width=\"559\" height=\"574\" \/><\/p>\n<p><span style=\"font-weight: 400;\">Para conmemorar la reapertura de la tienda, Tiffany &amp; Co. estrenar\u00e1 tambi\u00e9n una gama de dise\u00f1os exclusivos y creaciones \u00fanicas. Esta oferta incluir\u00e1 desde extraordinarios relojes de diamantes y objetos para el hogar de edici\u00f3n limitada, hasta lentes inspirados en el anillo de compromiso Tiffany Setting. Landmark alberga ahora la mayor colecci\u00f3n de alta joyer\u00eda Tiffany del mundo, entre ellas la mayor maravilla de todas: el nuevo dise\u00f1o para el legendario diamante amarillo Tiffany de 128.54 quilates.\u00a0<\/span><\/p>\n<p><span style=\"font-weight: 400;\">Landmark reabre con una importante inversi\u00f3n en iniciativas l\u00edderes en materia de medio ambiente, salud y bienestar; se ha construido para funcionar de forma sostenible en los a\u00f1os por venir. La tienda est\u00e1 en v\u00edas de obtener la certificaci\u00f3n WELL Platinum y la certificaci\u00f3n LEED Gold.<\/span><\/p>\n<p><img loading=\"lazy\" decoding=\"async\" class=\"aligncenter wp-image-124287 size-large\" src=\"https:\/\/graziamagazine.com\/mx\/wp-content\/uploads\/sites\/13\/2023\/04\/Captura-de-Pantalla-2023-04-21-a-las-13.06.22.png?w=560\" alt=\"\" width=\"560\" height=\"366\" \/><\/p>\n","protected":false},"author":11628,"featured_media":124305,"template":"","format":"standard","categories":[12483],"acf":[],"yoast_head":"<!-- This site is optimized with the Yoast SEO Premium plugin v18.5 (Yoast SEO v20.4) - https:\/\/yoast.com\/wordpress\/plugins\/seo\/ -->\n<title>Tiffany &amp; Co. reinaugura la emblem\u00e1tica tienda de la Quinta Avenida de Nueva York | Grazia M\u00e9xico y Latinoam\u00e9rica<\/title>\n<meta name=\"description\" content=\"Una de las tiendas m\u00e1s emblem\u00e1ticas de todo Nueva York y una de las boutiques m\u00e1s famosas de Tiffany &amp; Co. en todo el mundo, est\u00e1 de manteles largos\" \/>\n<meta name=\"robots\" content=\"index, follow, max-snippet:-1, max-image-preview:large, max-video-preview:-1\" \/>\n<link rel=\"canonical\" href=\"https:\/\/graziamagazine.com\/mx\/articles\/tiffany-co-reinaugura-la-emblematica-tienda-de-la-quinta-avenida-de-nueva-york\/\" \/>\n<meta property=\"og:locale\" content=\"es_MX\" \/>\n<meta property=\"og:type\" content=\"article\" \/>\n<meta property=\"og:title\" content=\"Tiffany &amp; Co. reinaugura la emblem\u00e1tica tienda de la Quinta Avenida de Nueva York\" \/>\n<meta property=\"og:description\" content=\"Una de las tiendas m\u00e1s emblem\u00e1ticas de todo Nueva York y una de las boutiques m\u00e1s famosas de Tiffany &amp; Co. en todo el mundo, est\u00e1 de manteles largos\" \/>\n<meta property=\"og:url\" content=\"https:\/\/graziamagazine.com\/mx\/articles\/tiffany-co-reinaugura-la-emblematica-tienda-de-la-quinta-avenida-de-nueva-york\/\" \/>\n<meta property=\"og:site_name\" content=\"Grazia M\u00e9xico y Latinoam\u00e9rica\" \/>\n<meta property=\"article:modified_time\" content=\"2023-04-21T23:55:15+00:00\" \/>\n<meta property=\"og:image\" content=\"https:\/\/graziamagazine.com\/mx\/wp-content\/uploads\/sites\/13\/2023\/04\/tiffany_store.jpg\" \/>\n\t<meta property=\"og:image:width\" content=\"1280\" \/>\n\t<meta property=\"og:image:height\" content=\"720\" \/>\n\t<meta property=\"og:image:type\" content=\"image\/jpeg\" \/>\n<meta name=\"twitter:card\" content=\"summary_large_image\" \/>\n<meta name=\"twitter:label1\" content=\"Est. reading time\" \/>\n\t<meta name=\"twitter:data1\" content=\"4 minutos\" \/>\n<script type=\"application\/ld+json\" class=\"yoast-schema-graph\">{\"@context\":\"https:\/\/schema.org\",\"@graph\":[{\"@type\":\"WebPage\",\"@id\":\"https:\/\/graziamagazine.com\/mx\/articles\/tiffany-co-reinaugura-la-emblematica-tienda-de-la-quinta-avenida-de-nueva-york\/\",\"url\":\"https:\/\/graziamagazine.com\/mx\/articles\/tiffany-co-reinaugura-la-emblematica-tienda-de-la-quinta-avenida-de-nueva-york\/\",\"name\":\"Tiffany &amp; Co. reinaugura la emblem\u00e1tica tienda de la Quinta Avenida de Nueva York | Grazia M\u00e9xico y Latinoam\u00e9rica\",\"isPartOf\":{\"@id\":\"https:\/\/graziamagazine.com\/mx\/#website\"},\"datePublished\":\"2023-04-21T19:33:34+00:00\",\"dateModified\":\"2023-04-21T23:55:15+00:00\",\"description\":\"Una de las tiendas m\u00e1s emblem\u00e1ticas de todo Nueva York y una de las boutiques m\u00e1s famosas de Tiffany &amp; Co. en todo el mundo, est\u00e1 de manteles largos\",\"breadcrumb\":{\"@id\":\"https:\/\/graziamagazine.com\/mx\/articles\/tiffany-co-reinaugura-la-emblematica-tienda-de-la-quinta-avenida-de-nueva-york\/#breadcrumb\"},\"inLanguage\":\"es-MX\",\"potentialAction\":[{\"@type\":\"ReadAction\",\"target\":[\"https:\/\/graziamagazine.com\/mx\/articles\/tiffany-co-reinaugura-la-emblematica-tienda-de-la-quinta-avenida-de-nueva-york\/\"]}]},{\"@type\":\"BreadcrumbList\",\"@id\":\"https:\/\/graziamagazine.com\/mx\/articles\/tiffany-co-reinaugura-la-emblematica-tienda-de-la-quinta-avenida-de-nueva-york\/#breadcrumb\",\"itemListElement\":[{\"@type\":\"ListItem\",\"position\":1,\"name\":\"Home\",\"item\":\"https:\/\/graziamagazine.com\/mx\/\"},{\"@type\":\"ListItem\",\"position\":2,\"name\":\"Tiffany &amp; Co. reinaugura la emblem\u00e1tica tienda de la Quinta Avenida de Nueva York\"}]},{\"@type\":\"WebSite\",\"@id\":\"https:\/\/graziamagazine.com\/mx\/#website\",\"url\":\"https:\/\/graziamagazine.com\/mx\/\",\"name\":\"Grazia M\u00e9xico y Latinoam\u00e9rica\",\"description\":\"Grazia es moda, belleza y noticias  de actualidad \",\"potentialAction\":[{\"@type\":\"SearchAction\",\"target\":{\"@type\":\"EntryPoint\",\"urlTemplate\":\"https:\/\/graziamagazine.com\/mx\/?s={search_term_string}\"},\"query-input\":\"required name=search_term_string\"}],\"inLanguage\":\"es-MX\"}]}<\/script>\n<!-- \/ Yoast SEO Premium plugin. -->","yoast_head_json":{"title":"Tiffany &amp; Co. reinaugura la emblem\u00e1tica tienda de la Quinta Avenida de Nueva York | Grazia M\u00e9xico y Latinoam\u00e9rica","description":"Una de las tiendas m\u00e1s emblem\u00e1ticas de todo Nueva York y una de las boutiques m\u00e1s famosas de Tiffany &amp; Co. en todo el mundo, est\u00e1 de manteles largos","robots":{"index":"index","follow":"follow","max-snippet":"max-snippet:-1","max-image-preview":"max-image-preview:large","max-video-preview":"max-video-preview:-1"},"canonical":"https:\/\/graziamagazine.com\/mx\/articles\/tiffany-co-reinaugura-la-emblematica-tienda-de-la-quinta-avenida-de-nueva-york\/","og_locale":"es_MX","og_type":"article","og_title":"Tiffany &amp; Co. reinaugura la emblem\u00e1tica tienda de la Quinta Avenida de Nueva York","og_description":"Una de las tiendas m\u00e1s emblem\u00e1ticas de todo Nueva York y una de las boutiques m\u00e1s famosas de Tiffany &amp; Co. en todo el mundo, est\u00e1 de manteles largos","og_url":"https:\/\/graziamagazine.com\/mx\/articles\/tiffany-co-reinaugura-la-emblematica-tienda-de-la-quinta-avenida-de-nueva-york\/","og_site_name":"Grazia M\u00e9xico y Latinoam\u00e9rica","article_modified_time":"2023-04-21T23:55:15+00:00","og_image":[{"width":1280,"height":720,"url":"https:\/\/graziamagazine.com\/mx\/wp-content\/uploads\/sites\/13\/2023\/04\/tiffany_store.jpg","type":"image\/jpeg"}],"twitter_card":"summary_large_image","twitter_misc":{"Est. reading time":"4 minutos"},"schema":{"@context":"https:\/\/schema.org","@graph":[{"@type":"WebPage","@id":"https:\/\/graziamagazine.com\/mx\/articles\/tiffany-co-reinaugura-la-emblematica-tienda-de-la-quinta-avenida-de-nueva-york\/","url":"https:\/\/graziamagazine.com\/mx\/articles\/tiffany-co-reinaugura-la-emblematica-tienda-de-la-quinta-avenida-de-nueva-york\/","name":"Tiffany &amp; Co. reinaugura la emblem\u00e1tica tienda de la Quinta Avenida de Nueva York | Grazia M\u00e9xico y Latinoam\u00e9rica","isPartOf":{"@id":"https:\/\/graziamagazine.com\/mx\/#website"},"datePublished":"2023-04-21T19:33:34+00:00","dateModified":"2023-04-21T23:55:15+00:00","description":"Una de las tiendas m\u00e1s emblem\u00e1ticas de todo Nueva York y una de las boutiques m\u00e1s famosas de Tiffany &amp; Co. en todo el mundo, est\u00e1 de manteles largos","breadcrumb":{"@id":"https:\/\/graziamagazine.com\/mx\/articles\/tiffany-co-reinaugura-la-emblematica-tienda-de-la-quinta-avenida-de-nueva-york\/#breadcrumb"},"inLanguage":"es-MX","potentialAction":[{"@type":"ReadAction","target":["https:\/\/graziamagazine.com\/mx\/articles\/tiffany-co-reinaugura-la-emblematica-tienda-de-la-quinta-avenida-de-nueva-york\/"]}]},{"@type":"BreadcrumbList","@id":"https:\/\/graziamagazine.com\/mx\/articles\/tiffany-co-reinaugura-la-emblematica-tienda-de-la-quinta-avenida-de-nueva-york\/#breadcrumb","itemListElement":[{"@type":"ListItem","position":1,"name":"Home","item":"https:\/\/graziamagazine.com\/mx\/"},{"@type":"ListItem","position":2,"name":"Tiffany &amp; Co. reinaugura la emblem\u00e1tica tienda de la Quinta Avenida de Nueva York"}]},{"@type":"WebSite","@id":"https:\/\/graziamagazine.com\/mx\/#website","url":"https:\/\/graziamagazine.com\/mx\/","name":"Grazia M\u00e9xico y Latinoam\u00e9rica","description":"Grazia es moda, belleza y noticias  de actualidad ","potentialAction":[{"@type":"SearchAction","target":{"@type":"EntryPoint","urlTemplate":"https:\/\/graziamagazine.com\/mx\/?s={search_term_string}"},"query-input":"required name=search_term_string"}],"inLanguage":"es-MX"}]}},"jetpack_sharing_enabled":true,"distributor_meta":false,"distributor_terms":false,"distributor_media":false,"distributor_original_site_name":"Grazia M\u00e9xico y Latinoam\u00e9rica","distributor_original_site_url":"https:\/\/graziamagazine.com\/mx","push-errors":false,"_links":{"self":[{"href":"https:\/\/graziamagazine.com\/mx\/wp-json\/wp\/v2\/articles\/124284"}],"collection":[{"href":"https:\/\/graziamagazine.com\/mx\/wp-json\/wp\/v2\/articles"}],"about":[{"href":"https:\/\/graziamagazine.com\/mx\/wp-json\/wp\/v2\/types\/articles"}],"author":[{"embeddable":true,"href":"https:\/\/graziamagazine.com\/mx\/wp-json\/wp\/v2\/users\/11628"}],"wp:featuredmedia":[{"embeddable":true,"href":"https:\/\/graziamagazine.com\/mx\/wp-json\/wp\/v2\/media\/124305"}],"wp:attachment":[{"href":"https:\/\/graziamagazine.com\/mx\/wp-json\/wp\/v2\/media?parent=124284"}],"wp:term":[{"taxonomy":"category","embeddable":true,"href":"https:\/\/graziamagazine.com\/mx\/wp-json\/wp\/v2\/categories?post=124284"}],"curies":[{"name":"wp","href":"https:\/\/api.w.org\/{rel}","templated":true}]}}