{"id":124141,"date":"2023-04-18T19:48:11","date_gmt":"2023-04-19T00:48:11","guid":{"rendered":"https:\/\/graziamagazine.com\/mx\/?post_type=articles&#038;p=124141"},"modified":"2023-04-18T19:51:28","modified_gmt":"2023-04-19T00:51:28","slug":"katy-perry-y-los-demas-interpretes-que-participaran-en-la-coronacion-del-rey-charles-iii","status":"publish","type":"articles","link":"https:\/\/graziamagazine.com\/mx\/articles\/katy-perry-y-los-demas-interpretes-que-participaran-en-la-coronacion-del-rey-charles-iii\/","title":{"rendered":"Katy Perry y los dem\u00e1s int\u00e9rpretes que participar\u00e1n en la coronaci\u00f3n del rey Charles III"},"content":{"rendered":"<p><span style=\"font-weight: 400\">Un d\u00eda despu\u00e9s de que el <strong>rey Charles III y la reina Camila sean coronados<\/strong> en la Abad\u00eda de Westminster, la realeza disfrutar\u00e1 de un evento musical especial denominado \u201cConcierto de coronaci\u00f3n\u201d, que tendr\u00e1 lugar en los terrenos del Castillo de Windsor.<\/span><\/p>\n<p><span style=\"font-weight: 400\">El gran evento es una de varias festividades que celebrar\u00e1n la hist\u00f3rica ascensi\u00f3n del rey al trono durante el fin de semana de la coronaci\u00f3n, y ahora se sabe que <strong>Katy Perry, Lionel Richie, Andrea Bocelli, Sir Bryn Terfel, Take That, Freya Ridings y Alexis Ffrench<\/strong>, ser\u00e1n algunas de las celebridades que se presentar\u00e1n durante el concierto del domingo 7 de mayo.<\/span><\/p>\n<p><span style=\"font-weight: 400\">El concierto tambi\u00e9n incluir\u00e1 un segmento llamado &#8220;Lighting Up the Nation&#8221;, en el que se iluminar\u00e1n diferentes lugares ic\u00f3nicos en todo el Reino Unido a trav\u00e9s de proyecciones, luces l\u00e1ser, pantallas de drones e iluminaciones.<\/span><\/p>\n<p><span style=\"font-weight: 400\">Katy y Lionel, quienes se desempe\u00f1an como jueces en <em>American Idol<\/em>, han tenido que ver anteriormente con la monarqu\u00eda brit\u00e1nica. En 2020, Perry fue nombrada embajadora de The British Asian Trust, una organizaci\u00f3n ben\u00e9fica cofundada por el entonces pr\u00edncipe Charles, mientras que Richie se convirti\u00f3 en el primer embajador mundial de The Prince&#8217;s Trust en 2019.<\/span><\/p>\n<p><span style=\"font-weight: 400\">De igual manera, existe el coro llamado The Coronation, un grupo que reclutar\u00e1 miembros de diferentes coros en todo el Reino Unido, incluidos coros de refugiados, coros del NHS, coros LGBTQ+ y coros de sordos. Este grupo aparecer\u00e1 junto con el coro virtual, que incluir\u00e1 adem\u00e1s a otros cantantes de todo el Commonwealth.<\/span><\/p>\n<p><span style=\"font-weight: 400\">Adem\u00e1s del rey y la reina, se espera que asistan otros miembros importantes de la familia real, incluidos el pr\u00edncipe Willia, Kate Middleton y sus hijos, adem\u00e1s de otros aproximadamente 10,000 brit\u00e1nicos que recibieron entradas gratuitas para este evento, incluyendo voluntarios de las diversas organizaciones ben\u00e9ficas de la corona.<\/span><\/p>\n","protected":false},"author":11628,"featured_media":118443,"template":"","format":"standard","categories":[12483],"acf":[],"yoast_head":"<!-- This site is optimized with the Yoast SEO Premium plugin v18.5 (Yoast SEO v20.4) - https:\/\/yoast.com\/wordpress\/plugins\/seo\/ -->\n<title>Katy Perry y los dem\u00e1s int\u00e9rpretes que participar\u00e1n en la coronaci\u00f3n del rey Charles III | Grazia M\u00e9xico y Latinoam\u00e9rica<\/title>\n<meta name=\"description\" content=\"Un d\u00eda despu\u00e9s de que el rey Charles III y la reina Camila sean coronados en la Abad\u00eda de Westminster, la realeza disfrutar\u00e1 de un evento musical especial\" \/>\n<meta name=\"robots\" content=\"index, follow, max-snippet:-1, max-image-preview:large, max-video-preview:-1\" \/>\n<link rel=\"canonical\" href=\"https:\/\/graziamagazine.com\/mx\/articles\/katy-perry-y-los-demas-interpretes-que-participaran-en-la-coronacion-del-rey-charles-iii\/\" \/>\n<meta property=\"og:locale\" content=\"es_MX\" \/>\n<meta property=\"og:type\" content=\"article\" \/>\n<meta property=\"og:title\" content=\"Katy Perry y los dem\u00e1s int\u00e9rpretes que participar\u00e1n en la coronaci\u00f3n del rey Charles III\" \/>\n<meta property=\"og:description\" content=\"Un d\u00eda despu\u00e9s de que el rey Charles III y la reina Camila sean coronados en la Abad\u00eda de Westminster, la realeza disfrutar\u00e1 de un evento musical especial\" \/>\n<meta property=\"og:url\" content=\"https:\/\/graziamagazine.com\/mx\/articles\/katy-perry-y-los-demas-interpretes-que-participaran-en-la-coronacion-del-rey-charles-iii\/\" \/>\n<meta property=\"og:site_name\" content=\"Grazia M\u00e9xico y Latinoam\u00e9rica\" \/>\n<meta property=\"article:modified_time\" content=\"2023-04-19T00:51:28+00:00\" \/>\n<meta property=\"og:image\" content=\"https:\/\/graziamagazine.com\/mx\/wp-content\/uploads\/sites\/13\/2022\/10\/Katy-Perry-e1666719417519.jpg\" \/>\n\t<meta property=\"og:image:width\" content=\"1200\" \/>\n\t<meta property=\"og:image:height\" content=\"720\" \/>\n\t<meta property=\"og:image:type\" content=\"image\/jpeg\" \/>\n<meta name=\"twitter:card\" content=\"summary_large_image\" \/>\n<meta name=\"twitter:label1\" content=\"Est. reading time\" \/>\n\t<meta name=\"twitter:data1\" content=\"2 minutos\" \/>\n<script type=\"application\/ld+json\" class=\"yoast-schema-graph\">{\"@context\":\"https:\/\/schema.org\",\"@graph\":[{\"@type\":\"WebPage\",\"@id\":\"https:\/\/graziamagazine.com\/mx\/articles\/katy-perry-y-los-demas-interpretes-que-participaran-en-la-coronacion-del-rey-charles-iii\/\",\"url\":\"https:\/\/graziamagazine.com\/mx\/articles\/katy-perry-y-los-demas-interpretes-que-participaran-en-la-coronacion-del-rey-charles-iii\/\",\"name\":\"Katy Perry y los dem\u00e1s int\u00e9rpretes que participar\u00e1n en la coronaci\u00f3n del rey Charles III | Grazia M\u00e9xico y Latinoam\u00e9rica\",\"isPartOf\":{\"@id\":\"https:\/\/graziamagazine.com\/mx\/#website\"},\"datePublished\":\"2023-04-19T00:48:11+00:00\",\"dateModified\":\"2023-04-19T00:51:28+00:00\",\"description\":\"Un d\u00eda despu\u00e9s de que el rey Charles III y la reina Camila sean coronados en la Abad\u00eda de Westminster, la realeza disfrutar\u00e1 de un evento musical especial\",\"breadcrumb\":{\"@id\":\"https:\/\/graziamagazine.com\/mx\/articles\/katy-perry-y-los-demas-interpretes-que-participaran-en-la-coronacion-del-rey-charles-iii\/#breadcrumb\"},\"inLanguage\":\"es-MX\",\"potentialAction\":[{\"@type\":\"ReadAction\",\"target\":[\"https:\/\/graziamagazine.com\/mx\/articles\/katy-perry-y-los-demas-interpretes-que-participaran-en-la-coronacion-del-rey-charles-iii\/\"]}]},{\"@type\":\"BreadcrumbList\",\"@id\":\"https:\/\/graziamagazine.com\/mx\/articles\/katy-perry-y-los-demas-interpretes-que-participaran-en-la-coronacion-del-rey-charles-iii\/#breadcrumb\",\"itemListElement\":[{\"@type\":\"ListItem\",\"position\":1,\"name\":\"Home\",\"item\":\"https:\/\/graziamagazine.com\/mx\/\"},{\"@type\":\"ListItem\",\"position\":2,\"name\":\"Katy Perry y los dem\u00e1s int\u00e9rpretes que participar\u00e1n en la coronaci\u00f3n del rey Charles III\"}]},{\"@type\":\"WebSite\",\"@id\":\"https:\/\/graziamagazine.com\/mx\/#website\",\"url\":\"https:\/\/graziamagazine.com\/mx\/\",\"name\":\"Grazia M\u00e9xico y Latinoam\u00e9rica\",\"description\":\"Grazia es moda, belleza y noticias  de actualidad \",\"potentialAction\":[{\"@type\":\"SearchAction\",\"target\":{\"@type\":\"EntryPoint\",\"urlTemplate\":\"https:\/\/graziamagazine.com\/mx\/?s={search_term_string}\"},\"query-input\":\"required name=search_term_string\"}],\"inLanguage\":\"es-MX\"}]}<\/script>\n<!-- \/ Yoast SEO Premium plugin. -->","yoast_head_json":{"title":"Katy Perry y los dem\u00e1s int\u00e9rpretes que participar\u00e1n en la coronaci\u00f3n del rey Charles III | Grazia M\u00e9xico y Latinoam\u00e9rica","description":"Un d\u00eda despu\u00e9s de que el rey Charles III y la reina Camila sean coronados en la Abad\u00eda de Westminster, la realeza disfrutar\u00e1 de un evento musical especial","robots":{"index":"index","follow":"follow","max-snippet":"max-snippet:-1","max-image-preview":"max-image-preview:large","max-video-preview":"max-video-preview:-1"},"canonical":"https:\/\/graziamagazine.com\/mx\/articles\/katy-perry-y-los-demas-interpretes-que-participaran-en-la-coronacion-del-rey-charles-iii\/","og_locale":"es_MX","og_type":"article","og_title":"Katy Perry y los dem\u00e1s int\u00e9rpretes que participar\u00e1n en la coronaci\u00f3n del rey Charles III","og_description":"Un d\u00eda despu\u00e9s de que el rey Charles III y la reina Camila sean coronados en la Abad\u00eda de Westminster, la realeza disfrutar\u00e1 de un evento musical especial","og_url":"https:\/\/graziamagazine.com\/mx\/articles\/katy-perry-y-los-demas-interpretes-que-participaran-en-la-coronacion-del-rey-charles-iii\/","og_site_name":"Grazia M\u00e9xico y Latinoam\u00e9rica","article_modified_time":"2023-04-19T00:51:28+00:00","og_image":[{"width":1200,"height":720,"url":"https:\/\/graziamagazine.com\/mx\/wp-content\/uploads\/sites\/13\/2022\/10\/Katy-Perry-e1666719417519.jpg","type":"image\/jpeg"}],"twitter_card":"summary_large_image","twitter_misc":{"Est. reading time":"2 minutos"},"schema":{"@context":"https:\/\/schema.org","@graph":[{"@type":"WebPage","@id":"https:\/\/graziamagazine.com\/mx\/articles\/katy-perry-y-los-demas-interpretes-que-participaran-en-la-coronacion-del-rey-charles-iii\/","url":"https:\/\/graziamagazine.com\/mx\/articles\/katy-perry-y-los-demas-interpretes-que-participaran-en-la-coronacion-del-rey-charles-iii\/","name":"Katy Perry y los dem\u00e1s int\u00e9rpretes que participar\u00e1n en la coronaci\u00f3n del rey Charles III | Grazia M\u00e9xico y Latinoam\u00e9rica","isPartOf":{"@id":"https:\/\/graziamagazine.com\/mx\/#website"},"datePublished":"2023-04-19T00:48:11+00:00","dateModified":"2023-04-19T00:51:28+00:00","description":"Un d\u00eda despu\u00e9s de que el rey Charles III y la reina Camila sean coronados en la Abad\u00eda de Westminster, la realeza disfrutar\u00e1 de un evento musical especial","breadcrumb":{"@id":"https:\/\/graziamagazine.com\/mx\/articles\/katy-perry-y-los-demas-interpretes-que-participaran-en-la-coronacion-del-rey-charles-iii\/#breadcrumb"},"inLanguage":"es-MX","potentialAction":[{"@type":"ReadAction","target":["https:\/\/graziamagazine.com\/mx\/articles\/katy-perry-y-los-demas-interpretes-que-participaran-en-la-coronacion-del-rey-charles-iii\/"]}]},{"@type":"BreadcrumbList","@id":"https:\/\/graziamagazine.com\/mx\/articles\/katy-perry-y-los-demas-interpretes-que-participaran-en-la-coronacion-del-rey-charles-iii\/#breadcrumb","itemListElement":[{"@type":"ListItem","position":1,"name":"Home","item":"https:\/\/graziamagazine.com\/mx\/"},{"@type":"ListItem","position":2,"name":"Katy Perry y los dem\u00e1s int\u00e9rpretes que participar\u00e1n en la coronaci\u00f3n del rey Charles III"}]},{"@type":"WebSite","@id":"https:\/\/graziamagazine.com\/mx\/#website","url":"https:\/\/graziamagazine.com\/mx\/","name":"Grazia M\u00e9xico y Latinoam\u00e9rica","description":"Grazia es moda, belleza y noticias  de actualidad ","potentialAction":[{"@type":"SearchAction","target":{"@type":"EntryPoint","urlTemplate":"https:\/\/graziamagazine.com\/mx\/?s={search_term_string}"},"query-input":"required name=search_term_string"}],"inLanguage":"es-MX"}]}},"jetpack_sharing_enabled":true,"distributor_meta":false,"distributor_terms":false,"distributor_media":false,"distributor_original_site_name":"Grazia M\u00e9xico y Latinoam\u00e9rica","distributor_original_site_url":"https:\/\/graziamagazine.com\/mx","push-errors":false,"_links":{"self":[{"href":"https:\/\/graziamagazine.com\/mx\/wp-json\/wp\/v2\/articles\/124141"}],"collection":[{"href":"https:\/\/graziamagazine.com\/mx\/wp-json\/wp\/v2\/articles"}],"about":[{"href":"https:\/\/graziamagazine.com\/mx\/wp-json\/wp\/v2\/types\/articles"}],"author":[{"embeddable":true,"href":"https:\/\/graziamagazine.com\/mx\/wp-json\/wp\/v2\/users\/11628"}],"wp:featuredmedia":[{"embeddable":true,"href":"https:\/\/graziamagazine.com\/mx\/wp-json\/wp\/v2\/media\/118443"}],"wp:attachment":[{"href":"https:\/\/graziamagazine.com\/mx\/wp-json\/wp\/v2\/media?parent=124141"}],"wp:term":[{"taxonomy":"category","embeddable":true,"href":"https:\/\/graziamagazine.com\/mx\/wp-json\/wp\/v2\/categories?post=124141"}],"curies":[{"name":"wp","href":"https:\/\/api.w.org\/{rel}","templated":true}]}}