{"id":124047,"date":"2023-04-14T18:46:54","date_gmt":"2023-04-14T23:46:54","guid":{"rendered":"https:\/\/graziamagazine.com\/mx\/?post_type=articles&#038;p=124047"},"modified":"2023-04-14T18:48:58","modified_gmt":"2023-04-14T23:48:58","slug":"ariana-grande-responde-a-las-personas-que-criticaron-su-peso-y-su-aspecto-fisico","status":"publish","type":"articles","link":"https:\/\/graziamagazine.com\/mx\/articles\/ariana-grande-responde-a-las-personas-que-criticaron-su-peso-y-su-aspecto-fisico\/","title":{"rendered":"Ariana Grande responde a las personas que criticaron su peso y su aspecto f\u00edsico"},"content":{"rendered":"<p><span style=\"font-weight: 400\"><strong>Ariana Grande<\/strong> se puso frente a la c\u00e1mara para abordar las preocupaciones de los fan\u00e1ticos sobre su peso, confesando algunas situaciones que no conoc\u00edamos y pidiendo respeto para ella y el cuerpo de todas las mujeres.<\/span><\/p>\n<p><span style=\"font-weight: 400\">La cantante recurri\u00f3 a <strong>TikTok<\/strong> para hablar sobre los cambios visibles en su cuerpo y su imagen. En el impresionante video de tres minutos, Ariana invit\u00f3 a aquellos que comentan sobre su cuerpo, incluso a aquellos que lo hac\u00edan \u201cdesde un lugar amoroso\u201d, a hacer una pausa.<\/span><\/p>\n<p><span style=\"font-weight: 400\">&#8220;Creo que deber\u00edamos ser m\u00e1s amables y menos c\u00f3modos al comentar sobre los cuerpos de las personas. Solo quer\u00eda abordar sus preocupaciones sobre mi cuerpo y hablar un poco sobre lo que significa ser una persona con un cuerpo&#8230; que prest\u00f3 tanta atenci\u00f3n&#8221;, dijo Ariana.<\/span><\/p>\n<p><span style=\"font-weight: 400\">\u201cSi crees que est\u00e1s diciendo algo bueno o bien intencionado, lo que sea, saludable o no saludable, grande, peque\u00f1o&#8230; realmente deber\u00edamos trabajar para no hacer eso tanto. Hay muchas maneras diferentes de lucir saludable y bella&#8221;, agreg\u00f3.<\/span><\/p>\n<blockquote class=\"tiktok-embed\" cite=\"https:\/\/www.tiktok.com\/@arianagrande\/video\/7220884832472026414\" data-video-id=\"7220884832472026414\" data-embed-from=\"oembed\" style=\"max-width: 605px;min-width: 325px;\" >\n<section> <a href=\"https:\/\/www.tiktok.com\/@arianagrande?refer=embed\"target=\"_blank\" title=\"@arianagrande\"  target=\"_blank\">@arianagrande<\/a> <\/p>\n<p>\u2661 <\/p>\n<p> <a href=\"https:\/\/www.tiktok.com\/music\/original-sound-7220884858661997358?refer=embed\"target=\"_blank\" title=\"\u266c original sound - arianagrande\"  target=\"_blank\">\u266c original sound &#8211; arianagrande<\/a> <\/section>\n<\/blockquote>\n<p> <script async src=\"https:\/\/www.tiktok.com\/embed.js\"><\/script><\/p>\n<p><span style=\"font-weight: 400\">&#8220;Para m\u00ed, el cuerpo con el que has estado comparando mi cuerpo actual era la versi\u00f3n menos saludable de mi cuerpo. Tomaba muchos antidepresivos y beb\u00eda con ellos, y com\u00eda mal y estaba en el punto m\u00e1s bajo de mi vida cuando me ve\u00eda de la manera que t\u00fa consideras saludable, pero eso, de hecho, no era mi salud&#8221;, dijo Ariana, muy tranquila.<\/span><\/p>\n<p><span style=\"font-weight: 400\">&#8220;S\u00e9 que no deber\u00eda tener que explicar eso, pero siento que tal vez tener una apertura y alg\u00fan tipo de vulnerabilidad aqu\u00ed ser\u00e1 algo bueno que podr\u00eda salir de eso&#8221;, dijo, implorando a sus fan\u00e1ticos que no hicieran suposiciones sobre la salud y la felicidad de los dem\u00e1s.<\/span><\/p>\n<p><span style=\"font-weight: 400\">&#8220;Nunca se sabe por lo que alguien est\u00e1 pasando&#8221;, continu\u00f3, &#8220;as\u00ed que sean amables con los dem\u00e1s y con ustedes mismos&#8221;.<\/span><\/p>\n<p><span style=\"font-weight: 400\">Antes de despedirse reconoci\u00f3 su aspecto deshecho: &#8216;Por cierto, ahora mismo no llevo pesta\u00f1as ni delineador. Esta es mi cara. Estos son mis ojos, as\u00ed que no te asustes por eso ahora, por favor\u201d.<\/span><\/p>\n<p><span style=\"font-weight: 400\">\u00a1Bravo, Ariana!<\/span><\/p>\n","protected":false},"author":11628,"featured_media":91946,"template":"","format":"standard","categories":[2],"acf":[],"yoast_head":"<!-- This site is optimized with the Yoast SEO Premium plugin v18.5 (Yoast SEO v20.4) - https:\/\/yoast.com\/wordpress\/plugins\/seo\/ -->\n<title>Ariana Grande responde a las personas que criticaron su peso y su aspecto f\u00edsico | Grazia M\u00e9xico y Latinoam\u00e9rica<\/title>\n<meta name=\"description\" content=\"Ariana Grande se puso frente a la c\u00e1mara para abordar las preocupaciones de los fan\u00e1ticos sobre su peso, confesando algunas situaciones que no conoc\u00edamos\" \/>\n<meta name=\"robots\" content=\"index, follow, max-snippet:-1, max-image-preview:large, max-video-preview:-1\" \/>\n<link rel=\"canonical\" href=\"https:\/\/graziamagazine.com\/mx\/articles\/ariana-grande-responde-a-las-personas-que-criticaron-su-peso-y-su-aspecto-fisico\/\" \/>\n<meta property=\"og:locale\" content=\"es_MX\" \/>\n<meta property=\"og:type\" content=\"article\" \/>\n<meta property=\"og:title\" content=\"Ariana Grande responde a las personas que criticaron su peso y su aspecto f\u00edsico\" \/>\n<meta property=\"og:description\" content=\"Ariana Grande se puso frente a la c\u00e1mara para abordar las preocupaciones de los fan\u00e1ticos sobre su peso, confesando algunas situaciones que no conoc\u00edamos\" \/>\n<meta property=\"og:url\" content=\"https:\/\/graziamagazine.com\/mx\/articles\/ariana-grande-responde-a-las-personas-que-criticaron-su-peso-y-su-aspecto-fisico\/\" \/>\n<meta property=\"og:site_name\" content=\"Grazia M\u00e9xico y Latinoam\u00e9rica\" \/>\n<meta property=\"article:modified_time\" content=\"2023-04-14T23:48:58+00:00\" \/>\n<meta property=\"og:image\" content=\"https:\/\/graziamagazine.com\/mx\/wp-content\/uploads\/sites\/13\/2020\/12\/Asi\u0301-reacciono\u0301-la-familia-de-Ariana-Grande-a-su-compromiso-con-Dalton-Gomez.jpg\" \/>\n\t<meta property=\"og:image:width\" content=\"958\" \/>\n\t<meta property=\"og:image:height\" content=\"596\" \/>\n\t<meta property=\"og:image:type\" content=\"image\/jpeg\" \/>\n<meta name=\"twitter:card\" content=\"summary_large_image\" \/>\n<meta name=\"twitter:label1\" content=\"Est. reading time\" \/>\n\t<meta name=\"twitter:data1\" content=\"2 minutos\" \/>\n<script type=\"application\/ld+json\" class=\"yoast-schema-graph\">{\"@context\":\"https:\/\/schema.org\",\"@graph\":[{\"@type\":\"WebPage\",\"@id\":\"https:\/\/graziamagazine.com\/mx\/articles\/ariana-grande-responde-a-las-personas-que-criticaron-su-peso-y-su-aspecto-fisico\/\",\"url\":\"https:\/\/graziamagazine.com\/mx\/articles\/ariana-grande-responde-a-las-personas-que-criticaron-su-peso-y-su-aspecto-fisico\/\",\"name\":\"Ariana Grande responde a las personas que criticaron su peso y su aspecto f\u00edsico | Grazia M\u00e9xico y Latinoam\u00e9rica\",\"isPartOf\":{\"@id\":\"https:\/\/graziamagazine.com\/mx\/#website\"},\"datePublished\":\"2023-04-14T23:46:54+00:00\",\"dateModified\":\"2023-04-14T23:48:58+00:00\",\"description\":\"Ariana Grande se puso frente a la c\u00e1mara para abordar las preocupaciones de los fan\u00e1ticos sobre su peso, confesando algunas situaciones que no conoc\u00edamos\",\"breadcrumb\":{\"@id\":\"https:\/\/graziamagazine.com\/mx\/articles\/ariana-grande-responde-a-las-personas-que-criticaron-su-peso-y-su-aspecto-fisico\/#breadcrumb\"},\"inLanguage\":\"es-MX\",\"potentialAction\":[{\"@type\":\"ReadAction\",\"target\":[\"https:\/\/graziamagazine.com\/mx\/articles\/ariana-grande-responde-a-las-personas-que-criticaron-su-peso-y-su-aspecto-fisico\/\"]}]},{\"@type\":\"BreadcrumbList\",\"@id\":\"https:\/\/graziamagazine.com\/mx\/articles\/ariana-grande-responde-a-las-personas-que-criticaron-su-peso-y-su-aspecto-fisico\/#breadcrumb\",\"itemListElement\":[{\"@type\":\"ListItem\",\"position\":1,\"name\":\"Home\",\"item\":\"https:\/\/graziamagazine.com\/mx\/\"},{\"@type\":\"ListItem\",\"position\":2,\"name\":\"Ariana Grande responde a las personas que criticaron su peso y su aspecto f\u00edsico\"}]},{\"@type\":\"WebSite\",\"@id\":\"https:\/\/graziamagazine.com\/mx\/#website\",\"url\":\"https:\/\/graziamagazine.com\/mx\/\",\"name\":\"Grazia M\u00e9xico y Latinoam\u00e9rica\",\"description\":\"Grazia es moda, belleza y noticias  de actualidad \",\"potentialAction\":[{\"@type\":\"SearchAction\",\"target\":{\"@type\":\"EntryPoint\",\"urlTemplate\":\"https:\/\/graziamagazine.com\/mx\/?s={search_term_string}\"},\"query-input\":\"required name=search_term_string\"}],\"inLanguage\":\"es-MX\"}]}<\/script>\n<!-- \/ Yoast SEO Premium plugin. -->","yoast_head_json":{"title":"Ariana Grande responde a las personas que criticaron su peso y su aspecto f\u00edsico | Grazia M\u00e9xico y Latinoam\u00e9rica","description":"Ariana Grande se puso frente a la c\u00e1mara para abordar las preocupaciones de los fan\u00e1ticos sobre su peso, confesando algunas situaciones que no conoc\u00edamos","robots":{"index":"index","follow":"follow","max-snippet":"max-snippet:-1","max-image-preview":"max-image-preview:large","max-video-preview":"max-video-preview:-1"},"canonical":"https:\/\/graziamagazine.com\/mx\/articles\/ariana-grande-responde-a-las-personas-que-criticaron-su-peso-y-su-aspecto-fisico\/","og_locale":"es_MX","og_type":"article","og_title":"Ariana Grande responde a las personas que criticaron su peso y su aspecto f\u00edsico","og_description":"Ariana Grande se puso frente a la c\u00e1mara para abordar las preocupaciones de los fan\u00e1ticos sobre su peso, confesando algunas situaciones que no conoc\u00edamos","og_url":"https:\/\/graziamagazine.com\/mx\/articles\/ariana-grande-responde-a-las-personas-que-criticaron-su-peso-y-su-aspecto-fisico\/","og_site_name":"Grazia M\u00e9xico y Latinoam\u00e9rica","article_modified_time":"2023-04-14T23:48:58+00:00","og_image":[{"width":958,"height":596,"url":"https:\/\/graziamagazine.com\/mx\/wp-content\/uploads\/sites\/13\/2020\/12\/Asi\u0301-reacciono\u0301-la-familia-de-Ariana-Grande-a-su-compromiso-con-Dalton-Gomez.jpg","type":"image\/jpeg"}],"twitter_card":"summary_large_image","twitter_misc":{"Est. reading time":"2 minutos"},"schema":{"@context":"https:\/\/schema.org","@graph":[{"@type":"WebPage","@id":"https:\/\/graziamagazine.com\/mx\/articles\/ariana-grande-responde-a-las-personas-que-criticaron-su-peso-y-su-aspecto-fisico\/","url":"https:\/\/graziamagazine.com\/mx\/articles\/ariana-grande-responde-a-las-personas-que-criticaron-su-peso-y-su-aspecto-fisico\/","name":"Ariana Grande responde a las personas que criticaron su peso y su aspecto f\u00edsico | Grazia M\u00e9xico y Latinoam\u00e9rica","isPartOf":{"@id":"https:\/\/graziamagazine.com\/mx\/#website"},"datePublished":"2023-04-14T23:46:54+00:00","dateModified":"2023-04-14T23:48:58+00:00","description":"Ariana Grande se puso frente a la c\u00e1mara para abordar las preocupaciones de los fan\u00e1ticos sobre su peso, confesando algunas situaciones que no conoc\u00edamos","breadcrumb":{"@id":"https:\/\/graziamagazine.com\/mx\/articles\/ariana-grande-responde-a-las-personas-que-criticaron-su-peso-y-su-aspecto-fisico\/#breadcrumb"},"inLanguage":"es-MX","potentialAction":[{"@type":"ReadAction","target":["https:\/\/graziamagazine.com\/mx\/articles\/ariana-grande-responde-a-las-personas-que-criticaron-su-peso-y-su-aspecto-fisico\/"]}]},{"@type":"BreadcrumbList","@id":"https:\/\/graziamagazine.com\/mx\/articles\/ariana-grande-responde-a-las-personas-que-criticaron-su-peso-y-su-aspecto-fisico\/#breadcrumb","itemListElement":[{"@type":"ListItem","position":1,"name":"Home","item":"https:\/\/graziamagazine.com\/mx\/"},{"@type":"ListItem","position":2,"name":"Ariana Grande responde a las personas que criticaron su peso y su aspecto f\u00edsico"}]},{"@type":"WebSite","@id":"https:\/\/graziamagazine.com\/mx\/#website","url":"https:\/\/graziamagazine.com\/mx\/","name":"Grazia M\u00e9xico y Latinoam\u00e9rica","description":"Grazia es moda, belleza y noticias  de actualidad ","potentialAction":[{"@type":"SearchAction","target":{"@type":"EntryPoint","urlTemplate":"https:\/\/graziamagazine.com\/mx\/?s={search_term_string}"},"query-input":"required name=search_term_string"}],"inLanguage":"es-MX"}]}},"jetpack_sharing_enabled":true,"distributor_meta":false,"distributor_terms":false,"distributor_media":false,"distributor_original_site_name":"Grazia M\u00e9xico y Latinoam\u00e9rica","distributor_original_site_url":"https:\/\/graziamagazine.com\/mx","push-errors":false,"_links":{"self":[{"href":"https:\/\/graziamagazine.com\/mx\/wp-json\/wp\/v2\/articles\/124047"}],"collection":[{"href":"https:\/\/graziamagazine.com\/mx\/wp-json\/wp\/v2\/articles"}],"about":[{"href":"https:\/\/graziamagazine.com\/mx\/wp-json\/wp\/v2\/types\/articles"}],"author":[{"embeddable":true,"href":"https:\/\/graziamagazine.com\/mx\/wp-json\/wp\/v2\/users\/11628"}],"wp:featuredmedia":[{"embeddable":true,"href":"https:\/\/graziamagazine.com\/mx\/wp-json\/wp\/v2\/media\/91946"}],"wp:attachment":[{"href":"https:\/\/graziamagazine.com\/mx\/wp-json\/wp\/v2\/media?parent=124047"}],"wp:term":[{"taxonomy":"category","embeddable":true,"href":"https:\/\/graziamagazine.com\/mx\/wp-json\/wp\/v2\/categories?post=124047"}],"curies":[{"name":"wp","href":"https:\/\/api.w.org\/{rel}","templated":true}]}}