{"id":124030,"date":"2023-04-14T12:55:51","date_gmt":"2023-04-14T17:55:51","guid":{"rendered":"https:\/\/graziamagazine.com\/mx\/?post_type=articles&#038;p=124030"},"modified":"2023-04-14T15:59:52","modified_gmt":"2023-04-14T20:59:52","slug":"muere-mary-quant-creadora-minifalda","status":"publish","type":"articles","link":"https:\/\/graziamagazine.com\/mx\/articles\/muere-mary-quant-creadora-minifalda\/","title":{"rendered":"Muere Mary Quant, creadora de la minifalda"},"content":{"rendered":"<p><b>Mary Quant<\/b><span style=\"font-weight: 400;\">, la creadora de la <\/span><b>minifalda, <\/b><span style=\"font-weight: 400;\">fallece a los 93 a\u00f1os, seg\u00fan confirm\u00f3 su familia. La dise\u00f1adora brit\u00e1nica inmortaliz\u00f3 su prenda que ha sido inspiraci\u00f3n para todas las marcas de ropa, revolucionando la moda femenina.<\/span><\/p>\n<div class=\"content-gallery\"><div class=\"gallery-placeholder\"><div class=\"spinner\"><\/div><\/div><span class=\"gallery-pagination\"><\/span><div id=\"gallery-1\" class=\"gallery galleryid-124030 gallery-columns- gallery-size-\"><figure class=\"gallery-item\"><div class=\"gallery-icon landscape\"><img loading=\"lazy\" decoding=\"async\" width=\"1124\" height=\"719\" src=\"https:\/\/graziamagazine.com\/mx\/wp-content\/uploads\/sites\/13\/2023\/04\/WhatsApp-Image-2023-04-14-at-10.50.19-e1681495333355.jpeg\" class=\"lazy\" alt=\"\" \/><\/div><figcaption class=\"wp-caption-text gallery-caption\" id=\"gallery-1-124037\">Instagram<\/figcaption><\/figure><figure class=\"gallery-item\"><div class=\"gallery-icon landscape\"><img loading=\"lazy\" decoding=\"async\" width=\"1125\" height=\"1386\" src=\"https:\/\/graziamagazine.com\/mx\/wp-content\/uploads\/sites\/13\/2023\/04\/WhatsApp-Image-2023-04-14-at-10.50.19-2.jpeg\" class=\"lazy\" alt=\"\" \/><\/div><figcaption class=\"wp-caption-text gallery-caption\" id=\"gallery-1-124036\">Instagram<\/figcaption><\/figure><\/div><\/div>\n<p><span style=\"font-weight: 400;\">Su \u00e9xito despunt\u00f3 en los a\u00f1os 60, pues su prendas se caracterizaban por desafiar la est\u00e9tica impuesta en la \u00e9poca a causa de la posguerra, entonces se dio cuenta que los colores vivos y cortes geom\u00e9tricos ten\u00edan mucho m\u00e1s \u00e9xito que el resto.<\/span><\/p>\n<figure id=\"attachment_124031\" aria-describedby=\"caption-attachment-124031\" style=\"width: 305px\" class=\"wp-caption alignnone\"><img loading=\"lazy\" decoding=\"async\" class=\"size-medium wp-image-124031\" src=\"https:\/\/graziamagazine.com\/mx\/wp-content\/uploads\/sites\/13\/2023\/04\/WhatsApp-Image-2023-04-14-at-10.50.16.jpeg?w=305\" alt=\"\" width=\"305\" height=\"450\" \/><figcaption id=\"caption-attachment-124031\" class=\"wp-caption-text\">Instagram<\/figcaption><\/figure>\n<p><span style=\"font-weight: 400;\">Su moda atra\u00eda a los j\u00f3venes, pues las prendas de moda eran inaccesibles, por lo que ella pens\u00f3 en crear dise\u00f1os para que los j\u00f3venes pudieran tener acceso.\u00a0<\/span><\/p>\n<div class=\"content-gallery\"><div class=\"gallery-placeholder\"><div class=\"spinner\"><\/div><\/div><span class=\"gallery-pagination\"><\/span><div id=\"gallery-2\" class=\"gallery galleryid-124030 gallery-columns- gallery-size-\"><figure class=\"gallery-item\"><div class=\"gallery-icon landscape\"><img loading=\"lazy\" decoding=\"async\" width=\"966\" height=\"1368\" src=\"https:\/\/graziamagazine.com\/mx\/wp-content\/uploads\/sites\/13\/2023\/04\/WhatsApp-Image-2023-04-14-at-10.51.31.jpeg\" class=\"lazy\" alt=\"\" \/><\/div><figcaption class=\"wp-caption-text gallery-caption\" id=\"gallery-2-124039\">Getty<\/figcaption><\/figure><figure class=\"gallery-item\"><div class=\"gallery-icon landscape\"><img loading=\"lazy\" decoding=\"async\" width=\"882\" height=\"1125\" src=\"https:\/\/graziamagazine.com\/mx\/wp-content\/uploads\/sites\/13\/2023\/04\/WhatsApp-Image-2023-04-14-at-10.50.17.jpeg\" class=\"lazy\" alt=\"\" \/><\/div><figcaption class=\"wp-caption-text gallery-caption\" id=\"gallery-2-124034\">Instagram<\/figcaption><\/figure><\/div><\/div>\n<p><span style=\"font-weight: 400;\">\u201cAntes de ella no hab\u00eda ropa moderna para los j\u00f3venes, todos ten\u00edamos que vestir como nuestros padres\u201d, explica<\/span><b> Twiggy<\/b><span style=\"font-weight: 400;\">, musa de Mary, en una columna en el <\/span><em>Vogue<\/em><span style=\"font-weight: 400;\"> brit\u00e1nico.<\/span><\/p>\n<p><span style=\"font-weight: 400;\">Twiggy romp\u00eda con todos los estereotipos de moda en ese entonces, pues con sus 16 a\u00f1os y con m\u00e1s de 40 kilos no encajaba en la silueta de los maniqu\u00edes, pues su corte de cabello un poco masculino cambi\u00f3 el prototipo de las modelos femeninas.<\/span><\/p>\n<figure id=\"attachment_124035\" aria-describedby=\"caption-attachment-124035\" style=\"width: 450px\" class=\"wp-caption alignnone\"><img loading=\"lazy\" decoding=\"async\" class=\"size-medium wp-image-124035\" src=\"https:\/\/graziamagazine.com\/mx\/wp-content\/uploads\/sites\/13\/2023\/04\/WhatsApp-Image-2023-04-14-at-10.50.19-1.jpeg?w=450\" alt=\"\" width=\"450\" height=\"320\" \/><figcaption id=\"caption-attachment-124035\" class=\"wp-caption-text\">Instagram<\/figcaption><\/figure>\n<p><span style=\"font-weight: 400;\">Si bien ya exist\u00edan vestidos que estaban por encima de la rodilla, y de hecho, ella siempre afirmaba que \u201crecogi\u00f3 algo que ya llevaban las mujeres en la calle\u201d, decidi\u00f3 arriesgarse y crear faldas que median 34 cent\u00edmetros, causando un caos en la sociedad inglesa, pues su uso era algo atrevido.<\/span><\/p>\n<div class=\"content-gallery\"><div class=\"gallery-placeholder\"><div class=\"spinner\"><\/div><\/div><span class=\"gallery-pagination\"><\/span><div id=\"gallery-3\" class=\"gallery galleryid-124030 gallery-columns- gallery-size-\"><figure class=\"gallery-item\"><div class=\"gallery-icon landscape\"><img loading=\"lazy\" decoding=\"async\" width=\"1125\" height=\"828\" src=\"https:\/\/graziamagazine.com\/mx\/wp-content\/uploads\/sites\/13\/2023\/04\/WhatsApp-Image-2023-04-14-at-10.50.17-1.jpeg\" class=\"lazy\" alt=\"\" \/><\/div><figcaption class=\"wp-caption-text gallery-caption\" id=\"gallery-3-124032\">Instagram<\/figcaption><\/figure><figure class=\"gallery-item\"><div class=\"gallery-icon landscape\"><img loading=\"lazy\" decoding=\"async\" width=\"920\" height=\"1392\" src=\"https:\/\/graziamagazine.com\/mx\/wp-content\/uploads\/sites\/13\/2023\/04\/WhatsApp-Image-2023-04-14-at-10.50.17-2.jpeg\" class=\"lazy\" alt=\"\" \/><\/div><figcaption class=\"wp-caption-text gallery-caption\" id=\"gallery-3-124033\">Instagram<\/figcaption><\/figure><\/div><\/div>\n<p><span style=\"font-weight: 400;\">Por un lado estaban los m\u00e1s conservadores que protestaban fuera de su boutique <\/span><b>Bazaar<\/b><span style=\"font-weight: 400;\">, ubicado en <\/span><b>King\u2019s Road<\/b><span style=\"font-weight: 400;\">, el centro londinense, y por otro lado estaban las personas que viajaban de otras partes de <\/span><b>Europa<\/b><span style=\"font-weight: 400;\"> para comprar sus dise\u00f1os\u00a0<\/span><\/p>\n<figure id=\"attachment_124038\" aria-describedby=\"caption-attachment-124038\" style=\"width: 313px\" class=\"wp-caption alignnone\"><img loading=\"lazy\" decoding=\"async\" class=\"size-medium wp-image-124038\" src=\"https:\/\/graziamagazine.com\/mx\/wp-content\/uploads\/sites\/13\/2023\/04\/WhatsApp-Image-2023-04-14-at-10.51.30.jpeg?w=313\" alt=\"\" width=\"313\" height=\"450\" \/><figcaption id=\"caption-attachment-124038\" class=\"wp-caption-text\">Getty<\/figcaption><\/figure>\n<p><span style=\"font-weight: 400;\">\u201cLa ropa de trabajo contempor\u00e1nea, que ahora damos por sentada, fue tambi\u00e9n uno de los logros de Quant. Dise\u00f1aba ropa para mujeres que bailaban, sal\u00edan, pero tambi\u00e9n corr\u00edan detr\u00e1s del autob\u00fas\u201d, comenta el dise\u00f1ador <\/span><b>Jasper Conran<\/b><span style=\"font-weight: 400;\"> en el documental sobre su vida, <\/span><i><span style=\"font-weight: 400;\">Quant<\/span><\/i><span style=\"font-weight: 400;\"> (2022).<\/span><\/p>\n<p><span style=\"font-weight: 400;\">Sin duda esta dise\u00f1adora ser\u00e1 recordada no s\u00f3lo por su gran creaci\u00f3n que hasta el d\u00eda de hoy sigue inspirando, sino por haber creado una revoluci\u00f3n social mucho m\u00e1s all\u00e1 de lo est\u00e9tico y atreverse a crear prendas para todas las mujeres. Descanse en paz.<\/span><\/p>\n","protected":false},"author":36289,"featured_media":124046,"template":"","format":"standard","categories":[4],"acf":[],"yoast_head":"<!-- This site is optimized with the Yoast SEO Premium plugin v18.5 (Yoast SEO v20.4) - https:\/\/yoast.com\/wordpress\/plugins\/seo\/ -->\n<title>Muere Mary Quant, creadora de la minifalda | Grazia M\u00e9xico y Latinoam\u00e9rica<\/title>\n<meta name=\"description\" content=\"Mary Quant, la creadora de la minifalda, fallece a los 93 a\u00f1os, seg\u00fan confirm\u00f3 su familia. La dise\u00f1adora brit\u00e1nica inmortaliz\u00f3 su prenda que ha sido\" \/>\n<meta name=\"robots\" content=\"index, follow, max-snippet:-1, max-image-preview:large, max-video-preview:-1\" \/>\n<link rel=\"canonical\" href=\"https:\/\/graziamagazine.com\/mx\/articles\/muere-mary-quant-creadora-minifalda\/\" \/>\n<meta property=\"og:locale\" content=\"es_MX\" \/>\n<meta property=\"og:type\" content=\"article\" \/>\n<meta property=\"og:title\" content=\"Muere Mary Quant, creadora de la minifalda\" \/>\n<meta property=\"og:description\" content=\"Mary Quant, la creadora de la minifalda, fallece a los 93 a\u00f1os, seg\u00fan confirm\u00f3 su familia. La dise\u00f1adora brit\u00e1nica inmortaliz\u00f3 su prenda que ha sido\" \/>\n<meta property=\"og:url\" content=\"https:\/\/graziamagazine.com\/mx\/articles\/muere-mary-quant-creadora-minifalda\/\" \/>\n<meta property=\"og:site_name\" content=\"Grazia M\u00e9xico y Latinoam\u00e9rica\" \/>\n<meta property=\"article:modified_time\" content=\"2023-04-14T20:59:52+00:00\" \/>\n<meta property=\"og:image\" content=\"https:\/\/graziamagazine.com\/mx\/wp-content\/uploads\/sites\/13\/2023\/04\/quant.jpg\" \/>\n\t<meta property=\"og:image:width\" content=\"1280\" \/>\n\t<meta property=\"og:image:height\" content=\"720\" \/>\n\t<meta property=\"og:image:type\" content=\"image\/jpeg\" \/>\n<meta name=\"twitter:card\" content=\"summary_large_image\" \/>\n<meta name=\"twitter:label1\" content=\"Est. reading time\" \/>\n\t<meta name=\"twitter:data1\" content=\"3 minutos\" \/>\n<script type=\"application\/ld+json\" class=\"yoast-schema-graph\">{\"@context\":\"https:\/\/schema.org\",\"@graph\":[{\"@type\":\"WebPage\",\"@id\":\"https:\/\/graziamagazine.com\/mx\/articles\/muere-mary-quant-creadora-minifalda\/\",\"url\":\"https:\/\/graziamagazine.com\/mx\/articles\/muere-mary-quant-creadora-minifalda\/\",\"name\":\"Muere Mary Quant, creadora de la minifalda | Grazia M\u00e9xico y Latinoam\u00e9rica\",\"isPartOf\":{\"@id\":\"https:\/\/graziamagazine.com\/mx\/#website\"},\"datePublished\":\"2023-04-14T17:55:51+00:00\",\"dateModified\":\"2023-04-14T20:59:52+00:00\",\"description\":\"Mary Quant, la creadora de la minifalda, fallece a los 93 a\u00f1os, seg\u00fan confirm\u00f3 su familia. La dise\u00f1adora brit\u00e1nica inmortaliz\u00f3 su prenda que ha sido\",\"breadcrumb\":{\"@id\":\"https:\/\/graziamagazine.com\/mx\/articles\/muere-mary-quant-creadora-minifalda\/#breadcrumb\"},\"inLanguage\":\"es-MX\",\"potentialAction\":[{\"@type\":\"ReadAction\",\"target\":[\"https:\/\/graziamagazine.com\/mx\/articles\/muere-mary-quant-creadora-minifalda\/\"]}]},{\"@type\":\"BreadcrumbList\",\"@id\":\"https:\/\/graziamagazine.com\/mx\/articles\/muere-mary-quant-creadora-minifalda\/#breadcrumb\",\"itemListElement\":[{\"@type\":\"ListItem\",\"position\":1,\"name\":\"Home\",\"item\":\"https:\/\/graziamagazine.com\/mx\/\"},{\"@type\":\"ListItem\",\"position\":2,\"name\":\"Muere Mary Quant, creadora de la minifalda\"}]},{\"@type\":\"WebSite\",\"@id\":\"https:\/\/graziamagazine.com\/mx\/#website\",\"url\":\"https:\/\/graziamagazine.com\/mx\/\",\"name\":\"Grazia M\u00e9xico y Latinoam\u00e9rica\",\"description\":\"Grazia es moda, belleza y noticias  de actualidad \",\"potentialAction\":[{\"@type\":\"SearchAction\",\"target\":{\"@type\":\"EntryPoint\",\"urlTemplate\":\"https:\/\/graziamagazine.com\/mx\/?s={search_term_string}\"},\"query-input\":\"required name=search_term_string\"}],\"inLanguage\":\"es-MX\"}]}<\/script>\n<!-- \/ Yoast SEO Premium plugin. -->","yoast_head_json":{"title":"Muere Mary Quant, creadora de la minifalda | Grazia M\u00e9xico y Latinoam\u00e9rica","description":"Mary Quant, la creadora de la minifalda, fallece a los 93 a\u00f1os, seg\u00fan confirm\u00f3 su familia. La dise\u00f1adora brit\u00e1nica inmortaliz\u00f3 su prenda que ha sido","robots":{"index":"index","follow":"follow","max-snippet":"max-snippet:-1","max-image-preview":"max-image-preview:large","max-video-preview":"max-video-preview:-1"},"canonical":"https:\/\/graziamagazine.com\/mx\/articles\/muere-mary-quant-creadora-minifalda\/","og_locale":"es_MX","og_type":"article","og_title":"Muere Mary Quant, creadora de la minifalda","og_description":"Mary Quant, la creadora de la minifalda, fallece a los 93 a\u00f1os, seg\u00fan confirm\u00f3 su familia. La dise\u00f1adora brit\u00e1nica inmortaliz\u00f3 su prenda que ha sido","og_url":"https:\/\/graziamagazine.com\/mx\/articles\/muere-mary-quant-creadora-minifalda\/","og_site_name":"Grazia M\u00e9xico y Latinoam\u00e9rica","article_modified_time":"2023-04-14T20:59:52+00:00","og_image":[{"width":1280,"height":720,"url":"https:\/\/graziamagazine.com\/mx\/wp-content\/uploads\/sites\/13\/2023\/04\/quant.jpg","type":"image\/jpeg"}],"twitter_card":"summary_large_image","twitter_misc":{"Est. reading time":"3 minutos"},"schema":{"@context":"https:\/\/schema.org","@graph":[{"@type":"WebPage","@id":"https:\/\/graziamagazine.com\/mx\/articles\/muere-mary-quant-creadora-minifalda\/","url":"https:\/\/graziamagazine.com\/mx\/articles\/muere-mary-quant-creadora-minifalda\/","name":"Muere Mary Quant, creadora de la minifalda | Grazia M\u00e9xico y Latinoam\u00e9rica","isPartOf":{"@id":"https:\/\/graziamagazine.com\/mx\/#website"},"datePublished":"2023-04-14T17:55:51+00:00","dateModified":"2023-04-14T20:59:52+00:00","description":"Mary Quant, la creadora de la minifalda, fallece a los 93 a\u00f1os, seg\u00fan confirm\u00f3 su familia. La dise\u00f1adora brit\u00e1nica inmortaliz\u00f3 su prenda que ha sido","breadcrumb":{"@id":"https:\/\/graziamagazine.com\/mx\/articles\/muere-mary-quant-creadora-minifalda\/#breadcrumb"},"inLanguage":"es-MX","potentialAction":[{"@type":"ReadAction","target":["https:\/\/graziamagazine.com\/mx\/articles\/muere-mary-quant-creadora-minifalda\/"]}]},{"@type":"BreadcrumbList","@id":"https:\/\/graziamagazine.com\/mx\/articles\/muere-mary-quant-creadora-minifalda\/#breadcrumb","itemListElement":[{"@type":"ListItem","position":1,"name":"Home","item":"https:\/\/graziamagazine.com\/mx\/"},{"@type":"ListItem","position":2,"name":"Muere Mary Quant, creadora de la minifalda"}]},{"@type":"WebSite","@id":"https:\/\/graziamagazine.com\/mx\/#website","url":"https:\/\/graziamagazine.com\/mx\/","name":"Grazia M\u00e9xico y Latinoam\u00e9rica","description":"Grazia es moda, belleza y noticias  de actualidad ","potentialAction":[{"@type":"SearchAction","target":{"@type":"EntryPoint","urlTemplate":"https:\/\/graziamagazine.com\/mx\/?s={search_term_string}"},"query-input":"required name=search_term_string"}],"inLanguage":"es-MX"}]}},"jetpack_sharing_enabled":true,"distributor_meta":false,"distributor_terms":false,"distributor_media":false,"distributor_original_site_name":"Grazia M\u00e9xico y Latinoam\u00e9rica","distributor_original_site_url":"https:\/\/graziamagazine.com\/mx","push-errors":false,"_links":{"self":[{"href":"https:\/\/graziamagazine.com\/mx\/wp-json\/wp\/v2\/articles\/124030"}],"collection":[{"href":"https:\/\/graziamagazine.com\/mx\/wp-json\/wp\/v2\/articles"}],"about":[{"href":"https:\/\/graziamagazine.com\/mx\/wp-json\/wp\/v2\/types\/articles"}],"author":[{"embeddable":true,"href":"https:\/\/graziamagazine.com\/mx\/wp-json\/wp\/v2\/users\/36289"}],"wp:featuredmedia":[{"embeddable":true,"href":"https:\/\/graziamagazine.com\/mx\/wp-json\/wp\/v2\/media\/124046"}],"wp:attachment":[{"href":"https:\/\/graziamagazine.com\/mx\/wp-json\/wp\/v2\/media?parent=124030"}],"wp:term":[{"taxonomy":"category","embeddable":true,"href":"https:\/\/graziamagazine.com\/mx\/wp-json\/wp\/v2\/categories?post=124030"}],"curies":[{"name":"wp","href":"https:\/\/api.w.org\/{rel}","templated":true}]}}