{"id":123955,"date":"2023-04-13T11:35:39","date_gmt":"2023-04-13T16:35:39","guid":{"rendered":"https:\/\/graziamagazine.com\/mx\/?post_type=articles&#038;p=123955"},"modified":"2023-04-13T01:33:49","modified_gmt":"2023-04-13T06:33:49","slug":"the-grey-zone-una-exposicion-que-une-a-dior-con-el-mundo-del-arte","status":"publish","type":"articles","link":"https:\/\/graziamagazine.com\/mx\/articles\/the-grey-zone-una-exposicion-que-une-a-dior-con-el-mundo-del-arte\/","title":{"rendered":"The Grey Zone, una exposici\u00f3n que une a Dior con el mundo del arte"},"content":{"rendered":"<p>Si estos d\u00edas est\u00e1s en Los Angeles, California te proponemos que visites <strong><a href=\"https:\/\/www.dior.com\/en_us\/beauty\/fragrance\/collection-privee-christian-dior\/the-grey-zone-event\" target=\"_blank\">The Grey Zone<\/a>. <\/strong>En esta exposici\u00f3n los amantes del arte y de Dior, podr\u00e1n ver piezas que los transportar\u00e1n al universo de <a href=\"https:\/\/www.dior.com\/es_sam\/beauty\/products\/Y0840550-\" target=\"_blank\"><strong>Gris Dior<\/strong><\/a>, tono emblem\u00e1tico de la <em>maison<\/em>.<\/p>\n<p><img loading=\"lazy\" decoding=\"async\" class=\"alignnone wp-image-123958 size-large\" src=\"https:\/\/graziamagazine.com\/mx\/wp-content\/uploads\/sites\/13\/2023\/04\/Gris-Dior-Shop-chill-Area-0652.jpg?w=819\" alt=\"\" width=\"819\" height=\"1024\" \/><\/p>\n<p>Fotograf\u00eda: Cortes\u00eda Dior.<\/p>\n<h4>La exposici\u00f3n<\/h4>\n<p>Cinco innovadores artistas dise\u00f1aron espectaculares piezas inspiradas en la estrella de <strong>La Collection Priv\u00e9e<\/strong>, <a href=\"https:\/\/graziamagazine.com\/mx\/articles\/joseph-quinn-el-actor-de-stranger-things-a-la-conquista\/\"><strong>Gris Dior<\/strong><\/a>.<\/p>\n<p>La exposici\u00f3n estar\u00e1 abierta hasta el 16 de abril en 8175 Melrose Avenue, Los Angeles, California.<\/p>\n<figure id=\"attachment_123960\" aria-describedby=\"caption-attachment-123960\" style=\"width: 819px\" class=\"wp-caption alignnone\"><img loading=\"lazy\" decoding=\"async\" class=\"wp-image-123960 size-large\" src=\"https:\/\/graziamagazine.com\/mx\/wp-content\/uploads\/sites\/13\/2023\/04\/Marketing-Video-Installation-0382.jpg?w=819\" alt=\"\" width=\"819\" height=\"1024\" \/><figcaption id=\"caption-attachment-123960\" class=\"wp-caption-text\">Fotograf\u00eda: Cortes\u00eda Dior.<\/figcaption><\/figure>\n<p>Una decoraci\u00f3n ba\u00f1ada en m\u00faltiples tonos grises, un espacio que abraza el esp\u00edritu de Gris Dior abre el camino a distintas instalaciones de arte. Para esta experiencia, el canadiense <strong>Ben Hohnston<\/strong> dise\u00f1o un photocall inspirado en el <strong>\u201cstreet art\u201d<\/strong> llamado <strong>Gris<\/strong>, en los que utiliza los colores del perfume. Habr\u00e1 200 piezas de <strong>Gris Dior intervenidas<\/strong> por el a la venta exclusivamente en el <strong>pop-up de Los Angeles<\/strong>.<\/p>\n<div class=\"mceTemp\"><\/div>\n<figure id=\"attachment_123963\" aria-describedby=\"caption-attachment-123963\" style=\"width: 1024px\" class=\"wp-caption alignnone\"><img loading=\"lazy\" decoding=\"async\" class=\"wp-image-123963 size-large\" src=\"https:\/\/graziamagazine.com\/mx\/wp-content\/uploads\/sites\/13\/2023\/04\/GrisDiorLogo-BenJohnston-0005.jpg?w=1024\" alt=\"\" width=\"1024\" height=\"576\" \/><figcaption id=\"caption-attachment-123963\" class=\"wp-caption-text\">Fotograf\u00eda: Cortes\u00eda Dior.<\/figcaption><\/figure>\n<p>Continuando con la experiencia, encontramos el trabajo de la artista brit\u00e1nica <strong>Mileece<\/strong>, titulada <strong>Avant Jardin \u2013 The Essence of Fragrance is Nature. <\/strong>La dise\u00f1adora de bio-tecnolog\u00eda, celebra el sonido de la naturaleza.<\/p>\n<figure id=\"attachment_123964\" aria-describedby=\"caption-attachment-123964\" style=\"width: 576px\" class=\"wp-caption alignnone\"><img loading=\"lazy\" decoding=\"async\" class=\"wp-image-123964 size-large\" src=\"https:\/\/graziamagazine.com\/mx\/wp-content\/uploads\/sites\/13\/2023\/04\/Flower-Sound-installation-Mileece-0345.jpg?w=576\" alt=\"\" width=\"576\" height=\"1024\" \/><figcaption id=\"caption-attachment-123964\" class=\"wp-caption-text\">Fotograf\u00eda: Cortes\u00eda Dior.<\/figcaption><\/figure>\n<p>Por su parte, Flux, una pieza del colectivo parisino <strong>Collectif Scale<\/strong> mezcla arte visual con m\u00fasica en una caja olfativa que esparce las notas de <a href=\"https:\/\/graziamagazine.com\/mx\/articles\/jenna-ortega-rostro-nuevo-perfume-dior\/\">Chipre<\/a> del Gris Dior.<\/p>\n<figure id=\"attachment_123961\" aria-describedby=\"caption-attachment-123961\" style=\"width: 819px\" class=\"wp-caption alignnone\"><img loading=\"lazy\" decoding=\"async\" class=\"wp-image-123961 size-large\" src=\"https:\/\/graziamagazine.com\/mx\/wp-content\/uploads\/sites\/13\/2023\/04\/OlfactiveBox-Collective-Scale-0466.jpg?w=819\" alt=\"\" width=\"819\" height=\"1024\" \/><figcaption id=\"caption-attachment-123961\" class=\"wp-caption-text\">Fotograf\u00eda: Cortes\u00eda Dior.<\/figcaption><\/figure>\n<p>Mientras que<strong> Andr\u00e9s Reisinger<\/strong>, el dise\u00f1ador y artista digital argentino, fundador de <strong>Reisinger Studio<\/strong>, expone una serie de piezas de arte inspiradas en los valores de Gris Dior. Contin\u00faa con su exploraci\u00f3n en la creaci\u00f3n de nuevas posibilidades de <strong>\u201c Digital Art Collectibles\u201d<\/strong>.<\/p>\n<figure id=\"attachment_123962\" aria-describedby=\"caption-attachment-123962\" style=\"width: 1024px\" class=\"wp-caption alignnone\"><img loading=\"lazy\" decoding=\"async\" class=\"wp-image-123962 size-large\" src=\"https:\/\/graziamagazine.com\/mx\/wp-content\/uploads\/sites\/13\/2023\/04\/Digital-Art-AndresReisinger-0112-1.jpg?w=1024\" alt=\"\" width=\"1024\" height=\"1024\" \/><figcaption id=\"caption-attachment-123962\" class=\"wp-caption-text\">Fotograf\u00eda: Cortes\u00eda Dior.<\/figcaption><\/figure>\n<p>Por \u00faltimo, <strong>Thomas Trum<\/strong>, de Holanda, el cu\u00e1l sus creaciones mezclan arte y dise\u00f1o,\u00a0 instal\u00f3 un muro de botellas blancas personalizadas, as\u00ed como el live performance,<strong> Colourchanging Looping Line (Gris)<\/strong>, en d\u00f3nde pinto en grande c\u00edrculos conc\u00e9ntricos que presentan los distintos tonos de Pantone del gris Dior.<\/p>\n<div class=\"mceTemp\"><\/div>\n<figure id=\"attachment_123959\" aria-describedby=\"caption-attachment-123959\" style=\"width: 819px\" class=\"wp-caption alignnone\"><img loading=\"lazy\" decoding=\"async\" class=\"wp-image-123959 size-large\" src=\"https:\/\/graziamagazine.com\/mx\/wp-content\/uploads\/sites\/13\/2023\/04\/Gris-Dior-Shop-chill-Area-0298.jpg?w=819\" alt=\"\" width=\"819\" height=\"1024\" \/><figcaption id=\"caption-attachment-123959\" class=\"wp-caption-text\">Fotograf\u00eda: Cortes\u00eda Dior.<\/figcaption><\/figure>\n<p>La exhibici\u00f3n <strong>The Grey Zone<\/strong>, es una experiencia de inmersi\u00f3n digital , abierta al p\u00fablico, sin precedentes, donde se invita a los visitantes a sumergirse en el esp\u00edritu audaz de Dior y su fuerte relaci\u00f3n con el mundo del arte.<\/p>\n","protected":false},"author":33326,"featured_media":123956,"template":"","format":"standard","categories":[14834,3],"acf":[],"yoast_head":"<!-- This site is optimized with the Yoast SEO Premium plugin v18.5 (Yoast SEO v20.4) - https:\/\/yoast.com\/wordpress\/plugins\/seo\/ -->\n<title>The Grey Zone, exposici\u00f3n que une a Dior con el mundo del arte<\/title>\n<meta name=\"description\" content=\"Una experiencia que re\u00fane el dise\u00f1o de cinco innovadores artistas que crearon piezas inspiradas en Gris Dior de La Collection Priv\u00e9e.\" \/>\n<meta name=\"robots\" content=\"index, follow, max-snippet:-1, max-image-preview:large, max-video-preview:-1\" \/>\n<link rel=\"canonical\" href=\"https:\/\/graziamagazine.com\/mx\/articles\/the-grey-zone-una-exposicion-que-une-a-dior-con-el-mundo-del-arte\/\" \/>\n<meta property=\"og:locale\" content=\"es_MX\" \/>\n<meta property=\"og:type\" content=\"article\" \/>\n<meta property=\"og:title\" content=\"The Grey Zone, una exposici\u00f3n que une a Dior con el mundo del arte\" \/>\n<meta property=\"og:description\" content=\"Una experiencia que re\u00fane el dise\u00f1o de cinco innovadores artistas que crearon piezas inspiradas en Gris Dior de La Collection Priv\u00e9e.\" \/>\n<meta property=\"og:url\" content=\"https:\/\/graziamagazine.com\/mx\/articles\/the-grey-zone-una-exposicion-que-une-a-dior-con-el-mundo-del-arte\/\" \/>\n<meta property=\"og:site_name\" content=\"Grazia M\u00e9xico y Latinoam\u00e9rica\" \/>\n<meta property=\"article:modified_time\" content=\"2023-04-13T06:33:49+00:00\" \/>\n<meta property=\"og:image\" content=\"https:\/\/graziamagazine.com\/mx\/wp-content\/uploads\/sites\/13\/2023\/04\/Gris-Dior-Shop-chill-Area-0273.jpg\" \/>\n\t<meta property=\"og:image:width\" content=\"1024\" \/>\n\t<meta property=\"og:image:height\" content=\"1024\" \/>\n\t<meta property=\"og:image:type\" content=\"image\/jpeg\" \/>\n<meta name=\"twitter:card\" content=\"summary_large_image\" \/>\n<meta name=\"twitter:label1\" content=\"Est. reading time\" \/>\n\t<meta name=\"twitter:data1\" content=\"4 minutos\" \/>\n<script type=\"application\/ld+json\" class=\"yoast-schema-graph\">{\"@context\":\"https:\/\/schema.org\",\"@graph\":[{\"@type\":\"WebPage\",\"@id\":\"https:\/\/graziamagazine.com\/mx\/articles\/the-grey-zone-una-exposicion-que-une-a-dior-con-el-mundo-del-arte\/\",\"url\":\"https:\/\/graziamagazine.com\/mx\/articles\/the-grey-zone-una-exposicion-que-une-a-dior-con-el-mundo-del-arte\/\",\"name\":\"The Grey Zone, exposici\u00f3n que une a Dior con el mundo del arte\",\"isPartOf\":{\"@id\":\"https:\/\/graziamagazine.com\/mx\/#website\"},\"datePublished\":\"2023-04-13T16:35:39+00:00\",\"dateModified\":\"2023-04-13T06:33:49+00:00\",\"description\":\"Una experiencia que re\u00fane el dise\u00f1o de cinco innovadores artistas que crearon piezas inspiradas en Gris Dior de La Collection Priv\u00e9e.\",\"breadcrumb\":{\"@id\":\"https:\/\/graziamagazine.com\/mx\/articles\/the-grey-zone-una-exposicion-que-une-a-dior-con-el-mundo-del-arte\/#breadcrumb\"},\"inLanguage\":\"es-MX\",\"potentialAction\":[{\"@type\":\"ReadAction\",\"target\":[\"https:\/\/graziamagazine.com\/mx\/articles\/the-grey-zone-una-exposicion-que-une-a-dior-con-el-mundo-del-arte\/\"]}]},{\"@type\":\"BreadcrumbList\",\"@id\":\"https:\/\/graziamagazine.com\/mx\/articles\/the-grey-zone-una-exposicion-que-une-a-dior-con-el-mundo-del-arte\/#breadcrumb\",\"itemListElement\":[{\"@type\":\"ListItem\",\"position\":1,\"name\":\"Home\",\"item\":\"https:\/\/graziamagazine.com\/mx\/\"},{\"@type\":\"ListItem\",\"position\":2,\"name\":\"The Grey Zone, una exposici\u00f3n que une a Dior con el mundo del arte\"}]},{\"@type\":\"WebSite\",\"@id\":\"https:\/\/graziamagazine.com\/mx\/#website\",\"url\":\"https:\/\/graziamagazine.com\/mx\/\",\"name\":\"Grazia M\u00e9xico y Latinoam\u00e9rica\",\"description\":\"Grazia es moda, belleza y noticias  de actualidad \",\"potentialAction\":[{\"@type\":\"SearchAction\",\"target\":{\"@type\":\"EntryPoint\",\"urlTemplate\":\"https:\/\/graziamagazine.com\/mx\/?s={search_term_string}\"},\"query-input\":\"required name=search_term_string\"}],\"inLanguage\":\"es-MX\"}]}<\/script>\n<!-- \/ Yoast SEO Premium plugin. -->","yoast_head_json":{"title":"The Grey Zone, exposici\u00f3n que une a Dior con el mundo del arte","description":"Una experiencia que re\u00fane el dise\u00f1o de cinco innovadores artistas que crearon piezas inspiradas en Gris Dior de La Collection Priv\u00e9e.","robots":{"index":"index","follow":"follow","max-snippet":"max-snippet:-1","max-image-preview":"max-image-preview:large","max-video-preview":"max-video-preview:-1"},"canonical":"https:\/\/graziamagazine.com\/mx\/articles\/the-grey-zone-una-exposicion-que-une-a-dior-con-el-mundo-del-arte\/","og_locale":"es_MX","og_type":"article","og_title":"The Grey Zone, una exposici\u00f3n que une a Dior con el mundo del arte","og_description":"Una experiencia que re\u00fane el dise\u00f1o de cinco innovadores artistas que crearon piezas inspiradas en Gris Dior de La Collection Priv\u00e9e.","og_url":"https:\/\/graziamagazine.com\/mx\/articles\/the-grey-zone-una-exposicion-que-une-a-dior-con-el-mundo-del-arte\/","og_site_name":"Grazia M\u00e9xico y Latinoam\u00e9rica","article_modified_time":"2023-04-13T06:33:49+00:00","og_image":[{"url":"https:\/\/graziamagazine.com\/mx\/wp-content\/uploads\/sites\/13\/2023\/04\/Gris-Dior-Shop-chill-Area-0273.jpg","width":1024,"height":1024,"type":"image\/jpeg"}],"twitter_card":"summary_large_image","twitter_misc":{"Est. reading time":"4 minutos"},"schema":{"@context":"https:\/\/schema.org","@graph":[{"@type":"WebPage","@id":"https:\/\/graziamagazine.com\/mx\/articles\/the-grey-zone-una-exposicion-que-une-a-dior-con-el-mundo-del-arte\/","url":"https:\/\/graziamagazine.com\/mx\/articles\/the-grey-zone-una-exposicion-que-une-a-dior-con-el-mundo-del-arte\/","name":"The Grey Zone, exposici\u00f3n que une a Dior con el mundo del arte","isPartOf":{"@id":"https:\/\/graziamagazine.com\/mx\/#website"},"datePublished":"2023-04-13T16:35:39+00:00","dateModified":"2023-04-13T06:33:49+00:00","description":"Una experiencia que re\u00fane el dise\u00f1o de cinco innovadores artistas que crearon piezas inspiradas en Gris Dior de La Collection Priv\u00e9e.","breadcrumb":{"@id":"https:\/\/graziamagazine.com\/mx\/articles\/the-grey-zone-una-exposicion-que-une-a-dior-con-el-mundo-del-arte\/#breadcrumb"},"inLanguage":"es-MX","potentialAction":[{"@type":"ReadAction","target":["https:\/\/graziamagazine.com\/mx\/articles\/the-grey-zone-una-exposicion-que-une-a-dior-con-el-mundo-del-arte\/"]}]},{"@type":"BreadcrumbList","@id":"https:\/\/graziamagazine.com\/mx\/articles\/the-grey-zone-una-exposicion-que-une-a-dior-con-el-mundo-del-arte\/#breadcrumb","itemListElement":[{"@type":"ListItem","position":1,"name":"Home","item":"https:\/\/graziamagazine.com\/mx\/"},{"@type":"ListItem","position":2,"name":"The Grey Zone, una exposici\u00f3n que une a Dior con el mundo del arte"}]},{"@type":"WebSite","@id":"https:\/\/graziamagazine.com\/mx\/#website","url":"https:\/\/graziamagazine.com\/mx\/","name":"Grazia M\u00e9xico y Latinoam\u00e9rica","description":"Grazia es moda, belleza y noticias  de actualidad ","potentialAction":[{"@type":"SearchAction","target":{"@type":"EntryPoint","urlTemplate":"https:\/\/graziamagazine.com\/mx\/?s={search_term_string}"},"query-input":"required name=search_term_string"}],"inLanguage":"es-MX"}]}},"jetpack_sharing_enabled":true,"distributor_meta":false,"distributor_terms":false,"distributor_media":false,"distributor_original_site_name":"Grazia M\u00e9xico y Latinoam\u00e9rica","distributor_original_site_url":"https:\/\/graziamagazine.com\/mx","push-errors":false,"_links":{"self":[{"href":"https:\/\/graziamagazine.com\/mx\/wp-json\/wp\/v2\/articles\/123955"}],"collection":[{"href":"https:\/\/graziamagazine.com\/mx\/wp-json\/wp\/v2\/articles"}],"about":[{"href":"https:\/\/graziamagazine.com\/mx\/wp-json\/wp\/v2\/types\/articles"}],"author":[{"embeddable":true,"href":"https:\/\/graziamagazine.com\/mx\/wp-json\/wp\/v2\/users\/33326"}],"wp:featuredmedia":[{"embeddable":true,"href":"https:\/\/graziamagazine.com\/mx\/wp-json\/wp\/v2\/media\/123956"}],"wp:attachment":[{"href":"https:\/\/graziamagazine.com\/mx\/wp-json\/wp\/v2\/media?parent=123955"}],"wp:term":[{"taxonomy":"category","embeddable":true,"href":"https:\/\/graziamagazine.com\/mx\/wp-json\/wp\/v2\/categories?post=123955"}],"curies":[{"name":"wp","href":"https:\/\/api.w.org\/{rel}","templated":true}]}}