{"id":123910,"date":"2023-04-12T15:40:41","date_gmt":"2023-04-12T20:40:41","guid":{"rendered":"https:\/\/graziamagazine.com\/mx\/?post_type=articles&#038;p=123910"},"modified":"2023-04-12T15:48:46","modified_gmt":"2023-04-12T20:48:46","slug":"amanda-bynes-dada-alta-clinica-psiquiatrica-tras-colapso-mental","status":"publish","type":"articles","link":"https:\/\/graziamagazine.com\/mx\/articles\/amanda-bynes-dada-alta-clinica-psiquiatrica-tras-colapso-mental\/","title":{"rendered":"Amanda Bynes es dada de alta de cl\u00ednica psiqui\u00e1trica tras colapso mental"},"content":{"rendered":"<p><b>Amanda Bynes<\/b><span style=\"font-weight: 400\"> es dada de alta de la cl\u00ednica psiqui\u00e1trica donde estuvo internada durante tres semanas y media por un colapso mental que tuvo el mes pasado, pues el informe de <\/span><b>TMZ<\/b><span style=\"font-weight: 400\"> revela que la joven actriz estuvo deambulando desnuda por el centro de<\/span><b> Los \u00c1ngeles<\/b><span style=\"font-weight: 400\">.<\/span><\/p>\n<div class=\"content-gallery\"><div class=\"gallery-placeholder\"><div class=\"spinner\"><\/div><\/div><span class=\"gallery-pagination\"><\/span><div id=\"gallery-1\" class=\"gallery galleryid-123910 gallery-columns- gallery-size-\"><figure class=\"gallery-item\"><div class=\"gallery-icon landscape\"><img loading=\"lazy\" decoding=\"async\" width=\"1125\" height=\"1396\" src=\"https:\/\/graziamagazine.com\/mx\/wp-content\/uploads\/sites\/13\/2023\/04\/WhatsApp-Image-2023-04-12-at-13.25.22.jpeg\" class=\"lazy\" alt=\"\" \/><\/div><figcaption class=\"wp-caption-text gallery-caption\" id=\"gallery-1-123911\">Instagram<\/figcaption><\/figure><figure class=\"gallery-item\"><div class=\"gallery-icon landscape\"><img loading=\"lazy\" decoding=\"async\" width=\"680\" height=\"1103\" src=\"https:\/\/graziamagazine.com\/mx\/wp-content\/uploads\/sites\/13\/2023\/04\/WhatsApp-Image-2023-04-12-at-13.25.24-1.jpeg\" class=\"lazy\" alt=\"\" \/><\/div><figcaption class=\"wp-caption-text gallery-caption\" id=\"gallery-1-123913\">Instagram<\/figcaption><\/figure><\/div><\/div>\n<p><span style=\"font-weight: 400\">La actriz estaba atravesando por una crisis de pareja con su ahora ex prometido <\/span><b>Paul Michael<\/b><span style=\"font-weight: 400\">, esto justamente una semana antes de ser hallada vagando desnuda por la ciudad, sin embargo, Paul afirma que se separaron antes de que ella cayera en este colapso.<\/span><\/p>\n<p><span style=\"font-weight: 400\">El ex prometido de la actriz revel\u00f3 a TMZ que dos semanas antes del colapso, ella desapareci\u00f3 durante tres d\u00edas sin dejar ning\u00fan tipo de aviso, para despu\u00e9s llegar de nuevo a casa pero en compa\u00f1\u00eda de otro joven, y decirle a Paul que ya no le importaba, por lo que la relaci\u00f3n termin\u00f3.<\/span><\/p>\n<p><span style=\"font-weight: 400\">Una vez empacadas sus cosas y dejando la casa de la actriz, Paul comenta que tanto la desaparici\u00f3n y comportamiento extra\u00f1o de Amanda le hab\u00edan impactado, pues todo en ella se ve\u00eda estable y aparente felicidad.<\/span><\/p>\n<p><span style=\"font-weight: 400\">Aunque no est\u00e1 seguro de qu\u00e9 es lo que realmente le pas\u00f3 a su ex prometida, \u00e9l asegura que fue algo que sucedi\u00f3 muy r\u00e1pido, pues cuando volvi\u00f3 a casa despu\u00e9s de estar desaparecida, parec\u00eda completamente otra persona.<\/span><\/p>\n<div class=\"content-gallery\"><div class=\"gallery-placeholder\"><div class=\"spinner\"><\/div><\/div><span class=\"gallery-pagination\"><\/span><div id=\"gallery-2\" class=\"gallery galleryid-123910 gallery-columns- gallery-size-\"><figure class=\"gallery-item\"><div class=\"gallery-icon landscape\"><img loading=\"lazy\" decoding=\"async\" width=\"1125\" height=\"1099\" src=\"https:\/\/graziamagazine.com\/mx\/wp-content\/uploads\/sites\/13\/2023\/04\/WhatsApp-Image-2023-04-12-at-13.25.24.jpeg\" class=\"lazy\" alt=\"\" \/><\/div><figcaption class=\"wp-caption-text gallery-caption\" id=\"gallery-2-123914\">Instagram<\/figcaption><\/figure><figure class=\"gallery-item\"><div class=\"gallery-icon landscape\"><img loading=\"lazy\" decoding=\"async\" width=\"1125\" height=\"720\" src=\"https:\/\/graziamagazine.com\/mx\/wp-content\/uploads\/sites\/13\/2023\/04\/WhatsApp-Image-2023-04-12-at-13.25.23-e1681332425735.jpeg\" class=\"lazy\" alt=\"\" \/><\/div><figcaption class=\"wp-caption-text gallery-caption\" id=\"gallery-2-123912\">Instagram<\/figcaption><\/figure><\/div><\/div>\n<p><span style=\"font-weight: 400\">La actriz fue encontrada el 19 de marzo gracias a que logr\u00f3 detener un auto y le explic\u00f3 al conductor que hab\u00eda tenido una crisis psic\u00f3tica y le pidi\u00f3 usar su celular para llamar ella misma al 911.<\/span><\/p>\n<p><span style=\"font-weight: 400\">Seg\u00fan informes aseguran que el auto de Amanda fue remolcado el 15 de marzo, por lo que estuvo casi cuatro d\u00edas traslad\u00e1ndose posiblemente s\u00f3lo caminando.<\/span><\/p>\n<p><span style=\"font-weight: 400\">Por ahora la actriz recibir\u00e1 atenci\u00f3n ambulatoria desde su casa, donde ser\u00e1 asistida por m\u00e9dicos especialistas para monitorear su estado mental.<\/span><\/p>\n","protected":false},"author":36289,"featured_media":123912,"template":"","format":"standard","categories":[2],"acf":[],"yoast_head":"<!-- This site is optimized with the Yoast SEO Premium plugin v18.5 (Yoast SEO v20.4) - https:\/\/yoast.com\/wordpress\/plugins\/seo\/ -->\n<title>Amanda Bynes es dada de alta de cl\u00ednica psiqui\u00e1trica tras colapso mental | Grazia M\u00e9xico y Latinoam\u00e9rica<\/title>\n<meta name=\"description\" content=\"Amanda Bynes es dada de alta de la cl\u00ednica psiqui\u00e1trica donde estuvo internada durante tres semanas y media por un colapso mental que tuvo el mes pasado,\" \/>\n<meta name=\"robots\" content=\"index, follow, max-snippet:-1, max-image-preview:large, max-video-preview:-1\" \/>\n<link rel=\"canonical\" href=\"https:\/\/graziamagazine.com\/mx\/articles\/amanda-bynes-dada-alta-clinica-psiquiatrica-tras-colapso-mental\/\" \/>\n<meta property=\"og:locale\" content=\"es_MX\" \/>\n<meta property=\"og:type\" content=\"article\" \/>\n<meta property=\"og:title\" content=\"Amanda Bynes es dada de alta de cl\u00ednica psiqui\u00e1trica tras colapso mental\" \/>\n<meta property=\"og:description\" content=\"Amanda Bynes es dada de alta de la cl\u00ednica psiqui\u00e1trica donde estuvo internada durante tres semanas y media por un colapso mental que tuvo el mes pasado,\" \/>\n<meta property=\"og:url\" content=\"https:\/\/graziamagazine.com\/mx\/articles\/amanda-bynes-dada-alta-clinica-psiquiatrica-tras-colapso-mental\/\" \/>\n<meta property=\"og:site_name\" content=\"Grazia M\u00e9xico y Latinoam\u00e9rica\" \/>\n<meta property=\"article:modified_time\" content=\"2023-04-12T20:48:46+00:00\" \/>\n<meta property=\"og:image\" content=\"https:\/\/graziamagazine.com\/mx\/wp-content\/uploads\/sites\/13\/2023\/04\/WhatsApp-Image-2023-04-12-at-13.25.23-e1681332425735.jpeg\" \/>\n\t<meta property=\"og:image:width\" content=\"1125\" \/>\n\t<meta property=\"og:image:height\" content=\"720\" \/>\n\t<meta property=\"og:image:type\" content=\"image\/jpeg\" \/>\n<meta name=\"twitter:card\" content=\"summary_large_image\" \/>\n<meta name=\"twitter:label1\" content=\"Est. reading time\" \/>\n\t<meta name=\"twitter:data1\" content=\"2 minutos\" \/>\n<script type=\"application\/ld+json\" class=\"yoast-schema-graph\">{\"@context\":\"https:\/\/schema.org\",\"@graph\":[{\"@type\":\"WebPage\",\"@id\":\"https:\/\/graziamagazine.com\/mx\/articles\/amanda-bynes-dada-alta-clinica-psiquiatrica-tras-colapso-mental\/\",\"url\":\"https:\/\/graziamagazine.com\/mx\/articles\/amanda-bynes-dada-alta-clinica-psiquiatrica-tras-colapso-mental\/\",\"name\":\"Amanda Bynes es dada de alta de cl\u00ednica psiqui\u00e1trica tras colapso mental | Grazia M\u00e9xico y Latinoam\u00e9rica\",\"isPartOf\":{\"@id\":\"https:\/\/graziamagazine.com\/mx\/#website\"},\"datePublished\":\"2023-04-12T20:40:41+00:00\",\"dateModified\":\"2023-04-12T20:48:46+00:00\",\"description\":\"Amanda Bynes es dada de alta de la cl\u00ednica psiqui\u00e1trica donde estuvo internada durante tres semanas y media por un colapso mental que tuvo el mes pasado,\",\"breadcrumb\":{\"@id\":\"https:\/\/graziamagazine.com\/mx\/articles\/amanda-bynes-dada-alta-clinica-psiquiatrica-tras-colapso-mental\/#breadcrumb\"},\"inLanguage\":\"es-MX\",\"potentialAction\":[{\"@type\":\"ReadAction\",\"target\":[\"https:\/\/graziamagazine.com\/mx\/articles\/amanda-bynes-dada-alta-clinica-psiquiatrica-tras-colapso-mental\/\"]}]},{\"@type\":\"BreadcrumbList\",\"@id\":\"https:\/\/graziamagazine.com\/mx\/articles\/amanda-bynes-dada-alta-clinica-psiquiatrica-tras-colapso-mental\/#breadcrumb\",\"itemListElement\":[{\"@type\":\"ListItem\",\"position\":1,\"name\":\"Home\",\"item\":\"https:\/\/graziamagazine.com\/mx\/\"},{\"@type\":\"ListItem\",\"position\":2,\"name\":\"Amanda Bynes es dada de alta de cl\u00ednica psiqui\u00e1trica tras colapso mental\"}]},{\"@type\":\"WebSite\",\"@id\":\"https:\/\/graziamagazine.com\/mx\/#website\",\"url\":\"https:\/\/graziamagazine.com\/mx\/\",\"name\":\"Grazia M\u00e9xico y Latinoam\u00e9rica\",\"description\":\"Grazia es moda, belleza y noticias  de actualidad \",\"potentialAction\":[{\"@type\":\"SearchAction\",\"target\":{\"@type\":\"EntryPoint\",\"urlTemplate\":\"https:\/\/graziamagazine.com\/mx\/?s={search_term_string}\"},\"query-input\":\"required name=search_term_string\"}],\"inLanguage\":\"es-MX\"}]}<\/script>\n<!-- \/ Yoast SEO Premium plugin. -->","yoast_head_json":{"title":"Amanda Bynes es dada de alta de cl\u00ednica psiqui\u00e1trica tras colapso mental | Grazia M\u00e9xico y Latinoam\u00e9rica","description":"Amanda Bynes es dada de alta de la cl\u00ednica psiqui\u00e1trica donde estuvo internada durante tres semanas y media por un colapso mental que tuvo el mes pasado,","robots":{"index":"index","follow":"follow","max-snippet":"max-snippet:-1","max-image-preview":"max-image-preview:large","max-video-preview":"max-video-preview:-1"},"canonical":"https:\/\/graziamagazine.com\/mx\/articles\/amanda-bynes-dada-alta-clinica-psiquiatrica-tras-colapso-mental\/","og_locale":"es_MX","og_type":"article","og_title":"Amanda Bynes es dada de alta de cl\u00ednica psiqui\u00e1trica tras colapso mental","og_description":"Amanda Bynes es dada de alta de la cl\u00ednica psiqui\u00e1trica donde estuvo internada durante tres semanas y media por un colapso mental que tuvo el mes pasado,","og_url":"https:\/\/graziamagazine.com\/mx\/articles\/amanda-bynes-dada-alta-clinica-psiquiatrica-tras-colapso-mental\/","og_site_name":"Grazia M\u00e9xico y Latinoam\u00e9rica","article_modified_time":"2023-04-12T20:48:46+00:00","og_image":[{"width":1125,"height":720,"url":"https:\/\/graziamagazine.com\/mx\/wp-content\/uploads\/sites\/13\/2023\/04\/WhatsApp-Image-2023-04-12-at-13.25.23-e1681332425735.jpeg","type":"image\/jpeg"}],"twitter_card":"summary_large_image","twitter_misc":{"Est. reading time":"2 minutos"},"schema":{"@context":"https:\/\/schema.org","@graph":[{"@type":"WebPage","@id":"https:\/\/graziamagazine.com\/mx\/articles\/amanda-bynes-dada-alta-clinica-psiquiatrica-tras-colapso-mental\/","url":"https:\/\/graziamagazine.com\/mx\/articles\/amanda-bynes-dada-alta-clinica-psiquiatrica-tras-colapso-mental\/","name":"Amanda Bynes es dada de alta de cl\u00ednica psiqui\u00e1trica tras colapso mental | Grazia M\u00e9xico y Latinoam\u00e9rica","isPartOf":{"@id":"https:\/\/graziamagazine.com\/mx\/#website"},"datePublished":"2023-04-12T20:40:41+00:00","dateModified":"2023-04-12T20:48:46+00:00","description":"Amanda Bynes es dada de alta de la cl\u00ednica psiqui\u00e1trica donde estuvo internada durante tres semanas y media por un colapso mental que tuvo el mes pasado,","breadcrumb":{"@id":"https:\/\/graziamagazine.com\/mx\/articles\/amanda-bynes-dada-alta-clinica-psiquiatrica-tras-colapso-mental\/#breadcrumb"},"inLanguage":"es-MX","potentialAction":[{"@type":"ReadAction","target":["https:\/\/graziamagazine.com\/mx\/articles\/amanda-bynes-dada-alta-clinica-psiquiatrica-tras-colapso-mental\/"]}]},{"@type":"BreadcrumbList","@id":"https:\/\/graziamagazine.com\/mx\/articles\/amanda-bynes-dada-alta-clinica-psiquiatrica-tras-colapso-mental\/#breadcrumb","itemListElement":[{"@type":"ListItem","position":1,"name":"Home","item":"https:\/\/graziamagazine.com\/mx\/"},{"@type":"ListItem","position":2,"name":"Amanda Bynes es dada de alta de cl\u00ednica psiqui\u00e1trica tras colapso mental"}]},{"@type":"WebSite","@id":"https:\/\/graziamagazine.com\/mx\/#website","url":"https:\/\/graziamagazine.com\/mx\/","name":"Grazia M\u00e9xico y Latinoam\u00e9rica","description":"Grazia es moda, belleza y noticias  de actualidad ","potentialAction":[{"@type":"SearchAction","target":{"@type":"EntryPoint","urlTemplate":"https:\/\/graziamagazine.com\/mx\/?s={search_term_string}"},"query-input":"required name=search_term_string"}],"inLanguage":"es-MX"}]}},"jetpack_sharing_enabled":true,"distributor_meta":false,"distributor_terms":false,"distributor_media":false,"distributor_original_site_name":"Grazia M\u00e9xico y Latinoam\u00e9rica","distributor_original_site_url":"https:\/\/graziamagazine.com\/mx","push-errors":false,"_links":{"self":[{"href":"https:\/\/graziamagazine.com\/mx\/wp-json\/wp\/v2\/articles\/123910"}],"collection":[{"href":"https:\/\/graziamagazine.com\/mx\/wp-json\/wp\/v2\/articles"}],"about":[{"href":"https:\/\/graziamagazine.com\/mx\/wp-json\/wp\/v2\/types\/articles"}],"author":[{"embeddable":true,"href":"https:\/\/graziamagazine.com\/mx\/wp-json\/wp\/v2\/users\/36289"}],"wp:featuredmedia":[{"embeddable":true,"href":"https:\/\/graziamagazine.com\/mx\/wp-json\/wp\/v2\/media\/123912"}],"wp:attachment":[{"href":"https:\/\/graziamagazine.com\/mx\/wp-json\/wp\/v2\/media?parent=123910"}],"wp:term":[{"taxonomy":"category","embeddable":true,"href":"https:\/\/graziamagazine.com\/mx\/wp-json\/wp\/v2\/categories?post=123910"}],"curies":[{"name":"wp","href":"https:\/\/api.w.org\/{rel}","templated":true}]}}