{"id":123878,"date":"2023-04-11T14:51:23","date_gmt":"2023-04-11T19:51:23","guid":{"rendered":"https:\/\/graziamagazine.com\/mx\/?post_type=articles&#038;p=123878"},"modified":"2023-04-11T14:55:27","modified_gmt":"2023-04-11T19:55:27","slug":"taylor-swift-y-joe-alwyn-terminaron-su-relacion-despues-de-seis-anos-de-noviazgo","status":"publish","type":"articles","link":"https:\/\/graziamagazine.com\/mx\/articles\/taylor-swift-y-joe-alwyn-terminaron-su-relacion-despues-de-seis-anos-de-noviazgo\/","title":{"rendered":"Taylor Swift y Joe Alwyn terminaron su relaci\u00f3n despu\u00e9s de seis a\u00f1os de noviazgo"},"content":{"rendered":"<p><span style=\"font-weight: 400\"><strong>Taylor Swift y Joe Alwyn<\/strong> han llegado al final de su historia de amor, y ahora la cantante tendr\u00e1 que atravesar por otro rompimiento p\u00fablico. De hecho, seg\u00fan han informado personas cercanas a la ahora ex pareja, esto ya sucedi\u00f3 hace algunas semanas pero apenas sali\u00f3 a la luz.<\/span><\/p>\n<p><span style=\"font-weight: 400\">La ex pareja se separ\u00f3 despu\u00e9s de seis a\u00f1os de noviazgo y, supuestamente, ocurri\u00f3 como consecuencia de las &#8220;diferencias en sus personalidades&#8221;.<\/span><\/p>\n<p><span style=\"font-weight: 400\">&#8220;Tuvieron momentos dif\u00edciles antes y siempre resolvieron las cosas, por lo que los amigos pensaron que se tomar\u00edan un tiempo separados pero eventualmente volver\u00edan a estar juntos&#8221;, dijo una fuente, se\u00f1alando que \u201cno son los adecuados el uno para el otro&#8221;.<\/span><\/p>\n<p><span style=\"font-weight: 400\">&#8220;Han tenido momentos dif\u00edciles antes&#8230; pero en \u00faltima instancia, no encajaban bien&#8221;, agreg\u00f3 sobre Taylor y Joe.<\/span><\/p>\n<p><span style=\"font-weight: 400\">La cantante de <\/span><i><span style=\"font-weight: 400\">Lavender Haze<\/span><\/i><span style=\"font-weight: 400\"> fue vinculada p\u00fablicamente por primera vez con el actor brit\u00e1nico en mayo de 2017, cuando se revel\u00f3 que la pareja hab\u00eda estado saliendo en silencio durante meses. Aunque no est\u00e1 claro exactamente cu\u00e1ndo se conocieron, los fan\u00e1ticos han especulado que Swift y Alwyn se cruzaron por primera vez en la Met Gala de 2016.<\/span><\/p>\n<p><img loading=\"lazy\" decoding=\"async\" class=\"alignnone size-medium wp-image-123879\" src=\"https:\/\/graziamagazine.com\/mx\/wp-content\/uploads\/sites\/13\/2023\/04\/Captura-de-Pantalla-2023-04-11-a-las-10.33.26.png?w=356\" alt=\"\" width=\"356\" height=\"450\" \/><\/p>\n<p><span style=\"font-weight: 400\">&#8220;Ten\u00edan mucho en com\u00fan y se enamoraron en una burbuja segura mientras ella se retiraba del mundo durante <strong>Reputation<\/strong>&#8221; ,dijo otra fuente, refiri\u00e9ndose al \u00e1lbum de ella de 2017. &#8220;Luego lleg\u00f3 la pandemia, y estaban encerrados juntos y pudieron continuar haciendo crecer su relaci\u00f3n de esta manera aislada. Pero \u00e9l realmente no la &#8216;conoc\u00eda&#8217; todav\u00eda fuera de esa burbuja&#8221;.<\/span><\/p>\n<p><span style=\"font-weight: 400\">A lo largo de su relaci\u00f3n, la pareja fue muy reservada con su romance, callando todos los rumores de compromiso en los \u00faltimos a\u00f1os.<\/span><\/p>\n<p><span style=\"font-weight: 400\">Las personas que los conocen dicen que la pareja se uni\u00f3 r\u00e1pidamente por las pasiones compartidas por el arte y la creatividad. De hecho, Taylor ha lanzado 10 canciones coescritas y\/o coproducidas con Alwyn, quien escribi\u00f3 bajo el seud\u00f3nimo de <strong>William Bowery.<\/strong> Las colaboraciones incluyen <strong>seis canciones en Folklore, tres canciones en Evermore y <\/strong><\/span><strong><i>Sweet Nothing <\/i>en Midnights.<\/strong><\/p>\n<p><span style=\"font-weight: 400\">A\u00fan as\u00ed, los expertos dicen que al actor, quien enfatiz\u00f3 su necesidad de privacidad cuando se le pregunt\u00f3 sobre Swift durante las entrevistas, no le gust\u00f3 ser el centro de atenci\u00f3n. &#8220;Joe ha tenido problemas con el nivel de fama de Taylor y la atenci\u00f3n del p\u00fablico&#8221;, dice una fuente. &#8220;Las diferencias en sus personalidades tambi\u00e9n se han vuelto m\u00e1s dif\u00edciles de ignorar despu\u00e9s de a\u00f1os juntos. Se han distanciado&#8221;.<\/span><\/p>\n<p><span style=\"font-weight: 400\">Taylor Swift actualmente est\u00e1 realizando su gira<strong> The Eras Tour,<\/strong> y sus pr\u00f3ximos shows son los d\u00edas 13, 14 y 15 de abril en Tampa, Florida.<\/span><\/p>\n","protected":false},"author":11628,"featured_media":121457,"template":"","format":"standard","categories":[2],"acf":[],"yoast_head":"<!-- This site is optimized with the Yoast SEO Premium plugin v18.5 (Yoast SEO v20.4) - https:\/\/yoast.com\/wordpress\/plugins\/seo\/ -->\n<title>Taylor Swift y Joe Alwyn terminaron su relaci\u00f3n despu\u00e9s de seis a\u00f1os de noviazgo | Grazia M\u00e9xico y Latinoam\u00e9rica<\/title>\n<meta name=\"description\" content=\"El adi\u00f3s a otro amor\" \/>\n<meta name=\"robots\" content=\"index, follow, max-snippet:-1, max-image-preview:large, max-video-preview:-1\" \/>\n<link rel=\"canonical\" href=\"https:\/\/graziamagazine.com\/mx\/articles\/taylor-swift-y-joe-alwyn-terminaron-su-relacion-despues-de-seis-anos-de-noviazgo\/\" \/>\n<meta property=\"og:locale\" content=\"es_MX\" \/>\n<meta property=\"og:type\" content=\"article\" \/>\n<meta property=\"og:title\" content=\"Taylor Swift y Joe Alwyn terminaron su relaci\u00f3n despu\u00e9s de seis a\u00f1os de noviazgo\" \/>\n<meta property=\"og:description\" content=\"El adi\u00f3s a otro amor\" \/>\n<meta property=\"og:url\" content=\"https:\/\/graziamagazine.com\/mx\/articles\/taylor-swift-y-joe-alwyn-terminaron-su-relacion-despues-de-seis-anos-de-noviazgo\/\" \/>\n<meta property=\"og:site_name\" content=\"Grazia M\u00e9xico y Latinoam\u00e9rica\" \/>\n<meta property=\"article:modified_time\" content=\"2023-04-11T19:55:27+00:00\" \/>\n<meta property=\"og:image\" content=\"https:\/\/graziamagazine.com\/mx\/wp-content\/uploads\/sites\/13\/2023\/02\/taylor-swift-grammys-awards-2023-67-1-e1675648504718.jpg\" \/>\n\t<meta property=\"og:image:width\" content=\"1277\" \/>\n\t<meta property=\"og:image:height\" content=\"723\" \/>\n\t<meta property=\"og:image:type\" content=\"image\/jpeg\" \/>\n<meta name=\"twitter:card\" content=\"summary_large_image\" \/>\n<meta name=\"twitter:label1\" content=\"Est. reading time\" \/>\n\t<meta name=\"twitter:data1\" content=\"3 minutos\" \/>\n<script type=\"application\/ld+json\" class=\"yoast-schema-graph\">{\"@context\":\"https:\/\/schema.org\",\"@graph\":[{\"@type\":\"WebPage\",\"@id\":\"https:\/\/graziamagazine.com\/mx\/articles\/taylor-swift-y-joe-alwyn-terminaron-su-relacion-despues-de-seis-anos-de-noviazgo\/\",\"url\":\"https:\/\/graziamagazine.com\/mx\/articles\/taylor-swift-y-joe-alwyn-terminaron-su-relacion-despues-de-seis-anos-de-noviazgo\/\",\"name\":\"Taylor Swift y Joe Alwyn terminaron su relaci\u00f3n despu\u00e9s de seis a\u00f1os de noviazgo | Grazia M\u00e9xico y Latinoam\u00e9rica\",\"isPartOf\":{\"@id\":\"https:\/\/graziamagazine.com\/mx\/#website\"},\"datePublished\":\"2023-04-11T19:51:23+00:00\",\"dateModified\":\"2023-04-11T19:55:27+00:00\",\"description\":\"El adi\u00f3s a otro amor\",\"breadcrumb\":{\"@id\":\"https:\/\/graziamagazine.com\/mx\/articles\/taylor-swift-y-joe-alwyn-terminaron-su-relacion-despues-de-seis-anos-de-noviazgo\/#breadcrumb\"},\"inLanguage\":\"es-MX\",\"potentialAction\":[{\"@type\":\"ReadAction\",\"target\":[\"https:\/\/graziamagazine.com\/mx\/articles\/taylor-swift-y-joe-alwyn-terminaron-su-relacion-despues-de-seis-anos-de-noviazgo\/\"]}]},{\"@type\":\"BreadcrumbList\",\"@id\":\"https:\/\/graziamagazine.com\/mx\/articles\/taylor-swift-y-joe-alwyn-terminaron-su-relacion-despues-de-seis-anos-de-noviazgo\/#breadcrumb\",\"itemListElement\":[{\"@type\":\"ListItem\",\"position\":1,\"name\":\"Home\",\"item\":\"https:\/\/graziamagazine.com\/mx\/\"},{\"@type\":\"ListItem\",\"position\":2,\"name\":\"Taylor Swift y Joe Alwyn terminaron su relaci\u00f3n despu\u00e9s de seis a\u00f1os de noviazgo\"}]},{\"@type\":\"WebSite\",\"@id\":\"https:\/\/graziamagazine.com\/mx\/#website\",\"url\":\"https:\/\/graziamagazine.com\/mx\/\",\"name\":\"Grazia M\u00e9xico y Latinoam\u00e9rica\",\"description\":\"Grazia es moda, belleza y noticias  de actualidad \",\"potentialAction\":[{\"@type\":\"SearchAction\",\"target\":{\"@type\":\"EntryPoint\",\"urlTemplate\":\"https:\/\/graziamagazine.com\/mx\/?s={search_term_string}\"},\"query-input\":\"required name=search_term_string\"}],\"inLanguage\":\"es-MX\"}]}<\/script>\n<!-- \/ Yoast SEO Premium plugin. -->","yoast_head_json":{"title":"Taylor Swift y Joe Alwyn terminaron su relaci\u00f3n despu\u00e9s de seis a\u00f1os de noviazgo | Grazia M\u00e9xico y Latinoam\u00e9rica","description":"El adi\u00f3s a otro amor","robots":{"index":"index","follow":"follow","max-snippet":"max-snippet:-1","max-image-preview":"max-image-preview:large","max-video-preview":"max-video-preview:-1"},"canonical":"https:\/\/graziamagazine.com\/mx\/articles\/taylor-swift-y-joe-alwyn-terminaron-su-relacion-despues-de-seis-anos-de-noviazgo\/","og_locale":"es_MX","og_type":"article","og_title":"Taylor Swift y Joe Alwyn terminaron su relaci\u00f3n despu\u00e9s de seis a\u00f1os de noviazgo","og_description":"El adi\u00f3s a otro amor","og_url":"https:\/\/graziamagazine.com\/mx\/articles\/taylor-swift-y-joe-alwyn-terminaron-su-relacion-despues-de-seis-anos-de-noviazgo\/","og_site_name":"Grazia M\u00e9xico y Latinoam\u00e9rica","article_modified_time":"2023-04-11T19:55:27+00:00","og_image":[{"width":1277,"height":723,"url":"https:\/\/graziamagazine.com\/mx\/wp-content\/uploads\/sites\/13\/2023\/02\/taylor-swift-grammys-awards-2023-67-1-e1675648504718.jpg","type":"image\/jpeg"}],"twitter_card":"summary_large_image","twitter_misc":{"Est. reading time":"3 minutos"},"schema":{"@context":"https:\/\/schema.org","@graph":[{"@type":"WebPage","@id":"https:\/\/graziamagazine.com\/mx\/articles\/taylor-swift-y-joe-alwyn-terminaron-su-relacion-despues-de-seis-anos-de-noviazgo\/","url":"https:\/\/graziamagazine.com\/mx\/articles\/taylor-swift-y-joe-alwyn-terminaron-su-relacion-despues-de-seis-anos-de-noviazgo\/","name":"Taylor Swift y Joe Alwyn terminaron su relaci\u00f3n despu\u00e9s de seis a\u00f1os de noviazgo | Grazia M\u00e9xico y Latinoam\u00e9rica","isPartOf":{"@id":"https:\/\/graziamagazine.com\/mx\/#website"},"datePublished":"2023-04-11T19:51:23+00:00","dateModified":"2023-04-11T19:55:27+00:00","description":"El adi\u00f3s a otro amor","breadcrumb":{"@id":"https:\/\/graziamagazine.com\/mx\/articles\/taylor-swift-y-joe-alwyn-terminaron-su-relacion-despues-de-seis-anos-de-noviazgo\/#breadcrumb"},"inLanguage":"es-MX","potentialAction":[{"@type":"ReadAction","target":["https:\/\/graziamagazine.com\/mx\/articles\/taylor-swift-y-joe-alwyn-terminaron-su-relacion-despues-de-seis-anos-de-noviazgo\/"]}]},{"@type":"BreadcrumbList","@id":"https:\/\/graziamagazine.com\/mx\/articles\/taylor-swift-y-joe-alwyn-terminaron-su-relacion-despues-de-seis-anos-de-noviazgo\/#breadcrumb","itemListElement":[{"@type":"ListItem","position":1,"name":"Home","item":"https:\/\/graziamagazine.com\/mx\/"},{"@type":"ListItem","position":2,"name":"Taylor Swift y Joe Alwyn terminaron su relaci\u00f3n despu\u00e9s de seis a\u00f1os de noviazgo"}]},{"@type":"WebSite","@id":"https:\/\/graziamagazine.com\/mx\/#website","url":"https:\/\/graziamagazine.com\/mx\/","name":"Grazia M\u00e9xico y Latinoam\u00e9rica","description":"Grazia es moda, belleza y noticias  de actualidad ","potentialAction":[{"@type":"SearchAction","target":{"@type":"EntryPoint","urlTemplate":"https:\/\/graziamagazine.com\/mx\/?s={search_term_string}"},"query-input":"required name=search_term_string"}],"inLanguage":"es-MX"}]}},"jetpack_sharing_enabled":true,"distributor_meta":false,"distributor_terms":false,"distributor_media":false,"distributor_original_site_name":"Grazia M\u00e9xico y Latinoam\u00e9rica","distributor_original_site_url":"https:\/\/graziamagazine.com\/mx","push-errors":false,"_links":{"self":[{"href":"https:\/\/graziamagazine.com\/mx\/wp-json\/wp\/v2\/articles\/123878"}],"collection":[{"href":"https:\/\/graziamagazine.com\/mx\/wp-json\/wp\/v2\/articles"}],"about":[{"href":"https:\/\/graziamagazine.com\/mx\/wp-json\/wp\/v2\/types\/articles"}],"author":[{"embeddable":true,"href":"https:\/\/graziamagazine.com\/mx\/wp-json\/wp\/v2\/users\/11628"}],"wp:featuredmedia":[{"embeddable":true,"href":"https:\/\/graziamagazine.com\/mx\/wp-json\/wp\/v2\/media\/121457"}],"wp:attachment":[{"href":"https:\/\/graziamagazine.com\/mx\/wp-json\/wp\/v2\/media?parent=123878"}],"wp:term":[{"taxonomy":"category","embeddable":true,"href":"https:\/\/graziamagazine.com\/mx\/wp-json\/wp\/v2\/categories?post=123878"}],"curies":[{"name":"wp","href":"https:\/\/api.w.org\/{rel}","templated":true}]}}