{"id":123864,"date":"2023-04-10T20:53:48","date_gmt":"2023-04-11T01:53:48","guid":{"rendered":"https:\/\/graziamagazine.com\/mx\/?post_type=articles&#038;p=123864"},"modified":"2023-04-10T21:01:34","modified_gmt":"2023-04-11T02:01:34","slug":"dalai-lama-disculpa-tras-beso-boca-nino-polemico-video","status":"publish","type":"articles","link":"https:\/\/graziamagazine.com\/mx\/articles\/dalai-lama-disculpa-tras-beso-boca-nino-polemico-video\/","title":{"rendered":"El Dalai Lama se disculpa tras el beso en la boca que le da a un ni\u00f1o en pol\u00e9mico video"},"content":{"rendered":"<p><span style=\"font-weight: 400\">El <\/span><b>Dalai Lama<\/b><span style=\"font-weight: 400\"> ofrece disculpas por el video que se ha vuelto viral donde se puede ver a su l\u00edder de 87 a\u00f1os besar a un ni\u00f1o en la boca para despu\u00e9s pedirle que le chupe la lengua, acto que ha causado consternaci\u00f3n y gran pol\u00e9mica en el p\u00fablico.<\/span><\/p>\n<p><span style=\"font-weight: 400\">El lugar donde se presenci\u00f3 esta interacci\u00f3n fue en un evento filantr\u00f3pico de la fundaci\u00f3n <\/span><b>M3M<\/b><span style=\"font-weight: 400\"> en <\/span><b>Dharamsala<\/b><span style=\"font-weight: 400\">, al norte de la <\/span><b>India<\/b><span style=\"font-weight: 400\">.\u00a0<\/span><\/p>\n<p><span style=\"font-weight: 400\">El grupo religioso emiti\u00f3 un comunicado este lunes en donde afirma su deseo de disculparse con la familia del menor y con todos sus amigos alrededor del mundo, por el da\u00f1o e impacto que este acto ha causado.<\/span><\/p>\n<figure id=\"attachment_123852\" aria-describedby=\"caption-attachment-123852\" style=\"width: 450px\" class=\"wp-caption alignnone\"><img loading=\"lazy\" decoding=\"async\" class=\"size-medium wp-image-123852\" src=\"https:\/\/graziamagazine.com\/mx\/wp-content\/uploads\/sites\/13\/2023\/04\/WhatsApp-Image-2023-04-10-at-18.38.05.jpeg?w=450\" alt=\"\" width=\"450\" height=\"433\" \/><figcaption id=\"caption-attachment-123852\" class=\"wp-caption-text\">Instagram<\/figcaption><\/figure>\n<p><span style=\"font-weight: 400\">En el video se puede ver c\u00f3mo el ni\u00f1o se aproxima al l\u00edder y este le se\u00f1ala la mejilla para que lo bese, para despu\u00e9s besar al ni\u00f1o en la boca y terminar con la frase \u201cch\u00fapame la lengua\u201d.<\/span><\/p>\n<figure id=\"attachment_123851\" aria-describedby=\"caption-attachment-123851\" style=\"width: 450px\" class=\"wp-caption alignnone\"><img loading=\"lazy\" decoding=\"async\" class=\"size-medium wp-image-123851\" src=\"https:\/\/graziamagazine.com\/mx\/wp-content\/uploads\/sites\/13\/2023\/04\/WhatsApp-Image-2023-04-10-at-18.37.55.jpeg?w=450\" alt=\"\" width=\"450\" height=\"330\" \/><figcaption id=\"caption-attachment-123851\" class=\"wp-caption-text\">Instagram<\/figcaption><\/figure>\n<p><span style=\"font-weight: 400\">Aunque la identidad del ni\u00f1o es desconocida, el grupo de derechos del ni\u00f1o ubicado en <\/span><b>Delhi<\/b><span style=\"font-weight: 400\">, afirma en un comunicado a <\/span><b>CNN<\/b><span style=\"font-weight: 400\"> que condena \u201ctoda forma de abuso infantil\u201d.\u00a0<\/span><\/p>\n<p><span style=\"font-weight: 400\">\u201cAlgunas noticias se refieren a la cultura tibetana sobre mostrar la lengua, pero este video ciertamente no trata sobre ninguna expresi\u00f3n cultural e incluso si lo es, tales expresiones culturales no son aceptables\u201d, expresa el comunicado.\u00a0<\/span><\/p>\n<p><span style=\"font-weight: 400\">\u201cEl mundo admira a los l\u00edderes religiosos para que tomen una posici\u00f3n y lideren contra la explotaci\u00f3n y el abuso de los ni\u00f1os a trav\u00e9s de sus acciones y palabras\u201d, agrega.<\/span><\/p>\n<figure id=\"attachment_123853\" aria-describedby=\"caption-attachment-123853\" style=\"width: 450px\" class=\"wp-caption alignnone\"><img loading=\"lazy\" decoding=\"async\" class=\"size-medium wp-image-123853\" src=\"https:\/\/graziamagazine.com\/mx\/wp-content\/uploads\/sites\/13\/2023\/04\/WhatsApp-Image-2023-04-10-at-18.38.07.jpeg?w=450\" alt=\"\" width=\"450\" height=\"435\" \/><figcaption id=\"caption-attachment-123853\" class=\"wp-caption-text\">Instagram<\/figcaption><\/figure>\n<p><span style=\"font-weight: 400\">Es un hecho que este tipo de conductas no pueden tolerarse y menos por aquellos que est\u00e1n en una posici\u00f3n de liderazgo. Ojal\u00e1 podamos ver algo m\u00e1s que un comunicado de parte del Dalai Lama.<\/span><\/p>\n","protected":false},"author":36289,"featured_media":123851,"template":"","format":"standard","categories":[114],"acf":[],"yoast_head":"<!-- This site is optimized with the Yoast SEO Premium plugin v18.5 (Yoast SEO v20.4) - https:\/\/yoast.com\/wordpress\/plugins\/seo\/ -->\n<title>El Dalai Lama se disculpa tras el beso en la boca que le da a un ni\u00f1o en pol\u00e9mico video | Grazia M\u00e9xico y Latinoam\u00e9rica<\/title>\n<meta name=\"description\" content=\"El Dalai Lama ofrece disculpas por el video que se ha vuelto viral donde se puede ver a su l\u00edder de 87 a\u00f1os besar a un ni\u00f1o en la boca para despu\u00e9s\" \/>\n<meta name=\"robots\" content=\"index, follow, max-snippet:-1, max-image-preview:large, max-video-preview:-1\" \/>\n<link rel=\"canonical\" href=\"https:\/\/graziamagazine.com\/mx\/articles\/dalai-lama-disculpa-tras-beso-boca-nino-polemico-video\/\" \/>\n<meta property=\"og:locale\" content=\"es_MX\" \/>\n<meta property=\"og:type\" content=\"article\" \/>\n<meta property=\"og:title\" content=\"El Dalai Lama se disculpa tras el beso en la boca que le da a un ni\u00f1o en pol\u00e9mico video\" \/>\n<meta property=\"og:description\" content=\"El Dalai Lama ofrece disculpas por el video que se ha vuelto viral donde se puede ver a su l\u00edder de 87 a\u00f1os besar a un ni\u00f1o en la boca para despu\u00e9s\" \/>\n<meta property=\"og:url\" content=\"https:\/\/graziamagazine.com\/mx\/articles\/dalai-lama-disculpa-tras-beso-boca-nino-polemico-video\/\" \/>\n<meta property=\"og:site_name\" content=\"Grazia M\u00e9xico y Latinoam\u00e9rica\" \/>\n<meta property=\"article:modified_time\" content=\"2023-04-11T02:01:34+00:00\" \/>\n<meta property=\"og:image\" content=\"https:\/\/graziamagazine.com\/mx\/wp-content\/uploads\/sites\/13\/2023\/04\/WhatsApp-Image-2023-04-10-at-18.37.55-e1681178365628.jpeg\" \/>\n\t<meta property=\"og:image:width\" content=\"1125\" \/>\n\t<meta property=\"og:image:height\" content=\"720\" \/>\n\t<meta property=\"og:image:type\" content=\"image\/jpeg\" \/>\n<meta name=\"twitter:card\" content=\"summary_large_image\" \/>\n<meta name=\"twitter:label1\" content=\"Est. reading time\" \/>\n\t<meta name=\"twitter:data1\" content=\"2 minutos\" \/>\n<script type=\"application\/ld+json\" class=\"yoast-schema-graph\">{\"@context\":\"https:\/\/schema.org\",\"@graph\":[{\"@type\":\"WebPage\",\"@id\":\"https:\/\/graziamagazine.com\/mx\/articles\/dalai-lama-disculpa-tras-beso-boca-nino-polemico-video\/\",\"url\":\"https:\/\/graziamagazine.com\/mx\/articles\/dalai-lama-disculpa-tras-beso-boca-nino-polemico-video\/\",\"name\":\"El Dalai Lama se disculpa tras el beso en la boca que le da a un ni\u00f1o en pol\u00e9mico video | Grazia M\u00e9xico y Latinoam\u00e9rica\",\"isPartOf\":{\"@id\":\"https:\/\/graziamagazine.com\/mx\/#website\"},\"datePublished\":\"2023-04-11T01:53:48+00:00\",\"dateModified\":\"2023-04-11T02:01:34+00:00\",\"description\":\"El Dalai Lama ofrece disculpas por el video que se ha vuelto viral donde se puede ver a su l\u00edder de 87 a\u00f1os besar a un ni\u00f1o en la boca para despu\u00e9s\",\"breadcrumb\":{\"@id\":\"https:\/\/graziamagazine.com\/mx\/articles\/dalai-lama-disculpa-tras-beso-boca-nino-polemico-video\/#breadcrumb\"},\"inLanguage\":\"es-MX\",\"potentialAction\":[{\"@type\":\"ReadAction\",\"target\":[\"https:\/\/graziamagazine.com\/mx\/articles\/dalai-lama-disculpa-tras-beso-boca-nino-polemico-video\/\"]}]},{\"@type\":\"BreadcrumbList\",\"@id\":\"https:\/\/graziamagazine.com\/mx\/articles\/dalai-lama-disculpa-tras-beso-boca-nino-polemico-video\/#breadcrumb\",\"itemListElement\":[{\"@type\":\"ListItem\",\"position\":1,\"name\":\"Home\",\"item\":\"https:\/\/graziamagazine.com\/mx\/\"},{\"@type\":\"ListItem\",\"position\":2,\"name\":\"El Dalai Lama se disculpa tras el beso en la boca que le da a un ni\u00f1o en pol\u00e9mico video\"}]},{\"@type\":\"WebSite\",\"@id\":\"https:\/\/graziamagazine.com\/mx\/#website\",\"url\":\"https:\/\/graziamagazine.com\/mx\/\",\"name\":\"Grazia M\u00e9xico y Latinoam\u00e9rica\",\"description\":\"Grazia es moda, belleza y noticias  de actualidad \",\"potentialAction\":[{\"@type\":\"SearchAction\",\"target\":{\"@type\":\"EntryPoint\",\"urlTemplate\":\"https:\/\/graziamagazine.com\/mx\/?s={search_term_string}\"},\"query-input\":\"required name=search_term_string\"}],\"inLanguage\":\"es-MX\"}]}<\/script>\n<!-- \/ Yoast SEO Premium plugin. -->","yoast_head_json":{"title":"El Dalai Lama se disculpa tras el beso en la boca que le da a un ni\u00f1o en pol\u00e9mico video | Grazia M\u00e9xico y Latinoam\u00e9rica","description":"El Dalai Lama ofrece disculpas por el video que se ha vuelto viral donde se puede ver a su l\u00edder de 87 a\u00f1os besar a un ni\u00f1o en la boca para despu\u00e9s","robots":{"index":"index","follow":"follow","max-snippet":"max-snippet:-1","max-image-preview":"max-image-preview:large","max-video-preview":"max-video-preview:-1"},"canonical":"https:\/\/graziamagazine.com\/mx\/articles\/dalai-lama-disculpa-tras-beso-boca-nino-polemico-video\/","og_locale":"es_MX","og_type":"article","og_title":"El Dalai Lama se disculpa tras el beso en la boca que le da a un ni\u00f1o en pol\u00e9mico video","og_description":"El Dalai Lama ofrece disculpas por el video que se ha vuelto viral donde se puede ver a su l\u00edder de 87 a\u00f1os besar a un ni\u00f1o en la boca para despu\u00e9s","og_url":"https:\/\/graziamagazine.com\/mx\/articles\/dalai-lama-disculpa-tras-beso-boca-nino-polemico-video\/","og_site_name":"Grazia M\u00e9xico y Latinoam\u00e9rica","article_modified_time":"2023-04-11T02:01:34+00:00","og_image":[{"width":1125,"height":720,"url":"https:\/\/graziamagazine.com\/mx\/wp-content\/uploads\/sites\/13\/2023\/04\/WhatsApp-Image-2023-04-10-at-18.37.55-e1681178365628.jpeg","type":"image\/jpeg"}],"twitter_card":"summary_large_image","twitter_misc":{"Est. reading time":"2 minutos"},"schema":{"@context":"https:\/\/schema.org","@graph":[{"@type":"WebPage","@id":"https:\/\/graziamagazine.com\/mx\/articles\/dalai-lama-disculpa-tras-beso-boca-nino-polemico-video\/","url":"https:\/\/graziamagazine.com\/mx\/articles\/dalai-lama-disculpa-tras-beso-boca-nino-polemico-video\/","name":"El Dalai Lama se disculpa tras el beso en la boca que le da a un ni\u00f1o en pol\u00e9mico video | Grazia M\u00e9xico y Latinoam\u00e9rica","isPartOf":{"@id":"https:\/\/graziamagazine.com\/mx\/#website"},"datePublished":"2023-04-11T01:53:48+00:00","dateModified":"2023-04-11T02:01:34+00:00","description":"El Dalai Lama ofrece disculpas por el video que se ha vuelto viral donde se puede ver a su l\u00edder de 87 a\u00f1os besar a un ni\u00f1o en la boca para despu\u00e9s","breadcrumb":{"@id":"https:\/\/graziamagazine.com\/mx\/articles\/dalai-lama-disculpa-tras-beso-boca-nino-polemico-video\/#breadcrumb"},"inLanguage":"es-MX","potentialAction":[{"@type":"ReadAction","target":["https:\/\/graziamagazine.com\/mx\/articles\/dalai-lama-disculpa-tras-beso-boca-nino-polemico-video\/"]}]},{"@type":"BreadcrumbList","@id":"https:\/\/graziamagazine.com\/mx\/articles\/dalai-lama-disculpa-tras-beso-boca-nino-polemico-video\/#breadcrumb","itemListElement":[{"@type":"ListItem","position":1,"name":"Home","item":"https:\/\/graziamagazine.com\/mx\/"},{"@type":"ListItem","position":2,"name":"El Dalai Lama se disculpa tras el beso en la boca que le da a un ni\u00f1o en pol\u00e9mico video"}]},{"@type":"WebSite","@id":"https:\/\/graziamagazine.com\/mx\/#website","url":"https:\/\/graziamagazine.com\/mx\/","name":"Grazia M\u00e9xico y Latinoam\u00e9rica","description":"Grazia es moda, belleza y noticias  de actualidad ","potentialAction":[{"@type":"SearchAction","target":{"@type":"EntryPoint","urlTemplate":"https:\/\/graziamagazine.com\/mx\/?s={search_term_string}"},"query-input":"required name=search_term_string"}],"inLanguage":"es-MX"}]}},"jetpack_sharing_enabled":true,"distributor_meta":false,"distributor_terms":false,"distributor_media":false,"distributor_original_site_name":"Grazia M\u00e9xico y Latinoam\u00e9rica","distributor_original_site_url":"https:\/\/graziamagazine.com\/mx","push-errors":false,"_links":{"self":[{"href":"https:\/\/graziamagazine.com\/mx\/wp-json\/wp\/v2\/articles\/123864"}],"collection":[{"href":"https:\/\/graziamagazine.com\/mx\/wp-json\/wp\/v2\/articles"}],"about":[{"href":"https:\/\/graziamagazine.com\/mx\/wp-json\/wp\/v2\/types\/articles"}],"author":[{"embeddable":true,"href":"https:\/\/graziamagazine.com\/mx\/wp-json\/wp\/v2\/users\/36289"}],"wp:featuredmedia":[{"embeddable":true,"href":"https:\/\/graziamagazine.com\/mx\/wp-json\/wp\/v2\/media\/123851"}],"wp:attachment":[{"href":"https:\/\/graziamagazine.com\/mx\/wp-json\/wp\/v2\/media?parent=123864"}],"wp:term":[{"taxonomy":"category","embeddable":true,"href":"https:\/\/graziamagazine.com\/mx\/wp-json\/wp\/v2\/categories?post=123864"}],"curies":[{"name":"wp","href":"https:\/\/api.w.org\/{rel}","templated":true}]}}