{"id":123781,"date":"2023-04-07T10:57:22","date_gmt":"2023-04-07T15:57:22","guid":{"rendered":"https:\/\/graziamagazine.com\/mx\/?post_type=articles&#038;p=123781"},"modified":"2023-04-07T11:02:32","modified_gmt":"2023-04-07T16:02:32","slug":"atencion-atencion-michael-buble-esta-de-vuelta","status":"publish","type":"articles","link":"https:\/\/graziamagazine.com\/mx\/articles\/atencion-atencion-michael-buble-esta-de-vuelta\/","title":{"rendered":"\u00a1Atenci\u00f3n, atenci\u00f3n! \u00a1Michael Bubl\u00e9 est\u00e1 de vuelta!"},"content":{"rendered":"<p><span style=\"font-weight: 400\">Michael Bubl\u00e9 est\u00e1 de regreso en <strong>M\u00e9xico<\/strong> con su nueva gira<strong> \u201cHigher Tour\u201d 2023<\/strong>. Si eres fan del cantante, compositor y actor canadiense, no te pierdas las fechas en las que se presentar\u00e1.\u00a0<\/span><\/p>\n<p><span style=\"font-weight: 400\">No es una sorpresa que la carrera de Bubl\u00e9 se mantenga firme, pues su compromiso y su entrega al p\u00fablico en cada show siempre deja una buena sensaci\u00f3n y recuerdo para quienes son amantes de la m\u00fasica.\u00a0<\/span><\/p>\n<blockquote class=\"instagram-media\" data-instgrm-captioned data-instgrm-permalink=\"https:\/\/www.instagram.com\/reel\/CqjR7-rDZUO\/?utm_source=ig_embed&amp;utm_campaign=loading\" data-instgrm-version=\"14\" style=\" background:#FFF; border:0; border-radius:3px; box-shadow:0 0 1px 0 rgba(0,0,0,0.5),0 1px 10px 0 rgba(0,0,0,0.15); margin: 1px; max-width:500px; min-width:326px; padding:0; width:99.375%; width:-webkit-calc(100% - 2px); width:calc(100% - 2px);\">\n<div style=\"padding:16px;\"> <a href=\"https:\/\/www.instagram.com\/reel\/CqjR7-rDZUO\/?utm_source=ig_embed&amp;utm_campaign=loading\" style=\" background:#FFFFFF; line-height:0; padding:0 0; text-align:center; text-decoration:none; width:100%;\" target=\"_blank\"> <\/p>\n<div style=\" display: flex; flex-direction: row; align-items: center;\">\n<div style=\"background-color: #F4F4F4; border-radius: 50%; flex-grow: 0; height: 40px; margin-right: 14px; width: 40px;\"><\/div>\n<div style=\"display: flex; flex-direction: column; flex-grow: 1; justify-content: center;\">\n<div style=\" background-color: #F4F4F4; border-radius: 4px; flex-grow: 0; height: 14px; margin-bottom: 6px; width: 100px;\"><\/div>\n<div style=\" background-color: #F4F4F4; border-radius: 4px; flex-grow: 0; height: 14px; width: 60px;\"><\/div>\n<\/div>\n<\/div>\n<div style=\"padding: 19% 0;\"><\/div>\n<div style=\"display:block; height:50px; margin:0 auto 12px; width:50px;\"><svg width=\"50px\" height=\"50px\" viewBox=\"0 0 60 60\" version=\"1.1\" xmlns=\"https:\/\/www.w3.org\/2000\/svg\" xmlns:xlink=\"https:\/\/www.w3.org\/1999\/xlink\"><g stroke=\"none\" stroke-width=\"1\" fill=\"none\" fill-rule=\"evenodd\"><g transform=\"translate(-511.000000, -20.000000)\" fill=\"#000000\"><g><path d=\"M556.869,30.41 C554.814,30.41 553.148,32.076 553.148,34.131 C553.148,36.186 554.814,37.852 556.869,37.852 C558.924,37.852 560.59,36.186 560.59,34.131 C560.59,32.076 558.924,30.41 556.869,30.41 M541,60.657 C535.114,60.657 530.342,55.887 530.342,50 C530.342,44.114 535.114,39.342 541,39.342 C546.887,39.342 551.658,44.114 551.658,50 C551.658,55.887 546.887,60.657 541,60.657 M541,33.886 C532.1,33.886 524.886,41.1 524.886,50 C524.886,58.899 532.1,66.113 541,66.113 C549.9,66.113 557.115,58.899 557.115,50 C557.115,41.1 549.9,33.886 541,33.886 M565.378,62.101 C565.244,65.022 564.756,66.606 564.346,67.663 C563.803,69.06 563.154,70.057 562.106,71.106 C561.058,72.155 560.06,72.803 558.662,73.347 C557.607,73.757 556.021,74.244 553.102,74.378 C549.944,74.521 548.997,74.552 541,74.552 C533.003,74.552 532.056,74.521 528.898,74.378 C525.979,74.244 524.393,73.757 523.338,73.347 C521.94,72.803 520.942,72.155 519.894,71.106 C518.846,70.057 518.197,69.06 517.654,67.663 C517.244,66.606 516.755,65.022 516.623,62.101 C516.479,58.943 516.448,57.996 516.448,50 C516.448,42.003 516.479,41.056 516.623,37.899 C516.755,34.978 517.244,33.391 517.654,32.338 C518.197,30.938 518.846,29.942 519.894,28.894 C520.942,27.846 521.94,27.196 523.338,26.654 C524.393,26.244 525.979,25.756 528.898,25.623 C532.057,25.479 533.004,25.448 541,25.448 C548.997,25.448 549.943,25.479 553.102,25.623 C556.021,25.756 557.607,26.244 558.662,26.654 C560.06,27.196 561.058,27.846 562.106,28.894 C563.154,29.942 563.803,30.938 564.346,32.338 C564.756,33.391 565.244,34.978 565.378,37.899 C565.522,41.056 565.552,42.003 565.552,50 C565.552,57.996 565.522,58.943 565.378,62.101 M570.82,37.631 C570.674,34.438 570.167,32.258 569.425,30.349 C568.659,28.377 567.633,26.702 565.965,25.035 C564.297,23.368 562.623,22.342 560.652,21.575 C558.743,20.834 556.562,20.326 553.369,20.18 C550.169,20.033 549.148,20 541,20 C532.853,20 531.831,20.033 528.631,20.18 C525.438,20.326 523.257,20.834 521.349,21.575 C519.376,22.342 517.703,23.368 516.035,25.035 C514.368,26.702 513.342,28.377 512.574,30.349 C511.834,32.258 511.326,34.438 511.181,37.631 C511.035,40.831 511,41.851 511,50 C511,58.147 511.035,59.17 511.181,62.369 C511.326,65.562 511.834,67.743 512.574,69.651 C513.342,71.625 514.368,73.296 516.035,74.965 C517.703,76.634 519.376,77.658 521.349,78.425 C523.257,79.167 525.438,79.673 528.631,79.82 C531.831,79.965 532.853,80.001 541,80.001 C549.148,80.001 550.169,79.965 553.369,79.82 C556.562,79.673 558.743,79.167 560.652,78.425 C562.623,77.658 564.297,76.634 565.965,74.965 C567.633,73.296 568.659,71.625 569.425,69.651 C570.167,67.743 570.674,65.562 570.82,62.369 C570.966,59.17 571,58.147 571,50 C571,41.851 570.966,40.831 570.82,37.631\"><\/path><\/g><\/g><\/g><\/svg><\/div>\n<div style=\"padding-top: 8px;\">\n<div style=\" color:#3897f0; font-family:Arial,sans-serif; font-size:14px; font-style:normal; font-weight:550; line-height:18px;\">View this post on Instagram<\/div>\n<\/div>\n<div style=\"padding: 12.5% 0;\"><\/div>\n<div style=\"display: flex; flex-direction: row; margin-bottom: 14px; align-items: center;\">\n<div>\n<div style=\"background-color: #F4F4F4; border-radius: 50%; height: 12.5px; width: 12.5px; transform: translateX(0px) translateY(7px);\"><\/div>\n<div style=\"background-color: #F4F4F4; height: 12.5px; transform: rotate(-45deg) translateX(3px) translateY(1px); width: 12.5px; flex-grow: 0; margin-right: 14px; margin-left: 2px;\"><\/div>\n<div style=\"background-color: #F4F4F4; border-radius: 50%; height: 12.5px; width: 12.5px; transform: translateX(9px) translateY(-18px);\"><\/div>\n<\/div>\n<div style=\"margin-left: 8px;\">\n<div style=\" background-color: #F4F4F4; border-radius: 50%; flex-grow: 0; height: 20px; width: 20px;\"><\/div>\n<div style=\" width: 0; height: 0; border-top: 2px solid transparent; border-left: 6px solid #f4f4f4; border-bottom: 2px solid transparent; transform: translateX(16px) translateY(-4px) rotate(30deg)\"><\/div>\n<\/div>\n<div style=\"margin-left: auto;\">\n<div style=\" width: 0px; border-top: 8px solid #F4F4F4; border-right: 8px solid transparent; transform: translateY(16px);\"><\/div>\n<div style=\" background-color: #F4F4F4; flex-grow: 0; height: 12px; width: 16px; transform: translateY(-4px);\"><\/div>\n<div style=\" width: 0; height: 0; border-top: 8px solid #F4F4F4; border-left: 8px solid transparent; transform: translateY(-4px) translateX(8px);\"><\/div>\n<\/div>\n<\/div>\n<div style=\"display: flex; flex-direction: column; flex-grow: 1; justify-content: center; margin-bottom: 24px;\">\n<div style=\" background-color: #F4F4F4; border-radius: 4px; flex-grow: 0; height: 14px; margin-bottom: 6px; width: 224px;\"><\/div>\n<div style=\" background-color: #F4F4F4; border-radius: 4px; flex-grow: 0; height: 14px; width: 144px;\"><\/div>\n<\/div>\n<p><\/a><\/p>\n<p style=\" color:#c9c8cd; font-family:Arial,sans-serif; font-size:14px; line-height:17px; margin-bottom:0; margin-top:8px; overflow:hidden; padding:8px 0 7px; text-align:center; text-overflow:ellipsis; white-space:nowrap;\"><a href=\"https:\/\/www.instagram.com\/reel\/CqjR7-rDZUO\/?utm_source=ig_embed&amp;utm_campaign=loading\" style=\" color:#c9c8cd; font-family:Arial,sans-serif; font-size:14px; font-style:normal; font-weight:normal; line-height:17px; text-decoration:none;\" target=\"_blank\" target=\"_blank\">A post shared by Michael Buble\u0301 (@michaelbuble)<\/a><\/p>\n<\/div>\n<\/blockquote>\n<p><script async src=\"\/\/platform.instagram.com\/en_US\/embeds.js\"><\/script><\/p>\n<p><span style=\"font-weight: 400\">El artista<strong> ganador de m\u00faltiples premios Grammy<\/strong> y m\u00faltiples<strong> premios Juno<\/strong> contin\u00faa su <\/span><span style=\"font-weight: 400\">viaje musical con un nuevo \u00e1lbum de estudio titulado Higher, mismo que le da nombre a s<\/span><span style=\"font-weight: 400\">u gira con la que visitar\u00e1 cuatro estados de la rep\u00fablica dispuesto a dejar toda la pasi\u00f3n <\/span><span style=\"font-weight: 400\">que lo caracteriza en el escenario.<\/span><\/p>\n<p><span style=\"font-weight: 400\">Gracias al apoyo que la disquera <strong>Reprise Records<\/strong> le ha brindado, Bubl\u00e9 mantiene viva su <\/span><span style=\"font-weight: 400\">promesa de conservar las llamas de los grandes cl\u00e1sicos del <strong>American Songbook<\/strong> d\u00e1ndoles <\/span><span style=\"font-weight: 400\">una nueva vida con su singular estilo y poder vocal que lo caracterizan.\u00a0<\/span><\/p>\n<p><span style=\"font-weight: 400\">Ahora, con un <\/span><span style=\"font-weight: 400\">nuevo disco de estudio, Michael reunir\u00e1 los grandes cl\u00e1sicos como sus nuevas canciones <\/span><span style=\"font-weight: 400\">en un show que promete llevar a su p\u00fablico por una traves\u00eda sonora que nunca olvidar\u00e1n.<\/span><\/p>\n<figure id=\"attachment_123783\" aria-describedby=\"caption-attachment-123783\" style=\"width: 576px\" class=\"wp-caption alignnone\"><img loading=\"lazy\" decoding=\"async\" class=\"size-large wp-image-123783\" src=\"https:\/\/graziamagazine.com\/mx\/wp-content\/uploads\/sites\/13\/2023\/04\/unnamed.png?w=576\" alt=\"\u00a1Atenci\u00f3n, atenci\u00f3n! \u00a1Michael Buble est\u00e1 de vuelta!\" width=\"576\" height=\"1024\" \/><figcaption id=\"caption-attachment-123783\" class=\"wp-caption-text\">\u00a1Atenci\u00f3n, atenci\u00f3n! \u00a1Michael Buble est\u00e1 de vuelta!<\/figcaption><\/figure>\n<p><span style=\"font-weight: 400\">Te <strong>compartimos las fechas<\/strong> en las que podr\u00e1s cantar, bailar y re\u00edr junto al cantante que ha conquistado los escenarios gracias a su talento.\u00a0<\/span><\/p>\n<h5><span style=\"font-weight: 400\">ARENA MONTERREY &#8211; 4 DE OCTUBRE 21:00 HORAS<\/span><\/h5>\n<h5><span style=\"font-weight: 400\">CENTRO EXPOSITOR PUEBLA &#8211; 7 DE OCTUBRE 21:00 HORAS<\/span><\/h5>\n<h5><span style=\"font-weight: 400\">AUDITORIO TELMEX &#8211; 9 OCTUBRE 21:00 HORAS<\/span><\/h5>\n<h5><span style=\"font-weight: 400\">ARENA CDMX \u2013 12 OCTUBRE 21:00 HORAS<\/span><\/h5>\n<p><span style=\"font-weight: 400\">Si en este momento te encuentras en b\u00fasqueda de tus boletos, te dejamos la informaci\u00f3n general para que consigas los mejores lugares y disfrutes de<strong> una noche inolvidable.<\/strong><\/span><\/p>\n<h5><span style=\"font-weight: 400\">Arena CDMX, Arena Monterrey y Centro Expositor Puebla<\/span><\/h5>\n<h5><span style=\"font-weight: 400\">-Preventa Exclusiva Banco Azteca: 11 y 12 de abril 2023 a las 10:00 hrs<\/span><\/h5>\n<h5><span style=\"font-weight: 400\">-Venta al P\u00fablico en General: A partir del 13 de abril 2023 a las 10:00 hrs<\/span><\/h5>\n<h5><span style=\"font-weight: 400\">-Puntos de Venta: A trav\u00e9s del sistema www.superboletos.com, Palacio de Hierro, en<\/span><\/h5>\n<h5><span style=\"font-weight: 400\">Taquillas de la Arena Monterrey, Centro Expositor Puebla y\/o Arena CDMX e Innova Sport.<\/span><\/h5>\n<h5><span style=\"font-weight: 400\">Auditorio Telmex (Guadalajara):<\/span><\/h5>\n<h5><span style=\"font-weight: 400\">-Venta al P\u00fablico en General: A partir del 13 de abril 2023 a las 10:00 hrs<\/span><\/h5>\n<h5><span style=\"font-weight: 400\">-Puntos de Venta: A trav\u00e9s del sistema www.ticketmaster.com.mx y taquillas del auditorio.<\/span><\/h5>\n<p><em><strong>*IMAGEN: Cortes\u00eda, Instagram\u00a0<\/strong><\/em><\/p>\n","protected":false},"author":28953,"featured_media":123782,"template":"","format":"standard","categories":[2],"acf":[],"yoast_head":"<!-- This site is optimized with the Yoast SEO Premium plugin v18.5 (Yoast SEO v20.4) - https:\/\/yoast.com\/wordpress\/plugins\/seo\/ -->\n<title>\u00a1Atenci\u00f3n, atenci\u00f3n! \u00a1Michael Bubl\u00e9 est\u00e1 de vuelta!<\/title>\n<meta name=\"description\" content=\"\u00a1S\u00ed, le\u00edste bien! El cantante volver\u00e1 a los escenarios mexicanos en su nueva gira \u201cHigher Tour 2023\u201d\" \/>\n<meta name=\"robots\" content=\"index, follow, max-snippet:-1, max-image-preview:large, max-video-preview:-1\" \/>\n<link rel=\"canonical\" href=\"https:\/\/graziamagazine.com\/mx\/articles\/atencion-atencion-michael-buble-esta-de-vuelta\/\" \/>\n<meta property=\"og:locale\" content=\"es_MX\" \/>\n<meta property=\"og:type\" content=\"article\" \/>\n<meta property=\"og:title\" content=\"\u00a1Atenci\u00f3n, atenci\u00f3n! \u00a1Michael Bubl\u00e9 est\u00e1 de vuelta!\" \/>\n<meta property=\"og:description\" content=\"\u00a1S\u00ed, le\u00edste bien! El cantante volver\u00e1 a los escenarios mexicanos en su nueva gira \u201cHigher Tour 2023\u201d\" \/>\n<meta property=\"og:url\" content=\"https:\/\/graziamagazine.com\/mx\/articles\/atencion-atencion-michael-buble-esta-de-vuelta\/\" \/>\n<meta property=\"og:site_name\" content=\"Grazia M\u00e9xico y Latinoam\u00e9rica\" \/>\n<meta property=\"article:modified_time\" content=\"2023-04-07T16:02:32+00:00\" \/>\n<meta property=\"og:image\" content=\"https:\/\/graziamagazine.com\/mx\/wp-content\/uploads\/sites\/13\/2023\/04\/5461839.jpg\" \/>\n\t<meta property=\"og:image:width\" content=\"960\" \/>\n\t<meta property=\"og:image:height\" content=\"640\" \/>\n\t<meta property=\"og:image:type\" content=\"image\/jpeg\" \/>\n<meta name=\"twitter:card\" content=\"summary_large_image\" \/>\n<meta name=\"twitter:label1\" content=\"Est. reading time\" \/>\n\t<meta name=\"twitter:data1\" content=\"2 minutos\" \/>\n<script type=\"application\/ld+json\" class=\"yoast-schema-graph\">{\"@context\":\"https:\/\/schema.org\",\"@graph\":[{\"@type\":\"WebPage\",\"@id\":\"https:\/\/graziamagazine.com\/mx\/articles\/atencion-atencion-michael-buble-esta-de-vuelta\/\",\"url\":\"https:\/\/graziamagazine.com\/mx\/articles\/atencion-atencion-michael-buble-esta-de-vuelta\/\",\"name\":\"\u00a1Atenci\u00f3n, atenci\u00f3n! \u00a1Michael Bubl\u00e9 est\u00e1 de vuelta!\",\"isPartOf\":{\"@id\":\"https:\/\/graziamagazine.com\/mx\/#website\"},\"datePublished\":\"2023-04-07T15:57:22+00:00\",\"dateModified\":\"2023-04-07T16:02:32+00:00\",\"description\":\"\u00a1S\u00ed, le\u00edste bien! El cantante volver\u00e1 a los escenarios mexicanos en su nueva gira \u201cHigher Tour 2023\u201d\",\"breadcrumb\":{\"@id\":\"https:\/\/graziamagazine.com\/mx\/articles\/atencion-atencion-michael-buble-esta-de-vuelta\/#breadcrumb\"},\"inLanguage\":\"es-MX\",\"potentialAction\":[{\"@type\":\"ReadAction\",\"target\":[\"https:\/\/graziamagazine.com\/mx\/articles\/atencion-atencion-michael-buble-esta-de-vuelta\/\"]}]},{\"@type\":\"BreadcrumbList\",\"@id\":\"https:\/\/graziamagazine.com\/mx\/articles\/atencion-atencion-michael-buble-esta-de-vuelta\/#breadcrumb\",\"itemListElement\":[{\"@type\":\"ListItem\",\"position\":1,\"name\":\"Home\",\"item\":\"https:\/\/graziamagazine.com\/mx\/\"},{\"@type\":\"ListItem\",\"position\":2,\"name\":\"\u00a1Atenci\u00f3n, atenci\u00f3n! \u00a1Michael Bubl\u00e9 est\u00e1 de vuelta!\"}]},{\"@type\":\"WebSite\",\"@id\":\"https:\/\/graziamagazine.com\/mx\/#website\",\"url\":\"https:\/\/graziamagazine.com\/mx\/\",\"name\":\"Grazia M\u00e9xico y Latinoam\u00e9rica\",\"description\":\"Grazia es moda, belleza y noticias  de actualidad \",\"potentialAction\":[{\"@type\":\"SearchAction\",\"target\":{\"@type\":\"EntryPoint\",\"urlTemplate\":\"https:\/\/graziamagazine.com\/mx\/?s={search_term_string}\"},\"query-input\":\"required name=search_term_string\"}],\"inLanguage\":\"es-MX\"}]}<\/script>\n<!-- \/ Yoast SEO Premium plugin. -->","yoast_head_json":{"title":"\u00a1Atenci\u00f3n, atenci\u00f3n! \u00a1Michael Bubl\u00e9 est\u00e1 de vuelta!","description":"\u00a1S\u00ed, le\u00edste bien! El cantante volver\u00e1 a los escenarios mexicanos en su nueva gira \u201cHigher Tour 2023\u201d","robots":{"index":"index","follow":"follow","max-snippet":"max-snippet:-1","max-image-preview":"max-image-preview:large","max-video-preview":"max-video-preview:-1"},"canonical":"https:\/\/graziamagazine.com\/mx\/articles\/atencion-atencion-michael-buble-esta-de-vuelta\/","og_locale":"es_MX","og_type":"article","og_title":"\u00a1Atenci\u00f3n, atenci\u00f3n! \u00a1Michael Bubl\u00e9 est\u00e1 de vuelta!","og_description":"\u00a1S\u00ed, le\u00edste bien! El cantante volver\u00e1 a los escenarios mexicanos en su nueva gira \u201cHigher Tour 2023\u201d","og_url":"https:\/\/graziamagazine.com\/mx\/articles\/atencion-atencion-michael-buble-esta-de-vuelta\/","og_site_name":"Grazia M\u00e9xico y Latinoam\u00e9rica","article_modified_time":"2023-04-07T16:02:32+00:00","og_image":[{"width":960,"height":640,"url":"https:\/\/graziamagazine.com\/mx\/wp-content\/uploads\/sites\/13\/2023\/04\/5461839.jpg","type":"image\/jpeg"}],"twitter_card":"summary_large_image","twitter_misc":{"Est. reading time":"2 minutos"},"schema":{"@context":"https:\/\/schema.org","@graph":[{"@type":"WebPage","@id":"https:\/\/graziamagazine.com\/mx\/articles\/atencion-atencion-michael-buble-esta-de-vuelta\/","url":"https:\/\/graziamagazine.com\/mx\/articles\/atencion-atencion-michael-buble-esta-de-vuelta\/","name":"\u00a1Atenci\u00f3n, atenci\u00f3n! \u00a1Michael Bubl\u00e9 est\u00e1 de vuelta!","isPartOf":{"@id":"https:\/\/graziamagazine.com\/mx\/#website"},"datePublished":"2023-04-07T15:57:22+00:00","dateModified":"2023-04-07T16:02:32+00:00","description":"\u00a1S\u00ed, le\u00edste bien! El cantante volver\u00e1 a los escenarios mexicanos en su nueva gira \u201cHigher Tour 2023\u201d","breadcrumb":{"@id":"https:\/\/graziamagazine.com\/mx\/articles\/atencion-atencion-michael-buble-esta-de-vuelta\/#breadcrumb"},"inLanguage":"es-MX","potentialAction":[{"@type":"ReadAction","target":["https:\/\/graziamagazine.com\/mx\/articles\/atencion-atencion-michael-buble-esta-de-vuelta\/"]}]},{"@type":"BreadcrumbList","@id":"https:\/\/graziamagazine.com\/mx\/articles\/atencion-atencion-michael-buble-esta-de-vuelta\/#breadcrumb","itemListElement":[{"@type":"ListItem","position":1,"name":"Home","item":"https:\/\/graziamagazine.com\/mx\/"},{"@type":"ListItem","position":2,"name":"\u00a1Atenci\u00f3n, atenci\u00f3n! \u00a1Michael Bubl\u00e9 est\u00e1 de vuelta!"}]},{"@type":"WebSite","@id":"https:\/\/graziamagazine.com\/mx\/#website","url":"https:\/\/graziamagazine.com\/mx\/","name":"Grazia M\u00e9xico y Latinoam\u00e9rica","description":"Grazia es moda, belleza y noticias  de actualidad ","potentialAction":[{"@type":"SearchAction","target":{"@type":"EntryPoint","urlTemplate":"https:\/\/graziamagazine.com\/mx\/?s={search_term_string}"},"query-input":"required name=search_term_string"}],"inLanguage":"es-MX"}]}},"jetpack_sharing_enabled":true,"distributor_meta":false,"distributor_terms":false,"distributor_media":false,"distributor_original_site_name":"Grazia M\u00e9xico y Latinoam\u00e9rica","distributor_original_site_url":"https:\/\/graziamagazine.com\/mx","push-errors":false,"_links":{"self":[{"href":"https:\/\/graziamagazine.com\/mx\/wp-json\/wp\/v2\/articles\/123781"}],"collection":[{"href":"https:\/\/graziamagazine.com\/mx\/wp-json\/wp\/v2\/articles"}],"about":[{"href":"https:\/\/graziamagazine.com\/mx\/wp-json\/wp\/v2\/types\/articles"}],"author":[{"embeddable":true,"href":"https:\/\/graziamagazine.com\/mx\/wp-json\/wp\/v2\/users\/28953"}],"wp:featuredmedia":[{"embeddable":true,"href":"https:\/\/graziamagazine.com\/mx\/wp-json\/wp\/v2\/media\/123782"}],"wp:attachment":[{"href":"https:\/\/graziamagazine.com\/mx\/wp-json\/wp\/v2\/media?parent=123781"}],"wp:term":[{"taxonomy":"category","embeddable":true,"href":"https:\/\/graziamagazine.com\/mx\/wp-json\/wp\/v2\/categories?post=123781"}],"curies":[{"name":"wp","href":"https:\/\/api.w.org\/{rel}","templated":true}]}}