{"id":123762,"date":"2023-04-06T22:20:09","date_gmt":"2023-04-07T03:20:09","guid":{"rendered":"https:\/\/graziamagazine.com\/mx\/?post_type=articles&#038;p=123762"},"modified":"2023-04-09T15:15:45","modified_gmt":"2023-04-09T20:15:45","slug":"elemental-nueva-pelicula-pixar","status":"publish","type":"articles","link":"https:\/\/graziamagazine.com\/mx\/articles\/elemental-nueva-pelicula-pixar\/","title":{"rendered":"Elemental: la nueva pel\u00edcula de Pixar"},"content":{"rendered":"<p><b>Pixar<\/b><span style=\"font-weight: 400\"> est\u00e1 preparando su nueva pel\u00edcula llamada <\/span><b><i>Elemental<\/i><\/b><span style=\"font-weight: 400\">, inspirada en los elementos de aire, tierra, fuego y agua, y que llegar\u00e1 a todos los cines en verano de 2023.\u00a0<\/span><\/p>\n<figure id=\"attachment_123756\" aria-describedby=\"caption-attachment-123756\" style=\"width: 1024px\" class=\"wp-caption alignnone\"><img loading=\"lazy\" decoding=\"async\" class=\"wp-image-123756 size-large\" src=\"https:\/\/graziamagazine.com\/mx\/wp-content\/uploads\/sites\/13\/2023\/04\/WhatsApp-Image-2023-04-06-at-20.25.16-1.jpeg?w=1024\" alt=\"\" width=\"1024\" height=\"528\" \/><figcaption id=\"caption-attachment-123756\" class=\"wp-caption-text\">Instagram<\/figcaption><\/figure>\n<p><span style=\"font-weight: 400\">\u201cNuestra historia se basa en los elementos cl\u00e1sicos: fuego, agua, tierra y aire\u201d, comenta el director <\/span><b>Peter Sohn<\/b><span style=\"font-weight: 400\">. \u201cAlgunos elementos se mezclan entre s\u00ed y otros no. \u00bfY si estos elementos estuvieran vivos?\u201d, agrega.<\/span><\/p>\n<p><span style=\"font-weight: 400\">La primera parte del trailer de la pel\u00edcula nos muestra a dos protagonistas, <\/span><b>Ember<\/b><span style=\"font-weight: 400\">, una mujer fuego y <\/span><b>Wade<\/b><span style=\"font-weight: 400\">, un hombre de agua que viven juntos en una ciudad llamada <\/span><b>Elemental City<\/b><span style=\"font-weight: 400\">, donde los habitantes son representados por diferentes elementos de la naturaleza.\u00a0<\/span><\/p>\n<div class=\"content-gallery\"><div class=\"gallery-placeholder\"><div class=\"spinner\"><\/div><\/div><span class=\"gallery-pagination\"><\/span><div id=\"gallery-1\" class=\"gallery galleryid-123762 gallery-columns- gallery-size-\"><figure class=\"gallery-item\"><div class=\"gallery-icon landscape\"><img loading=\"lazy\" decoding=\"async\" width=\"1125\" height=\"1351\" src=\"https:\/\/graziamagazine.com\/mx\/wp-content\/uploads\/sites\/13\/2023\/04\/WhatsApp-Image-2023-04-06-at-20.25.14.jpeg\" class=\"lazy\" alt=\"\" \/><\/div><figcaption class=\"wp-caption-text gallery-caption\" id=\"gallery-1-123755\">Instagram<\/figcaption><\/figure><figure class=\"gallery-item\"><div class=\"gallery-icon landscape\"><img loading=\"lazy\" decoding=\"async\" width=\"1125\" height=\"1383\" src=\"https:\/\/graziamagazine.com\/mx\/wp-content\/uploads\/sites\/13\/2023\/04\/WhatsApp-Image-2023-04-06-at-20.25.17-1.jpeg\" class=\"lazy\" alt=\"\" \/><\/div><figcaption class=\"wp-caption-text gallery-caption\" id=\"gallery-1-123758\">Instagram<\/figcaption><\/figure><figure class=\"gallery-item\"><div class=\"gallery-icon landscape\"><img loading=\"lazy\" decoding=\"async\" width=\"1125\" height=\"1378\" src=\"https:\/\/graziamagazine.com\/mx\/wp-content\/uploads\/sites\/13\/2023\/04\/WhatsApp-Image-2023-04-06-at-20.25.17-2.jpeg\" class=\"lazy\" alt=\"\" \/><\/div><figcaption class=\"wp-caption-text gallery-caption\" id=\"gallery-1-123759\">Instagram<\/figcaption><\/figure><\/div><\/div>\n<p><span style=\"font-weight: 400\">\u201cLa joven fogosa y el joven que va con la corriente est\u00e1n a punto de descubrir algo elemental: cu\u00e1nto tienen realmente en com\u00fan\u201d, describe la primera sinopsis de Pixar.\u00a0<\/span><\/p>\n<p><span style=\"font-weight: 400\">\u201cLa historia nos presenta a Ember, una joven dura, ingeniosa y feroz, cuya amistad con un chico divertido y que se deja llevar por la corriente, llamado Wade, desaf\u00eda sus creencias sobre el mundo en el que viven\u201d, agrega.<\/span><\/p>\n<figure id=\"attachment_123760\" aria-describedby=\"caption-attachment-123760\" style=\"width: 674px\" class=\"wp-caption alignnone\"><img loading=\"lazy\" decoding=\"async\" class=\"wp-image-123760 size-large\" src=\"https:\/\/graziamagazine.com\/mx\/wp-content\/uploads\/sites\/13\/2023\/04\/WhatsApp-Image-2023-04-06-at-20.25.17.jpeg?w=674\" alt=\"\" width=\"674\" height=\"1024\" \/><figcaption id=\"caption-attachment-123760\" class=\"wp-caption-text\">Instagram<\/figcaption><\/figure>\n<p><span style=\"font-weight: 400\">Esta cinta est\u00e1 dirigida por Peter Sohn y producida por <\/span><b>Denise Ream<\/b><span style=\"font-weight: 400\">, adem\u00e1s de contar con la participaci\u00f3n de <\/span><b>Leah Lewis<\/b><span style=\"font-weight: 400\"> quien da voz a Ember y <\/span><b>Mamoudou Athie<\/b><span style=\"font-weight: 400\">, a Wade, s\u00f3lo en la versi\u00f3n original en ingl\u00e9s.\u00a0<\/span><\/p>\n<p><span style=\"font-weight: 400\">La esperada pel\u00edcula se estrenar\u00e1 en todo el mundo el 16 de junio de 2023, y unas pocas semanas despu\u00e9s podr\u00e1s disfrutarla a trav\u00e9s de <\/span><b>Disney+<\/b><span style=\"font-weight: 400\">.<\/span><\/p>\n<p><span style=\"font-weight: 400\">Uno de los enfoques de la historia es transmitir que, no importan las apariencias como el estilo y personalidad. Todos compartimos m\u00e1s cosas en com\u00fan de lo que creemos, pues por dentro, somos iguales y queremos lo mismo.<\/span><\/p>\n<p><span style=\"font-weight: 400\">Si bien la \u00faltima producci\u00f3n del estudio que dio vida a <\/span><b>Toy Story <\/b><span style=\"font-weight: 400\">no fue tan exitosa como se esperaba, deseamos que esta historia, con un gran mensaje, llegue muy lejos despu\u00e9s de su estreno.<\/span><\/p>\n","protected":false},"author":36289,"featured_media":123757,"template":"","format":"standard","categories":[12832],"acf":[],"yoast_head":"<!-- This site is optimized with the Yoast SEO Premium plugin v18.5 (Yoast SEO v20.4) - https:\/\/yoast.com\/wordpress\/plugins\/seo\/ -->\n<title>Elemental: la nueva pel\u00edcula de Pixar | Grazia M\u00e9xico y Latinoam\u00e9rica<\/title>\n<meta name=\"description\" content=\"Pixar est\u00e1 preparando su nueva pel\u00edcula llamada Elemental, inspirada en los elementos de aire, tierra, fuego y agua, y que llegar\u00e1 a todos los cines en\" \/>\n<meta name=\"robots\" content=\"index, follow, max-snippet:-1, max-image-preview:large, max-video-preview:-1\" \/>\n<link rel=\"canonical\" href=\"https:\/\/graziamagazine.com\/mx\/articles\/elemental-nueva-pelicula-pixar\/\" \/>\n<meta property=\"og:locale\" content=\"es_MX\" \/>\n<meta property=\"og:type\" content=\"article\" \/>\n<meta property=\"og:title\" content=\"Elemental: la nueva pel\u00edcula de Pixar\" \/>\n<meta property=\"og:description\" content=\"Pixar est\u00e1 preparando su nueva pel\u00edcula llamada Elemental, inspirada en los elementos de aire, tierra, fuego y agua, y que llegar\u00e1 a todos los cines en\" \/>\n<meta property=\"og:url\" content=\"https:\/\/graziamagazine.com\/mx\/articles\/elemental-nueva-pelicula-pixar\/\" \/>\n<meta property=\"og:site_name\" content=\"Grazia M\u00e9xico y Latinoam\u00e9rica\" \/>\n<meta property=\"article:modified_time\" content=\"2023-04-09T20:15:45+00:00\" \/>\n<meta property=\"og:image\" content=\"https:\/\/graziamagazine.com\/mx\/wp-content\/uploads\/sites\/13\/2023\/04\/WhatsApp-Image-2023-04-06-at-20.25.16-e1680837845232.jpeg\" \/>\n\t<meta property=\"og:image:width\" content=\"1124\" \/>\n\t<meta property=\"og:image:height\" content=\"721\" \/>\n\t<meta property=\"og:image:type\" content=\"image\/jpeg\" \/>\n<meta name=\"twitter:card\" content=\"summary_large_image\" \/>\n<meta name=\"twitter:label1\" content=\"Est. reading time\" \/>\n\t<meta name=\"twitter:data1\" content=\"2 minutos\" \/>\n<script type=\"application\/ld+json\" class=\"yoast-schema-graph\">{\"@context\":\"https:\/\/schema.org\",\"@graph\":[{\"@type\":\"WebPage\",\"@id\":\"https:\/\/graziamagazine.com\/mx\/articles\/elemental-nueva-pelicula-pixar\/\",\"url\":\"https:\/\/graziamagazine.com\/mx\/articles\/elemental-nueva-pelicula-pixar\/\",\"name\":\"Elemental: la nueva pel\u00edcula de Pixar | Grazia M\u00e9xico y Latinoam\u00e9rica\",\"isPartOf\":{\"@id\":\"https:\/\/graziamagazine.com\/mx\/#website\"},\"datePublished\":\"2023-04-07T03:20:09+00:00\",\"dateModified\":\"2023-04-09T20:15:45+00:00\",\"description\":\"Pixar est\u00e1 preparando su nueva pel\u00edcula llamada Elemental, inspirada en los elementos de aire, tierra, fuego y agua, y que llegar\u00e1 a todos los cines en\",\"breadcrumb\":{\"@id\":\"https:\/\/graziamagazine.com\/mx\/articles\/elemental-nueva-pelicula-pixar\/#breadcrumb\"},\"inLanguage\":\"es-MX\",\"potentialAction\":[{\"@type\":\"ReadAction\",\"target\":[\"https:\/\/graziamagazine.com\/mx\/articles\/elemental-nueva-pelicula-pixar\/\"]}]},{\"@type\":\"BreadcrumbList\",\"@id\":\"https:\/\/graziamagazine.com\/mx\/articles\/elemental-nueva-pelicula-pixar\/#breadcrumb\",\"itemListElement\":[{\"@type\":\"ListItem\",\"position\":1,\"name\":\"Home\",\"item\":\"https:\/\/graziamagazine.com\/mx\/\"},{\"@type\":\"ListItem\",\"position\":2,\"name\":\"Elemental: la nueva pel\u00edcula de Pixar\"}]},{\"@type\":\"WebSite\",\"@id\":\"https:\/\/graziamagazine.com\/mx\/#website\",\"url\":\"https:\/\/graziamagazine.com\/mx\/\",\"name\":\"Grazia M\u00e9xico y Latinoam\u00e9rica\",\"description\":\"Grazia es moda, belleza y noticias  de actualidad \",\"potentialAction\":[{\"@type\":\"SearchAction\",\"target\":{\"@type\":\"EntryPoint\",\"urlTemplate\":\"https:\/\/graziamagazine.com\/mx\/?s={search_term_string}\"},\"query-input\":\"required name=search_term_string\"}],\"inLanguage\":\"es-MX\"}]}<\/script>\n<!-- \/ Yoast SEO Premium plugin. -->","yoast_head_json":{"title":"Elemental: la nueva pel\u00edcula de Pixar | Grazia M\u00e9xico y Latinoam\u00e9rica","description":"Pixar est\u00e1 preparando su nueva pel\u00edcula llamada Elemental, inspirada en los elementos de aire, tierra, fuego y agua, y que llegar\u00e1 a todos los cines en","robots":{"index":"index","follow":"follow","max-snippet":"max-snippet:-1","max-image-preview":"max-image-preview:large","max-video-preview":"max-video-preview:-1"},"canonical":"https:\/\/graziamagazine.com\/mx\/articles\/elemental-nueva-pelicula-pixar\/","og_locale":"es_MX","og_type":"article","og_title":"Elemental: la nueva pel\u00edcula de Pixar","og_description":"Pixar est\u00e1 preparando su nueva pel\u00edcula llamada Elemental, inspirada en los elementos de aire, tierra, fuego y agua, y que llegar\u00e1 a todos los cines en","og_url":"https:\/\/graziamagazine.com\/mx\/articles\/elemental-nueva-pelicula-pixar\/","og_site_name":"Grazia M\u00e9xico y Latinoam\u00e9rica","article_modified_time":"2023-04-09T20:15:45+00:00","og_image":[{"width":1124,"height":721,"url":"https:\/\/graziamagazine.com\/mx\/wp-content\/uploads\/sites\/13\/2023\/04\/WhatsApp-Image-2023-04-06-at-20.25.16-e1680837845232.jpeg","type":"image\/jpeg"}],"twitter_card":"summary_large_image","twitter_misc":{"Est. reading time":"2 minutos"},"schema":{"@context":"https:\/\/schema.org","@graph":[{"@type":"WebPage","@id":"https:\/\/graziamagazine.com\/mx\/articles\/elemental-nueva-pelicula-pixar\/","url":"https:\/\/graziamagazine.com\/mx\/articles\/elemental-nueva-pelicula-pixar\/","name":"Elemental: la nueva pel\u00edcula de Pixar | Grazia M\u00e9xico y Latinoam\u00e9rica","isPartOf":{"@id":"https:\/\/graziamagazine.com\/mx\/#website"},"datePublished":"2023-04-07T03:20:09+00:00","dateModified":"2023-04-09T20:15:45+00:00","description":"Pixar est\u00e1 preparando su nueva pel\u00edcula llamada Elemental, inspirada en los elementos de aire, tierra, fuego y agua, y que llegar\u00e1 a todos los cines en","breadcrumb":{"@id":"https:\/\/graziamagazine.com\/mx\/articles\/elemental-nueva-pelicula-pixar\/#breadcrumb"},"inLanguage":"es-MX","potentialAction":[{"@type":"ReadAction","target":["https:\/\/graziamagazine.com\/mx\/articles\/elemental-nueva-pelicula-pixar\/"]}]},{"@type":"BreadcrumbList","@id":"https:\/\/graziamagazine.com\/mx\/articles\/elemental-nueva-pelicula-pixar\/#breadcrumb","itemListElement":[{"@type":"ListItem","position":1,"name":"Home","item":"https:\/\/graziamagazine.com\/mx\/"},{"@type":"ListItem","position":2,"name":"Elemental: la nueva pel\u00edcula de Pixar"}]},{"@type":"WebSite","@id":"https:\/\/graziamagazine.com\/mx\/#website","url":"https:\/\/graziamagazine.com\/mx\/","name":"Grazia M\u00e9xico y Latinoam\u00e9rica","description":"Grazia es moda, belleza y noticias  de actualidad ","potentialAction":[{"@type":"SearchAction","target":{"@type":"EntryPoint","urlTemplate":"https:\/\/graziamagazine.com\/mx\/?s={search_term_string}"},"query-input":"required name=search_term_string"}],"inLanguage":"es-MX"}]}},"jetpack_sharing_enabled":true,"distributor_meta":false,"distributor_terms":false,"distributor_media":false,"distributor_original_site_name":"Grazia M\u00e9xico y Latinoam\u00e9rica","distributor_original_site_url":"https:\/\/graziamagazine.com\/mx","push-errors":false,"_links":{"self":[{"href":"https:\/\/graziamagazine.com\/mx\/wp-json\/wp\/v2\/articles\/123762"}],"collection":[{"href":"https:\/\/graziamagazine.com\/mx\/wp-json\/wp\/v2\/articles"}],"about":[{"href":"https:\/\/graziamagazine.com\/mx\/wp-json\/wp\/v2\/types\/articles"}],"author":[{"embeddable":true,"href":"https:\/\/graziamagazine.com\/mx\/wp-json\/wp\/v2\/users\/36289"}],"wp:featuredmedia":[{"embeddable":true,"href":"https:\/\/graziamagazine.com\/mx\/wp-json\/wp\/v2\/media\/123757"}],"wp:attachment":[{"href":"https:\/\/graziamagazine.com\/mx\/wp-json\/wp\/v2\/media?parent=123762"}],"wp:term":[{"taxonomy":"category","embeddable":true,"href":"https:\/\/graziamagazine.com\/mx\/wp-json\/wp\/v2\/categories?post=123762"}],"curies":[{"name":"wp","href":"https:\/\/api.w.org\/{rel}","templated":true}]}}