{"id":123324,"date":"2023-03-26T23:17:58","date_gmt":"2023-03-27T04:17:58","guid":{"rendered":"https:\/\/graziamagazine.com\/mx\/?post_type=articles&#038;p=123324"},"modified":"2023-03-26T23:31:51","modified_gmt":"2023-03-27T04:31:51","slug":"7-tendencias-de-calzado-que-llevaremos-esta-primavera","status":"publish","type":"articles","link":"https:\/\/graziamagazine.com\/mx\/articles\/7-tendencias-de-calzado-que-llevaremos-esta-primavera\/","title":{"rendered":"7 tendencias de calzado que llevaremos esta primavera"},"content":{"rendered":"<p><span style=\"font-weight: 400\">\u00a1Adi\u00f3s, botas de invierno! Con el calor que se ha sentido en estos \u00faltimos d\u00edas, es m\u00e1s que obvio decir que los zapatos de primavera llegaron para quedarse. Por eso, y para que siempre luzcas perfecta en todos los lugares a donde vayas y bajo todas las circunstancias, te dejamos la gu\u00eda definitiva de las tendencias en calzado para esta primavera.<\/span><\/p>\n<h3><strong>Met\u00e1licos<\/strong><\/h3>\n<p><span style=\"font-weight: 400\">Desde la moda de invierno hasta las tendencias de bolsos de la primavera de 2023, el panorama actual se trata de destacar. Los mejores dise\u00f1adores opinan que este 2023 es para hacernos notar, por lo que una declaraci\u00f3n llena de brillo es la \u00fanica que vale la pena hacer.<\/span><\/p>\n<p><img loading=\"lazy\" decoding=\"async\" class=\"alignnone size-medium wp-image-123330\" src=\"https:\/\/graziamagazine.com\/mx\/wp-content\/uploads\/sites\/13\/2023\/03\/Captura-de-Pantalla-2023-03-26-a-las-22.20.22.png?w=450\" alt=\"\" width=\"450\" height=\"242\" \/><\/p>\n<h3><strong>Puntiagudos<\/strong><\/h3>\n<p><span style=\"font-weight: 400\">Ni redondeado, ni cuadrado. Lo de hoy, de nuevo, es lo puntiagudo. Dise\u00f1adores como Christian Siriano, Prabal Gurung y Victor Glemaud defienden totalmente los pies puntiagudos esta primavera.<\/span><\/p>\n<p><img loading=\"lazy\" decoding=\"async\" class=\"alignnone size-medium wp-image-123331\" src=\"https:\/\/graziamagazine.com\/mx\/wp-content\/uploads\/sites\/13\/2023\/03\/Captura-de-Pantalla-2023-03-26-a-las-22.22.09.png?w=450\" alt=\"\" width=\"450\" height=\"254\" \/><\/p>\n<h3><strong>Ballet Flats<\/strong><\/h3>\n<p><span style=\"font-weight: 400\">Si pensabas que estos sencillos zapatos de piso eran cosa del pasado, pensaste mal. Entre las semanas de la moda de Nueva York y Copenhague, los zapatos planos estuvieron presentes en todas las pasarelas de primavera\/verano de 2023. Estos zapatos robaron todas las miradas en los desfiles de Remain, Foo and Foo, Coach, Dauphinette, Victor Glemaud y, obviamente, de Tory Burch. Despu\u00e9s de pasar todo el invierno con botas y calcetines calientitos, un simple par de zapatos sin agujetas podr\u00eda ser justo lo que necesitamos.<\/span><\/p>\n<p><img loading=\"lazy\" decoding=\"async\" class=\"alignnone size-medium wp-image-123329\" src=\"https:\/\/graziamagazine.com\/mx\/wp-content\/uploads\/sites\/13\/2023\/03\/Captura-de-Pantalla-2023-03-26-a-las-22.23.38.png?w=440\" alt=\"\" width=\"440\" height=\"230\" \/><\/p>\n<h3><strong>Tenis de soccer<\/strong><\/h3>\n<p><span style=\"font-weight: 400\">Gran variedad de marcas deportivas est\u00e1n produciendo tenis con dise\u00f1o pambolero, pero sin las suelas con tachones de goma (tacos) especiales para jugar futbol soccer. Una buena combinaci\u00f3n que luce deportiva, moderna y chic.<\/span><\/p>\n<p><img loading=\"lazy\" decoding=\"async\" class=\"alignnone size-medium wp-image-123328\" src=\"https:\/\/graziamagazine.com\/mx\/wp-content\/uploads\/sites\/13\/2023\/03\/Captura-de-Pantalla-2023-03-26-a-las-22.24.54.png?w=450\" alt=\"\" width=\"450\" height=\"270\" \/><\/p>\n<h3><strong>Con Cordones<\/strong><\/h3>\n<p><span style=\"font-weight: 400\">\u00bfRecuerdas las sandalias de estilo gladiador hasta la rodilla de hace algunos a\u00f1os? Bueno, al parecer est\u00e1n de vuelta, pues una buena cantidad de desfiles de esta temporada le dio al estilo una actualizaci\u00f3n. Desde sandalias tradicionales, hasta plataformas, es posible que estos nuevos dise\u00f1os requieran un poco m\u00e1s de esfuerzo para abrocharlos que una sola correa en el tobillo o un zapato sin cordones, pero \u00bflo vale? \u00a1Lo vale!<\/span><\/p>\n<p><img loading=\"lazy\" decoding=\"async\" class=\"alignnone size-medium wp-image-123327\" src=\"https:\/\/graziamagazine.com\/mx\/wp-content\/uploads\/sites\/13\/2023\/03\/Captura-de-Pantalla-2023-03-26-a-las-22.25.48.png?w=329\" alt=\"\" width=\"329\" height=\"450\" \/><\/p>\n<h3><strong>Zuecos<\/strong><\/h3>\n<p><span style=\"font-weight: 400\">No hay demasiado que decir, simplemente que los zapatos estilo sueco como los que han presentado Merrell, Birkenstock o Crocs &#8211; durante d\u00e9cadas &#8211; siguen vigentes este 2023.<\/span><\/p>\n<p><img loading=\"lazy\" decoding=\"async\" class=\"alignnone size-medium wp-image-123326\" src=\"https:\/\/graziamagazine.com\/mx\/wp-content\/uploads\/sites\/13\/2023\/03\/Captura-de-Pantalla-2023-03-26-a-las-22.27.22.png?w=395\" alt=\"\" width=\"395\" height=\"237\" \/><\/p>\n<h3><strong>Botas holgadas<\/strong><\/h3>\n<p><span style=\"font-weight: 400\">Las botas holgadas son la mejor transici\u00f3n entre las botas de invierno y las sandalias de primavera, ya que muchas veces a pesar del clima c\u00e1lido, factores como la lluvia y el viento dificultan el uso de zapatos abiertos, por lo que las botas holgadas son la mejor opci\u00f3n.\u00a0<\/span><\/p>\n<p><img loading=\"lazy\" decoding=\"async\" class=\"alignnone size-medium wp-image-123325\" src=\"https:\/\/graziamagazine.com\/mx\/wp-content\/uploads\/sites\/13\/2023\/03\/Captura-de-Pantalla-2023-03-26-a-las-22.28.48.png?w=360\" alt=\"\" width=\"360\" height=\"450\" \/><\/p>\n","protected":false},"author":11628,"featured_media":75385,"template":"","format":"standard","categories":[4],"acf":[],"yoast_head":"<!-- This site is optimized with the Yoast SEO Premium plugin v18.5 (Yoast SEO v20.4) - https:\/\/yoast.com\/wordpress\/plugins\/seo\/ -->\n<title>7 tendencias de calzado que llevaremos esta primavera | Grazia M\u00e9xico y Latinoam\u00e9rica<\/title>\n<meta name=\"description\" content=\"\u00a1Adi\u00f3s, botas de invierno! Con el calor que se ha sentido en estos \u00faltimos d\u00edas, es m\u00e1s que obvio decir que los zapatos de primavera llegaron para\" \/>\n<meta name=\"robots\" content=\"index, follow, max-snippet:-1, max-image-preview:large, max-video-preview:-1\" \/>\n<link rel=\"canonical\" href=\"https:\/\/graziamagazine.com\/mx\/articles\/7-tendencias-de-calzado-que-llevaremos-esta-primavera\/\" \/>\n<meta property=\"og:locale\" content=\"es_MX\" \/>\n<meta property=\"og:type\" content=\"article\" \/>\n<meta property=\"og:title\" content=\"7 tendencias de calzado que llevaremos esta primavera\" \/>\n<meta property=\"og:description\" content=\"\u00a1Adi\u00f3s, botas de invierno! Con el calor que se ha sentido en estos \u00faltimos d\u00edas, es m\u00e1s que obvio decir que los zapatos de primavera llegaron para\" \/>\n<meta property=\"og:url\" content=\"https:\/\/graziamagazine.com\/mx\/articles\/7-tendencias-de-calzado-que-llevaremos-esta-primavera\/\" \/>\n<meta property=\"og:site_name\" content=\"Grazia M\u00e9xico y Latinoam\u00e9rica\" \/>\n<meta property=\"article:modified_time\" content=\"2023-03-27T04:31:51+00:00\" \/>\n<meta property=\"og:image\" content=\"https:\/\/graziamagazine.com\/mx\/wp-content\/uploads\/sites\/13\/2019\/12\/amina-muaddi-es-la-marca-de-zapatos-favorita-de-las-celebridades-destacada.jpg\" \/>\n\t<meta property=\"og:image:width\" content=\"683\" \/>\n\t<meta property=\"og:image:height\" content=\"458\" \/>\n\t<meta property=\"og:image:type\" content=\"image\/jpeg\" \/>\n<meta name=\"twitter:card\" content=\"summary_large_image\" \/>\n<meta name=\"twitter:label1\" content=\"Est. reading time\" \/>\n\t<meta name=\"twitter:data1\" content=\"4 minutos\" \/>\n<script type=\"application\/ld+json\" class=\"yoast-schema-graph\">{\"@context\":\"https:\/\/schema.org\",\"@graph\":[{\"@type\":\"WebPage\",\"@id\":\"https:\/\/graziamagazine.com\/mx\/articles\/7-tendencias-de-calzado-que-llevaremos-esta-primavera\/\",\"url\":\"https:\/\/graziamagazine.com\/mx\/articles\/7-tendencias-de-calzado-que-llevaremos-esta-primavera\/\",\"name\":\"7 tendencias de calzado que llevaremos esta primavera | Grazia M\u00e9xico y Latinoam\u00e9rica\",\"isPartOf\":{\"@id\":\"https:\/\/graziamagazine.com\/mx\/#website\"},\"datePublished\":\"2023-03-27T04:17:58+00:00\",\"dateModified\":\"2023-03-27T04:31:51+00:00\",\"description\":\"\u00a1Adi\u00f3s, botas de invierno! Con el calor que se ha sentido en estos \u00faltimos d\u00edas, es m\u00e1s que obvio decir que los zapatos de primavera llegaron para\",\"breadcrumb\":{\"@id\":\"https:\/\/graziamagazine.com\/mx\/articles\/7-tendencias-de-calzado-que-llevaremos-esta-primavera\/#breadcrumb\"},\"inLanguage\":\"es-MX\",\"potentialAction\":[{\"@type\":\"ReadAction\",\"target\":[\"https:\/\/graziamagazine.com\/mx\/articles\/7-tendencias-de-calzado-que-llevaremos-esta-primavera\/\"]}]},{\"@type\":\"BreadcrumbList\",\"@id\":\"https:\/\/graziamagazine.com\/mx\/articles\/7-tendencias-de-calzado-que-llevaremos-esta-primavera\/#breadcrumb\",\"itemListElement\":[{\"@type\":\"ListItem\",\"position\":1,\"name\":\"Home\",\"item\":\"https:\/\/graziamagazine.com\/mx\/\"},{\"@type\":\"ListItem\",\"position\":2,\"name\":\"7 tendencias de calzado que llevaremos esta primavera\"}]},{\"@type\":\"WebSite\",\"@id\":\"https:\/\/graziamagazine.com\/mx\/#website\",\"url\":\"https:\/\/graziamagazine.com\/mx\/\",\"name\":\"Grazia M\u00e9xico y Latinoam\u00e9rica\",\"description\":\"Grazia es moda, belleza y noticias  de actualidad \",\"potentialAction\":[{\"@type\":\"SearchAction\",\"target\":{\"@type\":\"EntryPoint\",\"urlTemplate\":\"https:\/\/graziamagazine.com\/mx\/?s={search_term_string}\"},\"query-input\":\"required name=search_term_string\"}],\"inLanguage\":\"es-MX\"}]}<\/script>\n<!-- \/ Yoast SEO Premium plugin. -->","yoast_head_json":{"title":"7 tendencias de calzado que llevaremos esta primavera | Grazia M\u00e9xico y Latinoam\u00e9rica","description":"\u00a1Adi\u00f3s, botas de invierno! Con el calor que se ha sentido en estos \u00faltimos d\u00edas, es m\u00e1s que obvio decir que los zapatos de primavera llegaron para","robots":{"index":"index","follow":"follow","max-snippet":"max-snippet:-1","max-image-preview":"max-image-preview:large","max-video-preview":"max-video-preview:-1"},"canonical":"https:\/\/graziamagazine.com\/mx\/articles\/7-tendencias-de-calzado-que-llevaremos-esta-primavera\/","og_locale":"es_MX","og_type":"article","og_title":"7 tendencias de calzado que llevaremos esta primavera","og_description":"\u00a1Adi\u00f3s, botas de invierno! Con el calor que se ha sentido en estos \u00faltimos d\u00edas, es m\u00e1s que obvio decir que los zapatos de primavera llegaron para","og_url":"https:\/\/graziamagazine.com\/mx\/articles\/7-tendencias-de-calzado-que-llevaremos-esta-primavera\/","og_site_name":"Grazia M\u00e9xico y Latinoam\u00e9rica","article_modified_time":"2023-03-27T04:31:51+00:00","og_image":[{"width":683,"height":458,"url":"https:\/\/graziamagazine.com\/mx\/wp-content\/uploads\/sites\/13\/2019\/12\/amina-muaddi-es-la-marca-de-zapatos-favorita-de-las-celebridades-destacada.jpg","type":"image\/jpeg"}],"twitter_card":"summary_large_image","twitter_misc":{"Est. reading time":"4 minutos"},"schema":{"@context":"https:\/\/schema.org","@graph":[{"@type":"WebPage","@id":"https:\/\/graziamagazine.com\/mx\/articles\/7-tendencias-de-calzado-que-llevaremos-esta-primavera\/","url":"https:\/\/graziamagazine.com\/mx\/articles\/7-tendencias-de-calzado-que-llevaremos-esta-primavera\/","name":"7 tendencias de calzado que llevaremos esta primavera | Grazia M\u00e9xico y Latinoam\u00e9rica","isPartOf":{"@id":"https:\/\/graziamagazine.com\/mx\/#website"},"datePublished":"2023-03-27T04:17:58+00:00","dateModified":"2023-03-27T04:31:51+00:00","description":"\u00a1Adi\u00f3s, botas de invierno! Con el calor que se ha sentido en estos \u00faltimos d\u00edas, es m\u00e1s que obvio decir que los zapatos de primavera llegaron para","breadcrumb":{"@id":"https:\/\/graziamagazine.com\/mx\/articles\/7-tendencias-de-calzado-que-llevaremos-esta-primavera\/#breadcrumb"},"inLanguage":"es-MX","potentialAction":[{"@type":"ReadAction","target":["https:\/\/graziamagazine.com\/mx\/articles\/7-tendencias-de-calzado-que-llevaremos-esta-primavera\/"]}]},{"@type":"BreadcrumbList","@id":"https:\/\/graziamagazine.com\/mx\/articles\/7-tendencias-de-calzado-que-llevaremos-esta-primavera\/#breadcrumb","itemListElement":[{"@type":"ListItem","position":1,"name":"Home","item":"https:\/\/graziamagazine.com\/mx\/"},{"@type":"ListItem","position":2,"name":"7 tendencias de calzado que llevaremos esta primavera"}]},{"@type":"WebSite","@id":"https:\/\/graziamagazine.com\/mx\/#website","url":"https:\/\/graziamagazine.com\/mx\/","name":"Grazia M\u00e9xico y Latinoam\u00e9rica","description":"Grazia es moda, belleza y noticias  de actualidad ","potentialAction":[{"@type":"SearchAction","target":{"@type":"EntryPoint","urlTemplate":"https:\/\/graziamagazine.com\/mx\/?s={search_term_string}"},"query-input":"required name=search_term_string"}],"inLanguage":"es-MX"}]}},"jetpack_sharing_enabled":true,"distributor_meta":false,"distributor_terms":false,"distributor_media":false,"distributor_original_site_name":"Grazia M\u00e9xico y Latinoam\u00e9rica","distributor_original_site_url":"https:\/\/graziamagazine.com\/mx","push-errors":false,"_links":{"self":[{"href":"https:\/\/graziamagazine.com\/mx\/wp-json\/wp\/v2\/articles\/123324"}],"collection":[{"href":"https:\/\/graziamagazine.com\/mx\/wp-json\/wp\/v2\/articles"}],"about":[{"href":"https:\/\/graziamagazine.com\/mx\/wp-json\/wp\/v2\/types\/articles"}],"author":[{"embeddable":true,"href":"https:\/\/graziamagazine.com\/mx\/wp-json\/wp\/v2\/users\/11628"}],"wp:featuredmedia":[{"embeddable":true,"href":"https:\/\/graziamagazine.com\/mx\/wp-json\/wp\/v2\/media\/75385"}],"wp:attachment":[{"href":"https:\/\/graziamagazine.com\/mx\/wp-json\/wp\/v2\/media?parent=123324"}],"wp:term":[{"taxonomy":"category","embeddable":true,"href":"https:\/\/graziamagazine.com\/mx\/wp-json\/wp\/v2\/categories?post=123324"}],"curies":[{"name":"wp","href":"https:\/\/api.w.org\/{rel}","templated":true}]}}