{"id":123249,"date":"2023-03-23T14:50:19","date_gmt":"2023-03-23T19:50:19","guid":{"rendered":"https:\/\/graziamagazine.com\/mx\/?post_type=articles&#038;p=123249"},"modified":"2023-03-24T06:33:19","modified_gmt":"2023-03-24T11:33:19","slug":"tiktok-pone-limite-uso-menores-edad","status":"publish","type":"articles","link":"https:\/\/graziamagazine.com\/mx\/articles\/tiktok-pone-limite-uso-menores-edad\/","title":{"rendered":"TikTok pone l\u00edmite de uso para menores de edad"},"content":{"rendered":"<p><b>TikTok<\/b><span style=\"font-weight: 400\"> ha logrado ser una de las plataformas preferidas por los usuarios de redes sociales, especialmente de las generaciones m\u00e1s j\u00f3venes, por lo que ahora ha anunciado que pondr\u00e1 un l\u00edmite de tiempo para su uso de una hora al d\u00eda a menores de edad.<\/span><\/p>\n<figure id=\"attachment_123245\" aria-describedby=\"caption-attachment-123245\" style=\"width: 1024px\" class=\"wp-caption alignnone\"><img loading=\"lazy\" decoding=\"async\" class=\"wp-image-123245 size-large\" src=\"https:\/\/graziamagazine.com\/mx\/wp-content\/uploads\/sites\/13\/2023\/03\/Captura-de-Pantalla-2023-03-23-a-las-12.53.25.png?w=1024\" alt=\"\" width=\"1024\" height=\"573\" \/><figcaption id=\"caption-attachment-123245\" class=\"wp-caption-text\">Getty<\/figcaption><\/figure>\n<p><span style=\"font-weight: 400\">El comunicado se comparti\u00f3 a trav\u00e9s del blog de la red social, y expresa que el l\u00edmite se dar\u00e1 de forma autom\u00e1tica una vez finalizados los 60 minutos. Para los menores de 13 a\u00f1os, el l\u00edmite es de 30 minutos al d\u00eda, s\u00f3lo si un tutor o mayor de edad emite un c\u00f3digo de acceso.<\/span><\/p>\n<p><span style=\"font-weight: 400\">El establecimiento de estos l\u00edmites se realiz\u00f3 con la ayuda de la organizaci\u00f3n de vigilancia digital e <\/span><b>Internet Matters<\/b><span style=\"font-weight: 400\">, pues algunos estudios revelaron un aumento considerable en la ideaci\u00f3n de suicidios y depresi\u00f3n en los usuarios menores de edad.\u00a0<\/span><\/p>\n<div class=\"content-gallery\"><div class=\"gallery-placeholder\"><div class=\"spinner\"><\/div><\/div><span class=\"gallery-pagination\"><\/span><div id=\"gallery-1\" class=\"gallery galleryid-123249 gallery-columns- gallery-size-\"><figure class=\"gallery-item\"><div class=\"gallery-icon landscape\"><img loading=\"lazy\" decoding=\"async\" width=\"981\" height=\"984\" src=\"https:\/\/graziamagazine.com\/mx\/wp-content\/uploads\/sites\/13\/2023\/03\/WhatsApp-Image-2023-03-23-at-12.57.24.jpeg\" class=\"lazy\" alt=\"\" \/><\/div><figcaption class=\"wp-caption-text gallery-caption\" id=\"gallery-1-123246\">TikTok<\/figcaption><\/figure><figure class=\"gallery-item\"><div class=\"gallery-icon landscape\"><img loading=\"lazy\" decoding=\"async\" width=\"974\" height=\"553\" src=\"https:\/\/graziamagazine.com\/mx\/wp-content\/uploads\/sites\/13\/2023\/03\/WhatsApp-Image-2023-03-23-at-12.57.25.jpeg\" class=\"lazy\" alt=\"\" \/><\/div><figcaption class=\"wp-caption-text gallery-caption\" id=\"gallery-1-123248\">TikTok<\/figcaption><\/figure><\/div><\/div>\n<p><span style=\"font-weight: 400\">\u201cCreemos que las experiencias digitales deber\u00edan brindar alegr\u00eda y desempe\u00f1ar un papel positivo en la forma en que las personas se expresan, descubren ideas y se conectan\u201d, expres\u00f3 el encargado de la seguridad de TikTok, <\/span><b>Cormac Keenan<\/b><span style=\"font-weight: 400\">.<\/span><\/p>\n<p><span style=\"font-weight: 400\">El escrito tambi\u00e9n puntualiz\u00f3 que se est\u00e1 trabajando para mejorar sus controles de tiempo en pantalla para introducir opciones personalizadas, as\u00ed como configuraciones predeterminadas para los usuarios de todas la edades.<\/span><\/p>\n<p><span style=\"font-weight: 400\">Algunas de estas funciones permitir\u00e1n silenciar las notificaciones, tener recordatorios de sue\u00f1o, evitando que la hora de dormir se postergue por mucho tiempo.<\/span><\/p>\n<figure id=\"attachment_123247\" aria-describedby=\"caption-attachment-123247\" style=\"width: 987px\" class=\"wp-caption alignnone\"><img loading=\"lazy\" decoding=\"async\" class=\"wp-image-123247 size-large\" src=\"https:\/\/graziamagazine.com\/mx\/wp-content\/uploads\/sites\/13\/2023\/03\/WhatsApp-Image-2023-03-23-at-12.57.25-1.jpeg?w=987\" alt=\"\" width=\"987\" height=\"991\" \/><figcaption id=\"caption-attachment-123247\" class=\"wp-caption-text\">TikTok<\/figcaption><\/figure>\n<p><span style=\"font-weight: 400\">Esto es realmente un paso firme que se est\u00e1 dando en pro del bienestar de estas generaciones que pasan mucho tiempo frente a una pantalla, motivando a los usuarios m\u00e1s j\u00f3venes a tener mejores h\u00e1bitos y un mejor manejo de su tiempo.<\/span><\/p>\n","protected":false},"author":36289,"featured_media":123244,"template":"","format":"standard","categories":[114],"acf":[],"yoast_head":"<!-- This site is optimized with the Yoast SEO Premium plugin v18.5 (Yoast SEO v20.4) - https:\/\/yoast.com\/wordpress\/plugins\/seo\/ -->\n<title>TikTok pone l\u00edmite de uso para menores de edad | Grazia M\u00e9xico y Latinoam\u00e9rica<\/title>\n<meta name=\"description\" content=\"TikTok ha logrado ser una de las plataformas preferidas por los usuarios de redes sociales, especialmente de las generaciones m\u00e1s j\u00f3venes, por lo que\" \/>\n<meta name=\"robots\" content=\"index, follow, max-snippet:-1, max-image-preview:large, max-video-preview:-1\" \/>\n<link rel=\"canonical\" href=\"https:\/\/graziamagazine.com\/mx\/articles\/tiktok-pone-limite-uso-menores-edad\/\" \/>\n<meta property=\"og:locale\" content=\"es_MX\" \/>\n<meta property=\"og:type\" content=\"article\" \/>\n<meta property=\"og:title\" content=\"TikTok pone l\u00edmite de uso para menores de edad\" \/>\n<meta property=\"og:description\" content=\"TikTok ha logrado ser una de las plataformas preferidas por los usuarios de redes sociales, especialmente de las generaciones m\u00e1s j\u00f3venes, por lo que\" \/>\n<meta property=\"og:url\" content=\"https:\/\/graziamagazine.com\/mx\/articles\/tiktok-pone-limite-uso-menores-edad\/\" \/>\n<meta property=\"og:site_name\" content=\"Grazia M\u00e9xico y Latinoam\u00e9rica\" \/>\n<meta property=\"article:modified_time\" content=\"2023-03-24T11:33:19+00:00\" \/>\n<meta property=\"og:image\" content=\"https:\/\/graziamagazine.com\/mx\/wp-content\/uploads\/sites\/13\/2023\/03\/Captura-de-Pantalla-2023-03-23-a-las-12.52.45-e1679601274227.png\" \/>\n\t<meta property=\"og:image:width\" content=\"1281\" \/>\n\t<meta property=\"og:image:height\" content=\"718\" \/>\n\t<meta property=\"og:image:type\" content=\"image\/png\" \/>\n<meta name=\"twitter:card\" content=\"summary_large_image\" \/>\n<meta name=\"twitter:label1\" content=\"Est. reading time\" \/>\n\t<meta name=\"twitter:data1\" content=\"2 minutos\" \/>\n<script type=\"application\/ld+json\" class=\"yoast-schema-graph\">{\"@context\":\"https:\/\/schema.org\",\"@graph\":[{\"@type\":\"WebPage\",\"@id\":\"https:\/\/graziamagazine.com\/mx\/articles\/tiktok-pone-limite-uso-menores-edad\/\",\"url\":\"https:\/\/graziamagazine.com\/mx\/articles\/tiktok-pone-limite-uso-menores-edad\/\",\"name\":\"TikTok pone l\u00edmite de uso para menores de edad | Grazia M\u00e9xico y Latinoam\u00e9rica\",\"isPartOf\":{\"@id\":\"https:\/\/graziamagazine.com\/mx\/#website\"},\"datePublished\":\"2023-03-23T19:50:19+00:00\",\"dateModified\":\"2023-03-24T11:33:19+00:00\",\"description\":\"TikTok ha logrado ser una de las plataformas preferidas por los usuarios de redes sociales, especialmente de las generaciones m\u00e1s j\u00f3venes, por lo que\",\"breadcrumb\":{\"@id\":\"https:\/\/graziamagazine.com\/mx\/articles\/tiktok-pone-limite-uso-menores-edad\/#breadcrumb\"},\"inLanguage\":\"es-MX\",\"potentialAction\":[{\"@type\":\"ReadAction\",\"target\":[\"https:\/\/graziamagazine.com\/mx\/articles\/tiktok-pone-limite-uso-menores-edad\/\"]}]},{\"@type\":\"BreadcrumbList\",\"@id\":\"https:\/\/graziamagazine.com\/mx\/articles\/tiktok-pone-limite-uso-menores-edad\/#breadcrumb\",\"itemListElement\":[{\"@type\":\"ListItem\",\"position\":1,\"name\":\"Home\",\"item\":\"https:\/\/graziamagazine.com\/mx\/\"},{\"@type\":\"ListItem\",\"position\":2,\"name\":\"TikTok pone l\u00edmite de uso para menores de edad\"}]},{\"@type\":\"WebSite\",\"@id\":\"https:\/\/graziamagazine.com\/mx\/#website\",\"url\":\"https:\/\/graziamagazine.com\/mx\/\",\"name\":\"Grazia M\u00e9xico y Latinoam\u00e9rica\",\"description\":\"Grazia es moda, belleza y noticias  de actualidad \",\"potentialAction\":[{\"@type\":\"SearchAction\",\"target\":{\"@type\":\"EntryPoint\",\"urlTemplate\":\"https:\/\/graziamagazine.com\/mx\/?s={search_term_string}\"},\"query-input\":\"required name=search_term_string\"}],\"inLanguage\":\"es-MX\"}]}<\/script>\n<!-- \/ Yoast SEO Premium plugin. -->","yoast_head_json":{"title":"TikTok pone l\u00edmite de uso para menores de edad | Grazia M\u00e9xico y Latinoam\u00e9rica","description":"TikTok ha logrado ser una de las plataformas preferidas por los usuarios de redes sociales, especialmente de las generaciones m\u00e1s j\u00f3venes, por lo que","robots":{"index":"index","follow":"follow","max-snippet":"max-snippet:-1","max-image-preview":"max-image-preview:large","max-video-preview":"max-video-preview:-1"},"canonical":"https:\/\/graziamagazine.com\/mx\/articles\/tiktok-pone-limite-uso-menores-edad\/","og_locale":"es_MX","og_type":"article","og_title":"TikTok pone l\u00edmite de uso para menores de edad","og_description":"TikTok ha logrado ser una de las plataformas preferidas por los usuarios de redes sociales, especialmente de las generaciones m\u00e1s j\u00f3venes, por lo que","og_url":"https:\/\/graziamagazine.com\/mx\/articles\/tiktok-pone-limite-uso-menores-edad\/","og_site_name":"Grazia M\u00e9xico y Latinoam\u00e9rica","article_modified_time":"2023-03-24T11:33:19+00:00","og_image":[{"width":1281,"height":718,"url":"https:\/\/graziamagazine.com\/mx\/wp-content\/uploads\/sites\/13\/2023\/03\/Captura-de-Pantalla-2023-03-23-a-las-12.52.45-e1679601274227.png","type":"image\/png"}],"twitter_card":"summary_large_image","twitter_misc":{"Est. reading time":"2 minutos"},"schema":{"@context":"https:\/\/schema.org","@graph":[{"@type":"WebPage","@id":"https:\/\/graziamagazine.com\/mx\/articles\/tiktok-pone-limite-uso-menores-edad\/","url":"https:\/\/graziamagazine.com\/mx\/articles\/tiktok-pone-limite-uso-menores-edad\/","name":"TikTok pone l\u00edmite de uso para menores de edad | Grazia M\u00e9xico y Latinoam\u00e9rica","isPartOf":{"@id":"https:\/\/graziamagazine.com\/mx\/#website"},"datePublished":"2023-03-23T19:50:19+00:00","dateModified":"2023-03-24T11:33:19+00:00","description":"TikTok ha logrado ser una de las plataformas preferidas por los usuarios de redes sociales, especialmente de las generaciones m\u00e1s j\u00f3venes, por lo que","breadcrumb":{"@id":"https:\/\/graziamagazine.com\/mx\/articles\/tiktok-pone-limite-uso-menores-edad\/#breadcrumb"},"inLanguage":"es-MX","potentialAction":[{"@type":"ReadAction","target":["https:\/\/graziamagazine.com\/mx\/articles\/tiktok-pone-limite-uso-menores-edad\/"]}]},{"@type":"BreadcrumbList","@id":"https:\/\/graziamagazine.com\/mx\/articles\/tiktok-pone-limite-uso-menores-edad\/#breadcrumb","itemListElement":[{"@type":"ListItem","position":1,"name":"Home","item":"https:\/\/graziamagazine.com\/mx\/"},{"@type":"ListItem","position":2,"name":"TikTok pone l\u00edmite de uso para menores de edad"}]},{"@type":"WebSite","@id":"https:\/\/graziamagazine.com\/mx\/#website","url":"https:\/\/graziamagazine.com\/mx\/","name":"Grazia M\u00e9xico y Latinoam\u00e9rica","description":"Grazia es moda, belleza y noticias  de actualidad ","potentialAction":[{"@type":"SearchAction","target":{"@type":"EntryPoint","urlTemplate":"https:\/\/graziamagazine.com\/mx\/?s={search_term_string}"},"query-input":"required name=search_term_string"}],"inLanguage":"es-MX"}]}},"jetpack_sharing_enabled":true,"distributor_meta":false,"distributor_terms":false,"distributor_media":false,"distributor_original_site_name":"Grazia M\u00e9xico y Latinoam\u00e9rica","distributor_original_site_url":"https:\/\/graziamagazine.com\/mx","push-errors":false,"_links":{"self":[{"href":"https:\/\/graziamagazine.com\/mx\/wp-json\/wp\/v2\/articles\/123249"}],"collection":[{"href":"https:\/\/graziamagazine.com\/mx\/wp-json\/wp\/v2\/articles"}],"about":[{"href":"https:\/\/graziamagazine.com\/mx\/wp-json\/wp\/v2\/types\/articles"}],"author":[{"embeddable":true,"href":"https:\/\/graziamagazine.com\/mx\/wp-json\/wp\/v2\/users\/36289"}],"wp:featuredmedia":[{"embeddable":true,"href":"https:\/\/graziamagazine.com\/mx\/wp-json\/wp\/v2\/media\/123244"}],"wp:attachment":[{"href":"https:\/\/graziamagazine.com\/mx\/wp-json\/wp\/v2\/media?parent=123249"}],"wp:term":[{"taxonomy":"category","embeddable":true,"href":"https:\/\/graziamagazine.com\/mx\/wp-json\/wp\/v2\/categories?post=123249"}],"curies":[{"name":"wp","href":"https:\/\/api.w.org\/{rel}","templated":true}]}}