{"id":123214,"date":"2023-03-22T18:36:39","date_gmt":"2023-03-22T23:36:39","guid":{"rendered":"https:\/\/graziamagazine.com\/mx\/?post_type=articles&#038;p=123214"},"modified":"2023-03-23T12:10:12","modified_gmt":"2023-03-23T17:10:12","slug":"alpinista-mexicano-invidente-guia-buscan-conquistar-everest","status":"publish","type":"articles","link":"https:\/\/graziamagazine.com\/mx\/articles\/alpinista-mexicano-invidente-guia-buscan-conquistar-everest\/","title":{"rendered":"Alpinista mexicano invidente y su gu\u00eda buscan conquistar el Everest"},"content":{"rendered":"<p><span style=\"font-weight: 400;\">El alpinista mexicano invidente <\/span><b>Rafa Jaime<\/b><span style=\"font-weight: 400;\"> y su gu\u00eda de cordada <\/span><b>Omar Alvarez<\/b><span style=\"font-weight: 400;\">, viajar\u00e1n el pr\u00f3ximo 3 de abril a <\/span><b>Nepal<\/b><span style=\"font-weight: 400;\"> con el grupo <\/span><b>Cordada Obscuras<\/b><span style=\"font-weight: 400;\"> para lograr conquistar el <\/span><b>Everest<\/b><span style=\"font-weight: 400;\">, siendo la monta\u00f1a m\u00e1s alta del mundo con 8,848 metros sobre el nivel del mar.<\/span><\/p>\n<p><span style=\"font-weight: 400;\">El alpinista logr\u00f3 conquistar en 2021 las cimas de los montes <\/span><b>Elbr\u00fas<\/b><span style=\"font-weight: 400;\">, ubicado en <\/span><b>Rusia<\/b><span style=\"font-weight: 400;\">, y el <\/span><b>Kilimanjaro<\/b><span style=\"font-weight: 400;\">, la monta\u00f1a m\u00e1s alta de <\/span><b>\u00c1frica<\/b><span style=\"font-weight: 400;\"> ubicada en <\/span><b>Tanzania<\/b><span style=\"font-weight: 400;\">.\u00a0<\/span><\/p>\n<p><span style=\"font-weight: 400;\">\u201cSe trata de un reto \u00fanico y de cambio constante. No solo es una monta\u00f1a m\u00e1s arriba de los 8 mil metros de altura en donde el ser humano no est\u00e1 dise\u00f1ado para vivir, sino que conlleva una traves\u00eda de grietas de m\u00e1s de 200 metros, pendientes, un clima extremo y avalanchas en las que se puede incluso perder la vida\u201d, expres\u00f3 Rafa.<\/span><\/p>\n<div class=\"content-gallery\"><div class=\"gallery-placeholder\"><div class=\"spinner\"><\/div><\/div><span class=\"gallery-pagination\"><\/span><div id=\"gallery-1\" class=\"gallery galleryid-123214 gallery-columns- gallery-size-\"><figure class=\"gallery-item\"><div class=\"gallery-icon landscape\"><img loading=\"lazy\" decoding=\"async\" width=\"1218\" height=\"922\" src=\"https:\/\/graziamagazine.com\/mx\/wp-content\/uploads\/sites\/13\/2023\/03\/WhatsApp-Image-2023-03-22-at-17.19.05-1.jpeg\" class=\"lazy\" alt=\"\" \/><\/div><figcaption class=\"wp-caption-text gallery-caption\" id=\"gallery-1-123219\">Cr\u00e9dito: Alpescomm<\/figcaption><\/figure><figure class=\"gallery-item\"><div class=\"gallery-icon landscape\"><img loading=\"lazy\" decoding=\"async\" width=\"692\" height=\"924\" src=\"https:\/\/graziamagazine.com\/mx\/wp-content\/uploads\/sites\/13\/2023\/03\/WhatsApp-Image-2023-03-22-at-17.19.05-3.jpeg\" class=\"lazy\" alt=\"\" \/><\/div><figcaption class=\"wp-caption-text gallery-caption\" id=\"gallery-1-123217\">Cr\u00e9dito: Alpescomm<\/figcaption><\/figure><\/div><\/div>\n<p><span style=\"font-weight: 400;\">\u201cEs una experiencia \u00fanica que nos hace m\u00e1s fuertes en todos los sentidos\u201d, agreg\u00f3.<\/span><\/p>\n<p><span style=\"font-weight: 400;\">Los alpinistas han tenido una ardua preparaci\u00f3n desde el mes de enero para esta aventura extrema, escalando el monte <\/span><b>Aconcagu<\/b><span style=\"font-weight: 400;\">a, la monta\u00f1a m\u00e1s alta de <\/span><b>Latinoam\u00e9rica<\/b><span style=\"font-weight: 400;\">, ubicada en <\/span><b>Argentina<\/b><span style=\"font-weight: 400;\">, pues la aventura que les espera representa todo un desaf\u00edo hist\u00f3rico<\/span><\/p>\n<p><span style=\"font-weight: 400;\">Pero esto no termina aqu\u00ed, pues el duro entrenamiento ha tenido continuidad en <\/span><b>Canad\u00e1<\/b><span style=\"font-weight: 400;\">, escalando en hielo y en pendientes de 90 grados, lo que simula el un escenario similar al del monte Everest.<\/span><\/p>\n<div class=\"content-gallery\"><div class=\"gallery-placeholder\"><div class=\"spinner\"><\/div><\/div><span class=\"gallery-pagination\"><\/span><div id=\"gallery-2\" class=\"gallery galleryid-123214 gallery-columns- gallery-size-\"><figure class=\"gallery-item\"><div class=\"gallery-icon landscape\"><img loading=\"lazy\" decoding=\"async\" width=\"950\" height=\"926\" src=\"https:\/\/graziamagazine.com\/mx\/wp-content\/uploads\/sites\/13\/2023\/03\/WhatsApp-Image-2023-03-22-at-17.19.05-5.jpeg\" class=\"lazy\" alt=\"\" \/><\/div><figcaption class=\"wp-caption-text gallery-caption\" id=\"gallery-2-123215\">Cr\u00e9dito: Alpescomm<\/figcaption><\/figure><figure class=\"gallery-item\"><div class=\"gallery-icon landscape\"><img loading=\"lazy\" decoding=\"async\" width=\"666\" height=\"928\" src=\"https:\/\/graziamagazine.com\/mx\/wp-content\/uploads\/sites\/13\/2023\/03\/WhatsApp-Image-2023-03-22-at-17.19.05-4.jpeg\" class=\"lazy\" alt=\"\" \/><\/div><figcaption class=\"wp-caption-text gallery-caption\" id=\"gallery-2-123216\">Cr\u00e9dito: Alpescomm<\/figcaption><\/figure><\/div><\/div>\n<p><span style=\"font-weight: 400;\">\u201cHicimos entrenamiento en pendientes, completamente cubiertas de hielo, clavados a la nieve s\u00f3lo con 10 cent\u00edmetros de equipo\u201d, coment\u00f3 Omar Alvarez.<\/span><\/p>\n<p><span style=\"font-weight: 400;\">mos preparando para cualquier circunstancia, corriendo mucho, haciendo mucho gimnasio, generando gl\u00f3bulos rojos y pasando mucho tiempo en la monta\u00f1a para fortalecer las condiciones adversas que enfrentaremos\u201d, agreg\u00f3.<\/span><\/p>\n<p>&nbsp;<\/p>\n","protected":false},"author":36289,"featured_media":123218,"template":"","format":"standard","categories":[114],"acf":[],"yoast_head":"<!-- This site is optimized with the Yoast SEO Premium plugin v18.5 (Yoast SEO v20.4) - https:\/\/yoast.com\/wordpress\/plugins\/seo\/ -->\n<title>Alpinista mexicano invidente y su gu\u00eda buscan conquistar el Everest | Grazia M\u00e9xico y Latinoam\u00e9rica<\/title>\n<meta name=\"description\" content=\"El alpinista mexicano invidente Rafa Jaime y su gu\u00eda de cordada Omar Alvarez, viajar\u00e1n el pr\u00f3ximo 3 de abril a Nepal con el grupo Cordada Obscuras para\" \/>\n<meta name=\"robots\" content=\"index, follow, max-snippet:-1, max-image-preview:large, max-video-preview:-1\" \/>\n<link rel=\"canonical\" href=\"https:\/\/graziamagazine.com\/mx\/articles\/alpinista-mexicano-invidente-guia-buscan-conquistar-everest\/\" \/>\n<meta property=\"og:locale\" content=\"es_MX\" \/>\n<meta property=\"og:type\" content=\"article\" \/>\n<meta property=\"og:title\" content=\"Alpinista mexicano invidente y su gu\u00eda buscan conquistar el Everest\" \/>\n<meta property=\"og:description\" content=\"El alpinista mexicano invidente Rafa Jaime y su gu\u00eda de cordada Omar Alvarez, viajar\u00e1n el pr\u00f3ximo 3 de abril a Nepal con el grupo Cordada Obscuras para\" \/>\n<meta property=\"og:url\" content=\"https:\/\/graziamagazine.com\/mx\/articles\/alpinista-mexicano-invidente-guia-buscan-conquistar-everest\/\" \/>\n<meta property=\"og:site_name\" content=\"Grazia M\u00e9xico y Latinoam\u00e9rica\" \/>\n<meta property=\"article:modified_time\" content=\"2023-03-23T17:10:12+00:00\" \/>\n<meta property=\"og:image\" content=\"https:\/\/graziamagazine.com\/mx\/wp-content\/uploads\/sites\/13\/2023\/03\/WhatsApp-Image-2023-03-22-at-17.19.05-2-e1679528415632.jpeg\" \/>\n\t<meta property=\"og:image:width\" content=\"994\" \/>\n\t<meta property=\"og:image:height\" content=\"720\" \/>\n\t<meta property=\"og:image:type\" content=\"image\/jpeg\" \/>\n<meta name=\"twitter:card\" content=\"summary_large_image\" \/>\n<meta name=\"twitter:label1\" content=\"Est. reading time\" \/>\n\t<meta name=\"twitter:data1\" content=\"2 minutos\" \/>\n<script type=\"application\/ld+json\" class=\"yoast-schema-graph\">{\"@context\":\"https:\/\/schema.org\",\"@graph\":[{\"@type\":\"WebPage\",\"@id\":\"https:\/\/graziamagazine.com\/mx\/articles\/alpinista-mexicano-invidente-guia-buscan-conquistar-everest\/\",\"url\":\"https:\/\/graziamagazine.com\/mx\/articles\/alpinista-mexicano-invidente-guia-buscan-conquistar-everest\/\",\"name\":\"Alpinista mexicano invidente y su gu\u00eda buscan conquistar el Everest | Grazia M\u00e9xico y Latinoam\u00e9rica\",\"isPartOf\":{\"@id\":\"https:\/\/graziamagazine.com\/mx\/#website\"},\"datePublished\":\"2023-03-22T23:36:39+00:00\",\"dateModified\":\"2023-03-23T17:10:12+00:00\",\"description\":\"El alpinista mexicano invidente Rafa Jaime y su gu\u00eda de cordada Omar Alvarez, viajar\u00e1n el pr\u00f3ximo 3 de abril a Nepal con el grupo Cordada Obscuras para\",\"breadcrumb\":{\"@id\":\"https:\/\/graziamagazine.com\/mx\/articles\/alpinista-mexicano-invidente-guia-buscan-conquistar-everest\/#breadcrumb\"},\"inLanguage\":\"es-MX\",\"potentialAction\":[{\"@type\":\"ReadAction\",\"target\":[\"https:\/\/graziamagazine.com\/mx\/articles\/alpinista-mexicano-invidente-guia-buscan-conquistar-everest\/\"]}]},{\"@type\":\"BreadcrumbList\",\"@id\":\"https:\/\/graziamagazine.com\/mx\/articles\/alpinista-mexicano-invidente-guia-buscan-conquistar-everest\/#breadcrumb\",\"itemListElement\":[{\"@type\":\"ListItem\",\"position\":1,\"name\":\"Home\",\"item\":\"https:\/\/graziamagazine.com\/mx\/\"},{\"@type\":\"ListItem\",\"position\":2,\"name\":\"Alpinista mexicano invidente y su gu\u00eda buscan conquistar el Everest\"}]},{\"@type\":\"WebSite\",\"@id\":\"https:\/\/graziamagazine.com\/mx\/#website\",\"url\":\"https:\/\/graziamagazine.com\/mx\/\",\"name\":\"Grazia M\u00e9xico y Latinoam\u00e9rica\",\"description\":\"Grazia es moda, belleza y noticias  de actualidad \",\"potentialAction\":[{\"@type\":\"SearchAction\",\"target\":{\"@type\":\"EntryPoint\",\"urlTemplate\":\"https:\/\/graziamagazine.com\/mx\/?s={search_term_string}\"},\"query-input\":\"required name=search_term_string\"}],\"inLanguage\":\"es-MX\"}]}<\/script>\n<!-- \/ Yoast SEO Premium plugin. -->","yoast_head_json":{"title":"Alpinista mexicano invidente y su gu\u00eda buscan conquistar el Everest | Grazia M\u00e9xico y Latinoam\u00e9rica","description":"El alpinista mexicano invidente Rafa Jaime y su gu\u00eda de cordada Omar Alvarez, viajar\u00e1n el pr\u00f3ximo 3 de abril a Nepal con el grupo Cordada Obscuras para","robots":{"index":"index","follow":"follow","max-snippet":"max-snippet:-1","max-image-preview":"max-image-preview:large","max-video-preview":"max-video-preview:-1"},"canonical":"https:\/\/graziamagazine.com\/mx\/articles\/alpinista-mexicano-invidente-guia-buscan-conquistar-everest\/","og_locale":"es_MX","og_type":"article","og_title":"Alpinista mexicano invidente y su gu\u00eda buscan conquistar el Everest","og_description":"El alpinista mexicano invidente Rafa Jaime y su gu\u00eda de cordada Omar Alvarez, viajar\u00e1n el pr\u00f3ximo 3 de abril a Nepal con el grupo Cordada Obscuras para","og_url":"https:\/\/graziamagazine.com\/mx\/articles\/alpinista-mexicano-invidente-guia-buscan-conquistar-everest\/","og_site_name":"Grazia M\u00e9xico y Latinoam\u00e9rica","article_modified_time":"2023-03-23T17:10:12+00:00","og_image":[{"width":994,"height":720,"url":"https:\/\/graziamagazine.com\/mx\/wp-content\/uploads\/sites\/13\/2023\/03\/WhatsApp-Image-2023-03-22-at-17.19.05-2-e1679528415632.jpeg","type":"image\/jpeg"}],"twitter_card":"summary_large_image","twitter_misc":{"Est. reading time":"2 minutos"},"schema":{"@context":"https:\/\/schema.org","@graph":[{"@type":"WebPage","@id":"https:\/\/graziamagazine.com\/mx\/articles\/alpinista-mexicano-invidente-guia-buscan-conquistar-everest\/","url":"https:\/\/graziamagazine.com\/mx\/articles\/alpinista-mexicano-invidente-guia-buscan-conquistar-everest\/","name":"Alpinista mexicano invidente y su gu\u00eda buscan conquistar el Everest | Grazia M\u00e9xico y Latinoam\u00e9rica","isPartOf":{"@id":"https:\/\/graziamagazine.com\/mx\/#website"},"datePublished":"2023-03-22T23:36:39+00:00","dateModified":"2023-03-23T17:10:12+00:00","description":"El alpinista mexicano invidente Rafa Jaime y su gu\u00eda de cordada Omar Alvarez, viajar\u00e1n el pr\u00f3ximo 3 de abril a Nepal con el grupo Cordada Obscuras para","breadcrumb":{"@id":"https:\/\/graziamagazine.com\/mx\/articles\/alpinista-mexicano-invidente-guia-buscan-conquistar-everest\/#breadcrumb"},"inLanguage":"es-MX","potentialAction":[{"@type":"ReadAction","target":["https:\/\/graziamagazine.com\/mx\/articles\/alpinista-mexicano-invidente-guia-buscan-conquistar-everest\/"]}]},{"@type":"BreadcrumbList","@id":"https:\/\/graziamagazine.com\/mx\/articles\/alpinista-mexicano-invidente-guia-buscan-conquistar-everest\/#breadcrumb","itemListElement":[{"@type":"ListItem","position":1,"name":"Home","item":"https:\/\/graziamagazine.com\/mx\/"},{"@type":"ListItem","position":2,"name":"Alpinista mexicano invidente y su gu\u00eda buscan conquistar el Everest"}]},{"@type":"WebSite","@id":"https:\/\/graziamagazine.com\/mx\/#website","url":"https:\/\/graziamagazine.com\/mx\/","name":"Grazia M\u00e9xico y Latinoam\u00e9rica","description":"Grazia es moda, belleza y noticias  de actualidad ","potentialAction":[{"@type":"SearchAction","target":{"@type":"EntryPoint","urlTemplate":"https:\/\/graziamagazine.com\/mx\/?s={search_term_string}"},"query-input":"required name=search_term_string"}],"inLanguage":"es-MX"}]}},"jetpack_sharing_enabled":true,"distributor_meta":false,"distributor_terms":false,"distributor_media":false,"distributor_original_site_name":"Grazia M\u00e9xico y Latinoam\u00e9rica","distributor_original_site_url":"https:\/\/graziamagazine.com\/mx","push-errors":false,"_links":{"self":[{"href":"https:\/\/graziamagazine.com\/mx\/wp-json\/wp\/v2\/articles\/123214"}],"collection":[{"href":"https:\/\/graziamagazine.com\/mx\/wp-json\/wp\/v2\/articles"}],"about":[{"href":"https:\/\/graziamagazine.com\/mx\/wp-json\/wp\/v2\/types\/articles"}],"author":[{"embeddable":true,"href":"https:\/\/graziamagazine.com\/mx\/wp-json\/wp\/v2\/users\/36289"}],"wp:featuredmedia":[{"embeddable":true,"href":"https:\/\/graziamagazine.com\/mx\/wp-json\/wp\/v2\/media\/123218"}],"wp:attachment":[{"href":"https:\/\/graziamagazine.com\/mx\/wp-json\/wp\/v2\/media?parent=123214"}],"wp:term":[{"taxonomy":"category","embeddable":true,"href":"https:\/\/graziamagazine.com\/mx\/wp-json\/wp\/v2\/categories?post=123214"}],"curies":[{"name":"wp","href":"https:\/\/api.w.org\/{rel}","templated":true}]}}