{"id":123047,"date":"2023-03-13T12:39:22","date_gmt":"2023-03-13T17:39:22","guid":{"rendered":"https:\/\/graziamagazine.com\/mx\/?post_type=articles&#038;p=123047"},"modified":"2023-03-13T12:41:18","modified_gmt":"2023-03-13T17:41:18","slug":"disney-presenta-el-nuevo-trailer-de-the-little-mermaid","status":"publish","type":"articles","link":"https:\/\/graziamagazine.com\/mx\/articles\/disney-presenta-el-nuevo-trailer-de-the-little-mermaid\/","title":{"rendered":"Disney presenta el nuevo trailer de \u2018The Little Mermaid\u2019"},"content":{"rendered":"<p><span style=\"font-weight: 400\">Luego de meses de no tener novedades del <em>remake<\/em> animado de Disney, <em><strong>The Little Mermaid<\/strong><\/em>, ahora tenemos un nuevo y emocionante <em>trailer<\/em> que nos deja ver c\u00f3mo va la producci\u00f3n de esta historia cl\u00e1sica.<\/span><\/p>\n<p><span style=\"font-weight: 400\">En el nuevo avance de <em>The Little Mermaid<\/em> (<strong>La Sirenita<\/strong>), Disney lleva a los espectadores \u201cbajo el mar\u201d para que vean el mundo de los amados personajes en toda su impresionante gloria de acci\u00f3n en vivo y efectos visuales, al ritmo de las canciones favoritas que recordamos de la infancia.<\/span><\/p>\n<p><span style=\"font-weight: 400\">Dirigido por <strong>Rob Marshall<\/strong>, el musical de acci\u00f3n en vivo da vida a la pel\u00edcula animada de 1989 con <strong>Halle Bailey interpretando a Ariel.<\/strong> La banda sonora fue creada por <strong>Lin-Manuel Miranda y Alan Menken<\/strong> (quien escribi\u00f3 la banda sonora de la pel\u00edcula original) y contar\u00e1 con cl\u00e1sicos de la pel\u00edcula de 1989 adem\u00e1s de cuatro canciones nuevas.<\/span><\/p>\n<p><span style=\"font-weight: 400\"><em>The Little Mermaid<\/em> presenta a <strong>Jonah Hauer-King como el Pr\u00edncipe Eric, Melissa McCarthy como \u00darsula, Javier Bardem como el Rey Trit\u00f3n, Noma Dumezweni como la Reina Selina, Jacob Tremblay como Flounder, Daveed Diggs como Sebastian y Awkwafina como Scuttle.<\/strong><\/span><\/p>\n<p><span style=\"font-weight: 400\">Como recordar\u00e1s, cuando se anunci\u00f3 que una mujer negra interpretar\u00eda a Ariel, algunos usuarios de Twitter estallaron con el <em>hashtag <strong>#NotMyAriel<\/strong><\/em><strong>.<\/strong> La actriz dijo en una entrevista que recurri\u00f3 a sus abuelos para pedirles consejo, quienes le contaron sus historias de racismo vividas en su familia. \u201cFue algo inspirador y hermoso escuchar sus palabras de aliento, dici\u00e9ndome, &#8216;No entiendes lo que esto est\u00e1 haciendo por nosotros, por nuestra comunidad, por todas las ni\u00f1as negras y morenas que se van a ver en ti&#8217;\u201d, dijo Bailey.<\/span><\/p>\n<p><span style=\"font-weight: 400\">La idea de inspirar a las j\u00f3venes con la representaci\u00f3n que ella misma no tuvo al crecer tambi\u00e9n ayud\u00f3 a su paz mental para calmarla de esa reacci\u00f3n violenta. \u201cLo que eso habr\u00eda hecho por m\u00ed, c\u00f3mo habr\u00eda cambiado mi confianza, mi creencia en m\u00ed misma, todo\u201d, agreg\u00f3. \u201cLas cosas que parecen tan peque\u00f1as para todos los dem\u00e1s, son tan grandes para nosotros\u201d.<\/span><\/p>\n<p><span style=\"font-weight: 400\">Miranda, Marshall, Russell Allen, John DeLuca, Marc Platt y Michael Zimmer est\u00e1n produciendo la nueva versi\u00f3n de acci\u00f3n en vivo. Allison Erlikhman se desempe\u00f1a como productora ejecutiva de la pel\u00edcula con Jane Goldman y David Magee escribiendo.<\/span><\/p>\n<p><span style=\"font-weight: 400\"><em>The Little Mermaid<\/em> se estrena el pr\u00f3ximo <strong>26 de mayo.<\/strong> Te dejamos el <em>trailer.\u00a0<\/em><\/span><\/p>\n<p><iframe loading=\"lazy\" title=\"The Little Mermaid | Official Trailer\" width=\"500\" height=\"281\" src=\"https:\/\/www.youtube.com\/embed\/kpGo2_d3oYE?feature=oembed\" frameborder=\"0\" allow=\"accelerometer; autoplay; clipboard-write; encrypted-media; gyroscope; picture-in-picture; web-share\" allowfullscreen><\/iframe><\/p>\n","protected":false},"author":11628,"featured_media":123048,"template":"","format":"standard","categories":[12832],"acf":[],"yoast_head":"<!-- This site is optimized with the Yoast SEO Premium plugin v18.5 (Yoast SEO v20.4) - https:\/\/yoast.com\/wordpress\/plugins\/seo\/ -->\n<title>Disney presenta el nuevo trailer de \u2018The Little Mermaid\u2019 | Grazia M\u00e9xico y Latinoam\u00e9rica<\/title>\n<meta name=\"description\" content=\"Luego de meses de no tener novedades del remake animado de Disney, The Little Mermaid, ahora tenemos un nuevo y emocionante trailer que nos deja ver c\u00f3mo\" \/>\n<meta name=\"robots\" content=\"index, follow, max-snippet:-1, max-image-preview:large, max-video-preview:-1\" \/>\n<link rel=\"canonical\" href=\"https:\/\/graziamagazine.com\/mx\/articles\/disney-presenta-el-nuevo-trailer-de-the-little-mermaid\/\" \/>\n<meta property=\"og:locale\" content=\"es_MX\" \/>\n<meta property=\"og:type\" content=\"article\" \/>\n<meta property=\"og:title\" content=\"Disney presenta el nuevo trailer de \u2018The Little Mermaid\u2019\" \/>\n<meta property=\"og:description\" content=\"Luego de meses de no tener novedades del remake animado de Disney, The Little Mermaid, ahora tenemos un nuevo y emocionante trailer que nos deja ver c\u00f3mo\" \/>\n<meta property=\"og:url\" content=\"https:\/\/graziamagazine.com\/mx\/articles\/disney-presenta-el-nuevo-trailer-de-the-little-mermaid\/\" \/>\n<meta property=\"og:site_name\" content=\"Grazia M\u00e9xico y Latinoam\u00e9rica\" \/>\n<meta property=\"article:modified_time\" content=\"2023-03-13T17:41:18+00:00\" \/>\n<meta property=\"og:image\" content=\"https:\/\/graziamagazine.com\/mx\/wp-content\/uploads\/sites\/13\/2023\/03\/Captura-de-Pantalla-2023-03-13-a-las-11.26.10.png\" \/>\n\t<meta property=\"og:image:width\" content=\"706\" \/>\n\t<meta property=\"og:image:height\" content=\"396\" \/>\n\t<meta property=\"og:image:type\" content=\"image\/png\" \/>\n<meta name=\"twitter:card\" content=\"summary_large_image\" \/>\n<meta name=\"twitter:label1\" content=\"Est. reading time\" \/>\n\t<meta name=\"twitter:data1\" content=\"2 minutos\" \/>\n<script type=\"application\/ld+json\" class=\"yoast-schema-graph\">{\"@context\":\"https:\/\/schema.org\",\"@graph\":[{\"@type\":\"WebPage\",\"@id\":\"https:\/\/graziamagazine.com\/mx\/articles\/disney-presenta-el-nuevo-trailer-de-the-little-mermaid\/\",\"url\":\"https:\/\/graziamagazine.com\/mx\/articles\/disney-presenta-el-nuevo-trailer-de-the-little-mermaid\/\",\"name\":\"Disney presenta el nuevo trailer de \u2018The Little Mermaid\u2019 | Grazia M\u00e9xico y Latinoam\u00e9rica\",\"isPartOf\":{\"@id\":\"https:\/\/graziamagazine.com\/mx\/#website\"},\"datePublished\":\"2023-03-13T17:39:22+00:00\",\"dateModified\":\"2023-03-13T17:41:18+00:00\",\"description\":\"Luego de meses de no tener novedades del remake animado de Disney, The Little Mermaid, ahora tenemos un nuevo y emocionante trailer que nos deja ver c\u00f3mo\",\"breadcrumb\":{\"@id\":\"https:\/\/graziamagazine.com\/mx\/articles\/disney-presenta-el-nuevo-trailer-de-the-little-mermaid\/#breadcrumb\"},\"inLanguage\":\"es-MX\",\"potentialAction\":[{\"@type\":\"ReadAction\",\"target\":[\"https:\/\/graziamagazine.com\/mx\/articles\/disney-presenta-el-nuevo-trailer-de-the-little-mermaid\/\"]}]},{\"@type\":\"BreadcrumbList\",\"@id\":\"https:\/\/graziamagazine.com\/mx\/articles\/disney-presenta-el-nuevo-trailer-de-the-little-mermaid\/#breadcrumb\",\"itemListElement\":[{\"@type\":\"ListItem\",\"position\":1,\"name\":\"Home\",\"item\":\"https:\/\/graziamagazine.com\/mx\/\"},{\"@type\":\"ListItem\",\"position\":2,\"name\":\"Disney presenta el nuevo trailer de \u2018The Little Mermaid\u2019\"}]},{\"@type\":\"WebSite\",\"@id\":\"https:\/\/graziamagazine.com\/mx\/#website\",\"url\":\"https:\/\/graziamagazine.com\/mx\/\",\"name\":\"Grazia M\u00e9xico y Latinoam\u00e9rica\",\"description\":\"Grazia es moda, belleza y noticias  de actualidad \",\"potentialAction\":[{\"@type\":\"SearchAction\",\"target\":{\"@type\":\"EntryPoint\",\"urlTemplate\":\"https:\/\/graziamagazine.com\/mx\/?s={search_term_string}\"},\"query-input\":\"required name=search_term_string\"}],\"inLanguage\":\"es-MX\"}]}<\/script>\n<!-- \/ Yoast SEO Premium plugin. -->","yoast_head_json":{"title":"Disney presenta el nuevo trailer de \u2018The Little Mermaid\u2019 | Grazia M\u00e9xico y Latinoam\u00e9rica","description":"Luego de meses de no tener novedades del remake animado de Disney, The Little Mermaid, ahora tenemos un nuevo y emocionante trailer que nos deja ver c\u00f3mo","robots":{"index":"index","follow":"follow","max-snippet":"max-snippet:-1","max-image-preview":"max-image-preview:large","max-video-preview":"max-video-preview:-1"},"canonical":"https:\/\/graziamagazine.com\/mx\/articles\/disney-presenta-el-nuevo-trailer-de-the-little-mermaid\/","og_locale":"es_MX","og_type":"article","og_title":"Disney presenta el nuevo trailer de \u2018The Little Mermaid\u2019","og_description":"Luego de meses de no tener novedades del remake animado de Disney, The Little Mermaid, ahora tenemos un nuevo y emocionante trailer que nos deja ver c\u00f3mo","og_url":"https:\/\/graziamagazine.com\/mx\/articles\/disney-presenta-el-nuevo-trailer-de-the-little-mermaid\/","og_site_name":"Grazia M\u00e9xico y Latinoam\u00e9rica","article_modified_time":"2023-03-13T17:41:18+00:00","og_image":[{"width":706,"height":396,"url":"https:\/\/graziamagazine.com\/mx\/wp-content\/uploads\/sites\/13\/2023\/03\/Captura-de-Pantalla-2023-03-13-a-las-11.26.10.png","type":"image\/png"}],"twitter_card":"summary_large_image","twitter_misc":{"Est. reading time":"2 minutos"},"schema":{"@context":"https:\/\/schema.org","@graph":[{"@type":"WebPage","@id":"https:\/\/graziamagazine.com\/mx\/articles\/disney-presenta-el-nuevo-trailer-de-the-little-mermaid\/","url":"https:\/\/graziamagazine.com\/mx\/articles\/disney-presenta-el-nuevo-trailer-de-the-little-mermaid\/","name":"Disney presenta el nuevo trailer de \u2018The Little Mermaid\u2019 | Grazia M\u00e9xico y Latinoam\u00e9rica","isPartOf":{"@id":"https:\/\/graziamagazine.com\/mx\/#website"},"datePublished":"2023-03-13T17:39:22+00:00","dateModified":"2023-03-13T17:41:18+00:00","description":"Luego de meses de no tener novedades del remake animado de Disney, The Little Mermaid, ahora tenemos un nuevo y emocionante trailer que nos deja ver c\u00f3mo","breadcrumb":{"@id":"https:\/\/graziamagazine.com\/mx\/articles\/disney-presenta-el-nuevo-trailer-de-the-little-mermaid\/#breadcrumb"},"inLanguage":"es-MX","potentialAction":[{"@type":"ReadAction","target":["https:\/\/graziamagazine.com\/mx\/articles\/disney-presenta-el-nuevo-trailer-de-the-little-mermaid\/"]}]},{"@type":"BreadcrumbList","@id":"https:\/\/graziamagazine.com\/mx\/articles\/disney-presenta-el-nuevo-trailer-de-the-little-mermaid\/#breadcrumb","itemListElement":[{"@type":"ListItem","position":1,"name":"Home","item":"https:\/\/graziamagazine.com\/mx\/"},{"@type":"ListItem","position":2,"name":"Disney presenta el nuevo trailer de \u2018The Little Mermaid\u2019"}]},{"@type":"WebSite","@id":"https:\/\/graziamagazine.com\/mx\/#website","url":"https:\/\/graziamagazine.com\/mx\/","name":"Grazia M\u00e9xico y Latinoam\u00e9rica","description":"Grazia es moda, belleza y noticias  de actualidad ","potentialAction":[{"@type":"SearchAction","target":{"@type":"EntryPoint","urlTemplate":"https:\/\/graziamagazine.com\/mx\/?s={search_term_string}"},"query-input":"required name=search_term_string"}],"inLanguage":"es-MX"}]}},"jetpack_sharing_enabled":true,"distributor_meta":false,"distributor_terms":false,"distributor_media":false,"distributor_original_site_name":"Grazia M\u00e9xico y Latinoam\u00e9rica","distributor_original_site_url":"https:\/\/graziamagazine.com\/mx","push-errors":false,"_links":{"self":[{"href":"https:\/\/graziamagazine.com\/mx\/wp-json\/wp\/v2\/articles\/123047"}],"collection":[{"href":"https:\/\/graziamagazine.com\/mx\/wp-json\/wp\/v2\/articles"}],"about":[{"href":"https:\/\/graziamagazine.com\/mx\/wp-json\/wp\/v2\/types\/articles"}],"author":[{"embeddable":true,"href":"https:\/\/graziamagazine.com\/mx\/wp-json\/wp\/v2\/users\/11628"}],"wp:featuredmedia":[{"embeddable":true,"href":"https:\/\/graziamagazine.com\/mx\/wp-json\/wp\/v2\/media\/123048"}],"wp:attachment":[{"href":"https:\/\/graziamagazine.com\/mx\/wp-json\/wp\/v2\/media?parent=123047"}],"wp:term":[{"taxonomy":"category","embeddable":true,"href":"https:\/\/graziamagazine.com\/mx\/wp-json\/wp\/v2\/categories?post=123047"}],"curies":[{"name":"wp","href":"https:\/\/api.w.org\/{rel}","templated":true}]}}