{"id":122832,"date":"2023-03-07T15:20:15","date_gmt":"2023-03-07T20:20:15","guid":{"rendered":"https:\/\/graziamagazine.com\/mx\/?post_type=articles&#038;p=122832"},"modified":"2023-03-07T15:23:04","modified_gmt":"2023-03-07T20:23:04","slug":"el-reloj-patek-philippe-de-los-anos-50-que-pertenecia-a-andy-warhol-sera-subastado","status":"publish","type":"articles","link":"https:\/\/graziamagazine.com\/mx\/articles\/el-reloj-patek-philippe-de-los-anos-50-que-pertenecia-a-andy-warhol-sera-subastado\/","title":{"rendered":"El reloj Patek Philippe de los a\u00f1os 50 que pertenec\u00eda a Andy Warhol ser\u00e1 subastado"},"content":{"rendered":"<p><span style=\"font-weight: 400\">Un preciado objeto que le perteneci\u00f3 a <strong>Andy Warhol<\/strong>, ser\u00e1 subastado a partir de este martes 7 de marzo. Se trata de uno de los relojes de la amplia colecci\u00f3n del artista pop, un un tanto \u201craro\u201d por sus caracter\u00edsticas particulares: el <strong>Patek Philippe ref. 2526.<\/strong><\/span><\/p>\n<p><span style=\"font-weight: 400\">El reloj se subastar\u00e1 en la venta de relojes finos de Sotheby&#8217;s. El reloj \u201crepresenta una haza\u00f1a de la relojer\u00eda en s\u00ed misma, pero tambi\u00e9n tiene v\u00ednculos con el legendario artista pop. Tambi\u00e9n es un poco m\u00e1s tenue de lo que cabr\u00eda esperar\u201d, detall\u00f3 la casa de subastas en un comunicado.<\/span><\/p>\n<p><span style=\"font-weight: 400\">\u201cIntroducido en 1953, el 2526 estaba equipado con el primer movimiento autom\u00e1tico de la marca: el calibre autom\u00e1tico 12-600 AT. (El movimiento de 12 l\u00edneas tiene aproximadamente 6 mm de di\u00e1metro y es autom\u00e1tico, de ah\u00ed el apodo). Esta innovaci\u00f3n t\u00e9cnica se combin\u00f3 con una caja delgada y simple y una cl\u00e1sica esfera de esmalte color c\u00e1scara de huevo. Patek eligi\u00f3 este material resistente porque no es susceptible a la oxidaci\u00f3n ni al da\u00f1o por humedad. Como resultado, las esferas de esmalte rara vez se empa\u00f1an o deterioran\u201d, agrega.<\/span><\/p>\n<p><img loading=\"lazy\" decoding=\"async\" class=\"alignnone size-medium wp-image-122835 aligncenter\" src=\"https:\/\/graziamagazine.com\/mx\/wp-content\/uploads\/sites\/13\/2023\/03\/Captura-de-Pantalla-2023-03-07-a-las-12.50.28.png?w=450\" alt=\"\" width=\"450\" height=\"252\" \/><\/p>\n<p><span style=\"font-weight: 400\">Este reloj se convirti\u00f3 r\u00e1pidamente en el favorito de los coleccionistas y, posteriormente, se reinvent\u00f3 con diferentes metales y esferas. Sin embargo, las esferas de esmalte siguen siendo una rareza actualmente, ya que son delicadas, costosas y dif\u00edciles de producir. Y justo este reloj que acompa\u00f1\u00f3 a Warhol en m\u00faltiples ocasiones, posee esta caracter\u00edstica.<\/span><\/p>\n<p><span style=\"font-weight: 400\">\u201cProducido alrededor de 1955, el ejemplo de Warhol luce una caja de 36 mm hecha de oro rosa de 18 quilates y una codiciada esfera de primera serie que ha sido doblemente estampada\u201d, a\u00f1ade el comunicado.<\/span><\/p>\n<p><span style=\"font-weight: 400\">Seg\u00fan los informes, el artista compr\u00f3 el reloj de<strong> Serpico Y Laino en Venezuela<\/strong>, y el vendedor agreg\u00f3 su sello a las 6 en punto, justo debajo de la insignia de Patek.\u00a0<\/span><\/p>\n<p><img loading=\"lazy\" decoding=\"async\" class=\"alignnone size-medium wp-image-122834 aligncenter\" src=\"https:\/\/graziamagazine.com\/mx\/wp-content\/uploads\/sites\/13\/2023\/03\/Captura-de-Pantalla-2023-03-07-a-las-12.50.35.png?w=450\" alt=\"\" width=\"450\" height=\"251\" \/><\/p>\n<p><span style=\"font-weight: 400\">Sotheby&#8217;s dice que la caja est\u00e1 en buenas condiciones en general y que la esfera de esmalte est\u00e1 intacta. Tambi\u00e9n se informa de un ligero desgaste y un poco de oxidaci\u00f3n, pero por lo dem\u00e1s est\u00e1n bien.<\/span><\/p>\n<p><span style=\"font-weight: 400\">No es la primera vez que el Patek Philippe ref. 2526 se subasta. Despu\u00e9s de la muerte de Andy Warhol en 1987, se descubri\u00f3 una gran colecci\u00f3n de piedras preciosas, joyas de dise\u00f1ador y relojes en la casa del difunto artista ubicada en East 66th Street, en Nueva York.<\/span><\/p>\n<p><span style=\"font-weight: 400\">Sotheby&#8217;s ofreci\u00f3 todo el bot\u00edn un a\u00f1o despu\u00e9s en la subasta <strong>Andy Warhol Collection, Part II.<\/strong> (La primera parte fue un gran espect\u00e1culo de 10 d\u00edas dedicado a las pinturas de Warhol). Ahora, el coleccionista que lo compr\u00f3 en 1988, lo ha puesto en subasta nuevamente, y se espera que sea vendida entre <strong>$40,000 y $ 80,000 d\u00f3lares.<\/strong><\/span><\/p>\n<p><img loading=\"lazy\" decoding=\"async\" class=\"alignnone size-medium wp-image-122836 aligncenter\" src=\"https:\/\/graziamagazine.com\/mx\/wp-content\/uploads\/sites\/13\/2023\/03\/Captura-de-Pantalla-2023-03-07-a-las-12.50.14.png?w=450\" alt=\"\" width=\"450\" height=\"253\" \/><\/p>\n","protected":false},"author":11628,"featured_media":122833,"template":"","format":"standard","categories":[12517],"acf":[],"yoast_head":"<!-- This site is optimized with the Yoast SEO Premium plugin v18.5 (Yoast SEO v20.4) - https:\/\/yoast.com\/wordpress\/plugins\/seo\/ -->\n<title>El reloj Patek Philippe de los a\u00f1os 50 que pertenec\u00eda a Andy Warhol ser\u00e1 subastado | Grazia M\u00e9xico y Latinoam\u00e9rica<\/title>\n<meta name=\"description\" content=\"Uno de los relojes m\u00e1s \u201craros\u201d de Andy Warhol ahora ser\u00e1 de alguien m\u00e1s\" \/>\n<meta name=\"robots\" content=\"index, follow, max-snippet:-1, max-image-preview:large, max-video-preview:-1\" \/>\n<link rel=\"canonical\" href=\"https:\/\/graziamagazine.com\/mx\/articles\/el-reloj-patek-philippe-de-los-anos-50-que-pertenecia-a-andy-warhol-sera-subastado\/\" \/>\n<meta property=\"og:locale\" content=\"es_MX\" \/>\n<meta property=\"og:type\" content=\"article\" \/>\n<meta property=\"og:title\" content=\"El reloj Patek Philippe de los a\u00f1os 50 que pertenec\u00eda a Andy Warhol ser\u00e1 subastado\" \/>\n<meta property=\"og:description\" content=\"Uno de los relojes m\u00e1s \u201craros\u201d de Andy Warhol ahora ser\u00e1 de alguien m\u00e1s\" \/>\n<meta property=\"og:url\" content=\"https:\/\/graziamagazine.com\/mx\/articles\/el-reloj-patek-philippe-de-los-anos-50-que-pertenecia-a-andy-warhol-sera-subastado\/\" \/>\n<meta property=\"og:site_name\" content=\"Grazia M\u00e9xico y Latinoam\u00e9rica\" \/>\n<meta property=\"article:modified_time\" content=\"2023-03-07T20:23:04+00:00\" \/>\n<meta property=\"og:image\" content=\"https:\/\/graziamagazine.com\/mx\/wp-content\/uploads\/sites\/13\/2023\/03\/Captura-de-Pantalla-2023-03-07-a-las-12.50.43.png\" \/>\n\t<meta property=\"og:image:width\" content=\"737\" \/>\n\t<meta property=\"og:image:height\" content=\"414\" \/>\n\t<meta property=\"og:image:type\" content=\"image\/png\" \/>\n<meta name=\"twitter:card\" content=\"summary_large_image\" \/>\n<meta name=\"twitter:label1\" content=\"Est. reading time\" \/>\n\t<meta name=\"twitter:data1\" content=\"3 minutos\" \/>\n<script type=\"application\/ld+json\" class=\"yoast-schema-graph\">{\"@context\":\"https:\/\/schema.org\",\"@graph\":[{\"@type\":\"WebPage\",\"@id\":\"https:\/\/graziamagazine.com\/mx\/articles\/el-reloj-patek-philippe-de-los-anos-50-que-pertenecia-a-andy-warhol-sera-subastado\/\",\"url\":\"https:\/\/graziamagazine.com\/mx\/articles\/el-reloj-patek-philippe-de-los-anos-50-que-pertenecia-a-andy-warhol-sera-subastado\/\",\"name\":\"El reloj Patek Philippe de los a\u00f1os 50 que pertenec\u00eda a Andy Warhol ser\u00e1 subastado | Grazia M\u00e9xico y Latinoam\u00e9rica\",\"isPartOf\":{\"@id\":\"https:\/\/graziamagazine.com\/mx\/#website\"},\"datePublished\":\"2023-03-07T20:20:15+00:00\",\"dateModified\":\"2023-03-07T20:23:04+00:00\",\"description\":\"Uno de los relojes m\u00e1s \u201craros\u201d de Andy Warhol ahora ser\u00e1 de alguien m\u00e1s\",\"breadcrumb\":{\"@id\":\"https:\/\/graziamagazine.com\/mx\/articles\/el-reloj-patek-philippe-de-los-anos-50-que-pertenecia-a-andy-warhol-sera-subastado\/#breadcrumb\"},\"inLanguage\":\"es-MX\",\"potentialAction\":[{\"@type\":\"ReadAction\",\"target\":[\"https:\/\/graziamagazine.com\/mx\/articles\/el-reloj-patek-philippe-de-los-anos-50-que-pertenecia-a-andy-warhol-sera-subastado\/\"]}]},{\"@type\":\"BreadcrumbList\",\"@id\":\"https:\/\/graziamagazine.com\/mx\/articles\/el-reloj-patek-philippe-de-los-anos-50-que-pertenecia-a-andy-warhol-sera-subastado\/#breadcrumb\",\"itemListElement\":[{\"@type\":\"ListItem\",\"position\":1,\"name\":\"Home\",\"item\":\"https:\/\/graziamagazine.com\/mx\/\"},{\"@type\":\"ListItem\",\"position\":2,\"name\":\"El reloj Patek Philippe de los a\u00f1os 50 que pertenec\u00eda a Andy Warhol ser\u00e1 subastado\"}]},{\"@type\":\"WebSite\",\"@id\":\"https:\/\/graziamagazine.com\/mx\/#website\",\"url\":\"https:\/\/graziamagazine.com\/mx\/\",\"name\":\"Grazia M\u00e9xico y Latinoam\u00e9rica\",\"description\":\"Grazia es moda, belleza y noticias  de actualidad \",\"potentialAction\":[{\"@type\":\"SearchAction\",\"target\":{\"@type\":\"EntryPoint\",\"urlTemplate\":\"https:\/\/graziamagazine.com\/mx\/?s={search_term_string}\"},\"query-input\":\"required name=search_term_string\"}],\"inLanguage\":\"es-MX\"}]}<\/script>\n<!-- \/ Yoast SEO Premium plugin. -->","yoast_head_json":{"title":"El reloj Patek Philippe de los a\u00f1os 50 que pertenec\u00eda a Andy Warhol ser\u00e1 subastado | Grazia M\u00e9xico y Latinoam\u00e9rica","description":"Uno de los relojes m\u00e1s \u201craros\u201d de Andy Warhol ahora ser\u00e1 de alguien m\u00e1s","robots":{"index":"index","follow":"follow","max-snippet":"max-snippet:-1","max-image-preview":"max-image-preview:large","max-video-preview":"max-video-preview:-1"},"canonical":"https:\/\/graziamagazine.com\/mx\/articles\/el-reloj-patek-philippe-de-los-anos-50-que-pertenecia-a-andy-warhol-sera-subastado\/","og_locale":"es_MX","og_type":"article","og_title":"El reloj Patek Philippe de los a\u00f1os 50 que pertenec\u00eda a Andy Warhol ser\u00e1 subastado","og_description":"Uno de los relojes m\u00e1s \u201craros\u201d de Andy Warhol ahora ser\u00e1 de alguien m\u00e1s","og_url":"https:\/\/graziamagazine.com\/mx\/articles\/el-reloj-patek-philippe-de-los-anos-50-que-pertenecia-a-andy-warhol-sera-subastado\/","og_site_name":"Grazia M\u00e9xico y Latinoam\u00e9rica","article_modified_time":"2023-03-07T20:23:04+00:00","og_image":[{"width":737,"height":414,"url":"https:\/\/graziamagazine.com\/mx\/wp-content\/uploads\/sites\/13\/2023\/03\/Captura-de-Pantalla-2023-03-07-a-las-12.50.43.png","type":"image\/png"}],"twitter_card":"summary_large_image","twitter_misc":{"Est. reading time":"3 minutos"},"schema":{"@context":"https:\/\/schema.org","@graph":[{"@type":"WebPage","@id":"https:\/\/graziamagazine.com\/mx\/articles\/el-reloj-patek-philippe-de-los-anos-50-que-pertenecia-a-andy-warhol-sera-subastado\/","url":"https:\/\/graziamagazine.com\/mx\/articles\/el-reloj-patek-philippe-de-los-anos-50-que-pertenecia-a-andy-warhol-sera-subastado\/","name":"El reloj Patek Philippe de los a\u00f1os 50 que pertenec\u00eda a Andy Warhol ser\u00e1 subastado | Grazia M\u00e9xico y Latinoam\u00e9rica","isPartOf":{"@id":"https:\/\/graziamagazine.com\/mx\/#website"},"datePublished":"2023-03-07T20:20:15+00:00","dateModified":"2023-03-07T20:23:04+00:00","description":"Uno de los relojes m\u00e1s \u201craros\u201d de Andy Warhol ahora ser\u00e1 de alguien m\u00e1s","breadcrumb":{"@id":"https:\/\/graziamagazine.com\/mx\/articles\/el-reloj-patek-philippe-de-los-anos-50-que-pertenecia-a-andy-warhol-sera-subastado\/#breadcrumb"},"inLanguage":"es-MX","potentialAction":[{"@type":"ReadAction","target":["https:\/\/graziamagazine.com\/mx\/articles\/el-reloj-patek-philippe-de-los-anos-50-que-pertenecia-a-andy-warhol-sera-subastado\/"]}]},{"@type":"BreadcrumbList","@id":"https:\/\/graziamagazine.com\/mx\/articles\/el-reloj-patek-philippe-de-los-anos-50-que-pertenecia-a-andy-warhol-sera-subastado\/#breadcrumb","itemListElement":[{"@type":"ListItem","position":1,"name":"Home","item":"https:\/\/graziamagazine.com\/mx\/"},{"@type":"ListItem","position":2,"name":"El reloj Patek Philippe de los a\u00f1os 50 que pertenec\u00eda a Andy Warhol ser\u00e1 subastado"}]},{"@type":"WebSite","@id":"https:\/\/graziamagazine.com\/mx\/#website","url":"https:\/\/graziamagazine.com\/mx\/","name":"Grazia M\u00e9xico y Latinoam\u00e9rica","description":"Grazia es moda, belleza y noticias  de actualidad ","potentialAction":[{"@type":"SearchAction","target":{"@type":"EntryPoint","urlTemplate":"https:\/\/graziamagazine.com\/mx\/?s={search_term_string}"},"query-input":"required name=search_term_string"}],"inLanguage":"es-MX"}]}},"jetpack_sharing_enabled":true,"distributor_meta":false,"distributor_terms":false,"distributor_media":false,"distributor_original_site_name":"Grazia M\u00e9xico y Latinoam\u00e9rica","distributor_original_site_url":"https:\/\/graziamagazine.com\/mx","push-errors":false,"_links":{"self":[{"href":"https:\/\/graziamagazine.com\/mx\/wp-json\/wp\/v2\/articles\/122832"}],"collection":[{"href":"https:\/\/graziamagazine.com\/mx\/wp-json\/wp\/v2\/articles"}],"about":[{"href":"https:\/\/graziamagazine.com\/mx\/wp-json\/wp\/v2\/types\/articles"}],"author":[{"embeddable":true,"href":"https:\/\/graziamagazine.com\/mx\/wp-json\/wp\/v2\/users\/11628"}],"wp:featuredmedia":[{"embeddable":true,"href":"https:\/\/graziamagazine.com\/mx\/wp-json\/wp\/v2\/media\/122833"}],"wp:attachment":[{"href":"https:\/\/graziamagazine.com\/mx\/wp-json\/wp\/v2\/media?parent=122832"}],"wp:term":[{"taxonomy":"category","embeddable":true,"href":"https:\/\/graziamagazine.com\/mx\/wp-json\/wp\/v2\/categories?post=122832"}],"curies":[{"name":"wp","href":"https:\/\/api.w.org\/{rel}","templated":true}]}}