{"id":122247,"date":"2023-02-27T19:01:02","date_gmt":"2023-02-28T00:01:02","guid":{"rendered":"https:\/\/graziamagazine.com\/mx\/?post_type=articles&#038;p=122247"},"modified":"2023-02-27T09:24:37","modified_gmt":"2023-02-27T14:24:37","slug":"la-maquillista-fernanda-rosas-desde-el-backstage-de-nyfw","status":"publish","type":"articles","link":"https:\/\/graziamagazine.com\/mx\/articles\/la-maquillista-fernanda-rosas-desde-el-backstage-de-nyfw\/","title":{"rendered":"La maquillista Fernanda Rosas desde el backstage de NYFW"},"content":{"rendered":"<p>Seguimos disfrutando de los mejores desfiles de la temporada de Fashion Week. La maquillista profesional y directora de la escuela de maquillaje IDIP, <strong><a href=\"https:\/\/www.instagram.com\/fernandarosasidip\/?hl=es\" target=\"_blank\">Fernanda Rosas<\/a><\/strong> tuvo la oportunidad de asistir a maquillar durante la semana de la moda en Nueva York.<\/p>\n<figure id=\"attachment_122250\" aria-describedby=\"caption-attachment-122250\" style=\"width: 450px\" class=\"wp-caption alignnone\"><img loading=\"lazy\" decoding=\"async\" class=\"size-medium wp-image-122250\" src=\"https:\/\/graziamagazine.com\/mx\/wp-content\/uploads\/sites\/13\/2023\/02\/DSC4992.jpg?w=450\" alt=\"\" width=\"450\" height=\"300\" \/><figcaption id=\"caption-attachment-122250\" class=\"wp-caption-text\">Fotograf\u00eda. Majo S\u00e1nchez<\/figcaption><\/figure>\n<p>Fer considera que la incre\u00edble experiencia de maquillar en NYFW sin duda impulsa a\u00fan m\u00e1s su crecimiento c\u00f3mo maquillista y como persona. Por eso nos cuenta sobre lo que vivi\u00f3.<\/p>\n<h4>El comienzo<\/h4>\n<p>Todo inici\u00f3 hace algunos meses cuando <a href=\"https:\/\/www.mbomakeup.com\/\" target=\"_blank\"><strong>Mariana Barc\u00f3n<\/strong> <\/a>maquillista mexicana y Lead Makeup Artist de <a href=\"https:\/\/www.instagram.com\/mbo_makeup\/?hl=es\" target=\"_blank\"><strong>The Lab NYC<\/strong><\/a> realiz\u00f3 convoc\u00f3 a que los maquillistas mandaran su book y Curr\u00edculo para participar. Ella conoce bien el trabajo que hacemos en <a href=\"https:\/\/idip.com.mx\/\" target=\"_blank\"><strong>IDIP<\/strong><\/a> preparando maquillistas profesionales. En temporadas pasadas lideradas por ella y tambi\u00e9n en esta han participado maquillistas egresadas de IDIP M\u00e9xico y Quer\u00e9taro, lo cual me llena de mucha felicidad.<\/p>\n<figure id=\"attachment_122249\" aria-describedby=\"caption-attachment-122249\" style=\"width: 450px\" class=\"wp-caption alignnone\"><img loading=\"lazy\" decoding=\"async\" class=\"size-medium wp-image-122249\" src=\"https:\/\/graziamagazine.com\/mx\/wp-content\/uploads\/sites\/13\/2023\/02\/DSC5005.jpg?w=450\" alt=\"\" width=\"450\" height=\"300\" \/><figcaption id=\"caption-attachment-122249\" class=\"wp-caption-text\">Fotograf\u00eda. Majo S\u00e1nchez<\/figcaption><\/figure>\n<h4>La aventura<\/h4>\n<p>Todo se prepar\u00f3 con meses de anticipaci\u00f3n. Por fin, lleg\u00f3 el d\u00eda de preparar mi kit de maquillaje y partir hac\u00eda NY. El equipo estaba conformado por 22 maquillistas mexicanas, quienes al llegar a Nueva York recibimos un training dentro de <a href=\"https:\/\/www.instagram.com\/macpronyc\/\" target=\"_blank\"><strong>MAC Pro Soho.<\/strong><\/a> Durante este d\u00eda pudimos revisar los looks escogidos por los dise\u00f1adores y las t\u00e9cnicas a seguir.<\/p>\n<figure id=\"attachment_122251\" aria-describedby=\"caption-attachment-122251\" style=\"width: 300px\" class=\"wp-caption alignnone\"><img loading=\"lazy\" decoding=\"async\" class=\"size-medium wp-image-122251\" src=\"https:\/\/graziamagazine.com\/mx\/wp-content\/uploads\/sites\/13\/2023\/02\/DSC5090.jpg?w=300\" alt=\"\" width=\"300\" height=\"450\" \/><figcaption id=\"caption-attachment-122251\" class=\"wp-caption-text\">Fotograf\u00eda. Majo S\u00e1nchez<\/figcaption><\/figure>\n<p>Llego el fin de semana y comenzamos a trabajar durante 3 d\u00edas de shows en el Prince George Ballroom para colaborar con dise\u00f1adores como <a href=\"https:\/\/christiancolorado.com\/\" target=\"_blank\"><strong>Christian Colorado<\/strong><\/a>, Luis Antonio, Eriko Mens wear, Cabur\u00e9, Elier Aubret y David Antonio. El lograr transmitir a trav\u00e9s del maquillaje el <em>look <\/em>para complementar sus creaciones es muy gratificante.<\/p>\n<figure id=\"attachment_122252\" aria-describedby=\"caption-attachment-122252\" style=\"width: 338px\" class=\"wp-caption alignnone\"><img loading=\"lazy\" decoding=\"async\" class=\"size-medium wp-image-122252\" src=\"https:\/\/graziamagazine.com\/mx\/wp-content\/uploads\/sites\/13\/2023\/02\/Unknown-4.jpeg?w=338\" alt=\"\" width=\"338\" height=\"450\" \/><figcaption id=\"caption-attachment-122252\" class=\"wp-caption-text\">Fotograf\u00eda. Majo S\u00e1nchez<\/figcaption><\/figure>\n<p>La piel natural, contouring discreto y las cejas org\u00e1nicas se dejaron notar junto con smoky eyes obscuros, labios color vino, pop de color azul brillante en ojos, combinaciones complementarias como verde aqua y vino. Adem\u00e1s, la aplicaci\u00f3n de glitters y uso de colores met\u00e1licos en sombras fueron tambi\u00e9n protagonistas. El pelo y las u\u00f1as tambi\u00e9n son parte clave del \u00e9xito de los looks.<\/p>\n<p>Durante el backstage vivimos momentos m\u00e1s ca\u00f3ticos y otros de calma. Nos ayudamos entre maquillistas para sacar los looks a tiempo. Ver el trabajo concluido con toda una producci\u00f3n de por medio y notar las sonrisas de los dise\u00f1adores al ver el \u00e9xito de su pasarela es una experiencia incre\u00edble.<\/p>\n<h4>Get de look:<\/h4>\n<h5>Smoky eye gris<\/h5>\n<figure id=\"attachment_122253\" aria-describedby=\"caption-attachment-122253\" style=\"width: 338px\" class=\"wp-caption alignnone\"><img loading=\"lazy\" decoding=\"async\" class=\"wp-image-122253 size-medium\" src=\"https:\/\/graziamagazine.com\/mx\/wp-content\/uploads\/sites\/13\/2023\/02\/Unknown.jpeg?w=338\" alt=\"Look del desfile del dise\u00f1ador: David Antonio. Modelo: Jazmon\" width=\"338\" height=\"450\" \/><figcaption id=\"caption-attachment-122253\" class=\"wp-caption-text\">Look del desfile del dise\u00f1ador: David Antonio. Modelo: Jazmon<\/figcaption><\/figure>\n<p>Para lograr este smoky eye de una forma intensa mezcla una sombra en crema negra y blanca para lograr un tono gris rata y s\u00e9llala con sombra gris del mismo tono. Para la piel aplica un contour ligero, un poco de iluminador, labios nude y no olvides las pesta\u00f1as postizas.<\/p>\n<h5>Smoky eyes vino<\/h5>\n<figure id=\"attachment_122254\" aria-describedby=\"caption-attachment-122254\" style=\"width: 338px\" class=\"wp-caption alignnone\"><img loading=\"lazy\" decoding=\"async\" class=\"size-medium wp-image-122254\" src=\"https:\/\/graziamagazine.com\/mx\/wp-content\/uploads\/sites\/13\/2023\/02\/Unknown-1.jpeg?w=338\" alt=\"\" width=\"338\" height=\"450\" \/><figcaption id=\"caption-attachment-122254\" class=\"wp-caption-text\">Look para el desfile del dise\u00f1ador: Cabure. Modelo: Paola Nicole<\/figcaption><\/figure>\n<p>El color protagonista de este look es el vino. Para lograrlo mezcla para una crema morada y un toque de negro para crear una base m\u00e1s intensa en los ojos. Aplica un glitter con destellos verde aqua en la parte externa e interna del p\u00e1rpado m\u00f3vil, lograr\u00e1s un look de ojos complementario que resaltar\u00e1 mucho tu mirada. Para la piel aplica un contour suave, blush dirigido hacia la sien, iluminador y no olvides los labios vino.<\/p>\n<h5>Metalic Eyeshadow<\/h5>\n<figure id=\"attachment_122255\" aria-describedby=\"caption-attachment-122255\" style=\"width: 377px\" class=\"wp-caption alignnone\"><img loading=\"lazy\" decoding=\"async\" class=\"size-medium wp-image-122255\" src=\"https:\/\/graziamagazine.com\/mx\/wp-content\/uploads\/sites\/13\/2023\/02\/Unknown-2.jpeg?w=377\" alt=\"\" width=\"377\" height=\"450\" \/><figcaption id=\"caption-attachment-122255\" class=\"wp-caption-text\">Look para el dise\u00f1ador: Elier Aubret. Modelo: Maurelys. Wade<\/figcaption><\/figure>\n<p>Para este look m\u00e1s extravagante el protagonista son los ojos. Aplica una base en crema gris y s\u00e9llala con una sombra met\u00e1lica para lograr mucho brillo. Utiliza unas pesta\u00f1as postizas m\u00e1s dram\u00e1ticas y que el contour y el blush sea m\u00e1s sutil. Usa los labios vino de forma degradada, busca lograr m\u00e1s intensidad de color al centro de los labios.<\/p>\n<h5>Black smoky eyes<\/h5>\n<figure id=\"attachment_122256\" aria-describedby=\"caption-attachment-122256\" style=\"width: 280px\" class=\"wp-caption alignnone\"><img loading=\"lazy\" decoding=\"async\" class=\"size-medium wp-image-122256\" src=\"https:\/\/graziamagazine.com\/mx\/wp-content\/uploads\/sites\/13\/2023\/02\/Unknown-3.jpeg?w=280\" alt=\"\" width=\"280\" height=\"450\" \/><figcaption id=\"caption-attachment-122256\" class=\"wp-caption-text\">Look para el dise\u00f1ador: Luis Antonio. Modelo: Aaliyah Nalu.<\/figcaption><\/figure>\n<p>Un look tradicional e intenso son los smoky eyes negros. Aplica una base en crema o l\u00e1piz negro y s\u00e9llalo muy bien con sombra negra. Marca las l\u00edneas de agua superior e inferior con l\u00e1piz negro y utiliza pesta\u00f1a postiza para lograr m\u00e1s intensidad. En la piel usa un blush en crema rosado, s\u00e9llalo con otro en polvo del mismo tono y da un toque de labios nude para que los protagonistas sean los ojos.<\/p>\n<p>&nbsp;<\/p>\n","protected":false},"author":33326,"featured_media":122248,"template":"","format":"standard","categories":[3],"acf":[],"yoast_head":"<!-- This site is optimized with the Yoast SEO Premium plugin v18.5 (Yoast SEO v20.4) - https:\/\/yoast.com\/wordpress\/plugins\/seo\/ -->\n<title>La maquillista Fernanda Rosas desde el backstage de NYFW<\/title>\n<meta name=\"description\" content=\"Muchos maquillistas profesionales sue\u00f1an con participar en la realizaci\u00f3n de los maquillajes que vemos en las principales semanas de la moda.\" \/>\n<meta name=\"robots\" content=\"index, follow, max-snippet:-1, max-image-preview:large, max-video-preview:-1\" \/>\n<link rel=\"canonical\" href=\"https:\/\/graziamagazine.com\/mx\/articles\/la-maquillista-fernanda-rosas-desde-el-backstage-de-nyfw\/\" \/>\n<meta property=\"og:locale\" content=\"es_MX\" \/>\n<meta property=\"og:type\" content=\"article\" \/>\n<meta property=\"og:title\" content=\"La maquillista Fernanda Rosas desde el backstage de NYFW\" \/>\n<meta property=\"og:description\" content=\"Muchos maquillistas profesionales sue\u00f1an con participar en la realizaci\u00f3n de los maquillajes que vemos en las principales semanas de la moda.\" \/>\n<meta property=\"og:url\" content=\"https:\/\/graziamagazine.com\/mx\/articles\/la-maquillista-fernanda-rosas-desde-el-backstage-de-nyfw\/\" \/>\n<meta property=\"og:site_name\" content=\"Grazia M\u00e9xico y Latinoam\u00e9rica\" \/>\n<meta property=\"article:modified_time\" content=\"2023-02-27T14:24:37+00:00\" \/>\n<meta property=\"og:image\" content=\"https:\/\/graziamagazine.com\/mx\/wp-content\/uploads\/sites\/13\/2023\/02\/maquillista-ny.png\" \/>\n\t<meta property=\"og:image:width\" content=\"1024\" \/>\n\t<meta property=\"og:image:height\" content=\"672\" \/>\n\t<meta property=\"og:image:type\" content=\"image\/png\" \/>\n<meta name=\"twitter:card\" content=\"summary_large_image\" \/>\n<meta name=\"twitter:label1\" content=\"Est. reading time\" \/>\n\t<meta name=\"twitter:data1\" content=\"5 minutos\" \/>\n<script type=\"application\/ld+json\" class=\"yoast-schema-graph\">{\"@context\":\"https:\/\/schema.org\",\"@graph\":[{\"@type\":\"WebPage\",\"@id\":\"https:\/\/graziamagazine.com\/mx\/articles\/la-maquillista-fernanda-rosas-desde-el-backstage-de-nyfw\/\",\"url\":\"https:\/\/graziamagazine.com\/mx\/articles\/la-maquillista-fernanda-rosas-desde-el-backstage-de-nyfw\/\",\"name\":\"La maquillista Fernanda Rosas desde el backstage de NYFW\",\"isPartOf\":{\"@id\":\"https:\/\/graziamagazine.com\/mx\/#website\"},\"datePublished\":\"2023-02-28T00:01:02+00:00\",\"dateModified\":\"2023-02-27T14:24:37+00:00\",\"description\":\"Muchos maquillistas profesionales sue\u00f1an con participar en la realizaci\u00f3n de los maquillajes que vemos en las principales semanas de la moda.\",\"breadcrumb\":{\"@id\":\"https:\/\/graziamagazine.com\/mx\/articles\/la-maquillista-fernanda-rosas-desde-el-backstage-de-nyfw\/#breadcrumb\"},\"inLanguage\":\"es-MX\",\"potentialAction\":[{\"@type\":\"ReadAction\",\"target\":[\"https:\/\/graziamagazine.com\/mx\/articles\/la-maquillista-fernanda-rosas-desde-el-backstage-de-nyfw\/\"]}]},{\"@type\":\"BreadcrumbList\",\"@id\":\"https:\/\/graziamagazine.com\/mx\/articles\/la-maquillista-fernanda-rosas-desde-el-backstage-de-nyfw\/#breadcrumb\",\"itemListElement\":[{\"@type\":\"ListItem\",\"position\":1,\"name\":\"Home\",\"item\":\"https:\/\/graziamagazine.com\/mx\/\"},{\"@type\":\"ListItem\",\"position\":2,\"name\":\"La maquillista Fernanda Rosas desde el backstage de NYFW\"}]},{\"@type\":\"WebSite\",\"@id\":\"https:\/\/graziamagazine.com\/mx\/#website\",\"url\":\"https:\/\/graziamagazine.com\/mx\/\",\"name\":\"Grazia M\u00e9xico y Latinoam\u00e9rica\",\"description\":\"Grazia es moda, belleza y noticias  de actualidad \",\"potentialAction\":[{\"@type\":\"SearchAction\",\"target\":{\"@type\":\"EntryPoint\",\"urlTemplate\":\"https:\/\/graziamagazine.com\/mx\/?s={search_term_string}\"},\"query-input\":\"required name=search_term_string\"}],\"inLanguage\":\"es-MX\"}]}<\/script>\n<!-- \/ Yoast SEO Premium plugin. -->","yoast_head_json":{"title":"La maquillista Fernanda Rosas desde el backstage de NYFW","description":"Muchos maquillistas profesionales sue\u00f1an con participar en la realizaci\u00f3n de los maquillajes que vemos en las principales semanas de la moda.","robots":{"index":"index","follow":"follow","max-snippet":"max-snippet:-1","max-image-preview":"max-image-preview:large","max-video-preview":"max-video-preview:-1"},"canonical":"https:\/\/graziamagazine.com\/mx\/articles\/la-maquillista-fernanda-rosas-desde-el-backstage-de-nyfw\/","og_locale":"es_MX","og_type":"article","og_title":"La maquillista Fernanda Rosas desde el backstage de NYFW","og_description":"Muchos maquillistas profesionales sue\u00f1an con participar en la realizaci\u00f3n de los maquillajes que vemos en las principales semanas de la moda.","og_url":"https:\/\/graziamagazine.com\/mx\/articles\/la-maquillista-fernanda-rosas-desde-el-backstage-de-nyfw\/","og_site_name":"Grazia M\u00e9xico y Latinoam\u00e9rica","article_modified_time":"2023-02-27T14:24:37+00:00","og_image":[{"url":"https:\/\/graziamagazine.com\/mx\/wp-content\/uploads\/sites\/13\/2023\/02\/maquillista-ny.png","width":1024,"height":672,"type":"image\/png"}],"twitter_card":"summary_large_image","twitter_misc":{"Est. reading time":"5 minutos"},"schema":{"@context":"https:\/\/schema.org","@graph":[{"@type":"WebPage","@id":"https:\/\/graziamagazine.com\/mx\/articles\/la-maquillista-fernanda-rosas-desde-el-backstage-de-nyfw\/","url":"https:\/\/graziamagazine.com\/mx\/articles\/la-maquillista-fernanda-rosas-desde-el-backstage-de-nyfw\/","name":"La maquillista Fernanda Rosas desde el backstage de NYFW","isPartOf":{"@id":"https:\/\/graziamagazine.com\/mx\/#website"},"datePublished":"2023-02-28T00:01:02+00:00","dateModified":"2023-02-27T14:24:37+00:00","description":"Muchos maquillistas profesionales sue\u00f1an con participar en la realizaci\u00f3n de los maquillajes que vemos en las principales semanas de la moda.","breadcrumb":{"@id":"https:\/\/graziamagazine.com\/mx\/articles\/la-maquillista-fernanda-rosas-desde-el-backstage-de-nyfw\/#breadcrumb"},"inLanguage":"es-MX","potentialAction":[{"@type":"ReadAction","target":["https:\/\/graziamagazine.com\/mx\/articles\/la-maquillista-fernanda-rosas-desde-el-backstage-de-nyfw\/"]}]},{"@type":"BreadcrumbList","@id":"https:\/\/graziamagazine.com\/mx\/articles\/la-maquillista-fernanda-rosas-desde-el-backstage-de-nyfw\/#breadcrumb","itemListElement":[{"@type":"ListItem","position":1,"name":"Home","item":"https:\/\/graziamagazine.com\/mx\/"},{"@type":"ListItem","position":2,"name":"La maquillista Fernanda Rosas desde el backstage de NYFW"}]},{"@type":"WebSite","@id":"https:\/\/graziamagazine.com\/mx\/#website","url":"https:\/\/graziamagazine.com\/mx\/","name":"Grazia M\u00e9xico y Latinoam\u00e9rica","description":"Grazia es moda, belleza y noticias  de actualidad ","potentialAction":[{"@type":"SearchAction","target":{"@type":"EntryPoint","urlTemplate":"https:\/\/graziamagazine.com\/mx\/?s={search_term_string}"},"query-input":"required name=search_term_string"}],"inLanguage":"es-MX"}]}},"jetpack_sharing_enabled":true,"distributor_meta":false,"distributor_terms":false,"distributor_media":false,"distributor_original_site_name":"Grazia M\u00e9xico y Latinoam\u00e9rica","distributor_original_site_url":"https:\/\/graziamagazine.com\/mx","push-errors":false,"_links":{"self":[{"href":"https:\/\/graziamagazine.com\/mx\/wp-json\/wp\/v2\/articles\/122247"}],"collection":[{"href":"https:\/\/graziamagazine.com\/mx\/wp-json\/wp\/v2\/articles"}],"about":[{"href":"https:\/\/graziamagazine.com\/mx\/wp-json\/wp\/v2\/types\/articles"}],"author":[{"embeddable":true,"href":"https:\/\/graziamagazine.com\/mx\/wp-json\/wp\/v2\/users\/33326"}],"wp:featuredmedia":[{"embeddable":true,"href":"https:\/\/graziamagazine.com\/mx\/wp-json\/wp\/v2\/media\/122248"}],"wp:attachment":[{"href":"https:\/\/graziamagazine.com\/mx\/wp-json\/wp\/v2\/media?parent=122247"}],"wp:term":[{"taxonomy":"category","embeddable":true,"href":"https:\/\/graziamagazine.com\/mx\/wp-json\/wp\/v2\/categories?post=122247"}],"curies":[{"name":"wp","href":"https:\/\/api.w.org\/{rel}","templated":true}]}}