{"id":121940,"date":"2023-02-20T20:58:26","date_gmt":"2023-02-21T01:58:26","guid":{"rendered":"https:\/\/graziamagazine.com\/mx\/?post_type=articles&#038;p=121940"},"modified":"2023-02-20T21:03:07","modified_gmt":"2023-02-21T02:03:07","slug":"alexander-mcqueen-presenta-nueva-campana-celebra-fuerza-individualidad-mujer","status":"publish","type":"articles","link":"https:\/\/graziamagazine.com\/mx\/articles\/alexander-mcqueen-presenta-nueva-campana-celebra-fuerza-individualidad-mujer\/","title":{"rendered":"Alexander McQueen presenta nueva campa\u00f1a que celebra la fuerza e individualidad de la mujer"},"content":{"rendered":"<p><b>Alexander McQueen<\/b><span style=\"font-weight: 400\"> presenta su nueva campa\u00f1a SS23 para mujer, con una serie de cortometrajes bajo la mano del director de cine <\/span><b>Jonas \u00c5kerlund<\/b><span style=\"font-weight: 400\">, donde celebra y resalta la fuerza e individualidad femenina.<\/span><\/p>\n<p><span style=\"font-weight: 400\">En los cortometrajes se aprecia la participaci\u00f3n de las actrices <\/span><b>Sadie Sink<\/b><span style=\"font-weight: 400\">, <\/span><b>Naomi Campbell<\/b><span style=\"font-weight: 400\">, <\/span><b>Pom Klementieff<\/b><span style=\"font-weight: 400\">; la cantautora <\/span><b>Yseult<\/b><span style=\"font-weight: 400\"> y la modelo <\/span><b>Nyagua<\/b><span style=\"font-weight: 400\">. Los espectaculares fondos en cada fotograf\u00eda fueron tomados en lugares ic\u00f3nicos de <\/span><b>Londres<\/b><span style=\"font-weight: 400\">.<\/span><\/p>\n<div class=\"content-gallery\"><div class=\"gallery-placeholder\"><div class=\"spinner\"><\/div><\/div><span class=\"gallery-pagination\"><\/span><div id=\"gallery-1\" class=\"gallery galleryid-121940 gallery-columns- gallery-size-\"><figure class=\"gallery-item\"><div class=\"gallery-icon landscape\"><img loading=\"lazy\" decoding=\"async\" width=\"1316\" height=\"904\" src=\"https:\/\/graziamagazine.com\/mx\/wp-content\/uploads\/sites\/13\/2023\/02\/WhatsApp-Image-2023-02-17-at-17.58.14-1.jpeg\" class=\"lazy\" alt=\"\" \/><\/div><figcaption class=\"wp-caption-text gallery-caption\" id=\"gallery-1-121944\">Alexander McQueen<\/figcaption><\/figure><figure class=\"gallery-item\"><div class=\"gallery-icon landscape\"><img loading=\"lazy\" decoding=\"async\" width=\"1328\" height=\"896\" src=\"https:\/\/graziamagazine.com\/mx\/wp-content\/uploads\/sites\/13\/2023\/02\/WhatsApp-Image-2023-02-17-at-17.58.14-3.jpeg\" class=\"lazy\" alt=\"\" \/><\/div><figcaption class=\"wp-caption-text gallery-caption\" id=\"gallery-1-121942\">Alexander McQueen<\/figcaption><\/figure><figure class=\"gallery-item\"><div class=\"gallery-icon landscape\"><img loading=\"lazy\" decoding=\"async\" width=\"1330\" height=\"904\" src=\"https:\/\/graziamagazine.com\/mx\/wp-content\/uploads\/sites\/13\/2023\/02\/WhatsApp-Image-2023-02-17-at-17.58.14-2.jpeg\" class=\"lazy\" alt=\"\" \/><\/div><figcaption class=\"wp-caption-text gallery-caption\" id=\"gallery-1-121943\">Alexander McQueen<\/figcaption><\/figure><\/div><\/div>\n<p><span style=\"font-weight: 400\">Esta colecci\u00f3n que trata sobre la b\u00fasqueda de la humanidad y la conexi\u00f3n humana, incluye Chaquetas, vestidos, prendas de punto, tops y camisas, dise\u00f1ados con la finalidad de empoderar a quien los porte.<\/span><\/p>\n<p><span style=\"font-weight: 400\">Las <\/span><b><i>Peak Bag<\/i><\/b><span style=\"font-weight: 400\"> y las <\/span><b><i>Shard Boots and Sandals<\/i><\/b><span style=\"font-weight: 400\">, se reinterpretan para su lanzamiento en esta temporada.<\/span><\/p>\n<p><span style=\"font-weight: 400\">Un look elegante pero con un toque irreverente, que lograr\u00e1 cautivarte esta compuesto por una chaqueta negra recortada slashed en negro, un pantal\u00f3n de vestir en talle bajo en el mismo color, unos botines negros de plataforma y un bolso vagabundo enjoyado en plata.<\/span><\/p>\n<div class=\"content-gallery\"><div class=\"gallery-placeholder\"><div class=\"spinner\"><\/div><\/div><span class=\"gallery-pagination\"><\/span><div id=\"gallery-2\" class=\"gallery galleryid-121940 gallery-columns- gallery-size-\"><figure class=\"gallery-item\"><div class=\"gallery-icon landscape\"><img loading=\"lazy\" decoding=\"async\" width=\"1326\" height=\"904\" src=\"https:\/\/graziamagazine.com\/mx\/wp-content\/uploads\/sites\/13\/2023\/02\/WhatsApp-Image-2023-02-17-at-17.58.14-4.jpeg\" class=\"lazy\" alt=\"\" \/><\/div><figcaption class=\"wp-caption-text gallery-caption\" id=\"gallery-2-121941\">Alexander McQueen<\/figcaption><\/figure><figure class=\"gallery-item\"><div class=\"gallery-icon landscape\"><img loading=\"lazy\" decoding=\"async\" width=\"1279\" height=\"720\" src=\"https:\/\/graziamagazine.com\/mx\/wp-content\/uploads\/sites\/13\/2023\/02\/WhatsApp-Image-2023-02-17-at-17.58.14-e1676944976227.jpeg\" class=\"lazy\" alt=\"\" \/><\/div><figcaption class=\"wp-caption-text gallery-caption\" id=\"gallery-2-121945\">Alexander McQueen<\/figcaption><\/figure><\/div><\/div>\n<p><span style=\"font-weight: 400\">Alexander McQueen fue un dise\u00f1ador londinense con su marca de ropa hom\u00f3nima, fue director creativo de <\/span><b>Givenchy<\/b><span style=\"font-weight: 400\">, y en el a\u00f1o 2000 vendi\u00f3 m\u00e1s de la mitad de su negocio al grupo<\/span><b> Kering<\/b><span style=\"font-weight: 400\">, para as\u00ed poder abandonar la firma francesa y dedicarse a desarrollar su propia etiqueta.<\/span><\/p>\n","protected":false},"author":36289,"featured_media":121945,"template":"","format":"standard","categories":[4],"acf":[],"yoast_head":"<!-- This site is optimized with the Yoast SEO Premium plugin v18.5 (Yoast SEO v20.4) - https:\/\/yoast.com\/wordpress\/plugins\/seo\/ -->\n<title>Alexander McQueen presenta nueva campa\u00f1a que celebra la fuerza e individualidad de la mujer | Grazia M\u00e9xico y Latinoam\u00e9rica<\/title>\n<meta name=\"description\" content=\"Alexander McQueen presenta su nueva campa\u00f1a SS23 para mujer, con una serie de cortometrajes bajo la mano del director de cine Jonas \u00c5kerlund, donde\" \/>\n<meta name=\"robots\" content=\"index, follow, max-snippet:-1, max-image-preview:large, max-video-preview:-1\" \/>\n<link rel=\"canonical\" href=\"https:\/\/graziamagazine.com\/mx\/articles\/alexander-mcqueen-presenta-nueva-campana-celebra-fuerza-individualidad-mujer\/\" \/>\n<meta property=\"og:locale\" content=\"es_MX\" \/>\n<meta property=\"og:type\" content=\"article\" \/>\n<meta property=\"og:title\" content=\"Alexander McQueen presenta nueva campa\u00f1a que celebra la fuerza e individualidad de la mujer\" \/>\n<meta property=\"og:description\" content=\"Alexander McQueen presenta su nueva campa\u00f1a SS23 para mujer, con una serie de cortometrajes bajo la mano del director de cine Jonas \u00c5kerlund, donde\" \/>\n<meta property=\"og:url\" content=\"https:\/\/graziamagazine.com\/mx\/articles\/alexander-mcqueen-presenta-nueva-campana-celebra-fuerza-individualidad-mujer\/\" \/>\n<meta property=\"og:site_name\" content=\"Grazia M\u00e9xico y Latinoam\u00e9rica\" \/>\n<meta property=\"article:modified_time\" content=\"2023-02-21T02:03:07+00:00\" \/>\n<meta property=\"og:image\" content=\"https:\/\/graziamagazine.com\/mx\/wp-content\/uploads\/sites\/13\/2023\/02\/WhatsApp-Image-2023-02-17-at-17.58.14-e1676944976227.jpeg\" \/>\n\t<meta property=\"og:image:width\" content=\"1279\" \/>\n\t<meta property=\"og:image:height\" content=\"720\" \/>\n\t<meta property=\"og:image:type\" content=\"image\/jpeg\" \/>\n<meta name=\"twitter:card\" content=\"summary_large_image\" \/>\n<meta name=\"twitter:label1\" content=\"Est. reading time\" \/>\n\t<meta name=\"twitter:data1\" content=\"1 minuto\" \/>\n<script type=\"application\/ld+json\" class=\"yoast-schema-graph\">{\"@context\":\"https:\/\/schema.org\",\"@graph\":[{\"@type\":\"WebPage\",\"@id\":\"https:\/\/graziamagazine.com\/mx\/articles\/alexander-mcqueen-presenta-nueva-campana-celebra-fuerza-individualidad-mujer\/\",\"url\":\"https:\/\/graziamagazine.com\/mx\/articles\/alexander-mcqueen-presenta-nueva-campana-celebra-fuerza-individualidad-mujer\/\",\"name\":\"Alexander McQueen presenta nueva campa\u00f1a que celebra la fuerza e individualidad de la mujer | Grazia M\u00e9xico y Latinoam\u00e9rica\",\"isPartOf\":{\"@id\":\"https:\/\/graziamagazine.com\/mx\/#website\"},\"datePublished\":\"2023-02-21T01:58:26+00:00\",\"dateModified\":\"2023-02-21T02:03:07+00:00\",\"description\":\"Alexander McQueen presenta su nueva campa\u00f1a SS23 para mujer, con una serie de cortometrajes bajo la mano del director de cine Jonas \u00c5kerlund, donde\",\"breadcrumb\":{\"@id\":\"https:\/\/graziamagazine.com\/mx\/articles\/alexander-mcqueen-presenta-nueva-campana-celebra-fuerza-individualidad-mujer\/#breadcrumb\"},\"inLanguage\":\"es-MX\",\"potentialAction\":[{\"@type\":\"ReadAction\",\"target\":[\"https:\/\/graziamagazine.com\/mx\/articles\/alexander-mcqueen-presenta-nueva-campana-celebra-fuerza-individualidad-mujer\/\"]}]},{\"@type\":\"BreadcrumbList\",\"@id\":\"https:\/\/graziamagazine.com\/mx\/articles\/alexander-mcqueen-presenta-nueva-campana-celebra-fuerza-individualidad-mujer\/#breadcrumb\",\"itemListElement\":[{\"@type\":\"ListItem\",\"position\":1,\"name\":\"Home\",\"item\":\"https:\/\/graziamagazine.com\/mx\/\"},{\"@type\":\"ListItem\",\"position\":2,\"name\":\"Alexander McQueen presenta nueva campa\u00f1a que celebra la fuerza e individualidad de la mujer\"}]},{\"@type\":\"WebSite\",\"@id\":\"https:\/\/graziamagazine.com\/mx\/#website\",\"url\":\"https:\/\/graziamagazine.com\/mx\/\",\"name\":\"Grazia M\u00e9xico y Latinoam\u00e9rica\",\"description\":\"Grazia es moda, belleza y noticias  de actualidad \",\"potentialAction\":[{\"@type\":\"SearchAction\",\"target\":{\"@type\":\"EntryPoint\",\"urlTemplate\":\"https:\/\/graziamagazine.com\/mx\/?s={search_term_string}\"},\"query-input\":\"required name=search_term_string\"}],\"inLanguage\":\"es-MX\"}]}<\/script>\n<!-- \/ Yoast SEO Premium plugin. -->","yoast_head_json":{"title":"Alexander McQueen presenta nueva campa\u00f1a que celebra la fuerza e individualidad de la mujer | Grazia M\u00e9xico y Latinoam\u00e9rica","description":"Alexander McQueen presenta su nueva campa\u00f1a SS23 para mujer, con una serie de cortometrajes bajo la mano del director de cine Jonas \u00c5kerlund, donde","robots":{"index":"index","follow":"follow","max-snippet":"max-snippet:-1","max-image-preview":"max-image-preview:large","max-video-preview":"max-video-preview:-1"},"canonical":"https:\/\/graziamagazine.com\/mx\/articles\/alexander-mcqueen-presenta-nueva-campana-celebra-fuerza-individualidad-mujer\/","og_locale":"es_MX","og_type":"article","og_title":"Alexander McQueen presenta nueva campa\u00f1a que celebra la fuerza e individualidad de la mujer","og_description":"Alexander McQueen presenta su nueva campa\u00f1a SS23 para mujer, con una serie de cortometrajes bajo la mano del director de cine Jonas \u00c5kerlund, donde","og_url":"https:\/\/graziamagazine.com\/mx\/articles\/alexander-mcqueen-presenta-nueva-campana-celebra-fuerza-individualidad-mujer\/","og_site_name":"Grazia M\u00e9xico y Latinoam\u00e9rica","article_modified_time":"2023-02-21T02:03:07+00:00","og_image":[{"width":1279,"height":720,"url":"https:\/\/graziamagazine.com\/mx\/wp-content\/uploads\/sites\/13\/2023\/02\/WhatsApp-Image-2023-02-17-at-17.58.14-e1676944976227.jpeg","type":"image\/jpeg"}],"twitter_card":"summary_large_image","twitter_misc":{"Est. reading time":"1 minuto"},"schema":{"@context":"https:\/\/schema.org","@graph":[{"@type":"WebPage","@id":"https:\/\/graziamagazine.com\/mx\/articles\/alexander-mcqueen-presenta-nueva-campana-celebra-fuerza-individualidad-mujer\/","url":"https:\/\/graziamagazine.com\/mx\/articles\/alexander-mcqueen-presenta-nueva-campana-celebra-fuerza-individualidad-mujer\/","name":"Alexander McQueen presenta nueva campa\u00f1a que celebra la fuerza e individualidad de la mujer | Grazia M\u00e9xico y Latinoam\u00e9rica","isPartOf":{"@id":"https:\/\/graziamagazine.com\/mx\/#website"},"datePublished":"2023-02-21T01:58:26+00:00","dateModified":"2023-02-21T02:03:07+00:00","description":"Alexander McQueen presenta su nueva campa\u00f1a SS23 para mujer, con una serie de cortometrajes bajo la mano del director de cine Jonas \u00c5kerlund, donde","breadcrumb":{"@id":"https:\/\/graziamagazine.com\/mx\/articles\/alexander-mcqueen-presenta-nueva-campana-celebra-fuerza-individualidad-mujer\/#breadcrumb"},"inLanguage":"es-MX","potentialAction":[{"@type":"ReadAction","target":["https:\/\/graziamagazine.com\/mx\/articles\/alexander-mcqueen-presenta-nueva-campana-celebra-fuerza-individualidad-mujer\/"]}]},{"@type":"BreadcrumbList","@id":"https:\/\/graziamagazine.com\/mx\/articles\/alexander-mcqueen-presenta-nueva-campana-celebra-fuerza-individualidad-mujer\/#breadcrumb","itemListElement":[{"@type":"ListItem","position":1,"name":"Home","item":"https:\/\/graziamagazine.com\/mx\/"},{"@type":"ListItem","position":2,"name":"Alexander McQueen presenta nueva campa\u00f1a que celebra la fuerza e individualidad de la mujer"}]},{"@type":"WebSite","@id":"https:\/\/graziamagazine.com\/mx\/#website","url":"https:\/\/graziamagazine.com\/mx\/","name":"Grazia M\u00e9xico y Latinoam\u00e9rica","description":"Grazia es moda, belleza y noticias  de actualidad ","potentialAction":[{"@type":"SearchAction","target":{"@type":"EntryPoint","urlTemplate":"https:\/\/graziamagazine.com\/mx\/?s={search_term_string}"},"query-input":"required name=search_term_string"}],"inLanguage":"es-MX"}]}},"jetpack_sharing_enabled":true,"distributor_meta":false,"distributor_terms":false,"distributor_media":false,"distributor_original_site_name":"Grazia M\u00e9xico y Latinoam\u00e9rica","distributor_original_site_url":"https:\/\/graziamagazine.com\/mx","push-errors":false,"_links":{"self":[{"href":"https:\/\/graziamagazine.com\/mx\/wp-json\/wp\/v2\/articles\/121940"}],"collection":[{"href":"https:\/\/graziamagazine.com\/mx\/wp-json\/wp\/v2\/articles"}],"about":[{"href":"https:\/\/graziamagazine.com\/mx\/wp-json\/wp\/v2\/types\/articles"}],"author":[{"embeddable":true,"href":"https:\/\/graziamagazine.com\/mx\/wp-json\/wp\/v2\/users\/36289"}],"wp:featuredmedia":[{"embeddable":true,"href":"https:\/\/graziamagazine.com\/mx\/wp-json\/wp\/v2\/media\/121945"}],"wp:attachment":[{"href":"https:\/\/graziamagazine.com\/mx\/wp-json\/wp\/v2\/media?parent=121940"}],"wp:term":[{"taxonomy":"category","embeddable":true,"href":"https:\/\/graziamagazine.com\/mx\/wp-json\/wp\/v2\/categories?post=121940"}],"curies":[{"name":"wp","href":"https:\/\/api.w.org\/{rel}","templated":true}]}}