{"id":121782,"date":"2023-02-15T18:32:43","date_gmt":"2023-02-15T23:32:43","guid":{"rendered":"https:\/\/graziamagazine.com\/mx\/?post_type=articles&#038;p=121782"},"modified":"2023-02-15T18:39:15","modified_gmt":"2023-02-15T23:39:15","slug":"chris-evans-alba-baptista-protagonistas-san-valentin-instagram","status":"publish","type":"articles","link":"https:\/\/graziamagazine.com\/mx\/articles\/chris-evans-alba-baptista-protagonistas-san-valentin-instagram\/","title":{"rendered":"Chris Evans y Alba Baptista: los protagonistas de San Valentin en Instagram"},"content":{"rendered":"<p><span style=\"font-weight: 400\">Para unirse a la celebraci\u00f3n de <\/span><b>San Valentin<\/b><span style=\"font-weight: 400\">, <\/span><b>Chris Evans<\/b><span style=\"font-weight: 400\"> comparti\u00f3 a trav\u00e9s de su cuenta de <\/span><b>Instagram<\/b><span style=\"font-weight: 400\"> un video conformado por varias fotos junto a su novia <\/span><b>Alba Baptista<\/b><span style=\"font-weight: 400\">, en donde se les puede ver muy felices disfrutando de momentos en pareja.<\/span><\/p>\n<p><span style=\"font-weight: 400\">El actor de 41 a\u00f1os, que ha dado vida al <\/span><b>Capit\u00e1n Am\u00e9rica<\/b><span style=\"font-weight: 400\"> y que es considerado uno de los hombres m\u00e1s atractivos y codiciados de <\/span><b>Hollywood<\/b><span style=\"font-weight: 400\">, ha compartido con todos sus seguidores la relaci\u00f3n que ahora tiene con la actriz de 25 a\u00f1os.<\/span><\/p>\n<figure id=\"attachment_121786\" aria-describedby=\"caption-attachment-121786\" style=\"width: 444px\" class=\"wp-caption alignnone\"><img loading=\"lazy\" decoding=\"async\" class=\"size-medium wp-image-121786\" src=\"https:\/\/graziamagazine.com\/mx\/wp-content\/uploads\/sites\/13\/2023\/02\/WhatsApp-Image-2023-02-15-at-13.23.58.jpeg?w=444\" alt=\"\" width=\"444\" height=\"450\" \/><figcaption id=\"caption-attachment-121786\" class=\"wp-caption-text\">Instagram<\/figcaption><\/figure>\n<p><span style=\"font-weight: 400\">A pesar de los 16 a\u00f1os de diferencia entre ambos, la pareja ha demostrado que esto no es un impedimento para tener una relaci\u00f3n llena de qu\u00edmica, pues juntos se divierten como ni\u00f1os jugando <\/span><b><i>Super Mario Bros 3<\/i><\/b><span style=\"font-weight: 400\">, el pasatiempo favorito del actor.\u00a0<\/span><\/p>\n<p><span style=\"font-weight: 400\">\u201cElla odia este video, pero yo lo amo\u201d, escribi\u00f3 Chris en el video que le tom\u00f3 a su novia mientras ella jugaba entretenidamente el famoso videojuego.<\/span><\/p>\n<figure id=\"attachment_121785\" aria-describedby=\"caption-attachment-121785\" style=\"width: 450px\" class=\"wp-caption alignnone\"><img loading=\"lazy\" decoding=\"async\" class=\"size-medium wp-image-121785\" src=\"https:\/\/graziamagazine.com\/mx\/wp-content\/uploads\/sites\/13\/2023\/02\/WhatsApp-Image-2023-02-15-at-13.23.59-e1676504175694.jpeg?w=450\" alt=\"\" width=\"450\" height=\"331\" \/><figcaption id=\"caption-attachment-121785\" class=\"wp-caption-text\">Instagram<\/figcaption><\/figure>\n<p><span style=\"font-weight: 400\">Alba es una actriz portuguesa que debut\u00f3 como actriz profesional en 2012, con el cortometraje portugu\u00e9s <\/span><b><i>Amanh\u00e3 \u00e9 um Novo Dia<\/i><\/b><span style=\"font-weight: 400\"> y en 2014, se llev\u00f3 el galard\u00f3n a <\/span><b><i>Mejor Actriz<\/i><\/b><span style=\"font-weight: 400\"> en el <\/span><b>Festival de Cine de Irlanda<\/b><span style=\"font-weight: 400\">. Recientemente es protagonista de la serie <\/span><b><i>Warrior Nun<\/i><\/b><span style=\"font-weight: 400\">.<\/span><\/p>\n<p><span style=\"font-weight: 400\">A pesar de que el a\u00f1o pasado el actor no ten\u00eda pareja, tambi\u00e9n coment\u00f3 en una entrevista que ten\u00eda un deseo por encontrar a esa mujer indicada para formar una familia, y quien dir\u00eda que despu\u00e9s de unos pocos meses, parece haber encontrado lo que tanto deseaba.<\/span><\/p>\n<figure id=\"attachment_121783\" aria-describedby=\"caption-attachment-121783\" style=\"width: 426px\" class=\"wp-caption alignnone\"><img loading=\"lazy\" decoding=\"async\" class=\"size-medium wp-image-121783\" src=\"https:\/\/graziamagazine.com\/mx\/wp-content\/uploads\/sites\/13\/2023\/02\/WhatsApp-Image-2023-02-15-at-13.24.11.jpeg?w=426\" alt=\"\" width=\"426\" height=\"450\" \/><figcaption id=\"caption-attachment-121783\" class=\"wp-caption-text\">Instagram<\/figcaption><\/figure>\n<p><span style=\"font-weight: 400\">La reciente publicaci\u00f3n del actor caus\u00f3 un sin fin de reacciones por parte del p\u00fablico, y por supuesto que algunos corazones por ah\u00ed se rompieron con la confirmaci\u00f3n de su nuevo romance.<\/span><\/p>\n","protected":false},"author":36289,"featured_media":121785,"template":"","format":"standard","categories":[12483],"acf":[],"yoast_head":"<!-- This site is optimized with the Yoast SEO Premium plugin v18.5 (Yoast SEO v20.4) - https:\/\/yoast.com\/wordpress\/plugins\/seo\/ -->\n<title>Chris Evans y Alba Baptista: los protagonistas de San Valentin en Instagram | Grazia M\u00e9xico y Latinoam\u00e9rica<\/title>\n<meta name=\"description\" content=\"Para unirse a la celebraci\u00f3n de San Valentin, Chris Evans comparti\u00f3 a trav\u00e9s de su cuenta de Instagram un video conformado por varias fotos junto a su\" \/>\n<meta name=\"robots\" content=\"index, follow, max-snippet:-1, max-image-preview:large, max-video-preview:-1\" \/>\n<link rel=\"canonical\" href=\"https:\/\/graziamagazine.com\/mx\/articles\/chris-evans-alba-baptista-protagonistas-san-valentin-instagram\/\" \/>\n<meta property=\"og:locale\" content=\"es_MX\" \/>\n<meta property=\"og:type\" content=\"article\" \/>\n<meta property=\"og:title\" content=\"Chris Evans y Alba Baptista: los protagonistas de San Valentin en Instagram\" \/>\n<meta property=\"og:description\" content=\"Para unirse a la celebraci\u00f3n de San Valentin, Chris Evans comparti\u00f3 a trav\u00e9s de su cuenta de Instagram un video conformado por varias fotos junto a su\" \/>\n<meta property=\"og:url\" content=\"https:\/\/graziamagazine.com\/mx\/articles\/chris-evans-alba-baptista-protagonistas-san-valentin-instagram\/\" \/>\n<meta property=\"og:site_name\" content=\"Grazia M\u00e9xico y Latinoam\u00e9rica\" \/>\n<meta property=\"article:modified_time\" content=\"2023-02-15T23:39:15+00:00\" \/>\n<meta property=\"og:image\" content=\"https:\/\/graziamagazine.com\/mx\/wp-content\/uploads\/sites\/13\/2023\/02\/WhatsApp-Image-2023-02-15-at-13.23.59-e1676504175694.jpeg\" \/>\n\t<meta property=\"og:image:width\" content=\"976\" \/>\n\t<meta property=\"og:image:height\" content=\"718\" \/>\n\t<meta property=\"og:image:type\" content=\"image\/jpeg\" \/>\n<meta name=\"twitter:card\" content=\"summary_large_image\" \/>\n<meta name=\"twitter:label1\" content=\"Est. reading time\" \/>\n\t<meta name=\"twitter:data1\" content=\"2 minutos\" \/>\n<script type=\"application\/ld+json\" class=\"yoast-schema-graph\">{\"@context\":\"https:\/\/schema.org\",\"@graph\":[{\"@type\":\"WebPage\",\"@id\":\"https:\/\/graziamagazine.com\/mx\/articles\/chris-evans-alba-baptista-protagonistas-san-valentin-instagram\/\",\"url\":\"https:\/\/graziamagazine.com\/mx\/articles\/chris-evans-alba-baptista-protagonistas-san-valentin-instagram\/\",\"name\":\"Chris Evans y Alba Baptista: los protagonistas de San Valentin en Instagram | Grazia M\u00e9xico y Latinoam\u00e9rica\",\"isPartOf\":{\"@id\":\"https:\/\/graziamagazine.com\/mx\/#website\"},\"datePublished\":\"2023-02-15T23:32:43+00:00\",\"dateModified\":\"2023-02-15T23:39:15+00:00\",\"description\":\"Para unirse a la celebraci\u00f3n de San Valentin, Chris Evans comparti\u00f3 a trav\u00e9s de su cuenta de Instagram un video conformado por varias fotos junto a su\",\"breadcrumb\":{\"@id\":\"https:\/\/graziamagazine.com\/mx\/articles\/chris-evans-alba-baptista-protagonistas-san-valentin-instagram\/#breadcrumb\"},\"inLanguage\":\"es-MX\",\"potentialAction\":[{\"@type\":\"ReadAction\",\"target\":[\"https:\/\/graziamagazine.com\/mx\/articles\/chris-evans-alba-baptista-protagonistas-san-valentin-instagram\/\"]}]},{\"@type\":\"BreadcrumbList\",\"@id\":\"https:\/\/graziamagazine.com\/mx\/articles\/chris-evans-alba-baptista-protagonistas-san-valentin-instagram\/#breadcrumb\",\"itemListElement\":[{\"@type\":\"ListItem\",\"position\":1,\"name\":\"Home\",\"item\":\"https:\/\/graziamagazine.com\/mx\/\"},{\"@type\":\"ListItem\",\"position\":2,\"name\":\"Chris Evans y Alba Baptista: los protagonistas de San Valentin en Instagram\"}]},{\"@type\":\"WebSite\",\"@id\":\"https:\/\/graziamagazine.com\/mx\/#website\",\"url\":\"https:\/\/graziamagazine.com\/mx\/\",\"name\":\"Grazia M\u00e9xico y Latinoam\u00e9rica\",\"description\":\"Grazia es moda, belleza y noticias  de actualidad \",\"potentialAction\":[{\"@type\":\"SearchAction\",\"target\":{\"@type\":\"EntryPoint\",\"urlTemplate\":\"https:\/\/graziamagazine.com\/mx\/?s={search_term_string}\"},\"query-input\":\"required name=search_term_string\"}],\"inLanguage\":\"es-MX\"}]}<\/script>\n<!-- \/ Yoast SEO Premium plugin. -->","yoast_head_json":{"title":"Chris Evans y Alba Baptista: los protagonistas de San Valentin en Instagram | Grazia M\u00e9xico y Latinoam\u00e9rica","description":"Para unirse a la celebraci\u00f3n de San Valentin, Chris Evans comparti\u00f3 a trav\u00e9s de su cuenta de Instagram un video conformado por varias fotos junto a su","robots":{"index":"index","follow":"follow","max-snippet":"max-snippet:-1","max-image-preview":"max-image-preview:large","max-video-preview":"max-video-preview:-1"},"canonical":"https:\/\/graziamagazine.com\/mx\/articles\/chris-evans-alba-baptista-protagonistas-san-valentin-instagram\/","og_locale":"es_MX","og_type":"article","og_title":"Chris Evans y Alba Baptista: los protagonistas de San Valentin en Instagram","og_description":"Para unirse a la celebraci\u00f3n de San Valentin, Chris Evans comparti\u00f3 a trav\u00e9s de su cuenta de Instagram un video conformado por varias fotos junto a su","og_url":"https:\/\/graziamagazine.com\/mx\/articles\/chris-evans-alba-baptista-protagonistas-san-valentin-instagram\/","og_site_name":"Grazia M\u00e9xico y Latinoam\u00e9rica","article_modified_time":"2023-02-15T23:39:15+00:00","og_image":[{"width":976,"height":718,"url":"https:\/\/graziamagazine.com\/mx\/wp-content\/uploads\/sites\/13\/2023\/02\/WhatsApp-Image-2023-02-15-at-13.23.59-e1676504175694.jpeg","type":"image\/jpeg"}],"twitter_card":"summary_large_image","twitter_misc":{"Est. reading time":"2 minutos"},"schema":{"@context":"https:\/\/schema.org","@graph":[{"@type":"WebPage","@id":"https:\/\/graziamagazine.com\/mx\/articles\/chris-evans-alba-baptista-protagonistas-san-valentin-instagram\/","url":"https:\/\/graziamagazine.com\/mx\/articles\/chris-evans-alba-baptista-protagonistas-san-valentin-instagram\/","name":"Chris Evans y Alba Baptista: los protagonistas de San Valentin en Instagram | Grazia M\u00e9xico y Latinoam\u00e9rica","isPartOf":{"@id":"https:\/\/graziamagazine.com\/mx\/#website"},"datePublished":"2023-02-15T23:32:43+00:00","dateModified":"2023-02-15T23:39:15+00:00","description":"Para unirse a la celebraci\u00f3n de San Valentin, Chris Evans comparti\u00f3 a trav\u00e9s de su cuenta de Instagram un video conformado por varias fotos junto a su","breadcrumb":{"@id":"https:\/\/graziamagazine.com\/mx\/articles\/chris-evans-alba-baptista-protagonistas-san-valentin-instagram\/#breadcrumb"},"inLanguage":"es-MX","potentialAction":[{"@type":"ReadAction","target":["https:\/\/graziamagazine.com\/mx\/articles\/chris-evans-alba-baptista-protagonistas-san-valentin-instagram\/"]}]},{"@type":"BreadcrumbList","@id":"https:\/\/graziamagazine.com\/mx\/articles\/chris-evans-alba-baptista-protagonistas-san-valentin-instagram\/#breadcrumb","itemListElement":[{"@type":"ListItem","position":1,"name":"Home","item":"https:\/\/graziamagazine.com\/mx\/"},{"@type":"ListItem","position":2,"name":"Chris Evans y Alba Baptista: los protagonistas de San Valentin en Instagram"}]},{"@type":"WebSite","@id":"https:\/\/graziamagazine.com\/mx\/#website","url":"https:\/\/graziamagazine.com\/mx\/","name":"Grazia M\u00e9xico y Latinoam\u00e9rica","description":"Grazia es moda, belleza y noticias  de actualidad ","potentialAction":[{"@type":"SearchAction","target":{"@type":"EntryPoint","urlTemplate":"https:\/\/graziamagazine.com\/mx\/?s={search_term_string}"},"query-input":"required name=search_term_string"}],"inLanguage":"es-MX"}]}},"jetpack_sharing_enabled":true,"distributor_meta":false,"distributor_terms":false,"distributor_media":false,"distributor_original_site_name":"Grazia M\u00e9xico y Latinoam\u00e9rica","distributor_original_site_url":"https:\/\/graziamagazine.com\/mx","push-errors":false,"_links":{"self":[{"href":"https:\/\/graziamagazine.com\/mx\/wp-json\/wp\/v2\/articles\/121782"}],"collection":[{"href":"https:\/\/graziamagazine.com\/mx\/wp-json\/wp\/v2\/articles"}],"about":[{"href":"https:\/\/graziamagazine.com\/mx\/wp-json\/wp\/v2\/types\/articles"}],"author":[{"embeddable":true,"href":"https:\/\/graziamagazine.com\/mx\/wp-json\/wp\/v2\/users\/36289"}],"wp:featuredmedia":[{"embeddable":true,"href":"https:\/\/graziamagazine.com\/mx\/wp-json\/wp\/v2\/media\/121785"}],"wp:attachment":[{"href":"https:\/\/graziamagazine.com\/mx\/wp-json\/wp\/v2\/media?parent=121782"}],"wp:term":[{"taxonomy":"category","embeddable":true,"href":"https:\/\/graziamagazine.com\/mx\/wp-json\/wp\/v2\/categories?post=121782"}],"curies":[{"name":"wp","href":"https:\/\/api.w.org\/{rel}","templated":true}]}}