{"id":121592,"date":"2023-02-10T11:33:36","date_gmt":"2023-02-10T16:33:36","guid":{"rendered":"https:\/\/graziamagazine.com\/mx\/?post_type=articles&#038;p=121592"},"modified":"2023-02-12T13:04:36","modified_gmt":"2023-02-12T18:04:36","slug":"bimba-y-lola-lanzan-su-primera-coleccion-de-accesorios-para-perros","status":"publish","type":"articles","link":"https:\/\/graziamagazine.com\/mx\/articles\/bimba-y-lola-lanzan-su-primera-coleccion-de-accesorios-para-perros\/","title":{"rendered":"Bimba y Lola lanza su primera colecci\u00f3n de accesorios para perros"},"content":{"rendered":"<p><span style=\"font-weight: 400\"><strong>Bimba y Lola<\/strong>, la marca espa\u00f1ola de ropa y accesorios, ha lanzado una colecci\u00f3n divina para poner guapos a nuestros seres amados m\u00e1s fieles y cari\u00f1osos: los perros.\u00a0<\/span><\/p>\n<p><img loading=\"lazy\" decoding=\"async\" class=\"aligncenter wp-image-121595 size-large\" src=\"https:\/\/graziamagazine.com\/mx\/wp-content\/uploads\/sites\/13\/2023\/02\/ESPECIAL_231-ACCESORIOS_PERRO-1048.jpg?w=683\" alt=\"\" width=\"683\" height=\"1024\" \/><\/p>\n<p><span style=\"font-weight: 400\">Con <strong>The Bimba Dog Collection<\/strong>, la marca rinde homenaje a estos bellos seres a trav\u00e9s de accesorios que combinan perfectamente con el outfit de sus humanos. \u00bfAs\u00ed o mejor?<\/span><\/p>\n<p><img loading=\"lazy\" decoding=\"async\" class=\"aligncenter wp-image-121593 size-large\" src=\"https:\/\/graziamagazine.com\/mx\/wp-content\/uploads\/sites\/13\/2023\/02\/ESPECIAL_231-ACCESORIOS_PERRO-1272.jpg?w=683\" alt=\"\" width=\"683\" height=\"1024\" \/><\/p>\n<p><span style=\"font-weight: 400\">\u201cSolo a unos pocos se les olvida que BIMBA Y LOLA le debe su nombre a los que fueron los amigos perrunos de las fundadoras de la casa, que desde sus inicios han mostrado a su comunidad el amor que profesan por sus compa\u00f1eros de cuatro patas\u201d, explica la marca en un comunicado.<\/span><\/p>\n<p><img loading=\"lazy\" decoding=\"async\" class=\"aligncenter wp-image-121594 size-large\" src=\"https:\/\/graziamagazine.com\/mx\/wp-content\/uploads\/sites\/13\/2023\/02\/ESPECIAL_231-ACCESORIOS_PERRO-0696.jpg?w=683\" alt=\"\" width=\"683\" height=\"1024\" \/><\/p>\n<p><span style=\"font-weight: 400\">La peque\u00f1a colecci\u00f3n se compone de tres collares, tres correas y dos bebederos plegables para perros, que complementan una selecci\u00f3n de bufandas, gorros y camisetas de rayas de colores para los due\u00f1os de las mascotas.\u00a0<\/span><\/p>\n<p><img loading=\"lazy\" decoding=\"async\" class=\"aligncenter wp-image-121596 size-large\" src=\"https:\/\/graziamagazine.com\/mx\/wp-content\/uploads\/sites\/13\/2023\/02\/ESPECIAL_231-ACCESORIOS_PERRO-1008.jpg?w=683\" alt=\"\" width=\"683\" height=\"1024\" \/><\/p>\n<p><span style=\"font-weight: 400\">Fundado por <strong>Ux\u00eda Dom\u00ednguez Rodr\u00edguez y Mar\u00eda Dom\u00ednguez Rodr\u00edguez<\/strong>, Bimba y Lola es un grupo multidisciplinario de personas que difunden el arte y la cultura a trav\u00e9s de la moda. \u201cCreemos en la creatividad y su poder para dar forma a un mundo mejor. Creatividad solo para uso externo e interno. Creatividad para todos y cada uno. Profundamente fresco, seriamente juguet\u00f3n\u201d, se define la marca.<\/span><\/p>\n<p style=\"text-align: center\"><img loading=\"lazy\" decoding=\"async\" class=\"alignnone wp-image-121597 size-large\" src=\"https:\/\/graziamagazine.com\/mx\/wp-content\/uploads\/sites\/13\/2023\/02\/ESPECIAL_231-ACCESORIOS_PERRO-0992.jpg?w=683\" alt=\"\" width=\"683\" height=\"1024\" \/><\/p>\n<p style=\"text-align: left\"><span style=\"font-weight: 400\">\u00bfLista para uniformarte con tu amor perruno?<\/span><\/p>\n","protected":false},"author":11628,"featured_media":121599,"template":"","format":"standard","categories":[4],"acf":[],"yoast_head":"<!-- This site is optimized with the Yoast SEO Premium plugin v18.5 (Yoast SEO v20.4) - https:\/\/yoast.com\/wordpress\/plugins\/seo\/ -->\n<title>Bimba y Lola lanza su primera colecci\u00f3n de accesorios para perros | Grazia M\u00e9xico y Latinoam\u00e9rica<\/title>\n<meta name=\"description\" content=\"Bimba y Lola, la marca espa\u00f1ola de ropa y accesorios, ha lanzado una colecci\u00f3n divina para poner guapos a nuestros seres amados m\u00e1s fieles y cari\u00f1osos:\" \/>\n<meta name=\"robots\" content=\"index, follow, max-snippet:-1, max-image-preview:large, max-video-preview:-1\" \/>\n<link rel=\"canonical\" href=\"https:\/\/graziamagazine.com\/mx\/articles\/bimba-y-lola-lanzan-su-primera-coleccion-de-accesorios-para-perros\/\" \/>\n<meta property=\"og:locale\" content=\"es_MX\" \/>\n<meta property=\"og:type\" content=\"article\" \/>\n<meta property=\"og:title\" content=\"Bimba y Lola lanza su primera colecci\u00f3n de accesorios para perros\" \/>\n<meta property=\"og:description\" content=\"Bimba y Lola, la marca espa\u00f1ola de ropa y accesorios, ha lanzado una colecci\u00f3n divina para poner guapos a nuestros seres amados m\u00e1s fieles y cari\u00f1osos:\" \/>\n<meta property=\"og:url\" content=\"https:\/\/graziamagazine.com\/mx\/articles\/bimba-y-lola-lanzan-su-primera-coleccion-de-accesorios-para-perros\/\" \/>\n<meta property=\"og:site_name\" content=\"Grazia M\u00e9xico y Latinoam\u00e9rica\" \/>\n<meta property=\"article:modified_time\" content=\"2023-02-12T18:04:36+00:00\" \/>\n<meta property=\"og:image\" content=\"https:\/\/graziamagazine.com\/mx\/wp-content\/uploads\/sites\/13\/2023\/02\/Captura-de-Pantalla-2023-02-10-a-las-9.38.12.png\" \/>\n\t<meta property=\"og:image:width\" content=\"487\" \/>\n\t<meta property=\"og:image:height\" content=\"324\" \/>\n\t<meta property=\"og:image:type\" content=\"image\/png\" \/>\n<meta name=\"twitter:card\" content=\"summary_large_image\" \/>\n<meta name=\"twitter:label1\" content=\"Est. reading time\" \/>\n\t<meta name=\"twitter:data1\" content=\"2 minutos\" \/>\n<script type=\"application\/ld+json\" class=\"yoast-schema-graph\">{\"@context\":\"https:\/\/schema.org\",\"@graph\":[{\"@type\":\"WebPage\",\"@id\":\"https:\/\/graziamagazine.com\/mx\/articles\/bimba-y-lola-lanzan-su-primera-coleccion-de-accesorios-para-perros\/\",\"url\":\"https:\/\/graziamagazine.com\/mx\/articles\/bimba-y-lola-lanzan-su-primera-coleccion-de-accesorios-para-perros\/\",\"name\":\"Bimba y Lola lanza su primera colecci\u00f3n de accesorios para perros | Grazia M\u00e9xico y Latinoam\u00e9rica\",\"isPartOf\":{\"@id\":\"https:\/\/graziamagazine.com\/mx\/#website\"},\"datePublished\":\"2023-02-10T16:33:36+00:00\",\"dateModified\":\"2023-02-12T18:04:36+00:00\",\"description\":\"Bimba y Lola, la marca espa\u00f1ola de ropa y accesorios, ha lanzado una colecci\u00f3n divina para poner guapos a nuestros seres amados m\u00e1s fieles y cari\u00f1osos:\",\"breadcrumb\":{\"@id\":\"https:\/\/graziamagazine.com\/mx\/articles\/bimba-y-lola-lanzan-su-primera-coleccion-de-accesorios-para-perros\/#breadcrumb\"},\"inLanguage\":\"es-MX\",\"potentialAction\":[{\"@type\":\"ReadAction\",\"target\":[\"https:\/\/graziamagazine.com\/mx\/articles\/bimba-y-lola-lanzan-su-primera-coleccion-de-accesorios-para-perros\/\"]}]},{\"@type\":\"BreadcrumbList\",\"@id\":\"https:\/\/graziamagazine.com\/mx\/articles\/bimba-y-lola-lanzan-su-primera-coleccion-de-accesorios-para-perros\/#breadcrumb\",\"itemListElement\":[{\"@type\":\"ListItem\",\"position\":1,\"name\":\"Home\",\"item\":\"https:\/\/graziamagazine.com\/mx\/\"},{\"@type\":\"ListItem\",\"position\":2,\"name\":\"Bimba y Lola lanza su primera colecci\u00f3n de accesorios para perros\"}]},{\"@type\":\"WebSite\",\"@id\":\"https:\/\/graziamagazine.com\/mx\/#website\",\"url\":\"https:\/\/graziamagazine.com\/mx\/\",\"name\":\"Grazia M\u00e9xico y Latinoam\u00e9rica\",\"description\":\"Grazia es moda, belleza y noticias  de actualidad \",\"potentialAction\":[{\"@type\":\"SearchAction\",\"target\":{\"@type\":\"EntryPoint\",\"urlTemplate\":\"https:\/\/graziamagazine.com\/mx\/?s={search_term_string}\"},\"query-input\":\"required name=search_term_string\"}],\"inLanguage\":\"es-MX\"}]}<\/script>\n<!-- \/ Yoast SEO Premium plugin. -->","yoast_head_json":{"title":"Bimba y Lola lanza su primera colecci\u00f3n de accesorios para perros | Grazia M\u00e9xico y Latinoam\u00e9rica","description":"Bimba y Lola, la marca espa\u00f1ola de ropa y accesorios, ha lanzado una colecci\u00f3n divina para poner guapos a nuestros seres amados m\u00e1s fieles y cari\u00f1osos:","robots":{"index":"index","follow":"follow","max-snippet":"max-snippet:-1","max-image-preview":"max-image-preview:large","max-video-preview":"max-video-preview:-1"},"canonical":"https:\/\/graziamagazine.com\/mx\/articles\/bimba-y-lola-lanzan-su-primera-coleccion-de-accesorios-para-perros\/","og_locale":"es_MX","og_type":"article","og_title":"Bimba y Lola lanza su primera colecci\u00f3n de accesorios para perros","og_description":"Bimba y Lola, la marca espa\u00f1ola de ropa y accesorios, ha lanzado una colecci\u00f3n divina para poner guapos a nuestros seres amados m\u00e1s fieles y cari\u00f1osos:","og_url":"https:\/\/graziamagazine.com\/mx\/articles\/bimba-y-lola-lanzan-su-primera-coleccion-de-accesorios-para-perros\/","og_site_name":"Grazia M\u00e9xico y Latinoam\u00e9rica","article_modified_time":"2023-02-12T18:04:36+00:00","og_image":[{"width":487,"height":324,"url":"https:\/\/graziamagazine.com\/mx\/wp-content\/uploads\/sites\/13\/2023\/02\/Captura-de-Pantalla-2023-02-10-a-las-9.38.12.png","type":"image\/png"}],"twitter_card":"summary_large_image","twitter_misc":{"Est. reading time":"2 minutos"},"schema":{"@context":"https:\/\/schema.org","@graph":[{"@type":"WebPage","@id":"https:\/\/graziamagazine.com\/mx\/articles\/bimba-y-lola-lanzan-su-primera-coleccion-de-accesorios-para-perros\/","url":"https:\/\/graziamagazine.com\/mx\/articles\/bimba-y-lola-lanzan-su-primera-coleccion-de-accesorios-para-perros\/","name":"Bimba y Lola lanza su primera colecci\u00f3n de accesorios para perros | Grazia M\u00e9xico y Latinoam\u00e9rica","isPartOf":{"@id":"https:\/\/graziamagazine.com\/mx\/#website"},"datePublished":"2023-02-10T16:33:36+00:00","dateModified":"2023-02-12T18:04:36+00:00","description":"Bimba y Lola, la marca espa\u00f1ola de ropa y accesorios, ha lanzado una colecci\u00f3n divina para poner guapos a nuestros seres amados m\u00e1s fieles y cari\u00f1osos:","breadcrumb":{"@id":"https:\/\/graziamagazine.com\/mx\/articles\/bimba-y-lola-lanzan-su-primera-coleccion-de-accesorios-para-perros\/#breadcrumb"},"inLanguage":"es-MX","potentialAction":[{"@type":"ReadAction","target":["https:\/\/graziamagazine.com\/mx\/articles\/bimba-y-lola-lanzan-su-primera-coleccion-de-accesorios-para-perros\/"]}]},{"@type":"BreadcrumbList","@id":"https:\/\/graziamagazine.com\/mx\/articles\/bimba-y-lola-lanzan-su-primera-coleccion-de-accesorios-para-perros\/#breadcrumb","itemListElement":[{"@type":"ListItem","position":1,"name":"Home","item":"https:\/\/graziamagazine.com\/mx\/"},{"@type":"ListItem","position":2,"name":"Bimba y Lola lanza su primera colecci\u00f3n de accesorios para perros"}]},{"@type":"WebSite","@id":"https:\/\/graziamagazine.com\/mx\/#website","url":"https:\/\/graziamagazine.com\/mx\/","name":"Grazia M\u00e9xico y Latinoam\u00e9rica","description":"Grazia es moda, belleza y noticias  de actualidad ","potentialAction":[{"@type":"SearchAction","target":{"@type":"EntryPoint","urlTemplate":"https:\/\/graziamagazine.com\/mx\/?s={search_term_string}"},"query-input":"required name=search_term_string"}],"inLanguage":"es-MX"}]}},"jetpack_sharing_enabled":true,"distributor_meta":false,"distributor_terms":false,"distributor_media":false,"distributor_original_site_name":"Grazia M\u00e9xico y Latinoam\u00e9rica","distributor_original_site_url":"https:\/\/graziamagazine.com\/mx","push-errors":false,"_links":{"self":[{"href":"https:\/\/graziamagazine.com\/mx\/wp-json\/wp\/v2\/articles\/121592"}],"collection":[{"href":"https:\/\/graziamagazine.com\/mx\/wp-json\/wp\/v2\/articles"}],"about":[{"href":"https:\/\/graziamagazine.com\/mx\/wp-json\/wp\/v2\/types\/articles"}],"author":[{"embeddable":true,"href":"https:\/\/graziamagazine.com\/mx\/wp-json\/wp\/v2\/users\/11628"}],"wp:featuredmedia":[{"embeddable":true,"href":"https:\/\/graziamagazine.com\/mx\/wp-json\/wp\/v2\/media\/121599"}],"wp:attachment":[{"href":"https:\/\/graziamagazine.com\/mx\/wp-json\/wp\/v2\/media?parent=121592"}],"wp:term":[{"taxonomy":"category","embeddable":true,"href":"https:\/\/graziamagazine.com\/mx\/wp-json\/wp\/v2\/categories?post=121592"}],"curies":[{"name":"wp","href":"https:\/\/api.w.org\/{rel}","templated":true}]}}