{"id":121534,"date":"2023-02-08T21:23:26","date_gmt":"2023-02-09T02:23:26","guid":{"rendered":"https:\/\/graziamagazine.com\/mx\/?post_type=articles&#038;p=121534"},"modified":"2023-02-08T21:52:26","modified_gmt":"2023-02-09T02:52:26","slug":"alabanzas-la-nueva-exposicion-de-bosco-sodi","status":"publish","type":"articles","link":"https:\/\/graziamagazine.com\/mx\/articles\/alabanzas-la-nueva-exposicion-de-bosco-sodi\/","title":{"rendered":"Alabanzas, la nueva exposici\u00f3n de Bosco Sodi"},"content":{"rendered":"<p>En su nueva exposici\u00f3n <a href=\"https:\/\/www.boscosodi.com\/\" target=\"_blank\"><strong>Bosco Sodi<\/strong> <\/a>muestra la obra que hizo durante la pandemia. Cuando se desat\u00f3 esta emergencia mundial el artista estaba en <strong>Nueva York<\/strong>. Decidi\u00f3 viajar a <a href=\"https:\/\/casawabi.org\/\" target=\"_blank\"><strong>Casa Wabi<\/strong><\/a> &#8211; la residencia de artistas y hogar del estudio de arte de Sodi en Puerto Escondido, Oaxaca.<\/p>\n<figure id=\"attachment_121536\" aria-describedby=\"caption-attachment-121536\" style=\"width: 369px\" class=\"wp-caption alignnone\"><img loading=\"lazy\" decoding=\"async\" class=\"wp-image-121536 size-medium\" src=\"https:\/\/graziamagazine.com\/mx\/wp-content\/uploads\/sites\/13\/2023\/02\/17_Bosco_Sodi_Alabanzas.jpg?w=369\" alt=\"\" width=\"369\" height=\"450\" \/><figcaption id=\"caption-attachment-121536\" class=\"wp-caption-text\">Retrato de Bosco Sodi en su exposici\u00f3n \u201cAlabanzas\u201d en Galer\u00eda Hilario Galguera, M\u00e9xico. \u00a9 Galer\u00eda Hilario Galguera. Fotograf\u00eda por Jos\u00e9 Rodr\u00edguez y Eduardo Rodr\u00edguez.<\/figcaption><\/figure>\n<p>Se instal\u00f3 con su familia en Casa Wabi. Los artistas que estaban haciendo su residencia art\u00edstica en la costa de Oaxaca tambi\u00e9n se fueron de regreso a sus pa\u00edses. Estos cinco meses y medio de trabajo son considerados por Sodi como una primera etapa creativa. La segunda transcurri\u00f3 despu\u00e9s, al volver a un Nueva York pr\u00e1cticamente desierto.<\/p>\n<figure id=\"attachment_121537\" aria-describedby=\"caption-attachment-121537\" style=\"width: 450px\" class=\"wp-caption alignnone\"><img loading=\"lazy\" decoding=\"async\" class=\"size-medium wp-image-121537\" src=\"https:\/\/graziamagazine.com\/mx\/wp-content\/uploads\/sites\/13\/2023\/02\/1_Bosco_Sodi_Alabanzas.jpg?w=450\" alt=\"\" width=\"450\" height=\"300\" \/><figcaption id=\"caption-attachment-121537\" class=\"wp-caption-text\">Detalle de la exposici\u00f3n \u201cAlabanzas\u201d de Bosco Sodi en Galer\u00eda Hilario Galguera, M\u00e9xico.<br \/>\u00a9 Galer\u00eda Hilario Galguera. Fotograf\u00eda por Jos\u00e9 Rodr\u00edguez y Eduardo Rodr\u00edguez.<\/figcaption><\/figure>\n<p>\u201cCreo que la pandemia nos ense\u00f1\u00f3\u00a0a todos\u00a0la parte curativa y de sanaci\u00f3n del arte. Fue muy evidente. Unos la vivieron con m\u00fasica, libros y pel\u00edculas. Pero creo que para todos sirvi\u00f3 como herramienta\u201d, afirma Sodi.<\/p>\n<p><span style=\"font-family: -apple-system, BlinkMacSystemFont, 'Segoe UI', Roboto, Oxygen-Sans, Ubuntu, Cantarell, 'Helvetica Neue', sans-serif;font-size: 16px\">Para el artista <\/span><strong style=\"font-family: -apple-system, BlinkMacSystemFont, 'Segoe UI', Roboto, Oxygen-Sans, Ubuntu, Cantarell, 'Helvetica Neue', sans-serif;font-size: 16px\">Alabanzas<\/strong><span style=\"font-family: -apple-system, BlinkMacSystemFont, 'Segoe UI', Roboto, Oxygen-Sans, Ubuntu, Cantarell, 'Helvetica Neue', sans-serif;font-size: 16px\"> analiza la esencia de nuestra condici\u00f3n humana, reconociendo nuestro v\u00ednculo terrenal, pero a la vez, enalteciendo todo aquello que es sagrado. \u201cLa obra est\u00e1 en constante cambio. El nacimiento y la muerte nos hace entender la temporalidad del ser humano en la tierra. Por otra pa<\/span><span style=\"font-family: -apple-system, BlinkMacSystemFont, 'Segoe UI', Roboto, Oxygen-Sans, Ubuntu, Cantarell, 'Helvetica Neue', sans-serif\">rte, es una alabanza al poder sanatorio y curativo del arte\u201d, asegura.<\/span><\/p>\n<figure id=\"attachment_121542\" aria-describedby=\"caption-attachment-121542\" style=\"width: 450px\" class=\"wp-caption alignnone\"><img loading=\"lazy\" decoding=\"async\" class=\"wp-image-121542 size-medium\" src=\"https:\/\/graziamagazine.com\/mx\/wp-content\/uploads\/sites\/13\/2023\/02\/6_Bosco_Sodi_Alabanzas.jpg?w=450\" alt=\"\" width=\"450\" height=\"300\" \/><figcaption id=\"caption-attachment-121542\" class=\"wp-caption-text\">Detalle de la exposici\u00f3n \u201cAlabanzas\u201d de Bosco Sodi en Galer\u00eda Hilario Galguera, M\u00e9xico. \u00a9 Galer\u00eda Hilario Galguera. Fotograf\u00eda por Jos\u00e9 Rodr\u00edguez y Eduardo Rodr\u00edguez.<\/figcaption><\/figure>\n<p>El t\u00edtulo de su cuarta exposici\u00f3n individual en la Galeri\u0301a Hilario Galguera es un tanto abstracto.\u00a0Al estar totalmente aislado en Nueva York ten\u00eda pocos recursos para trabajar. No\u00a0consegu\u00eda materiales, por lo que se tuvo que valer de lo que ten\u00eda en su estudio, que eran pigmentos rojos y grises.<\/p>\n<figure id=\"attachment_121539\" aria-describedby=\"caption-attachment-121539\" style=\"width: 450px\" class=\"wp-caption alignnone\"><img loading=\"lazy\" decoding=\"async\" class=\"wp-image-121539 size-medium\" src=\"https:\/\/graziamagazine.com\/mx\/wp-content\/uploads\/sites\/13\/2023\/02\/4_Bosco_Sodi_Alabanzas.jpg?w=450\" alt=\"\" width=\"450\" height=\"300\" \/><figcaption id=\"caption-attachment-121539\" class=\"wp-caption-text\">Detalle de la exposici\u00f3n \u201cAlabanzas\u201d de Bosco Sodi en Galer\u00eda Hilario Galguera, M\u00e9xico. \u00a9 Galer\u00eda Hilario Galguera. Fotograf\u00eda por Jos\u00e9 Rodr\u00edguez y Eduardo Rodr\u00edguez.<\/figcaption><\/figure>\n<p>Sus piezas m\u00e1s emblem\u00e1ticas son creadas aplicando a mano una mezcla de pigmento, aserr\u00edn, pegamento y agua sobre el lienzo. Durante el secado las obras se transforman de manera natural pues se crean grietas y texturas que no son controladas.<\/p>\n<p>El artista realiz\u00f3 una especie de<strong> \u201cherida\u201d<\/strong> a sus obras. \u201cSin ning\u00fan razonamiento ten\u00eda unas ramas que me hab\u00eda tra\u00eddo del bosque y decido rajar esta obra roja. Entiendo esta parte de desesperaci\u00f3n e incertidumbre. Pero al mismo tiempo siento que el que est\u00e9 rajado causa una especie de cicatriz y al mismo tiempo nos ense\u00f1a las entra\u00f1as de la obra y la vuelve a\u00fan m\u00e1s objeto. Decid\u00ed hacer una serie de cuadros con cicatrices, rasgados con gestos que rompen la est\u00e9tica que normalmente hab\u00eda hecho\u201d, coment\u00f3 Sodi.<\/p>\n<figure id=\"attachment_121543\" aria-describedby=\"caption-attachment-121543\" style=\"width: 300px\" class=\"wp-caption alignnone\"><img loading=\"lazy\" decoding=\"async\" class=\"size-medium wp-image-121543\" src=\"https:\/\/graziamagazine.com\/mx\/wp-content\/uploads\/sites\/13\/2023\/02\/13_Bosco_Sodi_Alabanzas.jpg?w=300\" alt=\"\" width=\"300\" height=\"450\" \/><figcaption id=\"caption-attachment-121543\" class=\"wp-caption-text\">Bosco Sodi \u201cSin t\u00edtulo\u201d, 2022. Hoja de oro sobre saco de arpillera.<br \/>\u00a9 Galer\u00eda Hilario Galguera. Fotograf\u00eda por Jos\u00e9 Rodr\u00edguez y Eduardo Rodr\u00edguez.<\/figcaption><\/figure>\n<p>Durante el aislamiento en puerto escondido experiment\u00f3 con un nuevo material. En su exposici\u00f3n por primera vez presenta las obras realizadas en sacos de arpillera utilizando hoja de oro como pigmento.<\/p>\n<figure id=\"attachment_121538\" aria-describedby=\"caption-attachment-121538\" style=\"width: 450px\" class=\"wp-caption alignnone\"><img loading=\"lazy\" decoding=\"async\" class=\"size-medium wp-image-121538\" src=\"https:\/\/graziamagazine.com\/mx\/wp-content\/uploads\/sites\/13\/2023\/02\/15_Bosco_Sodi_Alabanzas.jpg?w=450\" alt=\"\" width=\"450\" height=\"300\" \/><figcaption id=\"caption-attachment-121538\" class=\"wp-caption-text\">Detalle de la exposici\u00f3n \u201cAlabanzas\u201d de Bosco Sodi en Galer\u00eda Hilario Galguera, M\u00e9xico.<br \/>\u00a9 Galer\u00eda Hilario Galguera. Fotograf\u00eda por Jos\u00e9 Rodr\u00edguez y Eduardo Rodr\u00edguez.<\/figcaption><\/figure>\n<p>&nbsp;<\/p>\n<p>Tambi\u00e9n muestra las esferas de arcilla cubiertas de hoja de oro. Cuando una pieza tiene dorado autom\u00e1ticamente se relaciona con algo valioso, algo divino.<\/p>\n<figure id=\"attachment_121540\" aria-describedby=\"caption-attachment-121540\" style=\"width: 450px\" class=\"wp-caption alignnone\"><img loading=\"lazy\" decoding=\"async\" class=\"wp-image-121540 size-medium\" src=\"https:\/\/graziamagazine.com\/mx\/wp-content\/uploads\/sites\/13\/2023\/02\/11_Bosco_Sodi_Alabanzas.jpg?w=450\" alt=\"\" width=\"450\" height=\"300\" \/><figcaption id=\"caption-attachment-121540\" class=\"wp-caption-text\">Vista de sala de la exposici\u00f3n \u201cAlabanzas\u201d de Bosco Sodi en Galer\u00eda Hilario Galguera, M\u00e9xico. \u00a9 Galer\u00eda Hilario Galguera. Fotograf\u00eda por Jos\u00e9 Rodr\u00edguez y Eduardo Rodr\u00edguez.<\/figcaption><\/figure>\n<p>&nbsp;<\/p>\n<p>Te recomiendo que vayas a visitar <strong>Alabanzas<\/strong> de <strong>Bosco Sodi<\/strong> en la <a href=\"https:\/\/www.galeriahilariogalguera.com\/\" target=\"_blank\"><strong>Galeri\u0301a Hilario Galguera<\/strong>.<\/a> Estar\u00e1 del 7 de febrero al 7 de abril.<\/p>\n<p>&nbsp;<\/p>\n<p>&nbsp;<\/p>\n<h5>Galer\u00eda Hilario Galguera<\/h5>\n<p>Francisco Pimientel #3, San Rafael.<\/p>\n<p>&nbsp;<\/p>\n<p>&nbsp;<\/p>\n<p>&nbsp;<\/p>\n","protected":false},"author":33326,"featured_media":121535,"template":"","format":"standard","categories":[14834],"acf":[],"yoast_head":"<!-- This site is optimized with the Yoast SEO Premium plugin v18.5 (Yoast SEO v20.4) - https:\/\/yoast.com\/wordpress\/plugins\/seo\/ -->\n<title>Alabanzas, la nueva exposici\u00f3n de Bosco Sodi<\/title>\n<meta name=\"description\" content=\"En esta exhibici\u00f3n individual La Galeria Hilario Galguera muestra la obra que realiz\u00f3 el famoso artista mexicano durante la pandemia.\" \/>\n<meta name=\"robots\" content=\"index, follow, max-snippet:-1, max-image-preview:large, max-video-preview:-1\" \/>\n<link rel=\"canonical\" href=\"https:\/\/graziamagazine.com\/mx\/articles\/alabanzas-la-nueva-exposicion-de-bosco-sodi\/\" \/>\n<meta property=\"og:locale\" content=\"es_MX\" \/>\n<meta property=\"og:type\" content=\"article\" \/>\n<meta property=\"og:title\" content=\"Alabanzas, la nueva exposici\u00f3n de Bosco Sodi\" \/>\n<meta property=\"og:description\" content=\"En esta exhibici\u00f3n individual La Galeria Hilario Galguera muestra la obra que realiz\u00f3 el famoso artista mexicano durante la pandemia.\" \/>\n<meta property=\"og:url\" content=\"https:\/\/graziamagazine.com\/mx\/articles\/alabanzas-la-nueva-exposicion-de-bosco-sodi\/\" \/>\n<meta property=\"og:site_name\" content=\"Grazia M\u00e9xico y Latinoam\u00e9rica\" \/>\n<meta property=\"article:modified_time\" content=\"2023-02-09T02:52:26+00:00\" \/>\n<meta property=\"og:image\" content=\"https:\/\/graziamagazine.com\/mx\/wp-content\/uploads\/sites\/13\/2023\/02\/Screen-Shot-2023-02-08-at-8.32.52-PM.png\" \/>\n\t<meta property=\"og:image:width\" content=\"1024\" \/>\n\t<meta property=\"og:image:height\" content=\"685\" \/>\n\t<meta property=\"og:image:type\" content=\"image\/png\" \/>\n<meta name=\"twitter:card\" content=\"summary_large_image\" \/>\n<meta name=\"twitter:label1\" content=\"Est. reading time\" \/>\n\t<meta name=\"twitter:data1\" content=\"5 minutos\" \/>\n<script type=\"application\/ld+json\" class=\"yoast-schema-graph\">{\"@context\":\"https:\/\/schema.org\",\"@graph\":[{\"@type\":\"WebPage\",\"@id\":\"https:\/\/graziamagazine.com\/mx\/articles\/alabanzas-la-nueva-exposicion-de-bosco-sodi\/\",\"url\":\"https:\/\/graziamagazine.com\/mx\/articles\/alabanzas-la-nueva-exposicion-de-bosco-sodi\/\",\"name\":\"Alabanzas, la nueva exposici\u00f3n de Bosco Sodi\",\"isPartOf\":{\"@id\":\"https:\/\/graziamagazine.com\/mx\/#website\"},\"datePublished\":\"2023-02-09T02:23:26+00:00\",\"dateModified\":\"2023-02-09T02:52:26+00:00\",\"description\":\"En esta exhibici\u00f3n individual La Galeria Hilario Galguera muestra la obra que realiz\u00f3 el famoso artista mexicano durante la pandemia.\",\"breadcrumb\":{\"@id\":\"https:\/\/graziamagazine.com\/mx\/articles\/alabanzas-la-nueva-exposicion-de-bosco-sodi\/#breadcrumb\"},\"inLanguage\":\"es-MX\",\"potentialAction\":[{\"@type\":\"ReadAction\",\"target\":[\"https:\/\/graziamagazine.com\/mx\/articles\/alabanzas-la-nueva-exposicion-de-bosco-sodi\/\"]}]},{\"@type\":\"BreadcrumbList\",\"@id\":\"https:\/\/graziamagazine.com\/mx\/articles\/alabanzas-la-nueva-exposicion-de-bosco-sodi\/#breadcrumb\",\"itemListElement\":[{\"@type\":\"ListItem\",\"position\":1,\"name\":\"Home\",\"item\":\"https:\/\/graziamagazine.com\/mx\/\"},{\"@type\":\"ListItem\",\"position\":2,\"name\":\"Alabanzas, la nueva exposici\u00f3n de Bosco Sodi\"}]},{\"@type\":\"WebSite\",\"@id\":\"https:\/\/graziamagazine.com\/mx\/#website\",\"url\":\"https:\/\/graziamagazine.com\/mx\/\",\"name\":\"Grazia M\u00e9xico y Latinoam\u00e9rica\",\"description\":\"Grazia es moda, belleza y noticias  de actualidad \",\"potentialAction\":[{\"@type\":\"SearchAction\",\"target\":{\"@type\":\"EntryPoint\",\"urlTemplate\":\"https:\/\/graziamagazine.com\/mx\/?s={search_term_string}\"},\"query-input\":\"required name=search_term_string\"}],\"inLanguage\":\"es-MX\"}]}<\/script>\n<!-- \/ Yoast SEO Premium plugin. -->","yoast_head_json":{"title":"Alabanzas, la nueva exposici\u00f3n de Bosco Sodi","description":"En esta exhibici\u00f3n individual La Galeria Hilario Galguera muestra la obra que realiz\u00f3 el famoso artista mexicano durante la pandemia.","robots":{"index":"index","follow":"follow","max-snippet":"max-snippet:-1","max-image-preview":"max-image-preview:large","max-video-preview":"max-video-preview:-1"},"canonical":"https:\/\/graziamagazine.com\/mx\/articles\/alabanzas-la-nueva-exposicion-de-bosco-sodi\/","og_locale":"es_MX","og_type":"article","og_title":"Alabanzas, la nueva exposici\u00f3n de Bosco Sodi","og_description":"En esta exhibici\u00f3n individual La Galeria Hilario Galguera muestra la obra que realiz\u00f3 el famoso artista mexicano durante la pandemia.","og_url":"https:\/\/graziamagazine.com\/mx\/articles\/alabanzas-la-nueva-exposicion-de-bosco-sodi\/","og_site_name":"Grazia M\u00e9xico y Latinoam\u00e9rica","article_modified_time":"2023-02-09T02:52:26+00:00","og_image":[{"url":"https:\/\/graziamagazine.com\/mx\/wp-content\/uploads\/sites\/13\/2023\/02\/Screen-Shot-2023-02-08-at-8.32.52-PM.png","width":1024,"height":685,"type":"image\/png"}],"twitter_card":"summary_large_image","twitter_misc":{"Est. reading time":"5 minutos"},"schema":{"@context":"https:\/\/schema.org","@graph":[{"@type":"WebPage","@id":"https:\/\/graziamagazine.com\/mx\/articles\/alabanzas-la-nueva-exposicion-de-bosco-sodi\/","url":"https:\/\/graziamagazine.com\/mx\/articles\/alabanzas-la-nueva-exposicion-de-bosco-sodi\/","name":"Alabanzas, la nueva exposici\u00f3n de Bosco Sodi","isPartOf":{"@id":"https:\/\/graziamagazine.com\/mx\/#website"},"datePublished":"2023-02-09T02:23:26+00:00","dateModified":"2023-02-09T02:52:26+00:00","description":"En esta exhibici\u00f3n individual La Galeria Hilario Galguera muestra la obra que realiz\u00f3 el famoso artista mexicano durante la pandemia.","breadcrumb":{"@id":"https:\/\/graziamagazine.com\/mx\/articles\/alabanzas-la-nueva-exposicion-de-bosco-sodi\/#breadcrumb"},"inLanguage":"es-MX","potentialAction":[{"@type":"ReadAction","target":["https:\/\/graziamagazine.com\/mx\/articles\/alabanzas-la-nueva-exposicion-de-bosco-sodi\/"]}]},{"@type":"BreadcrumbList","@id":"https:\/\/graziamagazine.com\/mx\/articles\/alabanzas-la-nueva-exposicion-de-bosco-sodi\/#breadcrumb","itemListElement":[{"@type":"ListItem","position":1,"name":"Home","item":"https:\/\/graziamagazine.com\/mx\/"},{"@type":"ListItem","position":2,"name":"Alabanzas, la nueva exposici\u00f3n de Bosco Sodi"}]},{"@type":"WebSite","@id":"https:\/\/graziamagazine.com\/mx\/#website","url":"https:\/\/graziamagazine.com\/mx\/","name":"Grazia M\u00e9xico y Latinoam\u00e9rica","description":"Grazia es moda, belleza y noticias  de actualidad ","potentialAction":[{"@type":"SearchAction","target":{"@type":"EntryPoint","urlTemplate":"https:\/\/graziamagazine.com\/mx\/?s={search_term_string}"},"query-input":"required name=search_term_string"}],"inLanguage":"es-MX"}]}},"jetpack_sharing_enabled":true,"distributor_meta":false,"distributor_terms":false,"distributor_media":false,"distributor_original_site_name":"Grazia M\u00e9xico y Latinoam\u00e9rica","distributor_original_site_url":"https:\/\/graziamagazine.com\/mx","push-errors":false,"_links":{"self":[{"href":"https:\/\/graziamagazine.com\/mx\/wp-json\/wp\/v2\/articles\/121534"}],"collection":[{"href":"https:\/\/graziamagazine.com\/mx\/wp-json\/wp\/v2\/articles"}],"about":[{"href":"https:\/\/graziamagazine.com\/mx\/wp-json\/wp\/v2\/types\/articles"}],"author":[{"embeddable":true,"href":"https:\/\/graziamagazine.com\/mx\/wp-json\/wp\/v2\/users\/33326"}],"wp:featuredmedia":[{"embeddable":true,"href":"https:\/\/graziamagazine.com\/mx\/wp-json\/wp\/v2\/media\/121535"}],"wp:attachment":[{"href":"https:\/\/graziamagazine.com\/mx\/wp-json\/wp\/v2\/media?parent=121534"}],"wp:term":[{"taxonomy":"category","embeddable":true,"href":"https:\/\/graziamagazine.com\/mx\/wp-json\/wp\/v2\/categories?post=121534"}],"curies":[{"name":"wp","href":"https:\/\/api.w.org\/{rel}","templated":true}]}}