{"id":121268,"date":"2023-02-02T10:33:46","date_gmt":"2023-02-02T15:33:46","guid":{"rendered":"https:\/\/graziamagazine.com\/mx\/?post_type=articles&#038;p=121268"},"modified":"2023-02-02T11:45:01","modified_gmt":"2023-02-02T16:45:01","slug":"atencion-beyonce-regresa-a-los-escenarios-en-una-gira-mundial","status":"publish","type":"articles","link":"https:\/\/graziamagazine.com\/mx\/articles\/atencion-beyonce-regresa-a-los-escenarios-en-una-gira-mundial\/","title":{"rendered":"\u00a1Atenci\u00f3n!\u00a1 Beyonc\u00e9 regresa a los escenarios en una gira mundial!"},"content":{"rendered":"<p><span style=\"font-weight: 400\">Beyonc\u00e9 nos ha sorprendido con una impactante noticia. Hoy <strong>1 de febrero de 2023<\/strong>, la cantante ha anunciado su regreso a los escenarios con <strong>\u201cRenaissance World Tour\u201d.<\/strong><\/span><\/p>\n<p><span style=\"font-weight: 400\">Despu\u00e9s de cuatro a\u00f1os fuera de los reflectores Queen B ha causado varias reacciones despu\u00e9s de cantar en la lujosa inauguraci\u00f3n del hotel <strong>Atlantis The Royal de Dub\u00e1i<\/strong>, lugar donde las relaciones entre personas del mismo sexo est\u00e1n penalizadas.<\/span><\/p>\n<p><span style=\"font-weight: 400\">Sin embargo el \u00e1lbum\u00a0 \u201c<\/span><b>Renaissance<\/b><span style=\"font-weight: 400\">\u201d, que fue publicado en julio de 2022 se inspir\u00f3 en la cultura y los <strong>pioneros de la m\u00fasica de baile negra y queer<\/strong>, lo que ha marcado un gran concepto que se ha posicionado para los<strong> premios Grammy 2023.<\/strong><\/span><\/p>\n<blockquote class=\"instagram-media\" data-instgrm-captioned data-instgrm-permalink=\"https:\/\/www.instagram.com\/p\/CoHxOQhrTHX\/?utm_source=ig_embed&amp;utm_campaign=loading\" data-instgrm-version=\"14\" style=\" background:#FFF; border:0; border-radius:3px; box-shadow:0 0 1px 0 rgba(0,0,0,0.5),0 1px 10px 0 rgba(0,0,0,0.15); margin: 1px; max-width:500px; min-width:326px; padding:0; width:99.375%; width:-webkit-calc(100% - 2px); width:calc(100% - 2px);\">\n<div style=\"padding:16px;\"> <a href=\"https:\/\/www.instagram.com\/p\/CoHxOQhrTHX\/?utm_source=ig_embed&amp;utm_campaign=loading\" style=\" background:#FFFFFF; line-height:0; padding:0 0; text-align:center; text-decoration:none; width:100%;\" target=\"_blank\"> <\/p>\n<div style=\" display: flex; flex-direction: row; align-items: center;\">\n<div style=\"background-color: #F4F4F4; border-radius: 50%; flex-grow: 0; height: 40px; margin-right: 14px; width: 40px;\"><\/div>\n<div style=\"display: flex; flex-direction: column; flex-grow: 1; justify-content: center;\">\n<div style=\" background-color: #F4F4F4; border-radius: 4px; flex-grow: 0; height: 14px; margin-bottom: 6px; width: 100px;\"><\/div>\n<div style=\" background-color: #F4F4F4; border-radius: 4px; flex-grow: 0; height: 14px; width: 60px;\"><\/div>\n<\/div>\n<\/div>\n<div style=\"padding: 19% 0;\"><\/div>\n<div style=\"display:block; height:50px; margin:0 auto 12px; width:50px;\"><svg width=\"50px\" height=\"50px\" viewBox=\"0 0 60 60\" version=\"1.1\" xmlns=\"https:\/\/www.w3.org\/2000\/svg\" xmlns:xlink=\"https:\/\/www.w3.org\/1999\/xlink\"><g stroke=\"none\" stroke-width=\"1\" fill=\"none\" fill-rule=\"evenodd\"><g transform=\"translate(-511.000000, -20.000000)\" fill=\"#000000\"><g><path d=\"M556.869,30.41 C554.814,30.41 553.148,32.076 553.148,34.131 C553.148,36.186 554.814,37.852 556.869,37.852 C558.924,37.852 560.59,36.186 560.59,34.131 C560.59,32.076 558.924,30.41 556.869,30.41 M541,60.657 C535.114,60.657 530.342,55.887 530.342,50 C530.342,44.114 535.114,39.342 541,39.342 C546.887,39.342 551.658,44.114 551.658,50 C551.658,55.887 546.887,60.657 541,60.657 M541,33.886 C532.1,33.886 524.886,41.1 524.886,50 C524.886,58.899 532.1,66.113 541,66.113 C549.9,66.113 557.115,58.899 557.115,50 C557.115,41.1 549.9,33.886 541,33.886 M565.378,62.101 C565.244,65.022 564.756,66.606 564.346,67.663 C563.803,69.06 563.154,70.057 562.106,71.106 C561.058,72.155 560.06,72.803 558.662,73.347 C557.607,73.757 556.021,74.244 553.102,74.378 C549.944,74.521 548.997,74.552 541,74.552 C533.003,74.552 532.056,74.521 528.898,74.378 C525.979,74.244 524.393,73.757 523.338,73.347 C521.94,72.803 520.942,72.155 519.894,71.106 C518.846,70.057 518.197,69.06 517.654,67.663 C517.244,66.606 516.755,65.022 516.623,62.101 C516.479,58.943 516.448,57.996 516.448,50 C516.448,42.003 516.479,41.056 516.623,37.899 C516.755,34.978 517.244,33.391 517.654,32.338 C518.197,30.938 518.846,29.942 519.894,28.894 C520.942,27.846 521.94,27.196 523.338,26.654 C524.393,26.244 525.979,25.756 528.898,25.623 C532.057,25.479 533.004,25.448 541,25.448 C548.997,25.448 549.943,25.479 553.102,25.623 C556.021,25.756 557.607,26.244 558.662,26.654 C560.06,27.196 561.058,27.846 562.106,28.894 C563.154,29.942 563.803,30.938 564.346,32.338 C564.756,33.391 565.244,34.978 565.378,37.899 C565.522,41.056 565.552,42.003 565.552,50 C565.552,57.996 565.522,58.943 565.378,62.101 M570.82,37.631 C570.674,34.438 570.167,32.258 569.425,30.349 C568.659,28.377 567.633,26.702 565.965,25.035 C564.297,23.368 562.623,22.342 560.652,21.575 C558.743,20.834 556.562,20.326 553.369,20.18 C550.169,20.033 549.148,20 541,20 C532.853,20 531.831,20.033 528.631,20.18 C525.438,20.326 523.257,20.834 521.349,21.575 C519.376,22.342 517.703,23.368 516.035,25.035 C514.368,26.702 513.342,28.377 512.574,30.349 C511.834,32.258 511.326,34.438 511.181,37.631 C511.035,40.831 511,41.851 511,50 C511,58.147 511.035,59.17 511.181,62.369 C511.326,65.562 511.834,67.743 512.574,69.651 C513.342,71.625 514.368,73.296 516.035,74.965 C517.703,76.634 519.376,77.658 521.349,78.425 C523.257,79.167 525.438,79.673 528.631,79.82 C531.831,79.965 532.853,80.001 541,80.001 C549.148,80.001 550.169,79.965 553.369,79.82 C556.562,79.673 558.743,79.167 560.652,78.425 C562.623,77.658 564.297,76.634 565.965,74.965 C567.633,73.296 568.659,71.625 569.425,69.651 C570.167,67.743 570.674,65.562 570.82,62.369 C570.966,59.17 571,58.147 571,50 C571,41.851 570.966,40.831 570.82,37.631\"><\/path><\/g><\/g><\/g><\/svg><\/div>\n<div style=\"padding-top: 8px;\">\n<div style=\" color:#3897f0; font-family:Arial,sans-serif; font-size:14px; font-style:normal; font-weight:550; line-height:18px;\">View this post on Instagram<\/div>\n<\/div>\n<div style=\"padding: 12.5% 0;\"><\/div>\n<div style=\"display: flex; flex-direction: row; margin-bottom: 14px; align-items: center;\">\n<div>\n<div style=\"background-color: #F4F4F4; border-radius: 50%; height: 12.5px; width: 12.5px; transform: translateX(0px) translateY(7px);\"><\/div>\n<div style=\"background-color: #F4F4F4; height: 12.5px; transform: rotate(-45deg) translateX(3px) translateY(1px); width: 12.5px; flex-grow: 0; margin-right: 14px; margin-left: 2px;\"><\/div>\n<div style=\"background-color: #F4F4F4; border-radius: 50%; height: 12.5px; width: 12.5px; transform: translateX(9px) translateY(-18px);\"><\/div>\n<\/div>\n<div style=\"margin-left: 8px;\">\n<div style=\" background-color: #F4F4F4; border-radius: 50%; flex-grow: 0; height: 20px; width: 20px;\"><\/div>\n<div style=\" width: 0; height: 0; border-top: 2px solid transparent; border-left: 6px solid #f4f4f4; border-bottom: 2px solid transparent; transform: translateX(16px) translateY(-4px) rotate(30deg)\"><\/div>\n<\/div>\n<div style=\"margin-left: auto;\">\n<div style=\" width: 0px; border-top: 8px solid #F4F4F4; border-right: 8px solid transparent; transform: translateY(16px);\"><\/div>\n<div style=\" background-color: #F4F4F4; flex-grow: 0; height: 12px; width: 16px; transform: translateY(-4px);\"><\/div>\n<div style=\" width: 0; height: 0; border-top: 8px solid #F4F4F4; border-left: 8px solid transparent; transform: translateY(-4px) translateX(8px);\"><\/div>\n<\/div>\n<\/div>\n<div style=\"display: flex; flex-direction: column; flex-grow: 1; justify-content: center; margin-bottom: 24px;\">\n<div style=\" background-color: #F4F4F4; border-radius: 4px; flex-grow: 0; height: 14px; margin-bottom: 6px; width: 224px;\"><\/div>\n<div style=\" background-color: #F4F4F4; border-radius: 4px; flex-grow: 0; height: 14px; width: 144px;\"><\/div>\n<\/div>\n<p><\/a><\/p>\n<p style=\" color:#c9c8cd; font-family:Arial,sans-serif; font-size:14px; line-height:17px; margin-bottom:0; margin-top:8px; overflow:hidden; padding:8px 0 7px; text-align:center; text-overflow:ellipsis; white-space:nowrap;\"><a href=\"https:\/\/www.instagram.com\/p\/CoHxOQhrTHX\/?utm_source=ig_embed&amp;utm_campaign=loading\" style=\" color:#c9c8cd; font-family:Arial,sans-serif; font-size:14px; font-style:normal; font-weight:normal; line-height:17px; text-decoration:none;\" target=\"_blank\" target=\"_blank\">A post shared by Beyonce\u0301 (@beyonce)<\/a><\/p>\n<\/div>\n<\/blockquote>\n<p><script async src=\"\/\/platform.instagram.com\/en_US\/embeds.js\"><\/script><\/p>\n<p><span style=\"font-weight: 400\">En un comunicado en sus redes sociales, Beyonc\u00e9 anunci\u00f3 su reaparici\u00f3n y agreg\u00f3\u00a0 una liga que redirige a sus fan\u00e1ticos a la p\u00e1gina oficial de su gira mundial.<\/span><\/p>\n<p><span style=\"font-weight: 400\">Lamentablemente, por ahora, su nueva serie de conciertos<strong> no incluye shows en M\u00e9xico<\/strong>, pero no te desanimes, que aqu\u00ed te dejamos todos los puntos donde la cantante se presentar\u00e1 y que quiz\u00e1s haya oportunidad de no perderse uno de sus conciertos.<\/span><\/p>\n<p><span style=\"font-weight: 400\">Comenzando en mayo de 2023 en Suecia y finalizando a finales de septiembre en Estados Unidos, estas son las <strong>41 fechas<\/strong> y lugares donde Queen B nos deleitar\u00e1 con un majestuoso espect\u00e1culo.<img loading=\"lazy\" decoding=\"async\" class=\"alignnone size-large wp-image-121271\" src=\"https:\/\/graziamagazine.com\/mx\/wp-content\/uploads\/sites\/13\/2023\/02\/Captura-de-Pantalla-2023-02-02-a-las-10.32.50.png?w=1024\" alt=\"\" width=\"1024\" height=\"620\" \/><\/span><\/p>\n<h3>Fechas en Europa:<\/h3>\n<ul>\n<li style=\"font-weight: 400\"><span style=\"font-weight: 400\">10 de mayo \u2013 Estocolmo, Suecia<\/span><\/li>\n<li style=\"font-weight: 400\"><span style=\"font-weight: 400\">14 de mayo \u2013 Bruselas, B\u00e9lgica<\/span><\/li>\n<li style=\"font-weight: 400\"><span style=\"font-weight: 400\">17 de mayo \u2013 Cardiff, Reino Unido<\/span><\/li>\n<li style=\"font-weight: 400\"><span style=\"font-weight: 400\">20 de mayo \u2013 Edimburgo, Reino Unido<\/span><\/li>\n<li style=\"font-weight: 400\"><span style=\"font-weight: 400\">23 de mayo \u2013 Sunderland, Reino Unido<\/span><\/li>\n<li style=\"font-weight: 400\"><span style=\"font-weight: 400\">26 de mayo \u2013 Par\u00eds, Francia<\/span><\/li>\n<li style=\"font-weight: 400\"><span style=\"font-weight: 400\">29 y 30 de mayo \u2013 Londres, Reino Unido<\/span><\/li>\n<li style=\"font-weight: 400\"><span style=\"font-weight: 400\">8 de junio \u2013 Barcelona, Espa\u00f1a<\/span><\/li>\n<li style=\"font-weight: 400\"><span style=\"font-weight: 400\">11 de junio \u2013 Marsella, Francia<\/span><\/li>\n<li style=\"font-weight: 400\"><span style=\"font-weight: 400\">15 de junio \u2013 Cologne, Alemania<\/span><\/li>\n<li style=\"font-weight: 400\"><span style=\"font-weight: 400\">17 de junio \u2013 \u00c1msterdam, Pa\u00edses Bajos<\/span><\/li>\n<li style=\"font-weight: 400\"><span style=\"font-weight: 400\">21 de junio \u2013 Hamburgo, Alemania<\/span><\/li>\n<li style=\"font-weight: 400\"><span style=\"font-weight: 400\">24 de junio \u2013 Frankfurt, Alemania<\/span><\/li>\n<li style=\"font-weight: 400\"><span style=\"font-weight: 400\">27 de junio \u2013 Varsovia, Polonia<\/span><\/li>\n<\/ul>\n<h3><b>Fechas en Norte Am\u00e9rica:<\/b><\/h3>\n<ul>\n<li style=\"font-weight: 400\"><span style=\"font-weight: 400\">8 de julio \u2013 Toronto, Canad\u00e1<\/span><\/li>\n<li style=\"font-weight: 400\"><span style=\"font-weight: 400\">12 de julio \u2013 Philadelphia, Estados Unidos<\/span><\/li>\n<li style=\"font-weight: 400\"><span style=\"font-weight: 400\">15 de julio \u2013 Nassville, Estados Unidos<\/span><\/li>\n<li style=\"font-weight: 400\"><span style=\"font-weight: 400\">17 de julio \u2013 Louisville, Estados Unidos<\/span><\/li>\n<li style=\"font-weight: 400\"><span style=\"font-weight: 400\">20 de julio \u2013 Minneapolis, Estados Unidos<\/span><\/li>\n<li style=\"font-weight: 400\"><span style=\"font-weight: 400\">22 de julio \u2013 Chicago, Estados Unidos<\/span><\/li>\n<li style=\"font-weight: 400\"><span style=\"font-weight: 400\">26 de julio \u2013 Detroit, Estados Unidos<\/span><\/li>\n<li style=\"font-weight: 400\"><span style=\"font-weight: 400\">29 de julio \u2013 Nueva Jersey, Estados Unidos<\/span><\/li>\n<li style=\"font-weight: 400\"><span style=\"font-weight: 400\">1 de agosto \u2013 Boston, Estados Unidos<\/span><\/li>\n<li style=\"font-weight: 400\"><span style=\"font-weight: 400\">3 de agosto \u2013 Pittsburgh, Estados Unidos<\/span><\/li>\n<li style=\"font-weight: 400\"><span style=\"font-weight: 400\">5 de agosto \u2013 Washington, Estados Unidos<\/span><\/li>\n<li style=\"font-weight: 400\"><span style=\"font-weight: 400\">9 de agosto \u2013 Charlotte, Estados Unidos<\/span><\/li>\n<li style=\"font-weight: 400\"><span style=\"font-weight: 400\">11 de agosto \u2013 Atlanta, Estados Unidos<\/span><\/li>\n<li style=\"font-weight: 400\"><span style=\"font-weight: 400\">16 de agosto \u2013 Florida, Estados Unidos<\/span><\/li>\n<li style=\"font-weight: 400\"><span style=\"font-weight: 400\">18 de agosto \u2013 Miami, Estados Unidos<\/span><\/li>\n<li style=\"font-weight: 400\"><span style=\"font-weight: 400\">21 de agosto \u2013 Misouri, Estados Unidos<\/span><\/li>\n<li style=\"font-weight: 400\"><span style=\"font-weight: 400\">24 de agosto \u2013 Arizona, Estados Unidos<\/span><\/li>\n<li style=\"font-weight: 400\"><span style=\"font-weight: 400\">26 de agosto \u2013 Las Vegas, Estados Unidos<\/span><\/li>\n<li style=\"font-weight: 400\"><span style=\"font-weight: 400\">30 de agosto \u2013 San Francisco, Estados Unidos<\/span><\/li>\n<li style=\"font-weight: 400\"><span style=\"font-weight: 400\">2 de septiembre \u2013 California, Estados Unidos<\/span><\/li>\n<li style=\"font-weight: 400\"><span style=\"font-weight: 400\">11 de septiembre \u2013 Vancouver, Canad\u00e1<\/span><\/li>\n<li style=\"font-weight: 400\"><span style=\"font-weight: 400\">13 de septiembre \u2013 Seattle, Estados Unidos<\/span><\/li>\n<li style=\"font-weight: 400\"><span style=\"font-weight: 400\">18 de septiembre \u2013 Kansas, Estados Unidos<\/span><\/li>\n<li style=\"font-weight: 400\"><span style=\"font-weight: 400\">21 de septiembre \u2013 Dallas, Estados Unidos<\/span><\/li>\n<li style=\"font-weight: 400\"><span style=\"font-weight: 400\">23 de septiembre \u2013 Houston, Estados Unidos<\/span><\/li>\n<li style=\"font-weight: 400\"><span style=\"font-weight: 400\">27 de septiembre \u2013 Nuevo Orleans, Estados Unidos<\/span><\/li>\n<\/ul>\n<p><em><strong>*IMAGEN: Instagram<\/strong><\/em><\/p>\n","protected":false},"author":28953,"featured_media":121269,"template":"","format":"standard","categories":[114,2],"acf":[],"yoast_head":"<!-- This site is optimized with the Yoast SEO Premium plugin v18.5 (Yoast SEO v20.4) - https:\/\/yoast.com\/wordpress\/plugins\/seo\/ -->\n<title>\u00a1Atenci\u00f3n!\u00a1 Beyonc\u00e9 regresa a los escenarios en una gira mundial!<\/title>\n<meta name=\"description\" content=\"Queen B ha anunciado un tour por Estados Unidos, Canad\u00e1 y Europa. Te contamos todos los detalles sobre \u201cRenaissance World Tour\u201d\" \/>\n<meta name=\"robots\" content=\"index, follow, max-snippet:-1, max-image-preview:large, max-video-preview:-1\" \/>\n<link rel=\"canonical\" href=\"https:\/\/graziamagazine.com\/mx\/articles\/atencion-beyonce-regresa-a-los-escenarios-en-una-gira-mundial\/\" \/>\n<meta property=\"og:locale\" content=\"es_MX\" \/>\n<meta property=\"og:type\" content=\"article\" \/>\n<meta property=\"og:title\" content=\"\u00a1Atenci\u00f3n!\u00a1 Beyonc\u00e9 regresa a los escenarios en una gira mundial!\" \/>\n<meta property=\"og:description\" content=\"Queen B ha anunciado un tour por Estados Unidos, Canad\u00e1 y Europa. Te contamos todos los detalles sobre \u201cRenaissance World Tour\u201d\" \/>\n<meta property=\"og:url\" content=\"https:\/\/graziamagazine.com\/mx\/articles\/atencion-beyonce-regresa-a-los-escenarios-en-una-gira-mundial\/\" \/>\n<meta property=\"og:site_name\" content=\"Grazia M\u00e9xico y Latinoam\u00e9rica\" \/>\n<meta property=\"article:modified_time\" content=\"2023-02-02T16:45:01+00:00\" \/>\n<meta property=\"og:image\" content=\"https:\/\/graziamagazine.com\/mx\/wp-content\/uploads\/sites\/13\/2023\/02\/Beyonce-header.jpg\" \/>\n\t<meta property=\"og:image:width\" content=\"2000\" \/>\n\t<meta property=\"og:image:height\" content=\"1270\" \/>\n\t<meta property=\"og:image:type\" content=\"image\/jpeg\" \/>\n<meta name=\"twitter:card\" content=\"summary_large_image\" \/>\n<meta name=\"twitter:label1\" content=\"Est. reading time\" \/>\n\t<meta name=\"twitter:data1\" content=\"3 minutos\" \/>\n<script type=\"application\/ld+json\" class=\"yoast-schema-graph\">{\"@context\":\"https:\/\/schema.org\",\"@graph\":[{\"@type\":\"WebPage\",\"@id\":\"https:\/\/graziamagazine.com\/mx\/articles\/atencion-beyonce-regresa-a-los-escenarios-en-una-gira-mundial\/\",\"url\":\"https:\/\/graziamagazine.com\/mx\/articles\/atencion-beyonce-regresa-a-los-escenarios-en-una-gira-mundial\/\",\"name\":\"\u00a1Atenci\u00f3n!\u00a1 Beyonc\u00e9 regresa a los escenarios en una gira mundial!\",\"isPartOf\":{\"@id\":\"https:\/\/graziamagazine.com\/mx\/#website\"},\"datePublished\":\"2023-02-02T15:33:46+00:00\",\"dateModified\":\"2023-02-02T16:45:01+00:00\",\"description\":\"Queen B ha anunciado un tour por Estados Unidos, Canad\u00e1 y Europa. Te contamos todos los detalles sobre \u201cRenaissance World Tour\u201d\",\"breadcrumb\":{\"@id\":\"https:\/\/graziamagazine.com\/mx\/articles\/atencion-beyonce-regresa-a-los-escenarios-en-una-gira-mundial\/#breadcrumb\"},\"inLanguage\":\"es-MX\",\"potentialAction\":[{\"@type\":\"ReadAction\",\"target\":[\"https:\/\/graziamagazine.com\/mx\/articles\/atencion-beyonce-regresa-a-los-escenarios-en-una-gira-mundial\/\"]}]},{\"@type\":\"BreadcrumbList\",\"@id\":\"https:\/\/graziamagazine.com\/mx\/articles\/atencion-beyonce-regresa-a-los-escenarios-en-una-gira-mundial\/#breadcrumb\",\"itemListElement\":[{\"@type\":\"ListItem\",\"position\":1,\"name\":\"Home\",\"item\":\"https:\/\/graziamagazine.com\/mx\/\"},{\"@type\":\"ListItem\",\"position\":2,\"name\":\"\u00a1Atenci\u00f3n!\u00a1 Beyonc\u00e9 regresa a los escenarios en una gira mundial!\"}]},{\"@type\":\"WebSite\",\"@id\":\"https:\/\/graziamagazine.com\/mx\/#website\",\"url\":\"https:\/\/graziamagazine.com\/mx\/\",\"name\":\"Grazia M\u00e9xico y Latinoam\u00e9rica\",\"description\":\"Grazia es moda, belleza y noticias  de actualidad \",\"potentialAction\":[{\"@type\":\"SearchAction\",\"target\":{\"@type\":\"EntryPoint\",\"urlTemplate\":\"https:\/\/graziamagazine.com\/mx\/?s={search_term_string}\"},\"query-input\":\"required name=search_term_string\"}],\"inLanguage\":\"es-MX\"}]}<\/script>\n<!-- \/ Yoast SEO Premium plugin. -->","yoast_head_json":{"title":"\u00a1Atenci\u00f3n!\u00a1 Beyonc\u00e9 regresa a los escenarios en una gira mundial!","description":"Queen B ha anunciado un tour por Estados Unidos, Canad\u00e1 y Europa. Te contamos todos los detalles sobre \u201cRenaissance World Tour\u201d","robots":{"index":"index","follow":"follow","max-snippet":"max-snippet:-1","max-image-preview":"max-image-preview:large","max-video-preview":"max-video-preview:-1"},"canonical":"https:\/\/graziamagazine.com\/mx\/articles\/atencion-beyonce-regresa-a-los-escenarios-en-una-gira-mundial\/","og_locale":"es_MX","og_type":"article","og_title":"\u00a1Atenci\u00f3n!\u00a1 Beyonc\u00e9 regresa a los escenarios en una gira mundial!","og_description":"Queen B ha anunciado un tour por Estados Unidos, Canad\u00e1 y Europa. Te contamos todos los detalles sobre \u201cRenaissance World Tour\u201d","og_url":"https:\/\/graziamagazine.com\/mx\/articles\/atencion-beyonce-regresa-a-los-escenarios-en-una-gira-mundial\/","og_site_name":"Grazia M\u00e9xico y Latinoam\u00e9rica","article_modified_time":"2023-02-02T16:45:01+00:00","og_image":[{"width":2000,"height":1270,"url":"https:\/\/graziamagazine.com\/mx\/wp-content\/uploads\/sites\/13\/2023\/02\/Beyonce-header.jpg","type":"image\/jpeg"}],"twitter_card":"summary_large_image","twitter_misc":{"Est. reading time":"3 minutos"},"schema":{"@context":"https:\/\/schema.org","@graph":[{"@type":"WebPage","@id":"https:\/\/graziamagazine.com\/mx\/articles\/atencion-beyonce-regresa-a-los-escenarios-en-una-gira-mundial\/","url":"https:\/\/graziamagazine.com\/mx\/articles\/atencion-beyonce-regresa-a-los-escenarios-en-una-gira-mundial\/","name":"\u00a1Atenci\u00f3n!\u00a1 Beyonc\u00e9 regresa a los escenarios en una gira mundial!","isPartOf":{"@id":"https:\/\/graziamagazine.com\/mx\/#website"},"datePublished":"2023-02-02T15:33:46+00:00","dateModified":"2023-02-02T16:45:01+00:00","description":"Queen B ha anunciado un tour por Estados Unidos, Canad\u00e1 y Europa. Te contamos todos los detalles sobre \u201cRenaissance World Tour\u201d","breadcrumb":{"@id":"https:\/\/graziamagazine.com\/mx\/articles\/atencion-beyonce-regresa-a-los-escenarios-en-una-gira-mundial\/#breadcrumb"},"inLanguage":"es-MX","potentialAction":[{"@type":"ReadAction","target":["https:\/\/graziamagazine.com\/mx\/articles\/atencion-beyonce-regresa-a-los-escenarios-en-una-gira-mundial\/"]}]},{"@type":"BreadcrumbList","@id":"https:\/\/graziamagazine.com\/mx\/articles\/atencion-beyonce-regresa-a-los-escenarios-en-una-gira-mundial\/#breadcrumb","itemListElement":[{"@type":"ListItem","position":1,"name":"Home","item":"https:\/\/graziamagazine.com\/mx\/"},{"@type":"ListItem","position":2,"name":"\u00a1Atenci\u00f3n!\u00a1 Beyonc\u00e9 regresa a los escenarios en una gira mundial!"}]},{"@type":"WebSite","@id":"https:\/\/graziamagazine.com\/mx\/#website","url":"https:\/\/graziamagazine.com\/mx\/","name":"Grazia M\u00e9xico y Latinoam\u00e9rica","description":"Grazia es moda, belleza y noticias  de actualidad ","potentialAction":[{"@type":"SearchAction","target":{"@type":"EntryPoint","urlTemplate":"https:\/\/graziamagazine.com\/mx\/?s={search_term_string}"},"query-input":"required name=search_term_string"}],"inLanguage":"es-MX"}]}},"jetpack_sharing_enabled":true,"distributor_meta":false,"distributor_terms":false,"distributor_media":false,"distributor_original_site_name":"Grazia M\u00e9xico y Latinoam\u00e9rica","distributor_original_site_url":"https:\/\/graziamagazine.com\/mx","push-errors":false,"_links":{"self":[{"href":"https:\/\/graziamagazine.com\/mx\/wp-json\/wp\/v2\/articles\/121268"}],"collection":[{"href":"https:\/\/graziamagazine.com\/mx\/wp-json\/wp\/v2\/articles"}],"about":[{"href":"https:\/\/graziamagazine.com\/mx\/wp-json\/wp\/v2\/types\/articles"}],"author":[{"embeddable":true,"href":"https:\/\/graziamagazine.com\/mx\/wp-json\/wp\/v2\/users\/28953"}],"wp:featuredmedia":[{"embeddable":true,"href":"https:\/\/graziamagazine.com\/mx\/wp-json\/wp\/v2\/media\/121269"}],"wp:attachment":[{"href":"https:\/\/graziamagazine.com\/mx\/wp-json\/wp\/v2\/media?parent=121268"}],"wp:term":[{"taxonomy":"category","embeddable":true,"href":"https:\/\/graziamagazine.com\/mx\/wp-json\/wp\/v2\/categories?post=121268"}],"curies":[{"name":"wp","href":"https:\/\/api.w.org\/{rel}","templated":true}]}}