{"id":121180,"date":"2023-01-31T20:49:37","date_gmt":"2023-02-01T01:49:37","guid":{"rendered":"https:\/\/graziamagazine.com\/mx\/?post_type=articles&#038;p=121180"},"modified":"2023-02-02T04:53:59","modified_gmt":"2023-02-02T09:53:59","slug":"louis-vuitton-coleccion-ropa-bebe-te-vas-enamorar-ella","status":"publish","type":"articles","link":"https:\/\/graziamagazine.com\/mx\/articles\/louis-vuitton-coleccion-ropa-bebe-te-vas-enamorar-ella\/","title":{"rendered":"Louis Vuitton tiene colecci\u00f3n de ropa para beb\u00e9 y te vas a enamorar de ella"},"content":{"rendered":"<p><b>Louis Vuitton<\/b><span style=\"font-weight: 400\"> presenta su primera colecci\u00f3n para <\/span><b>beb\u00e9s<\/b><span style=\"font-weight: 400\">, la cual incluye ropa, zapatos, accesorios y objetos que acompa\u00f1ar\u00e1n al reci\u00e9n nacido en sus primeros d\u00edas. Estar\u00e1 disponible a partir de marzo de este a\u00f1o.<\/span><\/p>\n<p><span style=\"font-weight: 400\">Las tallas van de 0 hasta 12 meses, y podr\u00e1s encontrar monos, conjuntos coordinados, <\/span><i><span style=\"font-weight: 400\">bodys<\/span><\/i><span style=\"font-weight: 400\"> esenciales, pijamas, un vestido y un abrigo con capucha de doble cara con el ic\u00f3nico dise\u00f1o de la flor <\/span><b>Monogram<\/b><span style=\"font-weight: 400\"> y motivos <\/span><b>Meli-Melo<\/b><span style=\"font-weight: 400\"> en el interior.<\/span><\/p>\n<div class=\"content-gallery\"><div class=\"gallery-placeholder\"><div class=\"spinner\"><\/div><\/div><span class=\"gallery-pagination\"><\/span><div id=\"gallery-1\" class=\"gallery galleryid-121180 gallery-columns- gallery-size-\"><figure class=\"gallery-item\"><div class=\"gallery-icon landscape\"><img loading=\"lazy\" decoding=\"async\" width=\"648\" height=\"622\" src=\"https:\/\/graziamagazine.com\/mx\/wp-content\/uploads\/sites\/13\/2023\/01\/WhatsApp-Image-2023-01-31-at-18.37.17.jpeg\" class=\"lazy\" alt=\"\" \/><\/div><figcaption class=\"wp-caption-text gallery-caption\" id=\"gallery-1-121185\">Louis Vuitton<\/figcaption><\/figure><figure class=\"gallery-item\"><div class=\"gallery-icon landscape\"><img loading=\"lazy\" decoding=\"async\" width=\"646\" height=\"442\" src=\"https:\/\/graziamagazine.com\/mx\/wp-content\/uploads\/sites\/13\/2023\/01\/WhatsApp-Image-2023-01-31-at-18.37.17-1-e1675216327684.jpeg\" class=\"lazy\" alt=\"\" \/><\/div><figcaption class=\"wp-caption-text gallery-caption\" id=\"gallery-1-121184\">Louis Vuitton<\/figcaption><\/figure><\/div><\/div>\n<p><span style=\"font-weight: 400\">Los detalles en esta colecci\u00f3n fueron considerados con delicadeza y meticulosidad, como se puede percibir en los botones de n\u00e1car en cardigans de algod\u00f3n y <\/span><b>cachemira<\/b><span style=\"font-weight: 400\">, peque\u00f1os bordados en bombachos y cuerpos.<\/span><\/p>\n<p><span style=\"font-weight: 400\">Los dos estilos de zapatitos est\u00e1n adornados con perforaciones Monogram, y los botines estar\u00e1n disponibles en color blanco o dune, ambos con cordones amarillos.\u00a0<\/span><\/p>\n<div class=\"content-gallery\"><div class=\"gallery-placeholder\"><div class=\"spinner\"><\/div><\/div><span class=\"gallery-pagination\"><\/span><div id=\"gallery-2\" class=\"gallery galleryid-121180 gallery-columns- gallery-size-\"><figure class=\"gallery-item\"><div class=\"gallery-icon landscape\"><img loading=\"lazy\" decoding=\"async\" width=\"646\" height=\"618\" src=\"https:\/\/graziamagazine.com\/mx\/wp-content\/uploads\/sites\/13\/2023\/01\/WhatsApp-Image-2023-01-31-at-18.37.18.jpeg\" class=\"lazy\" alt=\"\" \/><\/div><figcaption class=\"wp-caption-text gallery-caption\" id=\"gallery-2-121182\">Louis Vuitton<\/figcaption><\/figure><figure class=\"gallery-item\"><div class=\"gallery-icon landscape\"><img loading=\"lazy\" decoding=\"async\" width=\"648\" height=\"620\" src=\"https:\/\/graziamagazine.com\/mx\/wp-content\/uploads\/sites\/13\/2023\/01\/WhatsApp-Image-2023-01-31-at-18.37.17-2.jpeg\" class=\"lazy\" alt=\"\" \/><\/div><figcaption class=\"wp-caption-text gallery-caption\" id=\"gallery-2-121183\">Louis Vuitton<\/figcaption><\/figure><\/div><\/div>\n<p><span style=\"font-weight: 400\">Entre los accesorios se encuentran pantuflas de punto, gorros de flores, barberos, calcetines, mantas, que mantendr\u00e1n muy bien abrigados a los peque\u00f1os. Adem\u00e1s de dos estuches, una maleta peque\u00f1a, y un sonajero redondo.<\/span><\/p>\n<p><span style=\"font-weight: 400\">Los materiales utilizados en cada uno de estos art\u00edculos fueron cuidadosamente seleccionados y pensados para durar, de acuerdo con el compromiso de la firma con el abastecimiento responsable.<\/span><\/p>\n<figure id=\"attachment_121181\" aria-describedby=\"caption-attachment-121181\" style=\"width: 636px\" class=\"wp-caption alignnone\"><img loading=\"lazy\" decoding=\"async\" class=\"wp-image-121181 size-large\" src=\"https:\/\/graziamagazine.com\/mx\/wp-content\/uploads\/sites\/13\/2023\/01\/WhatsApp-Image-2023-01-31-at-18.37.18-1.jpeg?w=636\" alt=\"\" width=\"636\" height=\"608\" \/><figcaption id=\"caption-attachment-121181\" class=\"wp-caption-text\">Louis Vuitton<\/figcaption><\/figure>\n<p><span style=\"font-weight: 400\">Entre estos est\u00e1ndares ambientales incluyen <\/span><b>algod\u00f3n org\u00e1nico<\/b><span style=\"font-weight: 400\"> y cuero certificado por <\/span><b>LWG<\/b><span style=\"font-weight: 400\"> (Leather Working Group), as\u00ed como la cachemira y la lana de oveja provienen de socios que garantizan el bienestar animal.<\/span><\/p>\n<p><span style=\"font-weight: 400\">Todos los valores fundamentales de la <\/span><b>Maison<\/b><span style=\"font-weight: 400\"> fueron guiados por el asombro y el descubrimiento ilimitado que inicia en la infancia, por lo que esta ofrenda para los reci\u00e9n nacidos desea crear momentos simb\u00f3licos para lograr bellos recuerdos.\u00a0<\/span><\/p>\n<p>&nbsp;<\/p>\n","protected":false},"author":36289,"featured_media":121184,"template":"","format":"standard","categories":[4],"acf":[],"yoast_head":"<!-- This site is optimized with the Yoast SEO Premium plugin v18.5 (Yoast SEO v20.4) - https:\/\/yoast.com\/wordpress\/plugins\/seo\/ -->\n<title>Louis Vuitton tiene colecci\u00f3n de ropa para beb\u00e9 y te vas a enamorar de ella | Grazia M\u00e9xico y Latinoam\u00e9rica<\/title>\n<meta name=\"description\" content=\"Louis Vuitton presenta su primera colecci\u00f3n para beb\u00e9s, la cual incluye ropa, zapatos, accesorios y objetos que acompa\u00f1ar\u00e1n al reci\u00e9n nacido en sus\" \/>\n<meta name=\"robots\" content=\"index, follow, max-snippet:-1, max-image-preview:large, max-video-preview:-1\" \/>\n<link rel=\"canonical\" href=\"https:\/\/graziamagazine.com\/mx\/articles\/louis-vuitton-coleccion-ropa-bebe-te-vas-enamorar-ella\/\" \/>\n<meta property=\"og:locale\" content=\"es_MX\" \/>\n<meta property=\"og:type\" content=\"article\" \/>\n<meta property=\"og:title\" content=\"Louis Vuitton tiene colecci\u00f3n de ropa para beb\u00e9 y te vas a enamorar de ella\" \/>\n<meta property=\"og:description\" content=\"Louis Vuitton presenta su primera colecci\u00f3n para beb\u00e9s, la cual incluye ropa, zapatos, accesorios y objetos que acompa\u00f1ar\u00e1n al reci\u00e9n nacido en sus\" \/>\n<meta property=\"og:url\" content=\"https:\/\/graziamagazine.com\/mx\/articles\/louis-vuitton-coleccion-ropa-bebe-te-vas-enamorar-ella\/\" \/>\n<meta property=\"og:site_name\" content=\"Grazia M\u00e9xico y Latinoam\u00e9rica\" \/>\n<meta property=\"article:modified_time\" content=\"2023-02-02T09:53:59+00:00\" \/>\n<meta property=\"og:image\" content=\"https:\/\/graziamagazine.com\/mx\/wp-content\/uploads\/sites\/13\/2023\/01\/WhatsApp-Image-2023-01-31-at-18.37.17-1-e1675216327684.jpeg\" \/>\n\t<meta property=\"og:image:width\" content=\"646\" \/>\n\t<meta property=\"og:image:height\" content=\"442\" \/>\n\t<meta property=\"og:image:type\" content=\"image\/jpeg\" \/>\n<meta name=\"twitter:card\" content=\"summary_large_image\" \/>\n<meta name=\"twitter:label1\" content=\"Est. reading time\" \/>\n\t<meta name=\"twitter:data1\" content=\"2 minutos\" \/>\n<script type=\"application\/ld+json\" class=\"yoast-schema-graph\">{\"@context\":\"https:\/\/schema.org\",\"@graph\":[{\"@type\":\"WebPage\",\"@id\":\"https:\/\/graziamagazine.com\/mx\/articles\/louis-vuitton-coleccion-ropa-bebe-te-vas-enamorar-ella\/\",\"url\":\"https:\/\/graziamagazine.com\/mx\/articles\/louis-vuitton-coleccion-ropa-bebe-te-vas-enamorar-ella\/\",\"name\":\"Louis Vuitton tiene colecci\u00f3n de ropa para beb\u00e9 y te vas a enamorar de ella | Grazia M\u00e9xico y Latinoam\u00e9rica\",\"isPartOf\":{\"@id\":\"https:\/\/graziamagazine.com\/mx\/#website\"},\"datePublished\":\"2023-02-01T01:49:37+00:00\",\"dateModified\":\"2023-02-02T09:53:59+00:00\",\"description\":\"Louis Vuitton presenta su primera colecci\u00f3n para beb\u00e9s, la cual incluye ropa, zapatos, accesorios y objetos que acompa\u00f1ar\u00e1n al reci\u00e9n nacido en sus\",\"breadcrumb\":{\"@id\":\"https:\/\/graziamagazine.com\/mx\/articles\/louis-vuitton-coleccion-ropa-bebe-te-vas-enamorar-ella\/#breadcrumb\"},\"inLanguage\":\"es-MX\",\"potentialAction\":[{\"@type\":\"ReadAction\",\"target\":[\"https:\/\/graziamagazine.com\/mx\/articles\/louis-vuitton-coleccion-ropa-bebe-te-vas-enamorar-ella\/\"]}]},{\"@type\":\"BreadcrumbList\",\"@id\":\"https:\/\/graziamagazine.com\/mx\/articles\/louis-vuitton-coleccion-ropa-bebe-te-vas-enamorar-ella\/#breadcrumb\",\"itemListElement\":[{\"@type\":\"ListItem\",\"position\":1,\"name\":\"Home\",\"item\":\"https:\/\/graziamagazine.com\/mx\/\"},{\"@type\":\"ListItem\",\"position\":2,\"name\":\"Louis Vuitton tiene colecci\u00f3n de ropa para beb\u00e9 y te vas a enamorar de ella\"}]},{\"@type\":\"WebSite\",\"@id\":\"https:\/\/graziamagazine.com\/mx\/#website\",\"url\":\"https:\/\/graziamagazine.com\/mx\/\",\"name\":\"Grazia M\u00e9xico y Latinoam\u00e9rica\",\"description\":\"Grazia es moda, belleza y noticias  de actualidad \",\"potentialAction\":[{\"@type\":\"SearchAction\",\"target\":{\"@type\":\"EntryPoint\",\"urlTemplate\":\"https:\/\/graziamagazine.com\/mx\/?s={search_term_string}\"},\"query-input\":\"required name=search_term_string\"}],\"inLanguage\":\"es-MX\"}]}<\/script>\n<!-- \/ Yoast SEO Premium plugin. -->","yoast_head_json":{"title":"Louis Vuitton tiene colecci\u00f3n de ropa para beb\u00e9 y te vas a enamorar de ella | Grazia M\u00e9xico y Latinoam\u00e9rica","description":"Louis Vuitton presenta su primera colecci\u00f3n para beb\u00e9s, la cual incluye ropa, zapatos, accesorios y objetos que acompa\u00f1ar\u00e1n al reci\u00e9n nacido en sus","robots":{"index":"index","follow":"follow","max-snippet":"max-snippet:-1","max-image-preview":"max-image-preview:large","max-video-preview":"max-video-preview:-1"},"canonical":"https:\/\/graziamagazine.com\/mx\/articles\/louis-vuitton-coleccion-ropa-bebe-te-vas-enamorar-ella\/","og_locale":"es_MX","og_type":"article","og_title":"Louis Vuitton tiene colecci\u00f3n de ropa para beb\u00e9 y te vas a enamorar de ella","og_description":"Louis Vuitton presenta su primera colecci\u00f3n para beb\u00e9s, la cual incluye ropa, zapatos, accesorios y objetos que acompa\u00f1ar\u00e1n al reci\u00e9n nacido en sus","og_url":"https:\/\/graziamagazine.com\/mx\/articles\/louis-vuitton-coleccion-ropa-bebe-te-vas-enamorar-ella\/","og_site_name":"Grazia M\u00e9xico y Latinoam\u00e9rica","article_modified_time":"2023-02-02T09:53:59+00:00","og_image":[{"width":646,"height":442,"url":"https:\/\/graziamagazine.com\/mx\/wp-content\/uploads\/sites\/13\/2023\/01\/WhatsApp-Image-2023-01-31-at-18.37.17-1-e1675216327684.jpeg","type":"image\/jpeg"}],"twitter_card":"summary_large_image","twitter_misc":{"Est. reading time":"2 minutos"},"schema":{"@context":"https:\/\/schema.org","@graph":[{"@type":"WebPage","@id":"https:\/\/graziamagazine.com\/mx\/articles\/louis-vuitton-coleccion-ropa-bebe-te-vas-enamorar-ella\/","url":"https:\/\/graziamagazine.com\/mx\/articles\/louis-vuitton-coleccion-ropa-bebe-te-vas-enamorar-ella\/","name":"Louis Vuitton tiene colecci\u00f3n de ropa para beb\u00e9 y te vas a enamorar de ella | Grazia M\u00e9xico y Latinoam\u00e9rica","isPartOf":{"@id":"https:\/\/graziamagazine.com\/mx\/#website"},"datePublished":"2023-02-01T01:49:37+00:00","dateModified":"2023-02-02T09:53:59+00:00","description":"Louis Vuitton presenta su primera colecci\u00f3n para beb\u00e9s, la cual incluye ropa, zapatos, accesorios y objetos que acompa\u00f1ar\u00e1n al reci\u00e9n nacido en sus","breadcrumb":{"@id":"https:\/\/graziamagazine.com\/mx\/articles\/louis-vuitton-coleccion-ropa-bebe-te-vas-enamorar-ella\/#breadcrumb"},"inLanguage":"es-MX","potentialAction":[{"@type":"ReadAction","target":["https:\/\/graziamagazine.com\/mx\/articles\/louis-vuitton-coleccion-ropa-bebe-te-vas-enamorar-ella\/"]}]},{"@type":"BreadcrumbList","@id":"https:\/\/graziamagazine.com\/mx\/articles\/louis-vuitton-coleccion-ropa-bebe-te-vas-enamorar-ella\/#breadcrumb","itemListElement":[{"@type":"ListItem","position":1,"name":"Home","item":"https:\/\/graziamagazine.com\/mx\/"},{"@type":"ListItem","position":2,"name":"Louis Vuitton tiene colecci\u00f3n de ropa para beb\u00e9 y te vas a enamorar de ella"}]},{"@type":"WebSite","@id":"https:\/\/graziamagazine.com\/mx\/#website","url":"https:\/\/graziamagazine.com\/mx\/","name":"Grazia M\u00e9xico y Latinoam\u00e9rica","description":"Grazia es moda, belleza y noticias  de actualidad ","potentialAction":[{"@type":"SearchAction","target":{"@type":"EntryPoint","urlTemplate":"https:\/\/graziamagazine.com\/mx\/?s={search_term_string}"},"query-input":"required name=search_term_string"}],"inLanguage":"es-MX"}]}},"jetpack_sharing_enabled":true,"distributor_meta":false,"distributor_terms":false,"distributor_media":false,"distributor_original_site_name":"Grazia M\u00e9xico y Latinoam\u00e9rica","distributor_original_site_url":"https:\/\/graziamagazine.com\/mx","push-errors":false,"_links":{"self":[{"href":"https:\/\/graziamagazine.com\/mx\/wp-json\/wp\/v2\/articles\/121180"}],"collection":[{"href":"https:\/\/graziamagazine.com\/mx\/wp-json\/wp\/v2\/articles"}],"about":[{"href":"https:\/\/graziamagazine.com\/mx\/wp-json\/wp\/v2\/types\/articles"}],"author":[{"embeddable":true,"href":"https:\/\/graziamagazine.com\/mx\/wp-json\/wp\/v2\/users\/36289"}],"wp:featuredmedia":[{"embeddable":true,"href":"https:\/\/graziamagazine.com\/mx\/wp-json\/wp\/v2\/media\/121184"}],"wp:attachment":[{"href":"https:\/\/graziamagazine.com\/mx\/wp-json\/wp\/v2\/media?parent=121180"}],"wp:term":[{"taxonomy":"category","embeddable":true,"href":"https:\/\/graziamagazine.com\/mx\/wp-json\/wp\/v2\/categories?post=121180"}],"curies":[{"name":"wp","href":"https:\/\/api.w.org\/{rel}","templated":true}]}}