{"id":121179,"date":"2023-01-31T20:18:25","date_gmt":"2023-02-01T01:18:25","guid":{"rendered":"https:\/\/graziamagazine.com\/mx\/?post_type=articles&#038;p=121179"},"modified":"2023-01-31T20:21:23","modified_gmt":"2023-02-01T01:21:23","slug":"el-rey-charles-iii-esta-decidido-a-que-el-principe-harry-y-meghan-markle-asistan-a-su-coronacion","status":"publish","type":"articles","link":"https:\/\/graziamagazine.com\/mx\/articles\/el-rey-charles-iii-esta-decidido-a-que-el-principe-harry-y-meghan-markle-asistan-a-su-coronacion\/","title":{"rendered":"El rey Charles III est\u00e1 decidido a que el pr\u00edncipe Harry y Meghan Markle asistan a su coronaci\u00f3n"},"content":{"rendered":"<p><span style=\"font-weight: 400\">El <strong>rey Charles III<\/strong> est\u00e1 a nada de vivir su esperada coronaci\u00f3n y quiere que sea un momento especial, inolvidable y perfecto, por lo que est\u00e1 decidido a encontrar la manera de que el <strong>pr\u00edncipe Harry y Meghan Markle<\/strong> asistan a su coronaci\u00f3n en el mes de mayo, dispuesto a pedir incluso \u201cayuda divina\u201d.<\/span><\/p>\n<p><span style=\"font-weight: 400\">Seg\u00fan fuentes cercanas a Charles, \u00e9l quiere a su hijo menor en la ocasi\u00f3n m\u00e1s importante de su vida, dispuesto a acomodarlos junto a todos los miembros honorarios de la realeza, a pesar de su estatus real de \u201cbajo perfil\u201d. Si bien se dice que no ha habido contacto entre Harry y su familia desde la publicaci\u00f3n de <em><strong>Spare<\/strong><\/em>, el duque de Sussex ha expresado tambi\u00e9n que quiere trabajar el camino para una reconciliaci\u00f3n.<\/span><\/p>\n<p><span style=\"font-weight: 400\">\u201cCharles es una persona que perdona por naturaleza y quiere seguir adelante. Independientemente de lo que se haya dicho y hecho, Harry sigue siendo su hijo y lo ama. Tampoco se imagina ser coronado, el momento m\u00e1s importante de su vida, sin que sus dos hijos sean testigos del momento\u201d, dijeron esas fuentes an\u00f3nimas en una entrevista.<\/span><\/p>\n<p><img loading=\"lazy\" decoding=\"async\" class=\"alignnone size-medium wp-image-83330 aligncenter\" src=\"https:\/\/graziamagazine.com\/mx\/wp-content\/uploads\/sites\/13\/2020\/03\/meghan-marle-y-prince-harry-se-mudaron-a-los-angeles-destacada.jpg?w=450\" alt=\"Meghan Markle y Prince Harry se mudaron a Los \u00c1ngeles\" width=\"450\" height=\"253\" srcset=\"https:\/\/graziamagazine.com\/mx\/wp-content\/uploads\/sites\/13\/2020\/03\/meghan-marle-y-prince-harry-se-mudaron-a-los-angeles-destacada.jpg 660w, https:\/\/graziamagazine.com\/mx\/wp-content\/uploads\/sites\/13\/2020\/03\/meghan-marle-y-prince-harry-se-mudaron-a-los-angeles-destacada.jpg?resize=450,253 450w, https:\/\/graziamagazine.com\/mx\/wp-content\/uploads\/sites\/13\/2020\/03\/meghan-marle-y-prince-harry-se-mudaron-a-los-angeles-destacada.jpg?resize=155,87 155w\" sizes=\"(max-width: 450px) 100vw, 450px\" \/><\/p>\n<p><span style=\"font-weight: 400\">Sin embargo, las personas cercanas a William aseguran que no queda confianza entre los hermanos y sugieren que es poco probable una reconciliaci\u00f3n entre los hermanos, por lo que se especula que los Sussex no asistir\u00e1n a la coronaci\u00f3n en medio de tanto ambiente fr\u00edo e inc\u00f3modo.\u00a0<\/span><\/p>\n<p><span style=\"font-weight: 400\">Aunque, como comentan las amistades del futuro rey, Charles cree que como familia tienen que seguir adelante y que la familia real debe estar unida en la v\u00edspera de la coronaci\u00f3n.<\/span><\/p>\n<p><span style=\"font-weight: 400\">Si bien a\u00fan no se han enviado las invitaciones oficiales para la ceremonia en la Abad\u00eda de Westminster, que tendr\u00e1 lugar el <strong>s\u00e1bado 6 de mayo<\/strong>, personas cercanas a Charles dicen que es muy probable que invite a Harry y Meghan &#8220;porque es lo correcto y con suerte encontrar\u00e1n el camino para la paz\u201d.<\/span><\/p>\n","protected":false},"author":11628,"featured_media":119158,"template":"","format":"standard","categories":[12655],"acf":[],"yoast_head":"<!-- This site is optimized with the Yoast SEO Premium plugin v18.5 (Yoast SEO v20.4) - https:\/\/yoast.com\/wordpress\/plugins\/seo\/ -->\n<title>El rey Charles III est\u00e1 decidido a que el pr\u00edncipe Harry y Meghan Markle asistan a su coronaci\u00f3n | Grazia M\u00e9xico y Latinoam\u00e9rica<\/title>\n<meta name=\"description\" content=\"El rey Charles III est\u00e1 a nada de vivir su esperada coronaci\u00f3n y quiere que sea un momento especial, inolvidable y perfecto, por lo que est\u00e1 decidido a\" \/>\n<meta name=\"robots\" content=\"index, follow, max-snippet:-1, max-image-preview:large, max-video-preview:-1\" \/>\n<link rel=\"canonical\" href=\"https:\/\/graziamagazine.com\/mx\/articles\/el-rey-charles-iii-esta-decidido-a-que-el-principe-harry-y-meghan-markle-asistan-a-su-coronacion\/\" \/>\n<meta property=\"og:locale\" content=\"es_MX\" \/>\n<meta property=\"og:type\" content=\"article\" \/>\n<meta property=\"og:title\" content=\"El rey Charles III est\u00e1 decidido a que el pr\u00edncipe Harry y Meghan Markle asistan a su coronaci\u00f3n\" \/>\n<meta property=\"og:description\" content=\"El rey Charles III est\u00e1 a nada de vivir su esperada coronaci\u00f3n y quiere que sea un momento especial, inolvidable y perfecto, por lo que est\u00e1 decidido a\" \/>\n<meta property=\"og:url\" content=\"https:\/\/graziamagazine.com\/mx\/articles\/el-rey-charles-iii-esta-decidido-a-que-el-principe-harry-y-meghan-markle-asistan-a-su-coronacion\/\" \/>\n<meta property=\"og:site_name\" content=\"Grazia M\u00e9xico y Latinoam\u00e9rica\" \/>\n<meta property=\"article:modified_time\" content=\"2023-02-01T01:21:23+00:00\" \/>\n<meta property=\"og:image\" content=\"https:\/\/graziamagazine.com\/mx\/wp-content\/uploads\/sites\/13\/2022\/11\/britains-king-charles-iii-attends-the-presentation-of-news-photo-1664820972.jpeg\" \/>\n\t<meta property=\"og:image:width\" content=\"4000\" \/>\n\t<meta property=\"og:image:height\" content=\"2667\" \/>\n\t<meta property=\"og:image:type\" content=\"image\/jpeg\" \/>\n<meta name=\"twitter:card\" content=\"summary_large_image\" \/>\n<meta name=\"twitter:label1\" content=\"Est. reading time\" \/>\n\t<meta name=\"twitter:data1\" content=\"2 minutos\" \/>\n<script type=\"application\/ld+json\" class=\"yoast-schema-graph\">{\"@context\":\"https:\/\/schema.org\",\"@graph\":[{\"@type\":\"WebPage\",\"@id\":\"https:\/\/graziamagazine.com\/mx\/articles\/el-rey-charles-iii-esta-decidido-a-que-el-principe-harry-y-meghan-markle-asistan-a-su-coronacion\/\",\"url\":\"https:\/\/graziamagazine.com\/mx\/articles\/el-rey-charles-iii-esta-decidido-a-que-el-principe-harry-y-meghan-markle-asistan-a-su-coronacion\/\",\"name\":\"El rey Charles III est\u00e1 decidido a que el pr\u00edncipe Harry y Meghan Markle asistan a su coronaci\u00f3n | Grazia M\u00e9xico y Latinoam\u00e9rica\",\"isPartOf\":{\"@id\":\"https:\/\/graziamagazine.com\/mx\/#website\"},\"datePublished\":\"2023-02-01T01:18:25+00:00\",\"dateModified\":\"2023-02-01T01:21:23+00:00\",\"description\":\"El rey Charles III est\u00e1 a nada de vivir su esperada coronaci\u00f3n y quiere que sea un momento especial, inolvidable y perfecto, por lo que est\u00e1 decidido a\",\"breadcrumb\":{\"@id\":\"https:\/\/graziamagazine.com\/mx\/articles\/el-rey-charles-iii-esta-decidido-a-que-el-principe-harry-y-meghan-markle-asistan-a-su-coronacion\/#breadcrumb\"},\"inLanguage\":\"es-MX\",\"potentialAction\":[{\"@type\":\"ReadAction\",\"target\":[\"https:\/\/graziamagazine.com\/mx\/articles\/el-rey-charles-iii-esta-decidido-a-que-el-principe-harry-y-meghan-markle-asistan-a-su-coronacion\/\"]}]},{\"@type\":\"BreadcrumbList\",\"@id\":\"https:\/\/graziamagazine.com\/mx\/articles\/el-rey-charles-iii-esta-decidido-a-que-el-principe-harry-y-meghan-markle-asistan-a-su-coronacion\/#breadcrumb\",\"itemListElement\":[{\"@type\":\"ListItem\",\"position\":1,\"name\":\"Home\",\"item\":\"https:\/\/graziamagazine.com\/mx\/\"},{\"@type\":\"ListItem\",\"position\":2,\"name\":\"El rey Charles III est\u00e1 decidido a que el pr\u00edncipe Harry y Meghan Markle asistan a su coronaci\u00f3n\"}]},{\"@type\":\"WebSite\",\"@id\":\"https:\/\/graziamagazine.com\/mx\/#website\",\"url\":\"https:\/\/graziamagazine.com\/mx\/\",\"name\":\"Grazia M\u00e9xico y Latinoam\u00e9rica\",\"description\":\"Grazia es moda, belleza y noticias  de actualidad \",\"potentialAction\":[{\"@type\":\"SearchAction\",\"target\":{\"@type\":\"EntryPoint\",\"urlTemplate\":\"https:\/\/graziamagazine.com\/mx\/?s={search_term_string}\"},\"query-input\":\"required name=search_term_string\"}],\"inLanguage\":\"es-MX\"}]}<\/script>\n<!-- \/ Yoast SEO Premium plugin. -->","yoast_head_json":{"title":"El rey Charles III est\u00e1 decidido a que el pr\u00edncipe Harry y Meghan Markle asistan a su coronaci\u00f3n | Grazia M\u00e9xico y Latinoam\u00e9rica","description":"El rey Charles III est\u00e1 a nada de vivir su esperada coronaci\u00f3n y quiere que sea un momento especial, inolvidable y perfecto, por lo que est\u00e1 decidido a","robots":{"index":"index","follow":"follow","max-snippet":"max-snippet:-1","max-image-preview":"max-image-preview:large","max-video-preview":"max-video-preview:-1"},"canonical":"https:\/\/graziamagazine.com\/mx\/articles\/el-rey-charles-iii-esta-decidido-a-que-el-principe-harry-y-meghan-markle-asistan-a-su-coronacion\/","og_locale":"es_MX","og_type":"article","og_title":"El rey Charles III est\u00e1 decidido a que el pr\u00edncipe Harry y Meghan Markle asistan a su coronaci\u00f3n","og_description":"El rey Charles III est\u00e1 a nada de vivir su esperada coronaci\u00f3n y quiere que sea un momento especial, inolvidable y perfecto, por lo que est\u00e1 decidido a","og_url":"https:\/\/graziamagazine.com\/mx\/articles\/el-rey-charles-iii-esta-decidido-a-que-el-principe-harry-y-meghan-markle-asistan-a-su-coronacion\/","og_site_name":"Grazia M\u00e9xico y Latinoam\u00e9rica","article_modified_time":"2023-02-01T01:21:23+00:00","og_image":[{"width":4000,"height":2667,"url":"https:\/\/graziamagazine.com\/mx\/wp-content\/uploads\/sites\/13\/2022\/11\/britains-king-charles-iii-attends-the-presentation-of-news-photo-1664820972.jpeg","type":"image\/jpeg"}],"twitter_card":"summary_large_image","twitter_misc":{"Est. reading time":"2 minutos"},"schema":{"@context":"https:\/\/schema.org","@graph":[{"@type":"WebPage","@id":"https:\/\/graziamagazine.com\/mx\/articles\/el-rey-charles-iii-esta-decidido-a-que-el-principe-harry-y-meghan-markle-asistan-a-su-coronacion\/","url":"https:\/\/graziamagazine.com\/mx\/articles\/el-rey-charles-iii-esta-decidido-a-que-el-principe-harry-y-meghan-markle-asistan-a-su-coronacion\/","name":"El rey Charles III est\u00e1 decidido a que el pr\u00edncipe Harry y Meghan Markle asistan a su coronaci\u00f3n | Grazia M\u00e9xico y Latinoam\u00e9rica","isPartOf":{"@id":"https:\/\/graziamagazine.com\/mx\/#website"},"datePublished":"2023-02-01T01:18:25+00:00","dateModified":"2023-02-01T01:21:23+00:00","description":"El rey Charles III est\u00e1 a nada de vivir su esperada coronaci\u00f3n y quiere que sea un momento especial, inolvidable y perfecto, por lo que est\u00e1 decidido a","breadcrumb":{"@id":"https:\/\/graziamagazine.com\/mx\/articles\/el-rey-charles-iii-esta-decidido-a-que-el-principe-harry-y-meghan-markle-asistan-a-su-coronacion\/#breadcrumb"},"inLanguage":"es-MX","potentialAction":[{"@type":"ReadAction","target":["https:\/\/graziamagazine.com\/mx\/articles\/el-rey-charles-iii-esta-decidido-a-que-el-principe-harry-y-meghan-markle-asistan-a-su-coronacion\/"]}]},{"@type":"BreadcrumbList","@id":"https:\/\/graziamagazine.com\/mx\/articles\/el-rey-charles-iii-esta-decidido-a-que-el-principe-harry-y-meghan-markle-asistan-a-su-coronacion\/#breadcrumb","itemListElement":[{"@type":"ListItem","position":1,"name":"Home","item":"https:\/\/graziamagazine.com\/mx\/"},{"@type":"ListItem","position":2,"name":"El rey Charles III est\u00e1 decidido a que el pr\u00edncipe Harry y Meghan Markle asistan a su coronaci\u00f3n"}]},{"@type":"WebSite","@id":"https:\/\/graziamagazine.com\/mx\/#website","url":"https:\/\/graziamagazine.com\/mx\/","name":"Grazia M\u00e9xico y Latinoam\u00e9rica","description":"Grazia es moda, belleza y noticias  de actualidad ","potentialAction":[{"@type":"SearchAction","target":{"@type":"EntryPoint","urlTemplate":"https:\/\/graziamagazine.com\/mx\/?s={search_term_string}"},"query-input":"required name=search_term_string"}],"inLanguage":"es-MX"}]}},"jetpack_sharing_enabled":true,"distributor_meta":false,"distributor_terms":false,"distributor_media":false,"distributor_original_site_name":"Grazia M\u00e9xico y Latinoam\u00e9rica","distributor_original_site_url":"https:\/\/graziamagazine.com\/mx","push-errors":false,"_links":{"self":[{"href":"https:\/\/graziamagazine.com\/mx\/wp-json\/wp\/v2\/articles\/121179"}],"collection":[{"href":"https:\/\/graziamagazine.com\/mx\/wp-json\/wp\/v2\/articles"}],"about":[{"href":"https:\/\/graziamagazine.com\/mx\/wp-json\/wp\/v2\/types\/articles"}],"author":[{"embeddable":true,"href":"https:\/\/graziamagazine.com\/mx\/wp-json\/wp\/v2\/users\/11628"}],"wp:featuredmedia":[{"embeddable":true,"href":"https:\/\/graziamagazine.com\/mx\/wp-json\/wp\/v2\/media\/119158"}],"wp:attachment":[{"href":"https:\/\/graziamagazine.com\/mx\/wp-json\/wp\/v2\/media?parent=121179"}],"wp:term":[{"taxonomy":"category","embeddable":true,"href":"https:\/\/graziamagazine.com\/mx\/wp-json\/wp\/v2\/categories?post=121179"}],"curies":[{"name":"wp","href":"https:\/\/api.w.org\/{rel}","templated":true}]}}