{"id":121124,"date":"2023-01-30T10:56:34","date_gmt":"2023-01-30T15:56:34","guid":{"rendered":"https:\/\/graziamagazine.com\/mx\/?post_type=articles&#038;p=121124"},"modified":"2023-01-30T11:05:14","modified_gmt":"2023-01-30T16:05:14","slug":"teen-wolf-esta-de-vuelta-deberias-verla","status":"publish","type":"articles","link":"https:\/\/graziamagazine.com\/mx\/articles\/teen-wolf-esta-de-vuelta-deberias-verla\/","title":{"rendered":"Teen Wolf est\u00e1 de vuelta. \u00bfDeber\u00edas verla?"},"content":{"rendered":"<p><span style=\"font-weight: 400\">\u00a1Teen Wolf: La pel\u00edcula est\u00e1 de vuelta! Despu\u00e9s de cinco a\u00f1os de espera, la manada de lobos m\u00e1s famosa ha regresado.<\/span><\/p>\n<p><span style=\"font-weight: 400\">Los fans de <strong>Teen Wolf<\/strong> volver\u00e1n a ver a casi todos sus personajes favoritos en el estreno de la pr\u00f3xima pel\u00edcula de <strong>Paramount+<\/strong> a partir del<strong> 27 de enero de 2023.<\/strong><\/span><\/p>\n<p><span style=\"font-weight: 400\">Con la presencia de <\/span><span style=\"font-weight: 400\"><strong>Tyler Posey, Holland Roden, Shelley Hennig, Crystal Reed, Colton Haynes, Vince Mattis, Khylin Rhambo, Amy Workman y Dylan Sprayberry<\/strong>, como parte del reparto, <\/span><i><span style=\"font-weight: 400\">Tee<\/span><\/i><span style=\"font-weight: 400\">n Wolf: La pel\u00edcula estar\u00e1 llena de sorpresas, acci\u00f3n e intriga.<img loading=\"lazy\" decoding=\"async\" class=\"alignnone size-large wp-image-121125\" src=\"https:\/\/graziamagazine.com\/mx\/wp-content\/uploads\/sites\/13\/2023\/01\/620ca7ab41bfb.jpg?w=1024\" alt=\"\" width=\"1024\" height=\"576\" \/><\/span><\/p>\n<p><span style=\"font-weight: 400\">En una luna llena en <strong>Beacon Hills<\/strong>, un mal estremecedor se acerca. <\/span><span style=\"font-weight: 400\">Los lobos a\u00fallan una vez mas, pidiendo el regreso de todos aquellos que puedan cambiar de forma y unirse a ellos.<\/span><\/p>\n<p><span style=\"font-weight: 400\">Pero solo un hombre lobo como <strong>Scott McCall<\/strong>, que ya no es un adolescente, sino un alfa, logra reunir a nuevos aliados y viejos conocidos para pelear contra lo que podr\u00eda ser el enemigo m\u00e1s mort\u00edfero y poderoso que jam\u00e1s hayan enfrentado.<\/span><\/p>\n<p><iframe loading=\"lazy\" title=\"Teen Wolf: The Movie | Trailer Oficial | Paramount+\" width=\"500\" height=\"281\" src=\"https:\/\/www.youtube.com\/embed\/e2z8zO7rLSg?start=2&#038;feature=oembed\" frameborder=\"0\" allow=\"accelerometer; autoplay; clipboard-write; encrypted-media; gyroscope; picture-in-picture; web-share\" allowfullscreen><\/iframe><\/p>\n<p><span style=\"font-weight: 400\">La pel\u00edcula producida por <\/span><b>MTV Entertainment Studios<\/b><span style=\"font-weight: 400\"> y <\/span><b>MGM\u2019s Orion Televisi\u00f3n <\/b><span style=\"font-weight: 400\">cuenta con la direcci\u00f3n de<\/span><b> Russell Mulcahy<\/b><span style=\"font-weight: 400\">, quien dirigi\u00f3 alrededor de cuarenta episodios de la serie.<\/span><\/p>\n<p><span style=\"font-weight: 400\">No te pierdas este nuevo estreno en la plataforma de streaming de Paramount + y aprovecha siete d\u00edas gratis si eres nuevo en la plataforma. La mensualidad cuesta $79 pesos, y puedes cancelar en cualquier momento.<\/span><\/p>\n<p><em><strong>*IMAGEN: Google Images<\/strong><\/em><\/p>\n","protected":false},"author":28953,"featured_media":121127,"template":"","format":"standard","categories":[114,2],"acf":[],"yoast_head":"<!-- This site is optimized with the Yoast SEO Premium plugin v18.5 (Yoast SEO v20.4) - https:\/\/yoast.com\/wordpress\/plugins\/seo\/ -->\n<title>Teen Wolf est\u00e1 de vuelta. \u00bfDeber\u00edas verla?<\/title>\n<meta name=\"description\" content=\"Trailer, estreno, personajes !Esto es todo lo que debes saber sobre los lobos m\u00e1s famosos de la pantalla!\" \/>\n<meta name=\"robots\" content=\"index, follow, max-snippet:-1, max-image-preview:large, max-video-preview:-1\" \/>\n<link rel=\"canonical\" href=\"https:\/\/graziamagazine.com\/mx\/articles\/teen-wolf-esta-de-vuelta-deberias-verla\/\" \/>\n<meta property=\"og:locale\" content=\"es_MX\" \/>\n<meta property=\"og:type\" content=\"article\" \/>\n<meta property=\"og:title\" content=\"Teen Wolf est\u00e1 de vuelta. \u00bfDeber\u00edas verla?\" \/>\n<meta property=\"og:description\" content=\"Trailer, estreno, personajes !Esto es todo lo que debes saber sobre los lobos m\u00e1s famosos de la pantalla!\" \/>\n<meta property=\"og:url\" content=\"https:\/\/graziamagazine.com\/mx\/articles\/teen-wolf-esta-de-vuelta-deberias-verla\/\" \/>\n<meta property=\"og:site_name\" content=\"Grazia M\u00e9xico y Latinoam\u00e9rica\" \/>\n<meta property=\"article:modified_time\" content=\"2023-01-30T16:05:14+00:00\" \/>\n<meta property=\"og:image\" content=\"https:\/\/graziamagazine.com\/mx\/wp-content\/uploads\/sites\/13\/2023\/01\/teen-wolf-the-movie-3.jpg\" \/>\n\t<meta property=\"og:image:width\" content=\"1024\" \/>\n\t<meta property=\"og:image:height\" content=\"683\" \/>\n\t<meta property=\"og:image:type\" content=\"image\/jpeg\" \/>\n<meta name=\"twitter:card\" content=\"summary_large_image\" \/>\n<meta name=\"twitter:label1\" content=\"Est. reading time\" \/>\n\t<meta name=\"twitter:data1\" content=\"2 minutos\" \/>\n<script type=\"application\/ld+json\" class=\"yoast-schema-graph\">{\"@context\":\"https:\/\/schema.org\",\"@graph\":[{\"@type\":\"WebPage\",\"@id\":\"https:\/\/graziamagazine.com\/mx\/articles\/teen-wolf-esta-de-vuelta-deberias-verla\/\",\"url\":\"https:\/\/graziamagazine.com\/mx\/articles\/teen-wolf-esta-de-vuelta-deberias-verla\/\",\"name\":\"Teen Wolf est\u00e1 de vuelta. \u00bfDeber\u00edas verla?\",\"isPartOf\":{\"@id\":\"https:\/\/graziamagazine.com\/mx\/#website\"},\"datePublished\":\"2023-01-30T15:56:34+00:00\",\"dateModified\":\"2023-01-30T16:05:14+00:00\",\"description\":\"Trailer, estreno, personajes !Esto es todo lo que debes saber sobre los lobos m\u00e1s famosos de la pantalla!\",\"breadcrumb\":{\"@id\":\"https:\/\/graziamagazine.com\/mx\/articles\/teen-wolf-esta-de-vuelta-deberias-verla\/#breadcrumb\"},\"inLanguage\":\"es-MX\",\"potentialAction\":[{\"@type\":\"ReadAction\",\"target\":[\"https:\/\/graziamagazine.com\/mx\/articles\/teen-wolf-esta-de-vuelta-deberias-verla\/\"]}]},{\"@type\":\"BreadcrumbList\",\"@id\":\"https:\/\/graziamagazine.com\/mx\/articles\/teen-wolf-esta-de-vuelta-deberias-verla\/#breadcrumb\",\"itemListElement\":[{\"@type\":\"ListItem\",\"position\":1,\"name\":\"Home\",\"item\":\"https:\/\/graziamagazine.com\/mx\/\"},{\"@type\":\"ListItem\",\"position\":2,\"name\":\"Teen Wolf est\u00e1 de vuelta. \u00bfDeber\u00edas verla?\"}]},{\"@type\":\"WebSite\",\"@id\":\"https:\/\/graziamagazine.com\/mx\/#website\",\"url\":\"https:\/\/graziamagazine.com\/mx\/\",\"name\":\"Grazia M\u00e9xico y Latinoam\u00e9rica\",\"description\":\"Grazia es moda, belleza y noticias  de actualidad \",\"potentialAction\":[{\"@type\":\"SearchAction\",\"target\":{\"@type\":\"EntryPoint\",\"urlTemplate\":\"https:\/\/graziamagazine.com\/mx\/?s={search_term_string}\"},\"query-input\":\"required name=search_term_string\"}],\"inLanguage\":\"es-MX\"}]}<\/script>\n<!-- \/ Yoast SEO Premium plugin. -->","yoast_head_json":{"title":"Teen Wolf est\u00e1 de vuelta. \u00bfDeber\u00edas verla?","description":"Trailer, estreno, personajes !Esto es todo lo que debes saber sobre los lobos m\u00e1s famosos de la pantalla!","robots":{"index":"index","follow":"follow","max-snippet":"max-snippet:-1","max-image-preview":"max-image-preview:large","max-video-preview":"max-video-preview:-1"},"canonical":"https:\/\/graziamagazine.com\/mx\/articles\/teen-wolf-esta-de-vuelta-deberias-verla\/","og_locale":"es_MX","og_type":"article","og_title":"Teen Wolf est\u00e1 de vuelta. \u00bfDeber\u00edas verla?","og_description":"Trailer, estreno, personajes !Esto es todo lo que debes saber sobre los lobos m\u00e1s famosos de la pantalla!","og_url":"https:\/\/graziamagazine.com\/mx\/articles\/teen-wolf-esta-de-vuelta-deberias-verla\/","og_site_name":"Grazia M\u00e9xico y Latinoam\u00e9rica","article_modified_time":"2023-01-30T16:05:14+00:00","og_image":[{"url":"https:\/\/graziamagazine.com\/mx\/wp-content\/uploads\/sites\/13\/2023\/01\/teen-wolf-the-movie-3.jpg","width":1024,"height":683,"type":"image\/jpeg"}],"twitter_card":"summary_large_image","twitter_misc":{"Est. reading time":"2 minutos"},"schema":{"@context":"https:\/\/schema.org","@graph":[{"@type":"WebPage","@id":"https:\/\/graziamagazine.com\/mx\/articles\/teen-wolf-esta-de-vuelta-deberias-verla\/","url":"https:\/\/graziamagazine.com\/mx\/articles\/teen-wolf-esta-de-vuelta-deberias-verla\/","name":"Teen Wolf est\u00e1 de vuelta. \u00bfDeber\u00edas verla?","isPartOf":{"@id":"https:\/\/graziamagazine.com\/mx\/#website"},"datePublished":"2023-01-30T15:56:34+00:00","dateModified":"2023-01-30T16:05:14+00:00","description":"Trailer, estreno, personajes !Esto es todo lo que debes saber sobre los lobos m\u00e1s famosos de la pantalla!","breadcrumb":{"@id":"https:\/\/graziamagazine.com\/mx\/articles\/teen-wolf-esta-de-vuelta-deberias-verla\/#breadcrumb"},"inLanguage":"es-MX","potentialAction":[{"@type":"ReadAction","target":["https:\/\/graziamagazine.com\/mx\/articles\/teen-wolf-esta-de-vuelta-deberias-verla\/"]}]},{"@type":"BreadcrumbList","@id":"https:\/\/graziamagazine.com\/mx\/articles\/teen-wolf-esta-de-vuelta-deberias-verla\/#breadcrumb","itemListElement":[{"@type":"ListItem","position":1,"name":"Home","item":"https:\/\/graziamagazine.com\/mx\/"},{"@type":"ListItem","position":2,"name":"Teen Wolf est\u00e1 de vuelta. \u00bfDeber\u00edas verla?"}]},{"@type":"WebSite","@id":"https:\/\/graziamagazine.com\/mx\/#website","url":"https:\/\/graziamagazine.com\/mx\/","name":"Grazia M\u00e9xico y Latinoam\u00e9rica","description":"Grazia es moda, belleza y noticias  de actualidad ","potentialAction":[{"@type":"SearchAction","target":{"@type":"EntryPoint","urlTemplate":"https:\/\/graziamagazine.com\/mx\/?s={search_term_string}"},"query-input":"required name=search_term_string"}],"inLanguage":"es-MX"}]}},"jetpack_sharing_enabled":true,"distributor_meta":false,"distributor_terms":false,"distributor_media":false,"distributor_original_site_name":"Grazia M\u00e9xico y Latinoam\u00e9rica","distributor_original_site_url":"https:\/\/graziamagazine.com\/mx","push-errors":false,"_links":{"self":[{"href":"https:\/\/graziamagazine.com\/mx\/wp-json\/wp\/v2\/articles\/121124"}],"collection":[{"href":"https:\/\/graziamagazine.com\/mx\/wp-json\/wp\/v2\/articles"}],"about":[{"href":"https:\/\/graziamagazine.com\/mx\/wp-json\/wp\/v2\/types\/articles"}],"author":[{"embeddable":true,"href":"https:\/\/graziamagazine.com\/mx\/wp-json\/wp\/v2\/users\/28953"}],"wp:featuredmedia":[{"embeddable":true,"href":"https:\/\/graziamagazine.com\/mx\/wp-json\/wp\/v2\/media\/121127"}],"wp:attachment":[{"href":"https:\/\/graziamagazine.com\/mx\/wp-json\/wp\/v2\/media?parent=121124"}],"wp:term":[{"taxonomy":"category","embeddable":true,"href":"https:\/\/graziamagazine.com\/mx\/wp-json\/wp\/v2\/categories?post=121124"}],"curies":[{"name":"wp","href":"https:\/\/api.w.org\/{rel}","templated":true}]}}