{"id":120743,"date":"2023-01-17T19:27:52","date_gmt":"2023-01-18T00:27:52","guid":{"rendered":"https:\/\/graziamagazine.com\/mx\/?post_type=articles&#038;p=120743"},"modified":"2023-01-17T19:35:06","modified_gmt":"2023-01-18T00:35:06","slug":"como-no-delinear-ojos-podrias-anadirte-edad","status":"publish","type":"articles","link":"https:\/\/graziamagazine.com\/mx\/articles\/como-no-delinear-ojos-podrias-anadirte-edad\/","title":{"rendered":"C\u00f3mo NO delinear tus ojos: podr\u00edas a\u00f1adirte edad"},"content":{"rendered":"<p><span style=\"font-weight: 400\">Un buen <\/span><b>maquillaje<\/b><span style=\"font-weight: 400\"> tiene el potencial de resaltar o arruinar todo tu look, especialmente cuando se trata del <\/span><b>delineado<\/b><span style=\"font-weight: 400\"> de tus ojos, adem\u00e1s puede quitarte o a\u00f1adirte edad. Por eso te dejamos estos tips para evitar los errores m\u00e1s comunes al hacerlo.<\/span><\/p>\n<p><span style=\"font-weight: 400\">Si bien lo <\/span><b><i>aesthetic<\/i><\/b><span style=\"font-weight: 400\"> est\u00e1 marcando los estilos de maquillaje para este a\u00f1o, la realidad es que cuando de moda se trata, hay factores importantes a considerar, ya que podr\u00edan sumar o restar edad, siendo esto \u00faltimo lo que realmente buscamos.<\/span><\/p>\n<p><span style=\"font-weight: 400\">Los <\/span><b>colores vibrantes<\/b><span style=\"font-weight: 400\">, <\/span><b>aplicaciones con 3D<\/b><span style=\"font-weight: 400\">, <\/span><b>l\u00edneas felinas<\/b><span style=\"font-weight: 400\"> y <\/span><b>l\u00edneas gruesas<\/b><span style=\"font-weight: 400\"> cruzando el lagrimal, son las tendencias de delineados <\/span><i><span style=\"font-weight: 400\">aesthetic<\/span><\/i><span style=\"font-weight: 400\"> que bien aplicados te ayudar\u00e1n a disimular los signos del envejecimiento.\u00a0<\/span><\/p>\n<p><b>Patricio Quintana<\/b><span style=\"font-weight: 400\"> y <\/span><b>Sandra Ruenes<\/b><span style=\"font-weight: 400\">, son dos maquillistas profesionales que comparten sus secretos para tener un delineado perfectamente adecuado a tu edad.\u00a0<\/span><\/p>\n<p><span style=\"font-weight: 400\">\u201cUn delineado es lo mejor para enmarcar la mirada y dejarla s\u00faper <\/span><i><span style=\"font-weight: 400\">fierce<\/span><\/i><span style=\"font-weight: 400\">\u201d, comenta Patricio. Uno de sus secretos es usar un l\u00e1piz caf\u00e9 para delinear todo el ojo, adem\u00e1s de agregar un tono m\u00e1s oscuro en la base de las pesta\u00f1as para un look sin esfuerzo, dijo Sandra seg\u00fan un art\u00edculo de Vogue.<\/span><\/p>\n<p><span style=\"font-weight: 400\">Por otro lado, Sandra recomienda fijarse en la forma de los ojos antes de aplicar cualquier producto. \u201cSi haces un mal delineado, este puede desfavorecer tu mirada, incluso haci\u00e9ndote ver con el ojo m\u00e1s ca\u00eddo o cerrado, pues la falta de precisi\u00f3n es de los errores m\u00e1s comunes\u201d, coment\u00f3.<\/span><\/p>\n<p><span style=\"font-weight: 400\">A continuaci\u00f3n te dejamos algunos ejemplos de delineados que al no aplicarlos de manera correcta podr\u00edan sumarte\u00a0 a\u00f1os, y que tal vez vas a querer evitar.<\/span><\/p>\n<p>&nbsp;<\/p>\n<h3><b>Delineados con cejas decoloradas<\/b><\/h3>\n<p><span style=\"font-weight: 400\">Eliminar las cejas de tu maquillaje ocasionar\u00e1 que se vea inconcluso y obsoleto.<\/span><\/p>\n<figure id=\"attachment_120747\" aria-describedby=\"caption-attachment-120747\" style=\"width: 450px\" class=\"wp-caption alignnone\"><img loading=\"lazy\" decoding=\"async\" class=\"size-medium wp-image-120747\" src=\"https:\/\/graziamagazine.com\/mx\/wp-content\/uploads\/sites\/13\/2023\/01\/WhatsApp-Image-2023-01-17-at-15.23.47.jpeg?w=450\" alt=\"\" width=\"450\" height=\"404\" \/><figcaption id=\"caption-attachment-120747\" class=\"wp-caption-text\">Getty<\/figcaption><\/figure>\n<h3><b>Delineados demasiado gruesos<\/b><\/h3>\n<p><span style=\"font-weight: 400\">Esta opci\u00f3n puede desentonar la mirada, dando como resultado que los rasgos de la edad se hagan m\u00e1s visibles.\u00a0<\/span><\/p>\n<figure id=\"attachment_120746\" aria-describedby=\"caption-attachment-120746\" style=\"width: 450px\" class=\"wp-caption alignnone\"><img loading=\"lazy\" decoding=\"async\" class=\"size-medium wp-image-120746\" src=\"https:\/\/graziamagazine.com\/mx\/wp-content\/uploads\/sites\/13\/2023\/01\/WhatsApp-Image-2023-01-17-at-15.24.44.jpeg?w=450\" alt=\"\" width=\"450\" height=\"300\" \/><figcaption id=\"caption-attachment-120746\" class=\"wp-caption-text\">Getty<\/figcaption><\/figure>\n<p>&nbsp;<\/p>\n<h3><b>Delineado oscuro<\/b><\/h3>\n<p><span style=\"font-weight: 400\">El uso de un l\u00e1piz negro podr\u00eda ser desfavorable, pues las lineas de expresi\u00f3n se acent\u00faan mucho m\u00e1s. Los colores opcionales podr\u00edan ser el chocolate, borgo\u00f1a o ladrillo, siempre considerando tu tono de piel<\/span><\/p>\n<figure id=\"attachment_120745\" aria-describedby=\"caption-attachment-120745\" style=\"width: 406px\" class=\"wp-caption alignnone\"><img loading=\"lazy\" decoding=\"async\" class=\"size-medium wp-image-120745\" src=\"https:\/\/graziamagazine.com\/mx\/wp-content\/uploads\/sites\/13\/2023\/01\/WhatsApp-Image-2023-01-17-at-15.25.31.jpeg?w=406\" alt=\"\" width=\"406\" height=\"450\" \/><figcaption id=\"caption-attachment-120745\" class=\"wp-caption-text\">Getty<\/figcaption><\/figure>\n<h3><b>Blush con delineado inferior<\/b><\/h3>\n<p><span style=\"font-weight: 400\">Aunque puede ser una opci\u00f3n muy favorecedora si los colores se aplican correctamente, hacer lo contrario podr\u00eda ser un desastre. Para Patricio, una buena recomendaci\u00f3n es delinear con los ojos cerrados.<\/span><\/p>\n<figure id=\"attachment_120744\" aria-describedby=\"caption-attachment-120744\" style=\"width: 332px\" class=\"wp-caption alignnone\"><img loading=\"lazy\" decoding=\"async\" class=\"size-medium wp-image-120744\" src=\"https:\/\/graziamagazine.com\/mx\/wp-content\/uploads\/sites\/13\/2023\/01\/WhatsApp-Image-2023-01-17-at-15.26.16.jpeg?w=332\" alt=\"\" width=\"332\" height=\"450\" \/><figcaption id=\"caption-attachment-120744\" class=\"wp-caption-text\">Instagram<\/figcaption><\/figure>\n<p>El delineado es s\u00faper importante a la hora de marcar tu maquillaje. Sigue los consejos de los expertos para que no a\u00f1adas edad a tu cara y disfrutes de las tendencias de la temporada.<\/p>\n","protected":false},"author":36289,"featured_media":120744,"template":"","format":"standard","categories":[12517],"acf":[],"yoast_head":"<!-- This site is optimized with the Yoast SEO Premium plugin v18.5 (Yoast SEO v20.4) - https:\/\/yoast.com\/wordpress\/plugins\/seo\/ -->\n<title>C\u00f3mo NO delinear tus ojos: podr\u00edas a\u00f1adirte edad | Grazia M\u00e9xico y Latinoam\u00e9rica<\/title>\n<meta name=\"description\" content=\"Un buen maquillaje tiene el potencial de resaltar o arruinar todo tu look, especialmente cuando se trata del delineado de tus ojos, adem\u00e1s puede quitarte\" \/>\n<meta name=\"robots\" content=\"index, follow, max-snippet:-1, max-image-preview:large, max-video-preview:-1\" \/>\n<link rel=\"canonical\" href=\"https:\/\/graziamagazine.com\/mx\/articles\/como-no-delinear-ojos-podrias-anadirte-edad\/\" \/>\n<meta property=\"og:locale\" content=\"es_MX\" \/>\n<meta property=\"og:type\" content=\"article\" \/>\n<meta property=\"og:title\" content=\"C\u00f3mo NO delinear tus ojos: podr\u00edas a\u00f1adirte edad\" \/>\n<meta property=\"og:description\" content=\"Un buen maquillaje tiene el potencial de resaltar o arruinar todo tu look, especialmente cuando se trata del delineado de tus ojos, adem\u00e1s puede quitarte\" \/>\n<meta property=\"og:url\" content=\"https:\/\/graziamagazine.com\/mx\/articles\/como-no-delinear-ojos-podrias-anadirte-edad\/\" \/>\n<meta property=\"og:site_name\" content=\"Grazia M\u00e9xico y Latinoam\u00e9rica\" \/>\n<meta property=\"article:modified_time\" content=\"2023-01-18T00:35:06+00:00\" \/>\n<meta property=\"og:image\" content=\"https:\/\/graziamagazine.com\/mx\/wp-content\/uploads\/sites\/13\/2023\/01\/WhatsApp-Image-2023-01-17-at-15.26.16-e1674002005923.jpeg\" \/>\n\t<meta property=\"og:image:width\" content=\"931\" \/>\n\t<meta property=\"og:image:height\" content=\"595\" \/>\n\t<meta property=\"og:image:type\" content=\"image\/jpeg\" \/>\n<meta name=\"twitter:card\" content=\"summary_large_image\" \/>\n<meta name=\"twitter:label1\" content=\"Est. reading time\" \/>\n\t<meta name=\"twitter:data1\" content=\"3 minutos\" \/>\n<script type=\"application\/ld+json\" class=\"yoast-schema-graph\">{\"@context\":\"https:\/\/schema.org\",\"@graph\":[{\"@type\":\"WebPage\",\"@id\":\"https:\/\/graziamagazine.com\/mx\/articles\/como-no-delinear-ojos-podrias-anadirte-edad\/\",\"url\":\"https:\/\/graziamagazine.com\/mx\/articles\/como-no-delinear-ojos-podrias-anadirte-edad\/\",\"name\":\"C\u00f3mo NO delinear tus ojos: podr\u00edas a\u00f1adirte edad | Grazia M\u00e9xico y Latinoam\u00e9rica\",\"isPartOf\":{\"@id\":\"https:\/\/graziamagazine.com\/mx\/#website\"},\"datePublished\":\"2023-01-18T00:27:52+00:00\",\"dateModified\":\"2023-01-18T00:35:06+00:00\",\"description\":\"Un buen maquillaje tiene el potencial de resaltar o arruinar todo tu look, especialmente cuando se trata del delineado de tus ojos, adem\u00e1s puede quitarte\",\"breadcrumb\":{\"@id\":\"https:\/\/graziamagazine.com\/mx\/articles\/como-no-delinear-ojos-podrias-anadirte-edad\/#breadcrumb\"},\"inLanguage\":\"es-MX\",\"potentialAction\":[{\"@type\":\"ReadAction\",\"target\":[\"https:\/\/graziamagazine.com\/mx\/articles\/como-no-delinear-ojos-podrias-anadirte-edad\/\"]}]},{\"@type\":\"BreadcrumbList\",\"@id\":\"https:\/\/graziamagazine.com\/mx\/articles\/como-no-delinear-ojos-podrias-anadirte-edad\/#breadcrumb\",\"itemListElement\":[{\"@type\":\"ListItem\",\"position\":1,\"name\":\"Home\",\"item\":\"https:\/\/graziamagazine.com\/mx\/\"},{\"@type\":\"ListItem\",\"position\":2,\"name\":\"C\u00f3mo NO delinear tus ojos: podr\u00edas a\u00f1adirte edad\"}]},{\"@type\":\"WebSite\",\"@id\":\"https:\/\/graziamagazine.com\/mx\/#website\",\"url\":\"https:\/\/graziamagazine.com\/mx\/\",\"name\":\"Grazia M\u00e9xico y Latinoam\u00e9rica\",\"description\":\"Grazia es moda, belleza y noticias  de actualidad \",\"potentialAction\":[{\"@type\":\"SearchAction\",\"target\":{\"@type\":\"EntryPoint\",\"urlTemplate\":\"https:\/\/graziamagazine.com\/mx\/?s={search_term_string}\"},\"query-input\":\"required name=search_term_string\"}],\"inLanguage\":\"es-MX\"}]}<\/script>\n<!-- \/ Yoast SEO Premium plugin. -->","yoast_head_json":{"title":"C\u00f3mo NO delinear tus ojos: podr\u00edas a\u00f1adirte edad | Grazia M\u00e9xico y Latinoam\u00e9rica","description":"Un buen maquillaje tiene el potencial de resaltar o arruinar todo tu look, especialmente cuando se trata del delineado de tus ojos, adem\u00e1s puede quitarte","robots":{"index":"index","follow":"follow","max-snippet":"max-snippet:-1","max-image-preview":"max-image-preview:large","max-video-preview":"max-video-preview:-1"},"canonical":"https:\/\/graziamagazine.com\/mx\/articles\/como-no-delinear-ojos-podrias-anadirte-edad\/","og_locale":"es_MX","og_type":"article","og_title":"C\u00f3mo NO delinear tus ojos: podr\u00edas a\u00f1adirte edad","og_description":"Un buen maquillaje tiene el potencial de resaltar o arruinar todo tu look, especialmente cuando se trata del delineado de tus ojos, adem\u00e1s puede quitarte","og_url":"https:\/\/graziamagazine.com\/mx\/articles\/como-no-delinear-ojos-podrias-anadirte-edad\/","og_site_name":"Grazia M\u00e9xico y Latinoam\u00e9rica","article_modified_time":"2023-01-18T00:35:06+00:00","og_image":[{"width":931,"height":595,"url":"https:\/\/graziamagazine.com\/mx\/wp-content\/uploads\/sites\/13\/2023\/01\/WhatsApp-Image-2023-01-17-at-15.26.16-e1674002005923.jpeg","type":"image\/jpeg"}],"twitter_card":"summary_large_image","twitter_misc":{"Est. reading time":"3 minutos"},"schema":{"@context":"https:\/\/schema.org","@graph":[{"@type":"WebPage","@id":"https:\/\/graziamagazine.com\/mx\/articles\/como-no-delinear-ojos-podrias-anadirte-edad\/","url":"https:\/\/graziamagazine.com\/mx\/articles\/como-no-delinear-ojos-podrias-anadirte-edad\/","name":"C\u00f3mo NO delinear tus ojos: podr\u00edas a\u00f1adirte edad | Grazia M\u00e9xico y Latinoam\u00e9rica","isPartOf":{"@id":"https:\/\/graziamagazine.com\/mx\/#website"},"datePublished":"2023-01-18T00:27:52+00:00","dateModified":"2023-01-18T00:35:06+00:00","description":"Un buen maquillaje tiene el potencial de resaltar o arruinar todo tu look, especialmente cuando se trata del delineado de tus ojos, adem\u00e1s puede quitarte","breadcrumb":{"@id":"https:\/\/graziamagazine.com\/mx\/articles\/como-no-delinear-ojos-podrias-anadirte-edad\/#breadcrumb"},"inLanguage":"es-MX","potentialAction":[{"@type":"ReadAction","target":["https:\/\/graziamagazine.com\/mx\/articles\/como-no-delinear-ojos-podrias-anadirte-edad\/"]}]},{"@type":"BreadcrumbList","@id":"https:\/\/graziamagazine.com\/mx\/articles\/como-no-delinear-ojos-podrias-anadirte-edad\/#breadcrumb","itemListElement":[{"@type":"ListItem","position":1,"name":"Home","item":"https:\/\/graziamagazine.com\/mx\/"},{"@type":"ListItem","position":2,"name":"C\u00f3mo NO delinear tus ojos: podr\u00edas a\u00f1adirte edad"}]},{"@type":"WebSite","@id":"https:\/\/graziamagazine.com\/mx\/#website","url":"https:\/\/graziamagazine.com\/mx\/","name":"Grazia M\u00e9xico y Latinoam\u00e9rica","description":"Grazia es moda, belleza y noticias  de actualidad ","potentialAction":[{"@type":"SearchAction","target":{"@type":"EntryPoint","urlTemplate":"https:\/\/graziamagazine.com\/mx\/?s={search_term_string}"},"query-input":"required name=search_term_string"}],"inLanguage":"es-MX"}]}},"jetpack_sharing_enabled":true,"distributor_meta":false,"distributor_terms":false,"distributor_media":false,"distributor_original_site_name":"Grazia M\u00e9xico y Latinoam\u00e9rica","distributor_original_site_url":"https:\/\/graziamagazine.com\/mx","push-errors":false,"_links":{"self":[{"href":"https:\/\/graziamagazine.com\/mx\/wp-json\/wp\/v2\/articles\/120743"}],"collection":[{"href":"https:\/\/graziamagazine.com\/mx\/wp-json\/wp\/v2\/articles"}],"about":[{"href":"https:\/\/graziamagazine.com\/mx\/wp-json\/wp\/v2\/types\/articles"}],"author":[{"embeddable":true,"href":"https:\/\/graziamagazine.com\/mx\/wp-json\/wp\/v2\/users\/36289"}],"wp:featuredmedia":[{"embeddable":true,"href":"https:\/\/graziamagazine.com\/mx\/wp-json\/wp\/v2\/media\/120744"}],"wp:attachment":[{"href":"https:\/\/graziamagazine.com\/mx\/wp-json\/wp\/v2\/media?parent=120743"}],"wp:term":[{"taxonomy":"category","embeddable":true,"href":"https:\/\/graziamagazine.com\/mx\/wp-json\/wp\/v2\/categories?post=120743"}],"curies":[{"name":"wp","href":"https:\/\/api.w.org\/{rel}","templated":true}]}}