{"id":120693,"date":"2023-01-16T11:59:11","date_gmt":"2023-01-16T16:59:11","guid":{"rendered":"https:\/\/graziamagazine.com\/mx\/?post_type=articles&#038;p=120693"},"modified":"2023-01-16T12:04:00","modified_gmt":"2023-01-16T17:04:00","slug":"es-oficial-aidan-shaw-se-une-a-la-segunda-temporada-de-and-just-like-that-para-romance-con-carrie-bradshaw","status":"publish","type":"articles","link":"https:\/\/graziamagazine.com\/mx\/articles\/es-oficial-aidan-shaw-se-une-a-la-segunda-temporada-de-and-just-like-that-para-romance-con-carrie-bradshaw\/","title":{"rendered":"\u00a1Es oficial! Aidan Shaw se une a la segunda temporada de \u2018And Just Like That\u2026\u2019 para romance con Carrie Bradshaw"},"content":{"rendered":"<p><span style=\"font-weight: 400\">La semana inicia con las noticias m\u00e1s emocionantes. <strong>John Corbett<\/strong>, actor que dio vida a <strong>Aidan Shaw<\/strong> en <em><strong>Sex and the City<\/strong><\/em>, est\u00e1 oficialmente de vuelta para la segunda temporada de <em><strong>And Just Like That\u2026<\/strong><\/em>, y las fotos no mienten: habr\u00e1 nuevamente romance con Carrie Bradshaw, el personaje de <strong>Sarah Jessica Parker.<\/strong><\/span><\/p>\n<p><span style=\"font-weight: 400\">La gran noticia fue compartida en la cuenta de Instagram de Sarah Jessica, y tambi\u00e9n en la de <em>And Just Like That<\/em> y, luego de ver a Carrie y Aidan caminando de la mano por Nueva York, no cabe ninguna duda de que volver\u00e1n a intentar una relaci\u00f3n.<\/span><\/p>\n<p><span style=\"font-weight: 400\">\u201cShh. No le digas a nadie\u201d, escribi\u00f3 la cuenta de And Just Like That. \u201cShhhh. X, SJ\u201d, respondi\u00f3 Sarah Jessica, as\u00ed que probablemente se trate de un romance prohibido.<\/span><\/p>\n<p><span style=\"font-weight: 400\">Aiden estuvo casado con Kathy y Carrie, bueno, ella ten\u00eda a Mr. Big, pero muri\u00f3 en la primera temporada de la serie de <strong>HBO Max<\/strong>, dejando a Carrie de vuelta en la solter\u00eda en Nueva York y el destino de la esposa de Aiden tendr\u00e1 que revelarse en la nueva temporada.<\/span><\/p>\n<p>https:\/\/www.instagram.com\/sarahjessicaparker\/<\/p>\n<p><span style=\"font-weight: 400\">\u201cRealmente sent\u00ed que esto era mucho para Carrie. Esta temporada fue mucho. Quer\u00edamos sacarla de la [muerte de Big] y sacarla a la luz; el \u00faltimo episodio se llama \u2018Viendo la luz\u2019. Quer\u00edamos sacarla. [El regreso de Aidan] es una gran historia que todos en casa escribieron y que nunca hab\u00edamos tenido la intenci\u00f3n\u201d, dijo el productor ejecutivo <strong>Michael Patrick King<\/strong> respecto a por qu\u00e9 Aidan no apareci\u00f3 en la primera temporada.<\/span><\/p>\n<p><span style=\"font-weight: 400\">Como recordar\u00e1s, John Corbett interpret\u00f3 al novio intermitente de Carrie Bradshaw, e incluso prometido, en las temporadas 3 y 4 de Sex and the City. Se separaron dos veces; la primera vez, despu\u00e9s de que ella confes\u00f3 haberse acostado con su futuro esposo, Mr. Big, y la segunda vez cuando no pudo comprometerse despu\u00e9s de que Aidan le propusiera matrimonio.<\/span><\/p>\n<p><span style=\"font-weight: 400\">Despu\u00e9s, Carrie y Aidan volvieron a verse en la temporada 6, cuando se encontraron en la calle, y Aidan revel\u00f3 que estaba casado y ten\u00eda un hijo peque\u00f1o. El destino los volvi\u00f3 a reunir en la pel\u00edcula <em><strong>Sex and the City 2<\/strong><\/em> en un mercado de Abu Dhabi. La pareja comparti\u00f3 un beso apasionado, pero como ambos estaban casados \u200b\u200ben ese momento (y Aidan tambi\u00e9n era padre de tres hijos), Carrie se escap\u00f3.\u00a0<\/span><\/p>\n<p><span style=\"font-weight: 400\">\u00bfVendr\u00e1 para ellos una nueva y real oportunidad?<\/span><\/p>\n","protected":false},"author":11628,"featured_media":120694,"template":"","format":"standard","categories":[12517],"acf":[],"yoast_head":"<!-- This site is optimized with the Yoast SEO Premium plugin v18.5 (Yoast SEO v20.4) - https:\/\/yoast.com\/wordpress\/plugins\/seo\/ -->\n<title>\u00a1Es oficial! Aidan Shaw se une a la segunda temporada de \u2018And Just Like That\u2026\u2019 para romance con Carrie Bradshaw | Grazia M\u00e9xico y Latinoam\u00e9rica<\/title>\n<meta name=\"description\" content=\"La semana inicia con las noticias m\u00e1s emocionantes. John Corbett, actor que dio vida a Aidan Shaw en Sex and the City, est\u00e1 oficialmente de vuelta para la\" \/>\n<meta name=\"robots\" content=\"index, follow, max-snippet:-1, max-image-preview:large, max-video-preview:-1\" \/>\n<link rel=\"canonical\" href=\"https:\/\/graziamagazine.com\/mx\/articles\/es-oficial-aidan-shaw-se-une-a-la-segunda-temporada-de-and-just-like-that-para-romance-con-carrie-bradshaw\/\" \/>\n<meta property=\"og:locale\" content=\"es_MX\" \/>\n<meta property=\"og:type\" content=\"article\" \/>\n<meta property=\"og:title\" content=\"\u00a1Es oficial! Aidan Shaw se une a la segunda temporada de \u2018And Just Like That\u2026\u2019 para romance con Carrie Bradshaw\" \/>\n<meta property=\"og:description\" content=\"La semana inicia con las noticias m\u00e1s emocionantes. John Corbett, actor que dio vida a Aidan Shaw en Sex and the City, est\u00e1 oficialmente de vuelta para la\" \/>\n<meta property=\"og:url\" content=\"https:\/\/graziamagazine.com\/mx\/articles\/es-oficial-aidan-shaw-se-une-a-la-segunda-temporada-de-and-just-like-that-para-romance-con-carrie-bradshaw\/\" \/>\n<meta property=\"og:site_name\" content=\"Grazia M\u00e9xico y Latinoam\u00e9rica\" \/>\n<meta property=\"article:modified_time\" content=\"2023-01-16T17:04:00+00:00\" \/>\n<meta property=\"og:image\" content=\"https:\/\/graziamagazine.com\/mx\/wp-content\/uploads\/sites\/13\/2023\/01\/Captura-de-Pantalla-2023-01-16-a-las-9.14.45.png\" \/>\n\t<meta property=\"og:image:width\" content=\"503\" \/>\n\t<meta property=\"og:image:height\" content=\"315\" \/>\n\t<meta property=\"og:image:type\" content=\"image\/png\" \/>\n<meta name=\"twitter:card\" content=\"summary_large_image\" \/>\n<meta name=\"twitter:label1\" content=\"Est. reading time\" \/>\n\t<meta name=\"twitter:data1\" content=\"2 minutos\" \/>\n<script type=\"application\/ld+json\" class=\"yoast-schema-graph\">{\"@context\":\"https:\/\/schema.org\",\"@graph\":[{\"@type\":\"WebPage\",\"@id\":\"https:\/\/graziamagazine.com\/mx\/articles\/es-oficial-aidan-shaw-se-une-a-la-segunda-temporada-de-and-just-like-that-para-romance-con-carrie-bradshaw\/\",\"url\":\"https:\/\/graziamagazine.com\/mx\/articles\/es-oficial-aidan-shaw-se-une-a-la-segunda-temporada-de-and-just-like-that-para-romance-con-carrie-bradshaw\/\",\"name\":\"\u00a1Es oficial! Aidan Shaw se une a la segunda temporada de \u2018And Just Like That\u2026\u2019 para romance con Carrie Bradshaw | Grazia M\u00e9xico y Latinoam\u00e9rica\",\"isPartOf\":{\"@id\":\"https:\/\/graziamagazine.com\/mx\/#website\"},\"datePublished\":\"2023-01-16T16:59:11+00:00\",\"dateModified\":\"2023-01-16T17:04:00+00:00\",\"description\":\"La semana inicia con las noticias m\u00e1s emocionantes. John Corbett, actor que dio vida a Aidan Shaw en Sex and the City, est\u00e1 oficialmente de vuelta para la\",\"breadcrumb\":{\"@id\":\"https:\/\/graziamagazine.com\/mx\/articles\/es-oficial-aidan-shaw-se-une-a-la-segunda-temporada-de-and-just-like-that-para-romance-con-carrie-bradshaw\/#breadcrumb\"},\"inLanguage\":\"es-MX\",\"potentialAction\":[{\"@type\":\"ReadAction\",\"target\":[\"https:\/\/graziamagazine.com\/mx\/articles\/es-oficial-aidan-shaw-se-une-a-la-segunda-temporada-de-and-just-like-that-para-romance-con-carrie-bradshaw\/\"]}]},{\"@type\":\"BreadcrumbList\",\"@id\":\"https:\/\/graziamagazine.com\/mx\/articles\/es-oficial-aidan-shaw-se-une-a-la-segunda-temporada-de-and-just-like-that-para-romance-con-carrie-bradshaw\/#breadcrumb\",\"itemListElement\":[{\"@type\":\"ListItem\",\"position\":1,\"name\":\"Home\",\"item\":\"https:\/\/graziamagazine.com\/mx\/\"},{\"@type\":\"ListItem\",\"position\":2,\"name\":\"\u00a1Es oficial! Aidan Shaw se une a la segunda temporada de \u2018And Just Like That\u2026\u2019 para romance con Carrie Bradshaw\"}]},{\"@type\":\"WebSite\",\"@id\":\"https:\/\/graziamagazine.com\/mx\/#website\",\"url\":\"https:\/\/graziamagazine.com\/mx\/\",\"name\":\"Grazia M\u00e9xico y Latinoam\u00e9rica\",\"description\":\"Grazia es moda, belleza y noticias  de actualidad \",\"potentialAction\":[{\"@type\":\"SearchAction\",\"target\":{\"@type\":\"EntryPoint\",\"urlTemplate\":\"https:\/\/graziamagazine.com\/mx\/?s={search_term_string}\"},\"query-input\":\"required name=search_term_string\"}],\"inLanguage\":\"es-MX\"}]}<\/script>\n<!-- \/ Yoast SEO Premium plugin. -->","yoast_head_json":{"title":"\u00a1Es oficial! Aidan Shaw se une a la segunda temporada de \u2018And Just Like That\u2026\u2019 para romance con Carrie Bradshaw | Grazia M\u00e9xico y Latinoam\u00e9rica","description":"La semana inicia con las noticias m\u00e1s emocionantes. John Corbett, actor que dio vida a Aidan Shaw en Sex and the City, est\u00e1 oficialmente de vuelta para la","robots":{"index":"index","follow":"follow","max-snippet":"max-snippet:-1","max-image-preview":"max-image-preview:large","max-video-preview":"max-video-preview:-1"},"canonical":"https:\/\/graziamagazine.com\/mx\/articles\/es-oficial-aidan-shaw-se-une-a-la-segunda-temporada-de-and-just-like-that-para-romance-con-carrie-bradshaw\/","og_locale":"es_MX","og_type":"article","og_title":"\u00a1Es oficial! Aidan Shaw se une a la segunda temporada de \u2018And Just Like That\u2026\u2019 para romance con Carrie Bradshaw","og_description":"La semana inicia con las noticias m\u00e1s emocionantes. John Corbett, actor que dio vida a Aidan Shaw en Sex and the City, est\u00e1 oficialmente de vuelta para la","og_url":"https:\/\/graziamagazine.com\/mx\/articles\/es-oficial-aidan-shaw-se-une-a-la-segunda-temporada-de-and-just-like-that-para-romance-con-carrie-bradshaw\/","og_site_name":"Grazia M\u00e9xico y Latinoam\u00e9rica","article_modified_time":"2023-01-16T17:04:00+00:00","og_image":[{"width":503,"height":315,"url":"https:\/\/graziamagazine.com\/mx\/wp-content\/uploads\/sites\/13\/2023\/01\/Captura-de-Pantalla-2023-01-16-a-las-9.14.45.png","type":"image\/png"}],"twitter_card":"summary_large_image","twitter_misc":{"Est. reading time":"2 minutos"},"schema":{"@context":"https:\/\/schema.org","@graph":[{"@type":"WebPage","@id":"https:\/\/graziamagazine.com\/mx\/articles\/es-oficial-aidan-shaw-se-une-a-la-segunda-temporada-de-and-just-like-that-para-romance-con-carrie-bradshaw\/","url":"https:\/\/graziamagazine.com\/mx\/articles\/es-oficial-aidan-shaw-se-une-a-la-segunda-temporada-de-and-just-like-that-para-romance-con-carrie-bradshaw\/","name":"\u00a1Es oficial! Aidan Shaw se une a la segunda temporada de \u2018And Just Like That\u2026\u2019 para romance con Carrie Bradshaw | Grazia M\u00e9xico y Latinoam\u00e9rica","isPartOf":{"@id":"https:\/\/graziamagazine.com\/mx\/#website"},"datePublished":"2023-01-16T16:59:11+00:00","dateModified":"2023-01-16T17:04:00+00:00","description":"La semana inicia con las noticias m\u00e1s emocionantes. John Corbett, actor que dio vida a Aidan Shaw en Sex and the City, est\u00e1 oficialmente de vuelta para la","breadcrumb":{"@id":"https:\/\/graziamagazine.com\/mx\/articles\/es-oficial-aidan-shaw-se-une-a-la-segunda-temporada-de-and-just-like-that-para-romance-con-carrie-bradshaw\/#breadcrumb"},"inLanguage":"es-MX","potentialAction":[{"@type":"ReadAction","target":["https:\/\/graziamagazine.com\/mx\/articles\/es-oficial-aidan-shaw-se-une-a-la-segunda-temporada-de-and-just-like-that-para-romance-con-carrie-bradshaw\/"]}]},{"@type":"BreadcrumbList","@id":"https:\/\/graziamagazine.com\/mx\/articles\/es-oficial-aidan-shaw-se-une-a-la-segunda-temporada-de-and-just-like-that-para-romance-con-carrie-bradshaw\/#breadcrumb","itemListElement":[{"@type":"ListItem","position":1,"name":"Home","item":"https:\/\/graziamagazine.com\/mx\/"},{"@type":"ListItem","position":2,"name":"\u00a1Es oficial! Aidan Shaw se une a la segunda temporada de \u2018And Just Like That\u2026\u2019 para romance con Carrie Bradshaw"}]},{"@type":"WebSite","@id":"https:\/\/graziamagazine.com\/mx\/#website","url":"https:\/\/graziamagazine.com\/mx\/","name":"Grazia M\u00e9xico y Latinoam\u00e9rica","description":"Grazia es moda, belleza y noticias  de actualidad ","potentialAction":[{"@type":"SearchAction","target":{"@type":"EntryPoint","urlTemplate":"https:\/\/graziamagazine.com\/mx\/?s={search_term_string}"},"query-input":"required name=search_term_string"}],"inLanguage":"es-MX"}]}},"jetpack_sharing_enabled":true,"distributor_meta":false,"distributor_terms":false,"distributor_media":false,"distributor_original_site_name":"Grazia M\u00e9xico y Latinoam\u00e9rica","distributor_original_site_url":"https:\/\/graziamagazine.com\/mx","push-errors":false,"_links":{"self":[{"href":"https:\/\/graziamagazine.com\/mx\/wp-json\/wp\/v2\/articles\/120693"}],"collection":[{"href":"https:\/\/graziamagazine.com\/mx\/wp-json\/wp\/v2\/articles"}],"about":[{"href":"https:\/\/graziamagazine.com\/mx\/wp-json\/wp\/v2\/types\/articles"}],"author":[{"embeddable":true,"href":"https:\/\/graziamagazine.com\/mx\/wp-json\/wp\/v2\/users\/11628"}],"wp:featuredmedia":[{"embeddable":true,"href":"https:\/\/graziamagazine.com\/mx\/wp-json\/wp\/v2\/media\/120694"}],"wp:attachment":[{"href":"https:\/\/graziamagazine.com\/mx\/wp-json\/wp\/v2\/media?parent=120693"}],"wp:term":[{"taxonomy":"category","embeddable":true,"href":"https:\/\/graziamagazine.com\/mx\/wp-json\/wp\/v2\/categories?post=120693"}],"curies":[{"name":"wp","href":"https:\/\/api.w.org\/{rel}","templated":true}]}}