{"id":120596,"date":"2023-01-11T21:37:04","date_gmt":"2023-01-12T02:37:04","guid":{"rendered":"https:\/\/graziamagazine.com\/mx\/?post_type=articles&#038;p=120596"},"modified":"2023-01-11T21:41:23","modified_gmt":"2023-01-12T02:41:23","slug":"coachella-2023-presenta-lineup-oficial-sueno-hecho-realidad","status":"publish","type":"articles","link":"https:\/\/graziamagazine.com\/mx\/articles\/coachella-2023-presenta-lineup-oficial-sueno-hecho-realidad\/","title":{"rendered":"Coachella 2023 presenta su lineup oficial y es como un sue\u00f1o hecho realidad"},"content":{"rendered":"<p><b>Coachella<\/b><span style=\"font-weight: 400\">, el colosal evento de m\u00fasica, arte y diversi\u00f3n que se lleva a cabo cada a\u00f1o, ha publicado su <\/span><i><span style=\"font-weight: 400\">lineup<\/span><\/i><span style=\"font-weight: 400\"> para este 2023. El festival se realizar\u00e1 en<\/span><b> Indio<\/b><span style=\"font-weight: 400\">, <\/span><b>California<\/b><span style=\"font-weight: 400\">, del 14 al 16 y del 21 al 23 de abril.<\/span><\/p>\n<p><span style=\"font-weight: 400\">Como todos los rumores apuntaban<\/span><b> Bad Bunny<\/b><span style=\"font-weight: 400\"> ser\u00e1 uno de los tres artistas junto a las reinas del K-pop <\/span><b>BlackPink <\/b><span style=\"font-weight: 400\">y la estrella del <\/span><b>R&amp;B<\/b> <b>Frank Ocean<\/b><span style=\"font-weight: 400\">, y la <\/span><b>Rosal\u00eda<\/b><span style=\"font-weight: 400\">, quienes encabezar\u00e1n el inolvidable fin de semana.<\/span><\/p>\n<figure id=\"attachment_120599\" aria-describedby=\"caption-attachment-120599\" style=\"width: 337px\" class=\"wp-caption alignnone\"><img loading=\"lazy\" decoding=\"async\" class=\"size-medium wp-image-120599\" src=\"https:\/\/graziamagazine.com\/mx\/wp-content\/uploads\/sites\/13\/2023\/01\/WhatsApp-Image-2023-01-11-at-20.15.58.jpeg?w=337\" alt=\"\" width=\"337\" height=\"450\" \/><figcaption id=\"caption-attachment-120599\" class=\"wp-caption-text\">Instagram<\/figcaption><\/figure>\n<p><span style=\"font-weight: 400\">Entre los artistas que se presentar\u00e1n en el festival est\u00e1n <\/span><b>Kali Uchis<\/b><span style=\"font-weight: 400\">, <\/span><b>Gorillaz<\/b><span style=\"font-weight: 400\">, <\/span><b>Burna Boy<\/b><span style=\"font-weight: 400\">, <\/span><b>Doechii<\/b><span style=\"font-weight: 400\">, <\/span><b>Kaytranada<\/b><span style=\"font-weight: 400\"> y <\/span><b>Bj\u00f6rk<\/b><span style=\"font-weight: 400\"> (para que algunos puedan recordar su adolescencia). La lista completa la puedes encontrar en la p\u00e1gina oficial del evento o en redes sociales.\u00a0<\/span><\/p>\n<figure id=\"attachment_120597\" aria-describedby=\"caption-attachment-120597\" style=\"width: 450px\" class=\"wp-caption alignnone\"><img loading=\"lazy\" decoding=\"async\" class=\"size-medium wp-image-120597\" src=\"https:\/\/graziamagazine.com\/mx\/wp-content\/uploads\/sites\/13\/2023\/01\/WhatsApp-Image-2023-01-11-at-20.18.34.jpeg?w=450\" alt=\"\" width=\"450\" height=\"214\" \/><figcaption id=\"caption-attachment-120597\" class=\"wp-caption-text\">Instagram<\/figcaption><\/figure>\n<p><span style=\"font-weight: 400\">La preventa estar\u00e1 disponible este viernes 13, mientras que los que compraron su boleto y\/o asistieron el a\u00f1o pasado, tendr\u00e1n un acceso de lealtad para adquirir sus boletos el mi\u00e9rcoles 11. No te puedes perder de vivirlo, es toda una aventura de moda y m\u00fasica.<\/span><\/p>\n<p><span style=\"font-weight: 400\">\u201cQuedan pases de fin de semana 1 muy limitados. Para tener la mejor oportunidad de obtener pases, mira el fin de semana 2\u201d, se puede leer en una nota en la p\u00e1gina oficial del evento.<\/span><\/p>\n<figure id=\"attachment_120598\" aria-describedby=\"caption-attachment-120598\" style=\"width: 450px\" class=\"wp-caption alignnone\"><img loading=\"lazy\" decoding=\"async\" class=\"size-medium wp-image-120598\" src=\"https:\/\/graziamagazine.com\/mx\/wp-content\/uploads\/sites\/13\/2023\/01\/WhatsApp-Image-2023-01-11-at-20.16.25-e1673491130695.jpeg?w=450\" alt=\"\" width=\"450\" height=\"264\" \/><figcaption id=\"caption-attachment-120598\" class=\"wp-caption-text\">Bad Bunny\/Getty<\/figcaption><\/figure>\n<p><span style=\"font-weight: 400\">Este magno evento es mucho m\u00e1s que un festival de m\u00fasica, tambi\u00e9n es toda una expresi\u00f3n de la moda. No tienes que sacrificar el estilo. Eso s\u00ed, utiliza un calzado c\u00f3modo para no torturar tus pies en todo el d\u00eda.<\/span><\/p>\n<p><span style=\"font-weight: 400\">Los boletos rondan en un costo desde los $499 hasta los $599 d\u00f3lares m\u00e1s gastos de gesti\u00f3n. Obviamente tienes que preveer el hospedaje, traslado y todo lo dem\u00e1s que envuelve esta experiencia.<\/span><\/p>\n","protected":false},"author":36289,"featured_media":120598,"template":"","format":"standard","categories":[12517],"acf":[],"yoast_head":"<!-- This site is optimized with the Yoast SEO Premium plugin v18.5 (Yoast SEO v20.4) - https:\/\/yoast.com\/wordpress\/plugins\/seo\/ -->\n<title>Coachella 2023 presenta su lineup oficial y es como un sue\u00f1o hecho realidad | Grazia M\u00e9xico y Latinoam\u00e9rica<\/title>\n<meta name=\"description\" content=\"Coachella, el colosal evento de m\u00fasica, arte y diversi\u00f3n que se lleva a cabo cada a\u00f1o, ha publicado su lineup para este 2023. El festival se realizar\u00e1 en\" \/>\n<meta name=\"robots\" content=\"index, follow, max-snippet:-1, max-image-preview:large, max-video-preview:-1\" \/>\n<link rel=\"canonical\" href=\"https:\/\/graziamagazine.com\/mx\/articles\/coachella-2023-presenta-lineup-oficial-sueno-hecho-realidad\/\" \/>\n<meta property=\"og:locale\" content=\"es_MX\" \/>\n<meta property=\"og:type\" content=\"article\" \/>\n<meta property=\"og:title\" content=\"Coachella 2023 presenta su lineup oficial y es como un sue\u00f1o hecho realidad\" \/>\n<meta property=\"og:description\" content=\"Coachella, el colosal evento de m\u00fasica, arte y diversi\u00f3n que se lleva a cabo cada a\u00f1o, ha publicado su lineup para este 2023. El festival se realizar\u00e1 en\" \/>\n<meta property=\"og:url\" content=\"https:\/\/graziamagazine.com\/mx\/articles\/coachella-2023-presenta-lineup-oficial-sueno-hecho-realidad\/\" \/>\n<meta property=\"og:site_name\" content=\"Grazia M\u00e9xico y Latinoam\u00e9rica\" \/>\n<meta property=\"article:modified_time\" content=\"2023-01-12T02:41:23+00:00\" \/>\n<meta property=\"og:image\" content=\"https:\/\/graziamagazine.com\/mx\/wp-content\/uploads\/sites\/13\/2023\/01\/WhatsApp-Image-2023-01-11-at-20.16.25-e1673491130695.jpeg\" \/>\n\t<meta property=\"og:image:width\" content=\"1224\" \/>\n\t<meta property=\"og:image:height\" content=\"719\" \/>\n\t<meta property=\"og:image:type\" content=\"image\/jpeg\" \/>\n<meta name=\"twitter:card\" content=\"summary_large_image\" \/>\n<meta name=\"twitter:label1\" content=\"Est. reading time\" \/>\n\t<meta name=\"twitter:data1\" content=\"2 minutos\" \/>\n<script type=\"application\/ld+json\" class=\"yoast-schema-graph\">{\"@context\":\"https:\/\/schema.org\",\"@graph\":[{\"@type\":\"WebPage\",\"@id\":\"https:\/\/graziamagazine.com\/mx\/articles\/coachella-2023-presenta-lineup-oficial-sueno-hecho-realidad\/\",\"url\":\"https:\/\/graziamagazine.com\/mx\/articles\/coachella-2023-presenta-lineup-oficial-sueno-hecho-realidad\/\",\"name\":\"Coachella 2023 presenta su lineup oficial y es como un sue\u00f1o hecho realidad | Grazia M\u00e9xico y Latinoam\u00e9rica\",\"isPartOf\":{\"@id\":\"https:\/\/graziamagazine.com\/mx\/#website\"},\"datePublished\":\"2023-01-12T02:37:04+00:00\",\"dateModified\":\"2023-01-12T02:41:23+00:00\",\"description\":\"Coachella, el colosal evento de m\u00fasica, arte y diversi\u00f3n que se lleva a cabo cada a\u00f1o, ha publicado su lineup para este 2023. El festival se realizar\u00e1 en\",\"breadcrumb\":{\"@id\":\"https:\/\/graziamagazine.com\/mx\/articles\/coachella-2023-presenta-lineup-oficial-sueno-hecho-realidad\/#breadcrumb\"},\"inLanguage\":\"es-MX\",\"potentialAction\":[{\"@type\":\"ReadAction\",\"target\":[\"https:\/\/graziamagazine.com\/mx\/articles\/coachella-2023-presenta-lineup-oficial-sueno-hecho-realidad\/\"]}]},{\"@type\":\"BreadcrumbList\",\"@id\":\"https:\/\/graziamagazine.com\/mx\/articles\/coachella-2023-presenta-lineup-oficial-sueno-hecho-realidad\/#breadcrumb\",\"itemListElement\":[{\"@type\":\"ListItem\",\"position\":1,\"name\":\"Home\",\"item\":\"https:\/\/graziamagazine.com\/mx\/\"},{\"@type\":\"ListItem\",\"position\":2,\"name\":\"Coachella 2023 presenta su lineup oficial y es como un sue\u00f1o hecho realidad\"}]},{\"@type\":\"WebSite\",\"@id\":\"https:\/\/graziamagazine.com\/mx\/#website\",\"url\":\"https:\/\/graziamagazine.com\/mx\/\",\"name\":\"Grazia M\u00e9xico y Latinoam\u00e9rica\",\"description\":\"Grazia es moda, belleza y noticias  de actualidad \",\"potentialAction\":[{\"@type\":\"SearchAction\",\"target\":{\"@type\":\"EntryPoint\",\"urlTemplate\":\"https:\/\/graziamagazine.com\/mx\/?s={search_term_string}\"},\"query-input\":\"required name=search_term_string\"}],\"inLanguage\":\"es-MX\"}]}<\/script>\n<!-- \/ Yoast SEO Premium plugin. -->","yoast_head_json":{"title":"Coachella 2023 presenta su lineup oficial y es como un sue\u00f1o hecho realidad | Grazia M\u00e9xico y Latinoam\u00e9rica","description":"Coachella, el colosal evento de m\u00fasica, arte y diversi\u00f3n que se lleva a cabo cada a\u00f1o, ha publicado su lineup para este 2023. El festival se realizar\u00e1 en","robots":{"index":"index","follow":"follow","max-snippet":"max-snippet:-1","max-image-preview":"max-image-preview:large","max-video-preview":"max-video-preview:-1"},"canonical":"https:\/\/graziamagazine.com\/mx\/articles\/coachella-2023-presenta-lineup-oficial-sueno-hecho-realidad\/","og_locale":"es_MX","og_type":"article","og_title":"Coachella 2023 presenta su lineup oficial y es como un sue\u00f1o hecho realidad","og_description":"Coachella, el colosal evento de m\u00fasica, arte y diversi\u00f3n que se lleva a cabo cada a\u00f1o, ha publicado su lineup para este 2023. El festival se realizar\u00e1 en","og_url":"https:\/\/graziamagazine.com\/mx\/articles\/coachella-2023-presenta-lineup-oficial-sueno-hecho-realidad\/","og_site_name":"Grazia M\u00e9xico y Latinoam\u00e9rica","article_modified_time":"2023-01-12T02:41:23+00:00","og_image":[{"width":1224,"height":719,"url":"https:\/\/graziamagazine.com\/mx\/wp-content\/uploads\/sites\/13\/2023\/01\/WhatsApp-Image-2023-01-11-at-20.16.25-e1673491130695.jpeg","type":"image\/jpeg"}],"twitter_card":"summary_large_image","twitter_misc":{"Est. reading time":"2 minutos"},"schema":{"@context":"https:\/\/schema.org","@graph":[{"@type":"WebPage","@id":"https:\/\/graziamagazine.com\/mx\/articles\/coachella-2023-presenta-lineup-oficial-sueno-hecho-realidad\/","url":"https:\/\/graziamagazine.com\/mx\/articles\/coachella-2023-presenta-lineup-oficial-sueno-hecho-realidad\/","name":"Coachella 2023 presenta su lineup oficial y es como un sue\u00f1o hecho realidad | Grazia M\u00e9xico y Latinoam\u00e9rica","isPartOf":{"@id":"https:\/\/graziamagazine.com\/mx\/#website"},"datePublished":"2023-01-12T02:37:04+00:00","dateModified":"2023-01-12T02:41:23+00:00","description":"Coachella, el colosal evento de m\u00fasica, arte y diversi\u00f3n que se lleva a cabo cada a\u00f1o, ha publicado su lineup para este 2023. El festival se realizar\u00e1 en","breadcrumb":{"@id":"https:\/\/graziamagazine.com\/mx\/articles\/coachella-2023-presenta-lineup-oficial-sueno-hecho-realidad\/#breadcrumb"},"inLanguage":"es-MX","potentialAction":[{"@type":"ReadAction","target":["https:\/\/graziamagazine.com\/mx\/articles\/coachella-2023-presenta-lineup-oficial-sueno-hecho-realidad\/"]}]},{"@type":"BreadcrumbList","@id":"https:\/\/graziamagazine.com\/mx\/articles\/coachella-2023-presenta-lineup-oficial-sueno-hecho-realidad\/#breadcrumb","itemListElement":[{"@type":"ListItem","position":1,"name":"Home","item":"https:\/\/graziamagazine.com\/mx\/"},{"@type":"ListItem","position":2,"name":"Coachella 2023 presenta su lineup oficial y es como un sue\u00f1o hecho realidad"}]},{"@type":"WebSite","@id":"https:\/\/graziamagazine.com\/mx\/#website","url":"https:\/\/graziamagazine.com\/mx\/","name":"Grazia M\u00e9xico y Latinoam\u00e9rica","description":"Grazia es moda, belleza y noticias  de actualidad ","potentialAction":[{"@type":"SearchAction","target":{"@type":"EntryPoint","urlTemplate":"https:\/\/graziamagazine.com\/mx\/?s={search_term_string}"},"query-input":"required name=search_term_string"}],"inLanguage":"es-MX"}]}},"jetpack_sharing_enabled":true,"distributor_meta":false,"distributor_terms":false,"distributor_media":false,"distributor_original_site_name":"Grazia M\u00e9xico y Latinoam\u00e9rica","distributor_original_site_url":"https:\/\/graziamagazine.com\/mx","push-errors":false,"_links":{"self":[{"href":"https:\/\/graziamagazine.com\/mx\/wp-json\/wp\/v2\/articles\/120596"}],"collection":[{"href":"https:\/\/graziamagazine.com\/mx\/wp-json\/wp\/v2\/articles"}],"about":[{"href":"https:\/\/graziamagazine.com\/mx\/wp-json\/wp\/v2\/types\/articles"}],"author":[{"embeddable":true,"href":"https:\/\/graziamagazine.com\/mx\/wp-json\/wp\/v2\/users\/36289"}],"wp:featuredmedia":[{"embeddable":true,"href":"https:\/\/graziamagazine.com\/mx\/wp-json\/wp\/v2\/media\/120598"}],"wp:attachment":[{"href":"https:\/\/graziamagazine.com\/mx\/wp-json\/wp\/v2\/media?parent=120596"}],"wp:term":[{"taxonomy":"category","embeddable":true,"href":"https:\/\/graziamagazine.com\/mx\/wp-json\/wp\/v2\/categories?post=120596"}],"curies":[{"name":"wp","href":"https:\/\/api.w.org\/{rel}","templated":true}]}}