{"id":120419,"date":"2023-01-06T19:15:57","date_gmt":"2023-01-07T00:15:57","guid":{"rendered":"https:\/\/graziamagazine.com\/mx\/?post_type=articles&#038;p=120419"},"modified":"2024-09-22T22:10:48","modified_gmt":"2024-09-23T03:10:48","slug":"quien-es-el-verdadero-padre-del-principe-harry","status":"publish","type":"articles","link":"https:\/\/graziamagazine.com\/mx\/articles\/quien-es-el-verdadero-padre-del-principe-harry\/","title":{"rendered":"\u00bfQui\u00e9n es el verdadero padre del Pr\u00edncipe Harry?"},"content":{"rendered":"<p><span style=\"font-weight: 400\">Tras el pol\u00e9mico romance entre<strong> Lady Di y James Hewitt<\/strong>, ahora se han desatado varios rumores que aseguran que el<strong> Pr\u00edncipe Harry<\/strong> no es hijo del Rey Carlos.<\/span><\/p>\n<p><span style=\"font-weight: 400\">Una especulaci\u00f3n err\u00f3nea en el que muchas personas a lo largo de los a\u00f1os han asegurado que el verdadero padre de Harry es el ex instructor de equitaci\u00f3n James Hewitt, con quien la princesa Diana tuvo una aventura.<\/span><\/p>\n<figure id=\"attachment_120423\" aria-describedby=\"caption-attachment-120423\" style=\"width: 685px\" class=\"wp-caption alignnone\"><img loading=\"lazy\" decoding=\"async\" class=\"size-large wp-image-120423\" src=\"https:\/\/graziamagazine.com\/mx\/wp-content\/uploads\/sites\/13\/2023\/01\/methode_sundaytimes_prodmigration_web_bin_cb32cc7a-e1b5-4541-9757-db7a58f8c090.jpg?w=685\" alt=\"\u00bfQui\u00e9n es el verdadero padre del Pr\u00edncipe Harry?\" width=\"685\" height=\"456\" \/><figcaption id=\"caption-attachment-120423\" class=\"wp-caption-text\">\u00bfQui\u00e9n es el verdadero padre del Pr\u00edncipe Harry?<\/figcaption><\/figure>\n<p><span style=\"font-weight: 400\">Las memorias de el pr\u00edncipe han revivido pues Harry acusa abiertamente a su padre de atreverse a hacer molestas y crueles bromas sobre los rumores que acontecen en torno a este tema.<\/span><\/p>\n<blockquote><p><span style=\"font-weight: 400\">\u201cA pap\u00e1 le gustaba contar historias, y esta era una de las mejores de su repertorio. Siempre terminaba con una explosi\u00f3n de filosof\u00eda&#8230; \u00bfQui\u00e9n sabe si soy realmente el Pr\u00edncipe de Gales? \u00bfQui\u00e9n sabe si soy tu verdadero padre? Harry escribe. \u201cSe re\u00eda y se re\u00eda, pens\u00f3 que era una broma muy poco graciosa, dado el rumor que circulaba en ese momento de que mi verdadero padre era uno de los antiguos amantes de mam\u00e1: el mayor James Hewitt. Una de las causas de este rumor fue el llameante cabello pelirrojo del Mayor Hewitt, pero otra causa fue el sadismo\u201d.<\/span><\/p>\n<figure id=\"attachment_120422\" aria-describedby=\"caption-attachment-120422\" style=\"width: 1024px\" class=\"wp-caption alignnone\"><img loading=\"lazy\" decoding=\"async\" class=\"size-large wp-image-120422\" src=\"https:\/\/graziamagazine.com\/mx\/wp-content\/uploads\/sites\/13\/2023\/01\/G5311JDRB.1-1.jpg?w=1024\" alt=\"\u00bfQui\u00e9n es el verdadero padre del Pr\u00edncipe Harry?\" width=\"1024\" height=\"631\" \/><figcaption id=\"caption-attachment-120422\" class=\"wp-caption-text\">\u00bfQui\u00e9n es el verdadero padre del Pr\u00edncipe Harry?<\/figcaption><\/figure><\/blockquote>\n<p><span style=\"font-weight: 400\">Y aunque ya han pasado casi dos d\u00e9cadas de esto, la entrevista del Pr\u00edncipe Harry <\/span><span style=\"font-weight: 400\">y <strong>Meghan Markle con Oprah Winfrey<\/strong> ha provocado que la figura del ex comandante vuelva a comentarse entre los seguidores de la familia real brit\u00e1nica.<\/span><\/p>\n<p><span style=\"font-weight: 400\">Defendiendo aun despu\u00e9s de los desagradables comentarios que ha realizado su el <strong>Rey Carlos<\/strong>, Harry defiende la paternidad diciendo: &#8220;mi madre no conoci\u00f3 al mayor Hewitt hasta mucho despu\u00e9s de que yo naciera&#8221;.<\/span><\/p>\n<p><span style=\"font-weight: 400\">Adem\u00e1s en una entrevista en 2022 al Hewitt, \u00e9l mismo coment\u00f3 que no exist\u00eda ninguna posibilidad de que \u00e9l fuera el padre de Harry.\u00a0<\/span><\/p>\n<figure id=\"attachment_120420\" aria-describedby=\"caption-attachment-120420\" style=\"width: 1000px\" class=\"wp-caption alignnone\"><img loading=\"lazy\" decoding=\"async\" class=\"wp-image-120420 size-large\" src=\"https:\/\/graziamagazine.com\/mx\/wp-content\/uploads\/sites\/13\/2023\/01\/10576350j.jpg?w=1000\" alt=\"\u00bfQui\u00e9n es el verdadero padre del Pr\u00edncipe Harry?\" width=\"1000\" height=\"683\" \/><figcaption id=\"caption-attachment-120420\" class=\"wp-caption-text\">\u00bfQui\u00e9n es el verdadero padre del Pr\u00edncipe Harry?Prince Harry<\/figcaption><\/figure>\n<p><span style=\"font-weight: 400\">\u201cRealmente no hay ninguna posibilidad de que yo sea el padre de Harry. Te puedo asegurar absolutamente que no lo soy. Es cierto que el cabello rojo es similar al m\u00edo y la gente dice que nos parecemos. Nunca he fomentado estas comparaciones y aunque estuve mucho tiempo con Diana, debo decir de una vez por todas que no soy el padre de Harry. Cuando conoc\u00ed a Diana, \u00e9l ya era un ni\u00f1o peque\u00f1o\u201d.<\/span><\/p>\n<p><span style=\"font-weight: 400\">\u00bfSer\u00e1 un caso resuelto o las especulaciones seguir\u00e1n aumentando? Lo cierto es que el pr\u00edncipe Harry est\u00e1 convencido de que su verdadero padre es nada m\u00e1s y nada menos que el Rey Carlos.<\/span><\/p>\n<p><em><strong>*IMAGEN: Google images<\/strong><\/em><\/p>\n","protected":false},"author":28953,"featured_media":120421,"template":"","format":"standard","categories":[10],"acf":[],"yoast_head":"<!-- This site is optimized with the Yoast SEO Premium plugin v18.5 (Yoast SEO v20.4) - https:\/\/yoast.com\/wordpress\/plugins\/seo\/ -->\n<title>\u00bfQui\u00e9n es el verdadero padre del Pr\u00edncipe Harry?<\/title>\n<meta name=\"description\" content=\"Tras las especulaciones sobre la paternidad del Rey Carlos, el Pr\u00edncipe Harry responde a los rumores sobre James Hewitt\" \/>\n<meta name=\"robots\" content=\"index, follow, max-snippet:-1, max-image-preview:large, max-video-preview:-1\" \/>\n<link rel=\"canonical\" href=\"https:\/\/graziamagazine.com\/mx\/articles\/quien-es-el-verdadero-padre-del-principe-harry\/\" \/>\n<meta property=\"og:locale\" content=\"es_MX\" \/>\n<meta property=\"og:type\" content=\"article\" \/>\n<meta property=\"og:title\" content=\"\u00bfQui\u00e9n es el verdadero padre del Pr\u00edncipe Harry?\" \/>\n<meta property=\"og:description\" content=\"Tras las especulaciones sobre la paternidad del Rey Carlos, el Pr\u00edncipe Harry responde a los rumores sobre James Hewitt\" \/>\n<meta property=\"og:url\" content=\"https:\/\/graziamagazine.com\/mx\/articles\/quien-es-el-verdadero-padre-del-principe-harry\/\" \/>\n<meta property=\"og:site_name\" content=\"Grazia M\u00e9xico y Latinoam\u00e9rica\" \/>\n<meta property=\"article:modified_time\" content=\"2024-09-23T03:10:48+00:00\" \/>\n<meta property=\"og:image\" content=\"https:\/\/graziamagazine.com\/mx\/wp-content\/uploads\/sites\/13\/2023\/01\/703689758_227220971_1024x576.jpg\" \/>\n\t<meta property=\"og:image:width\" content=\"1024\" \/>\n\t<meta property=\"og:image:height\" content=\"576\" \/>\n\t<meta property=\"og:image:type\" content=\"image\/jpeg\" \/>\n<meta name=\"twitter:card\" content=\"summary_large_image\" \/>\n<meta name=\"twitter:label1\" content=\"Est. reading time\" \/>\n\t<meta name=\"twitter:data1\" content=\"3 minutos\" \/>\n<script type=\"application\/ld+json\" class=\"yoast-schema-graph\">{\"@context\":\"https:\/\/schema.org\",\"@graph\":[{\"@type\":\"WebPage\",\"@id\":\"https:\/\/graziamagazine.com\/mx\/articles\/quien-es-el-verdadero-padre-del-principe-harry\/\",\"url\":\"https:\/\/graziamagazine.com\/mx\/articles\/quien-es-el-verdadero-padre-del-principe-harry\/\",\"name\":\"\u00bfQui\u00e9n es el verdadero padre del Pr\u00edncipe Harry?\",\"isPartOf\":{\"@id\":\"https:\/\/graziamagazine.com\/mx\/#website\"},\"datePublished\":\"2023-01-07T00:15:57+00:00\",\"dateModified\":\"2024-09-23T03:10:48+00:00\",\"description\":\"Tras las especulaciones sobre la paternidad del Rey Carlos, el Pr\u00edncipe Harry responde a los rumores sobre James Hewitt\",\"breadcrumb\":{\"@id\":\"https:\/\/graziamagazine.com\/mx\/articles\/quien-es-el-verdadero-padre-del-principe-harry\/#breadcrumb\"},\"inLanguage\":\"es-MX\",\"potentialAction\":[{\"@type\":\"ReadAction\",\"target\":[\"https:\/\/graziamagazine.com\/mx\/articles\/quien-es-el-verdadero-padre-del-principe-harry\/\"]}]},{\"@type\":\"BreadcrumbList\",\"@id\":\"https:\/\/graziamagazine.com\/mx\/articles\/quien-es-el-verdadero-padre-del-principe-harry\/#breadcrumb\",\"itemListElement\":[{\"@type\":\"ListItem\",\"position\":1,\"name\":\"Home\",\"item\":\"https:\/\/graziamagazine.com\/mx\/\"},{\"@type\":\"ListItem\",\"position\":2,\"name\":\"\u00bfQui\u00e9n es el verdadero padre del Pr\u00edncipe Harry?\"}]},{\"@type\":\"WebSite\",\"@id\":\"https:\/\/graziamagazine.com\/mx\/#website\",\"url\":\"https:\/\/graziamagazine.com\/mx\/\",\"name\":\"Grazia M\u00e9xico y Latinoam\u00e9rica\",\"description\":\"Grazia es moda, belleza y noticias  de actualidad \",\"potentialAction\":[{\"@type\":\"SearchAction\",\"target\":{\"@type\":\"EntryPoint\",\"urlTemplate\":\"https:\/\/graziamagazine.com\/mx\/?s={search_term_string}\"},\"query-input\":\"required name=search_term_string\"}],\"inLanguage\":\"es-MX\"}]}<\/script>\n<!-- \/ Yoast SEO Premium plugin. -->","yoast_head_json":{"title":"\u00bfQui\u00e9n es el verdadero padre del Pr\u00edncipe Harry?","description":"Tras las especulaciones sobre la paternidad del Rey Carlos, el Pr\u00edncipe Harry responde a los rumores sobre James Hewitt","robots":{"index":"index","follow":"follow","max-snippet":"max-snippet:-1","max-image-preview":"max-image-preview:large","max-video-preview":"max-video-preview:-1"},"canonical":"https:\/\/graziamagazine.com\/mx\/articles\/quien-es-el-verdadero-padre-del-principe-harry\/","og_locale":"es_MX","og_type":"article","og_title":"\u00bfQui\u00e9n es el verdadero padre del Pr\u00edncipe Harry?","og_description":"Tras las especulaciones sobre la paternidad del Rey Carlos, el Pr\u00edncipe Harry responde a los rumores sobre James Hewitt","og_url":"https:\/\/graziamagazine.com\/mx\/articles\/quien-es-el-verdadero-padre-del-principe-harry\/","og_site_name":"Grazia M\u00e9xico y Latinoam\u00e9rica","article_modified_time":"2024-09-23T03:10:48+00:00","og_image":[{"width":1024,"height":576,"url":"https:\/\/graziamagazine.com\/mx\/wp-content\/uploads\/sites\/13\/2023\/01\/703689758_227220971_1024x576.jpg","type":"image\/jpeg"}],"twitter_card":"summary_large_image","twitter_misc":{"Est. reading time":"3 minutos"},"schema":{"@context":"https:\/\/schema.org","@graph":[{"@type":"WebPage","@id":"https:\/\/graziamagazine.com\/mx\/articles\/quien-es-el-verdadero-padre-del-principe-harry\/","url":"https:\/\/graziamagazine.com\/mx\/articles\/quien-es-el-verdadero-padre-del-principe-harry\/","name":"\u00bfQui\u00e9n es el verdadero padre del Pr\u00edncipe Harry?","isPartOf":{"@id":"https:\/\/graziamagazine.com\/mx\/#website"},"datePublished":"2023-01-07T00:15:57+00:00","dateModified":"2024-09-23T03:10:48+00:00","description":"Tras las especulaciones sobre la paternidad del Rey Carlos, el Pr\u00edncipe Harry responde a los rumores sobre James Hewitt","breadcrumb":{"@id":"https:\/\/graziamagazine.com\/mx\/articles\/quien-es-el-verdadero-padre-del-principe-harry\/#breadcrumb"},"inLanguage":"es-MX","potentialAction":[{"@type":"ReadAction","target":["https:\/\/graziamagazine.com\/mx\/articles\/quien-es-el-verdadero-padre-del-principe-harry\/"]}]},{"@type":"BreadcrumbList","@id":"https:\/\/graziamagazine.com\/mx\/articles\/quien-es-el-verdadero-padre-del-principe-harry\/#breadcrumb","itemListElement":[{"@type":"ListItem","position":1,"name":"Home","item":"https:\/\/graziamagazine.com\/mx\/"},{"@type":"ListItem","position":2,"name":"\u00bfQui\u00e9n es el verdadero padre del Pr\u00edncipe Harry?"}]},{"@type":"WebSite","@id":"https:\/\/graziamagazine.com\/mx\/#website","url":"https:\/\/graziamagazine.com\/mx\/","name":"Grazia M\u00e9xico y Latinoam\u00e9rica","description":"Grazia es moda, belleza y noticias  de actualidad ","potentialAction":[{"@type":"SearchAction","target":{"@type":"EntryPoint","urlTemplate":"https:\/\/graziamagazine.com\/mx\/?s={search_term_string}"},"query-input":"required name=search_term_string"}],"inLanguage":"es-MX"}]}},"jetpack_sharing_enabled":true,"distributor_meta":false,"distributor_terms":false,"distributor_media":false,"distributor_original_site_name":"Grazia M\u00e9xico y Latinoam\u00e9rica","distributor_original_site_url":"https:\/\/graziamagazine.com\/mx","push-errors":false,"_links":{"self":[{"href":"https:\/\/graziamagazine.com\/mx\/wp-json\/wp\/v2\/articles\/120419"}],"collection":[{"href":"https:\/\/graziamagazine.com\/mx\/wp-json\/wp\/v2\/articles"}],"about":[{"href":"https:\/\/graziamagazine.com\/mx\/wp-json\/wp\/v2\/types\/articles"}],"author":[{"embeddable":true,"href":"https:\/\/graziamagazine.com\/mx\/wp-json\/wp\/v2\/users\/28953"}],"wp:featuredmedia":[{"embeddable":true,"href":"https:\/\/graziamagazine.com\/mx\/wp-json\/wp\/v2\/media\/120421"}],"wp:attachment":[{"href":"https:\/\/graziamagazine.com\/mx\/wp-json\/wp\/v2\/media?parent=120419"}],"wp:term":[{"taxonomy":"category","embeddable":true,"href":"https:\/\/graziamagazine.com\/mx\/wp-json\/wp\/v2\/categories?post=120419"}],"curies":[{"name":"wp","href":"https:\/\/api.w.org\/{rel}","templated":true}]}}