{"id":120303,"date":"2023-01-03T19:14:59","date_gmt":"2023-01-04T00:14:59","guid":{"rendered":"https:\/\/graziamagazine.com\/mx\/?post_type=articles&#038;p=120303"},"modified":"2023-01-03T19:18:00","modified_gmt":"2023-01-04T00:18:00","slug":"los-10-mejores-cantantes-de-la-historia","status":"publish","type":"articles","link":"https:\/\/graziamagazine.com\/mx\/articles\/los-10-mejores-cantantes-de-la-historia\/","title":{"rendered":"Los 10 mejores cantantes de la historia"},"content":{"rendered":"<p><span style=\"font-weight: 400\">Dando seguimiento a la lista de 2008 que la revista <em>Rolling Stone<\/em> public\u00f3 con los que en ese entonces fueron considerados los <strong>100 mejores cantantes de todos los tiempos<\/strong>, este 2023 ha publicado una actualizaci\u00f3n con una lista ampliada de los <strong>200 mejores int\u00e9rpretes de la historia.\u00a0<\/strong><\/span><\/p>\n<p><span style=\"font-weight: 400\">Desde <strong>John Lennon y Freddie Mercury hasta Adele, Selena y Rosal\u00eda<\/strong>, la lista es variada en todos sentidos, desde nacionalidad y edad, hasta g\u00e9nero musical.<\/span><\/p>\n<p><span style=\"font-weight: 400\">\u201cCuando Rolling Stone public\u00f3 por primera vez su lista de los 100 mejores cantantes en 2008, usamos un elaborado proceso de votaci\u00f3n que inclu\u00eda aportes de m\u00fasicos conocidos. Los resultados se inclinaron hacia el rock cl\u00e1sico y los cantantes de los a\u00f1os sesenta y setenta. Esta nueva lista fue compilada por nuestro personal y colaboradores clave, y abarca 100 a\u00f1os de m\u00fasica pop como una conversaci\u00f3n global en curso, donde la ic\u00f3nica cantante de reproducci\u00f3n india Lata Mangeshkar aterriza entre <strong>Amy Winehouse y Johnny Cash, <\/strong>y la reina de la salsa <strong>Celia Cruz <\/strong>est\u00e1 all\u00e1 arriba en el clasificaciones con<strong> Prince y Marvin Gaye\u201d<\/strong>, explica<em> Rolling Stone.\u00a0<\/em><\/span><\/p>\n<p><span style=\"font-weight: 400\">\u201cTen en cuenta que esta es la lista de los mejores cantantes, no la lista de las mejores voces. El talento es impresionante; el genio es trascendente. Claro, muchas de las personas aqu\u00ed nacieron con tubos masivos, tono perfecto y rango ilimitado. Otros tienen instrumentos m\u00e1s toscos, extra\u00f1os o m\u00e1s delicados. Como se\u00f1ala nuestro art\u00edculo sobre el hombre que termin\u00f3 en el n\u00famero <strong>112<\/strong>, \u2018<strong>Ozzy Osbourne<\/strong> no tiene lo que la mayor\u00eda de la gente llamar\u00eda una buena voz, pero vaya que tiene una excelente\u2019&#8221;, agrega.<\/span><\/p>\n<p><span style=\"font-weight: 400\">En la extensa lista hay varios <strong>latinos:<\/strong><\/span><\/p>\n<ul>\n<li><span style=\"font-weight: 400\">Rosal\u00eda &#8211; 200<\/span><\/li>\n<li><span style=\"font-weight: 400\">Juan Gabriel &#8211; 172<\/span><\/li>\n<li><span style=\"font-weight: 400\">Marc Anthony &#8211; 167<\/span><\/li>\n<li><span style=\"font-weight: 400\">Mercedes Sosa &#8211; 160<\/span><\/li>\n<li><span style=\"font-weight: 400\">Roc\u00edo D\u00farcal &#8211; 139<\/span><\/li>\n<li><span style=\"font-weight: 400\">La India &#8211; 113<\/span><\/li>\n<li><span style=\"font-weight: 400\">Caetano Veloso &#8211; 108<\/span><\/li>\n<li><span style=\"font-weight: 400\">Vicente Fern\u00e1ndez &#8211; 95<\/span><\/li>\n<li><span style=\"font-weight: 400\">Selena &#8211; 89<\/span><\/li>\n<li><span style=\"font-weight: 400\">Celia Cruz &#8211; 18<\/span><\/li>\n<\/ul>\n<p><span style=\"font-weight: 400\">Y finalmente, el <strong>Top 10 d<\/strong>e los mejores cantantes de la historia seg\u00fan <em>Rolling Stone<\/em>, es este:<\/span><\/p>\n<p><span style=\"font-weight: 400\">10 &#8211; Al Green<\/span><\/p>\n<p><span style=\"font-weight: 400\">9 &#8211; Otis Redding<\/span><\/p>\n<p><span style=\"font-weight: 400\">8 &#8211; Beyonc\u00e9<\/span><\/p>\n<p><img loading=\"lazy\" decoding=\"async\" class=\"size-medium wp-image-113746\" src=\"https:\/\/graziamagazine.com\/mx\/wp-content\/uploads\/sites\/13\/2022\/06\/Q6US32WJZREDXHVFPXTMBQXVA4.jpg?w=450\" alt=\"\u00a1Beyonc\u00e9 est\u00e1 de vuelta con su nueva canci\u00f3n \u201cBreak My Soul\u201d!\" width=\"450\" height=\"246\" \/><\/p>\n<p><span style=\"font-weight: 400\">7 &#8211; Stevie Wonder<\/span><\/p>\n<p><span style=\"font-weight: 400\">6 &#8211; Ray Charles<\/span><\/p>\n<p><span style=\"font-weight: 400\">5 &#8211; Mariah Carey<\/span><\/p>\n<p><img loading=\"lazy\" decoding=\"async\" class=\"alignnone size-medium wp-image-50706\" src=\"https:\/\/graziamagazine.com\/mx\/wp-content\/uploads\/sites\/13\/2018\/05\/mariah-carey-vende-su-anillo-de-compromiso-por-2-millones-de-dolares-destacada.jpg?w=450\" alt=\"mariah-carey-vende-su-anillo-de-compromiso-por-2-millones-de-dolares-destacada\" width=\"450\" height=\"298\" srcset=\"https:\/\/graziamagazine.com\/mx\/wp-content\/uploads\/sites\/13\/2018\/05\/mariah-carey-vende-su-anillo-de-compromiso-por-2-millones-de-dolares-destacada.jpg 1548w, https:\/\/graziamagazine.com\/mx\/wp-content\/uploads\/sites\/13\/2018\/05\/mariah-carey-vende-su-anillo-de-compromiso-por-2-millones-de-dolares-destacada.jpg?resize=450,298 450w, https:\/\/graziamagazine.com\/mx\/wp-content\/uploads\/sites\/13\/2018\/05\/mariah-carey-vende-su-anillo-de-compromiso-por-2-millones-de-dolares-destacada.jpg?resize=768,508 768w, https:\/\/graziamagazine.com\/mx\/wp-content\/uploads\/sites\/13\/2018\/05\/mariah-carey-vende-su-anillo-de-compromiso-por-2-millones-de-dolares-destacada.jpg?resize=1024,677 1024w, https:\/\/graziamagazine.com\/mx\/wp-content\/uploads\/sites\/13\/2018\/05\/mariah-carey-vende-su-anillo-de-compromiso-por-2-millones-de-dolares-destacada.jpg?resize=1536,1016 1536w, https:\/\/graziamagazine.com\/mx\/wp-content\/uploads\/sites\/13\/2018\/05\/mariah-carey-vende-su-anillo-de-compromiso-por-2-millones-de-dolares-destacada.jpg?resize=155,103 155w\" sizes=\"(max-width: 450px) 100vw, 450px\" \/><\/p>\n<p><span style=\"font-weight: 400\">4 &#8211; Billie Holiday<\/span><\/p>\n<p><span style=\"font-weight: 400\">3 &#8211; Sam Cooke<\/span><\/p>\n<p><span style=\"font-weight: 400\">2 &#8211; Whitney Houston<\/span><\/p>\n<p><span style=\"font-weight: 400\">1 &#8211; Aretha Franklin<\/span><\/p>\n","protected":false},"author":11628,"featured_media":92608,"template":"","format":"standard","categories":[12483],"acf":[],"yoast_head":"<!-- This site is optimized with the Yoast SEO Premium plugin v18.5 (Yoast SEO v20.4) - https:\/\/yoast.com\/wordpress\/plugins\/seo\/ -->\n<title>Los 10 mejores cantantes de la historia | Grazia M\u00e9xico y Latinoam\u00e9rica<\/title>\n<meta name=\"description\" content=\"Dando seguimiento a la lista de 2008 que la revista Rolling Stone public\u00f3 con los que en ese entonces fueron considerados los 100 mejores cantantes de\" \/>\n<meta name=\"robots\" content=\"index, follow, max-snippet:-1, max-image-preview:large, max-video-preview:-1\" \/>\n<link rel=\"canonical\" href=\"https:\/\/graziamagazine.com\/mx\/articles\/los-10-mejores-cantantes-de-la-historia\/\" \/>\n<meta property=\"og:locale\" content=\"es_MX\" \/>\n<meta property=\"og:type\" content=\"article\" \/>\n<meta property=\"og:title\" content=\"Los 10 mejores cantantes de la historia\" \/>\n<meta property=\"og:description\" content=\"Dando seguimiento a la lista de 2008 que la revista Rolling Stone public\u00f3 con los que en ese entonces fueron considerados los 100 mejores cantantes de\" \/>\n<meta property=\"og:url\" content=\"https:\/\/graziamagazine.com\/mx\/articles\/los-10-mejores-cantantes-de-la-historia\/\" \/>\n<meta property=\"og:site_name\" content=\"Grazia M\u00e9xico y Latinoam\u00e9rica\" \/>\n<meta property=\"article:modified_time\" content=\"2023-01-04T00:18:00+00:00\" \/>\n<meta property=\"og:image\" content=\"https:\/\/graziamagazine.com\/mx\/wp-content\/uploads\/sites\/13\/2021\/01\/5LONVKCF6ZFJASCG3LE4J5GEMA.jpg\" \/>\n\t<meta property=\"og:image:width\" content=\"767\" \/>\n\t<meta property=\"og:image:height\" content=\"430\" \/>\n\t<meta property=\"og:image:type\" content=\"image\/jpeg\" \/>\n<meta name=\"twitter:card\" content=\"summary_large_image\" \/>\n<meta name=\"twitter:label1\" content=\"Est. reading time\" \/>\n\t<meta name=\"twitter:data1\" content=\"2 minutos\" \/>\n<script type=\"application\/ld+json\" class=\"yoast-schema-graph\">{\"@context\":\"https:\/\/schema.org\",\"@graph\":[{\"@type\":\"WebPage\",\"@id\":\"https:\/\/graziamagazine.com\/mx\/articles\/los-10-mejores-cantantes-de-la-historia\/\",\"url\":\"https:\/\/graziamagazine.com\/mx\/articles\/los-10-mejores-cantantes-de-la-historia\/\",\"name\":\"Los 10 mejores cantantes de la historia | Grazia M\u00e9xico y Latinoam\u00e9rica\",\"isPartOf\":{\"@id\":\"https:\/\/graziamagazine.com\/mx\/#website\"},\"datePublished\":\"2023-01-04T00:14:59+00:00\",\"dateModified\":\"2023-01-04T00:18:00+00:00\",\"description\":\"Dando seguimiento a la lista de 2008 que la revista Rolling Stone public\u00f3 con los que en ese entonces fueron considerados los 100 mejores cantantes de\",\"breadcrumb\":{\"@id\":\"https:\/\/graziamagazine.com\/mx\/articles\/los-10-mejores-cantantes-de-la-historia\/#breadcrumb\"},\"inLanguage\":\"es-MX\",\"potentialAction\":[{\"@type\":\"ReadAction\",\"target\":[\"https:\/\/graziamagazine.com\/mx\/articles\/los-10-mejores-cantantes-de-la-historia\/\"]}]},{\"@type\":\"BreadcrumbList\",\"@id\":\"https:\/\/graziamagazine.com\/mx\/articles\/los-10-mejores-cantantes-de-la-historia\/#breadcrumb\",\"itemListElement\":[{\"@type\":\"ListItem\",\"position\":1,\"name\":\"Home\",\"item\":\"https:\/\/graziamagazine.com\/mx\/\"},{\"@type\":\"ListItem\",\"position\":2,\"name\":\"Los 10 mejores cantantes de la historia\"}]},{\"@type\":\"WebSite\",\"@id\":\"https:\/\/graziamagazine.com\/mx\/#website\",\"url\":\"https:\/\/graziamagazine.com\/mx\/\",\"name\":\"Grazia M\u00e9xico y Latinoam\u00e9rica\",\"description\":\"Grazia es moda, belleza y noticias  de actualidad \",\"potentialAction\":[{\"@type\":\"SearchAction\",\"target\":{\"@type\":\"EntryPoint\",\"urlTemplate\":\"https:\/\/graziamagazine.com\/mx\/?s={search_term_string}\"},\"query-input\":\"required name=search_term_string\"}],\"inLanguage\":\"es-MX\"}]}<\/script>\n<!-- \/ Yoast SEO Premium plugin. -->","yoast_head_json":{"title":"Los 10 mejores cantantes de la historia | Grazia M\u00e9xico y Latinoam\u00e9rica","description":"Dando seguimiento a la lista de 2008 que la revista Rolling Stone public\u00f3 con los que en ese entonces fueron considerados los 100 mejores cantantes de","robots":{"index":"index","follow":"follow","max-snippet":"max-snippet:-1","max-image-preview":"max-image-preview:large","max-video-preview":"max-video-preview:-1"},"canonical":"https:\/\/graziamagazine.com\/mx\/articles\/los-10-mejores-cantantes-de-la-historia\/","og_locale":"es_MX","og_type":"article","og_title":"Los 10 mejores cantantes de la historia","og_description":"Dando seguimiento a la lista de 2008 que la revista Rolling Stone public\u00f3 con los que en ese entonces fueron considerados los 100 mejores cantantes de","og_url":"https:\/\/graziamagazine.com\/mx\/articles\/los-10-mejores-cantantes-de-la-historia\/","og_site_name":"Grazia M\u00e9xico y Latinoam\u00e9rica","article_modified_time":"2023-01-04T00:18:00+00:00","og_image":[{"width":767,"height":430,"url":"https:\/\/graziamagazine.com\/mx\/wp-content\/uploads\/sites\/13\/2021\/01\/5LONVKCF6ZFJASCG3LE4J5GEMA.jpg","type":"image\/jpeg"}],"twitter_card":"summary_large_image","twitter_misc":{"Est. reading time":"2 minutos"},"schema":{"@context":"https:\/\/schema.org","@graph":[{"@type":"WebPage","@id":"https:\/\/graziamagazine.com\/mx\/articles\/los-10-mejores-cantantes-de-la-historia\/","url":"https:\/\/graziamagazine.com\/mx\/articles\/los-10-mejores-cantantes-de-la-historia\/","name":"Los 10 mejores cantantes de la historia | Grazia M\u00e9xico y Latinoam\u00e9rica","isPartOf":{"@id":"https:\/\/graziamagazine.com\/mx\/#website"},"datePublished":"2023-01-04T00:14:59+00:00","dateModified":"2023-01-04T00:18:00+00:00","description":"Dando seguimiento a la lista de 2008 que la revista Rolling Stone public\u00f3 con los que en ese entonces fueron considerados los 100 mejores cantantes de","breadcrumb":{"@id":"https:\/\/graziamagazine.com\/mx\/articles\/los-10-mejores-cantantes-de-la-historia\/#breadcrumb"},"inLanguage":"es-MX","potentialAction":[{"@type":"ReadAction","target":["https:\/\/graziamagazine.com\/mx\/articles\/los-10-mejores-cantantes-de-la-historia\/"]}]},{"@type":"BreadcrumbList","@id":"https:\/\/graziamagazine.com\/mx\/articles\/los-10-mejores-cantantes-de-la-historia\/#breadcrumb","itemListElement":[{"@type":"ListItem","position":1,"name":"Home","item":"https:\/\/graziamagazine.com\/mx\/"},{"@type":"ListItem","position":2,"name":"Los 10 mejores cantantes de la historia"}]},{"@type":"WebSite","@id":"https:\/\/graziamagazine.com\/mx\/#website","url":"https:\/\/graziamagazine.com\/mx\/","name":"Grazia M\u00e9xico y Latinoam\u00e9rica","description":"Grazia es moda, belleza y noticias  de actualidad ","potentialAction":[{"@type":"SearchAction","target":{"@type":"EntryPoint","urlTemplate":"https:\/\/graziamagazine.com\/mx\/?s={search_term_string}"},"query-input":"required name=search_term_string"}],"inLanguage":"es-MX"}]}},"jetpack_sharing_enabled":true,"distributor_meta":false,"distributor_terms":false,"distributor_media":false,"distributor_original_site_name":"Grazia M\u00e9xico y Latinoam\u00e9rica","distributor_original_site_url":"https:\/\/graziamagazine.com\/mx","push-errors":false,"_links":{"self":[{"href":"https:\/\/graziamagazine.com\/mx\/wp-json\/wp\/v2\/articles\/120303"}],"collection":[{"href":"https:\/\/graziamagazine.com\/mx\/wp-json\/wp\/v2\/articles"}],"about":[{"href":"https:\/\/graziamagazine.com\/mx\/wp-json\/wp\/v2\/types\/articles"}],"author":[{"embeddable":true,"href":"https:\/\/graziamagazine.com\/mx\/wp-json\/wp\/v2\/users\/11628"}],"wp:featuredmedia":[{"embeddable":true,"href":"https:\/\/graziamagazine.com\/mx\/wp-json\/wp\/v2\/media\/92608"}],"wp:attachment":[{"href":"https:\/\/graziamagazine.com\/mx\/wp-json\/wp\/v2\/media?parent=120303"}],"wp:term":[{"taxonomy":"category","embeddable":true,"href":"https:\/\/graziamagazine.com\/mx\/wp-json\/wp\/v2\/categories?post=120303"}],"curies":[{"name":"wp","href":"https:\/\/api.w.org\/{rel}","templated":true}]}}