{"id":120149,"date":"2022-12-27T14:40:26","date_gmt":"2022-12-27T19:40:26","guid":{"rendered":"https:\/\/graziamagazine.com\/mx\/?post_type=articles&#038;p=120149"},"modified":"2022-12-27T14:48:28","modified_gmt":"2022-12-27T19:48:28","slug":"emily-paris-looks-destacados-serie","status":"publish","type":"articles","link":"https:\/\/graziamagazine.com\/mx\/articles\/emily-paris-looks-destacados-serie\/","title":{"rendered":"Emily in Paris y los looks m\u00e1s destacados de la serie"},"content":{"rendered":"<p><b><i>Emily in Paris<\/i><\/b><span style=\"font-weight: 400\">, la serie que se ha convertido en todo un \u00e9xito en <\/span><b>Netflix<\/b><span style=\"font-weight: 400\">, estren\u00f3 su tercera temporada, mostrando a sus personajes con atuendos m\u00e1s extravagantes, frescos y atrevidos.<\/span><\/p>\n<p><span style=\"font-weight: 400\">La moda dentro de la producci\u00f3n es un elemento vital, si bien no es una representaci\u00f3n exacta de la experiencia francesa, realmente nos regala la dosis perfecta de atractivo visual.<\/span><\/p>\n<p><b>Marylin Fitoussi<\/b><span style=\"font-weight: 400\"> es la dise\u00f1adora de vestuario que toma las riendas en esta tercera temporada, creando una nueva versi\u00f3n del elenco.<\/span><\/p>\n<p><span style=\"font-weight: 400\">&#8220;Hay una sensaci\u00f3n de anticipaci\u00f3n, especialmente en t\u00e9rminos de vestuario, por lo que el desaf\u00edo es no repetirnos: continuar rompiendo los c\u00f3digos, romperlos por completo y presentar siempre nuevos looks que sean interesantes&#8221;, coment\u00f3 la dise\u00f1adora.<\/span><\/p>\n<p><span style=\"font-weight: 400\">En cada uno de los personajes se puede apreciar el toque de Marylin, &#8220;Esta temporada, tuve una libertad a\u00fan mayor. Pude establecer mucho m\u00e1s mi estilo, trabajando de una manera mucho m\u00e1s cercana e \u00edntima con el equipo, y con <\/span><b>Lily Collins<\/b><span style=\"font-weight: 400\"> en particular\u201d, agreg\u00f3.<\/span><\/p>\n<p><span style=\"font-weight: 400\">A continuaci\u00f3n te dejamos los looks m\u00e1s atrevidos y destacados de esta tercera temporada.<\/span><\/p>\n<p>&nbsp;<\/p>\n<h3><span style=\"font-weight: 400\">Emily<\/span><\/h3>\n<p><span style=\"font-weight: 400\">Obviamente la primera en la lista es Emily, quien se ha caracterizado por vestir atuendos sin miedo al qu\u00e9 dir\u00e1n, s\u00f3lo que en esta temporada su estilo se percibe m\u00e1s refinado sin sacrificar el toque divertido que la distingue.<\/span><\/p>\n<div class=\"content-gallery\"><div class=\"gallery-placeholder\"><div class=\"spinner\"><\/div><\/div><span class=\"gallery-pagination\"><\/span><div id=\"gallery-1\" class=\"gallery galleryid-120149 gallery-columns- gallery-size-\"><figure class=\"gallery-item\"><div class=\"gallery-icon landscape\"><img loading=\"lazy\" decoding=\"async\" width=\"1222\" height=\"684\" src=\"https:\/\/graziamagazine.com\/mx\/wp-content\/uploads\/sites\/13\/2022\/12\/WhatsApp-Image-2022-12-27-at-13.29.10-3.jpeg\" class=\"lazy\" alt=\"\" \/><\/div><figcaption class=\"wp-caption-text gallery-caption\" id=\"gallery-1-120151\">Netflix<\/figcaption><\/figure><figure class=\"gallery-item\"><div class=\"gallery-icon landscape\"><img loading=\"lazy\" decoding=\"async\" width=\"1220\" height=\"719\" src=\"https:\/\/graziamagazine.com\/mx\/wp-content\/uploads\/sites\/13\/2022\/12\/WhatsApp-Image-2022-12-27-at-13.29.10-e1672170498769.jpeg\" class=\"lazy\" alt=\"\" \/><\/div><figcaption class=\"wp-caption-text gallery-caption\" id=\"gallery-1-120154\">Netflix<\/figcaption><\/figure><\/div><\/div>\n<p><span style=\"font-weight: 400\">Entre las piezas que se destacan en la \u00faltima evoluci\u00f3n de la estadounidense en <\/span><b>Par\u00eds<\/b><span style=\"font-weight: 400\"> son los su\u00e9teres estampados multicolores, botas met\u00e1licas hasta la rodilla y accesorios b\u00e1sicos <\/span><b>Louis Vuitton<\/b><span style=\"font-weight: 400\">.<\/span><\/p>\n<p><span style=\"font-weight: 400\">&#8220;Emily es \u00fanica, es especial. Es un personaje alegre, muy emprendedor. Es creativa, es una gran observadora&#8221;, coment\u00f3 Marylin.<\/span><\/p>\n<p>&nbsp;<\/p>\n<h3>Sylvie<\/h3>\n<p><span style=\"font-weight: 400\">En segundo lugar est\u00e1 <\/span><b>Sylvie<\/b><span style=\"font-weight: 400\">, la jefa de alto perfil, extremadamente francesa y que representa perfectamente a la mujer parisina sofisticada y tradicional.<\/span><\/p>\n<figure id=\"attachment_120152\" aria-describedby=\"caption-attachment-120152\" style=\"width: 450px\" class=\"wp-caption alignnone\"><img loading=\"lazy\" decoding=\"async\" class=\"size-medium wp-image-120152\" src=\"https:\/\/graziamagazine.com\/mx\/wp-content\/uploads\/sites\/13\/2022\/12\/WhatsApp-Image-2022-12-27-at-13.29.10-2.jpeg?w=450\" alt=\"\" width=\"450\" height=\"299\" \/><figcaption id=\"caption-attachment-120152\" class=\"wp-caption-text\">Netflix<\/figcaption><\/figure>\n<p><span style=\"font-weight: 400\">Sylvie no solamente est\u00e1 tomando riesgos en su vida personal, sino tambi\u00e9n en lo profesional, por lo que su guardarropa se ha tornado hacia su lado sexy, optando por profundos escotes, mezclando colores que le dan un toque fresco y rejuvenecido.<\/span><\/p>\n<p><span style=\"font-weight: 400\">&#8220;Para el personaje de Sylvie, se trata de ser capaz de asumir riesgos. Ha estado en blanco y negro, en colores minimalistas&#8221;, coment\u00f3 la dise\u00f1adora.<\/span><\/p>\n<p>&nbsp;<\/p>\n<h3>Camille<\/h3>\n<p><span style=\"font-weight: 400\">Por \u00faltimo, tenemos a <\/span><b>Camille<\/b><span style=\"font-weight: 400\">, que ha mostrado una moda impecable. La vemos vestir con lentes grandes y llamativos, blazers oversize en un verde c\u00edtrico y un <\/span><b><i>tweed<\/i><\/b> <b>Schiaparelli<\/b><span style=\"font-weight: 400\">.<\/span><\/p>\n<div class=\"content-gallery\"><div class=\"gallery-placeholder\"><div class=\"spinner\"><\/div><\/div><span class=\"gallery-pagination\"><\/span><div id=\"gallery-2\" class=\"gallery galleryid-120149 gallery-columns- gallery-size-\"><figure class=\"gallery-item\"><div class=\"gallery-icon landscape\"><img loading=\"lazy\" decoding=\"async\" width=\"1222\" height=\"816\" src=\"https:\/\/graziamagazine.com\/mx\/wp-content\/uploads\/sites\/13\/2022\/12\/WhatsApp-Image-2022-12-27-at-13.29.10-1.jpeg\" class=\"lazy\" alt=\"\" \/><\/div><figcaption class=\"wp-caption-text gallery-caption\" id=\"gallery-2-120153\">Netflix<\/figcaption><\/figure><figure class=\"gallery-item\"><div class=\"gallery-icon landscape\"><img loading=\"lazy\" decoding=\"async\" width=\"1226\" height=\"818\" src=\"https:\/\/graziamagazine.com\/mx\/wp-content\/uploads\/sites\/13\/2022\/12\/WhatsApp-Image-2022-12-27-at-13.29.10-4.jpeg\" class=\"lazy\" alt=\"\" \/><\/div><figcaption class=\"wp-caption-text gallery-caption\" id=\"gallery-2-120150\">Netflix<\/figcaption><\/figure><\/div><\/div>\n<p><span style=\"font-weight: 400\">&#8220;Me dej\u00e9 llevar por completo. No trabaj\u00e9 de la forma en que lo habr\u00edamos hecho de una manera mucho m\u00e1s francesa, tratando de encontrar una justificaci\u00f3n diaria para algunos atuendos\u201d, expres\u00f3 Marylin.<\/span><\/p>\n<p>Y aunque esta historia de amor desarroll\u00e1ndose en Par\u00eds, a\u00fan no da el giro que necesitamos (por fin ver a Emily y al Chef juntos), la moda impregnada en la fotograf\u00eda de la serie, nos da el aliento que necesitamos hasta que los volvamos a ver juntos&#8230; de nuevo.<\/p>\n","protected":false},"author":36289,"featured_media":120154,"template":"","format":"standard","categories":[12474],"acf":[],"yoast_head":"<!-- This site is optimized with the Yoast SEO Premium plugin v18.5 (Yoast SEO v20.4) - https:\/\/yoast.com\/wordpress\/plugins\/seo\/ -->\n<title>Emily in Paris y los looks m\u00e1s destacados de la serie | Grazia M\u00e9xico y Latinoam\u00e9rica<\/title>\n<meta name=\"description\" content=\"Emily in Paris, la serie que se ha convertido en todo un \u00e9xito en Netflix, estren\u00f3 su tercera temporada, mostrando a sus personajes con atuendos m\u00e1s\" \/>\n<meta name=\"robots\" content=\"index, follow, max-snippet:-1, max-image-preview:large, max-video-preview:-1\" \/>\n<link rel=\"canonical\" href=\"https:\/\/graziamagazine.com\/mx\/articles\/emily-paris-looks-destacados-serie\/\" \/>\n<meta property=\"og:locale\" content=\"es_MX\" \/>\n<meta property=\"og:type\" content=\"article\" \/>\n<meta property=\"og:title\" content=\"Emily in Paris y los looks m\u00e1s destacados de la serie\" \/>\n<meta property=\"og:description\" content=\"Emily in Paris, la serie que se ha convertido en todo un \u00e9xito en Netflix, estren\u00f3 su tercera temporada, mostrando a sus personajes con atuendos m\u00e1s\" \/>\n<meta property=\"og:url\" content=\"https:\/\/graziamagazine.com\/mx\/articles\/emily-paris-looks-destacados-serie\/\" \/>\n<meta property=\"og:site_name\" content=\"Grazia M\u00e9xico y Latinoam\u00e9rica\" \/>\n<meta property=\"article:modified_time\" content=\"2022-12-27T19:48:28+00:00\" \/>\n<meta property=\"og:image\" content=\"https:\/\/graziamagazine.com\/mx\/wp-content\/uploads\/sites\/13\/2022\/12\/WhatsApp-Image-2022-12-27-at-13.29.10-e1672170498769.jpeg\" \/>\n\t<meta property=\"og:image:width\" content=\"1220\" \/>\n\t<meta property=\"og:image:height\" content=\"719\" \/>\n\t<meta property=\"og:image:type\" content=\"image\/jpeg\" \/>\n<meta name=\"twitter:card\" content=\"summary_large_image\" \/>\n<meta name=\"twitter:label1\" content=\"Est. reading time\" \/>\n\t<meta name=\"twitter:data1\" content=\"3 minutos\" \/>\n<script type=\"application\/ld+json\" class=\"yoast-schema-graph\">{\"@context\":\"https:\/\/schema.org\",\"@graph\":[{\"@type\":\"WebPage\",\"@id\":\"https:\/\/graziamagazine.com\/mx\/articles\/emily-paris-looks-destacados-serie\/\",\"url\":\"https:\/\/graziamagazine.com\/mx\/articles\/emily-paris-looks-destacados-serie\/\",\"name\":\"Emily in Paris y los looks m\u00e1s destacados de la serie | Grazia M\u00e9xico y Latinoam\u00e9rica\",\"isPartOf\":{\"@id\":\"https:\/\/graziamagazine.com\/mx\/#website\"},\"datePublished\":\"2022-12-27T19:40:26+00:00\",\"dateModified\":\"2022-12-27T19:48:28+00:00\",\"description\":\"Emily in Paris, la serie que se ha convertido en todo un \u00e9xito en Netflix, estren\u00f3 su tercera temporada, mostrando a sus personajes con atuendos m\u00e1s\",\"breadcrumb\":{\"@id\":\"https:\/\/graziamagazine.com\/mx\/articles\/emily-paris-looks-destacados-serie\/#breadcrumb\"},\"inLanguage\":\"es-MX\",\"potentialAction\":[{\"@type\":\"ReadAction\",\"target\":[\"https:\/\/graziamagazine.com\/mx\/articles\/emily-paris-looks-destacados-serie\/\"]}]},{\"@type\":\"BreadcrumbList\",\"@id\":\"https:\/\/graziamagazine.com\/mx\/articles\/emily-paris-looks-destacados-serie\/#breadcrumb\",\"itemListElement\":[{\"@type\":\"ListItem\",\"position\":1,\"name\":\"Home\",\"item\":\"https:\/\/graziamagazine.com\/mx\/\"},{\"@type\":\"ListItem\",\"position\":2,\"name\":\"Emily in Paris y los looks m\u00e1s destacados de la serie\"}]},{\"@type\":\"WebSite\",\"@id\":\"https:\/\/graziamagazine.com\/mx\/#website\",\"url\":\"https:\/\/graziamagazine.com\/mx\/\",\"name\":\"Grazia M\u00e9xico y Latinoam\u00e9rica\",\"description\":\"Grazia es moda, belleza y noticias  de actualidad \",\"potentialAction\":[{\"@type\":\"SearchAction\",\"target\":{\"@type\":\"EntryPoint\",\"urlTemplate\":\"https:\/\/graziamagazine.com\/mx\/?s={search_term_string}\"},\"query-input\":\"required name=search_term_string\"}],\"inLanguage\":\"es-MX\"}]}<\/script>\n<!-- \/ Yoast SEO Premium plugin. -->","yoast_head_json":{"title":"Emily in Paris y los looks m\u00e1s destacados de la serie | Grazia M\u00e9xico y Latinoam\u00e9rica","description":"Emily in Paris, la serie que se ha convertido en todo un \u00e9xito en Netflix, estren\u00f3 su tercera temporada, mostrando a sus personajes con atuendos m\u00e1s","robots":{"index":"index","follow":"follow","max-snippet":"max-snippet:-1","max-image-preview":"max-image-preview:large","max-video-preview":"max-video-preview:-1"},"canonical":"https:\/\/graziamagazine.com\/mx\/articles\/emily-paris-looks-destacados-serie\/","og_locale":"es_MX","og_type":"article","og_title":"Emily in Paris y los looks m\u00e1s destacados de la serie","og_description":"Emily in Paris, la serie que se ha convertido en todo un \u00e9xito en Netflix, estren\u00f3 su tercera temporada, mostrando a sus personajes con atuendos m\u00e1s","og_url":"https:\/\/graziamagazine.com\/mx\/articles\/emily-paris-looks-destacados-serie\/","og_site_name":"Grazia M\u00e9xico y Latinoam\u00e9rica","article_modified_time":"2022-12-27T19:48:28+00:00","og_image":[{"width":1220,"height":719,"url":"https:\/\/graziamagazine.com\/mx\/wp-content\/uploads\/sites\/13\/2022\/12\/WhatsApp-Image-2022-12-27-at-13.29.10-e1672170498769.jpeg","type":"image\/jpeg"}],"twitter_card":"summary_large_image","twitter_misc":{"Est. reading time":"3 minutos"},"schema":{"@context":"https:\/\/schema.org","@graph":[{"@type":"WebPage","@id":"https:\/\/graziamagazine.com\/mx\/articles\/emily-paris-looks-destacados-serie\/","url":"https:\/\/graziamagazine.com\/mx\/articles\/emily-paris-looks-destacados-serie\/","name":"Emily in Paris y los looks m\u00e1s destacados de la serie | Grazia M\u00e9xico y Latinoam\u00e9rica","isPartOf":{"@id":"https:\/\/graziamagazine.com\/mx\/#website"},"datePublished":"2022-12-27T19:40:26+00:00","dateModified":"2022-12-27T19:48:28+00:00","description":"Emily in Paris, la serie que se ha convertido en todo un \u00e9xito en Netflix, estren\u00f3 su tercera temporada, mostrando a sus personajes con atuendos m\u00e1s","breadcrumb":{"@id":"https:\/\/graziamagazine.com\/mx\/articles\/emily-paris-looks-destacados-serie\/#breadcrumb"},"inLanguage":"es-MX","potentialAction":[{"@type":"ReadAction","target":["https:\/\/graziamagazine.com\/mx\/articles\/emily-paris-looks-destacados-serie\/"]}]},{"@type":"BreadcrumbList","@id":"https:\/\/graziamagazine.com\/mx\/articles\/emily-paris-looks-destacados-serie\/#breadcrumb","itemListElement":[{"@type":"ListItem","position":1,"name":"Home","item":"https:\/\/graziamagazine.com\/mx\/"},{"@type":"ListItem","position":2,"name":"Emily in Paris y los looks m\u00e1s destacados de la serie"}]},{"@type":"WebSite","@id":"https:\/\/graziamagazine.com\/mx\/#website","url":"https:\/\/graziamagazine.com\/mx\/","name":"Grazia M\u00e9xico y Latinoam\u00e9rica","description":"Grazia es moda, belleza y noticias  de actualidad ","potentialAction":[{"@type":"SearchAction","target":{"@type":"EntryPoint","urlTemplate":"https:\/\/graziamagazine.com\/mx\/?s={search_term_string}"},"query-input":"required name=search_term_string"}],"inLanguage":"es-MX"}]}},"jetpack_sharing_enabled":true,"distributor_meta":false,"distributor_terms":false,"distributor_media":false,"distributor_original_site_name":"Grazia M\u00e9xico y Latinoam\u00e9rica","distributor_original_site_url":"https:\/\/graziamagazine.com\/mx","push-errors":false,"_links":{"self":[{"href":"https:\/\/graziamagazine.com\/mx\/wp-json\/wp\/v2\/articles\/120149"}],"collection":[{"href":"https:\/\/graziamagazine.com\/mx\/wp-json\/wp\/v2\/articles"}],"about":[{"href":"https:\/\/graziamagazine.com\/mx\/wp-json\/wp\/v2\/types\/articles"}],"author":[{"embeddable":true,"href":"https:\/\/graziamagazine.com\/mx\/wp-json\/wp\/v2\/users\/36289"}],"wp:featuredmedia":[{"embeddable":true,"href":"https:\/\/graziamagazine.com\/mx\/wp-json\/wp\/v2\/media\/120154"}],"wp:attachment":[{"href":"https:\/\/graziamagazine.com\/mx\/wp-json\/wp\/v2\/media?parent=120149"}],"wp:term":[{"taxonomy":"category","embeddable":true,"href":"https:\/\/graziamagazine.com\/mx\/wp-json\/wp\/v2\/categories?post=120149"}],"curies":[{"name":"wp","href":"https:\/\/api.w.org\/{rel}","templated":true}]}}