{"id":120045,"date":"2022-12-22T12:44:37","date_gmt":"2022-12-22T17:44:37","guid":{"rendered":"https:\/\/graziamagazine.com\/mx\/?post_type=articles&#038;p=120045"},"modified":"2022-12-22T17:40:34","modified_gmt":"2022-12-22T22:40:34","slug":"gucci-valigeria-abre-su-primera-tienda-en-paris","status":"publish","type":"articles","link":"https:\/\/graziamagazine.com\/mx\/articles\/gucci-valigeria-abre-su-primera-tienda-en-paris\/","title":{"rendered":"Gucci Valigeria abre su primera tienda en Par\u00eds"},"content":{"rendered":"<p><span style=\"font-weight: 400\"><strong>Gucci<\/strong> aterriz\u00f3 en la Rue Saint-Honor\u00e9 de Par\u00eds para inaugurar su primera boutique permanente dedicada a su l\u00ednea de viajes <strong>Gucci Valigeria<\/strong>, que incluye desde ba\u00fales \u00fanicos hasta maletas de aluminio y nylon regenerado.<\/span><\/p>\n<p><span style=\"font-weight: 400\">Ubicada frente a Moynat y a pocas puertas de Goyard en un espacio anteriormente ocupado por Off-White, la tienda de 890 metros cuadrados ubicada en 229 Rue Saint-Honor\u00e9 abri\u00f3 el martes 20 de diciembre.<\/span><\/p>\n<p><span style=\"font-weight: 400\">\u201cLa apertura de nuestra primera boutique Gucci Valigeria en Rue Saint-Honor\u00e9 representa la siguiente etapa en nuestra estrategia en curso para reforzar nuestro liderazgo en la categor\u00eda de viajes\u201d, dijo el presidente y director ejecutivo de la casa italiana, Marco Bizzarri, en un comunicado.<\/span><\/p>\n<p><span style=\"font-weight: 400\">La gama de viaje tiene un lugar especial en la casa de moda, ya que los ba\u00fales, las maletas y las sombrereras fueron los primeros art\u00edculos que ofreci\u00f3 el fundador <strong>Guccio Gucci despu\u00e9s de abrir su tienda en Florencia en 1921.<\/strong><\/span><\/p>\n<p><span style=\"font-weight: 400\">Bizzari explic\u00f3 que el concepto de las ubicaciones permanentes de la l\u00ednea de viaje se inspir\u00f3 a la vez en la tienda florentina original y en una ventana emergente de tres meses en Londres que coincidi\u00f3 con el lanzamiento de la l\u00ednea de equipaje Savoy que comenz\u00f3 en octubre.<\/span><\/p>\n<p><span style=\"font-weight: 400\">La residencia de tres meses en Londres, que concluye a finales de este a\u00f1o, hizo un gui\u00f1o a su historia de origen al hacerse cargo de la <strong>tienda de t\u00e9 en The Savoy en Londres<\/strong>, donde Guccio Gucci hab\u00eda sido maletero a principios del siglo XX. Sus observaciones de los invitados que entraban y sal\u00edan con su equipaje lo inspiraron a iniciar un taller de equipaje artesanal.<\/span><\/p>\n<p><span style=\"font-weight: 400\">\u201cGucci Valigeria es un poderoso recordatorio de nuestras ra\u00edces florentinas y nuestra artesan\u00eda atemporal\u201d, dijo Bizzarri, llamando a la l\u00ednea un \u201cs\u00edmbolo del legado de Gucci, reinterpretado a trav\u00e9s de los tiempos para los viajeros y exploradores modernos de todas las \u00e9pocas\u201d.<\/span><\/p>\n<p style=\"text-align: center\"><img loading=\"lazy\" decoding=\"async\" class=\"alignnone wp-image-120046 size-large\" src=\"https:\/\/graziamagazine.com\/mx\/wp-content\/uploads\/sites\/13\/2022\/12\/Captura-de-Pantalla-2022-12-22-a-las-10.19.29.png?w=771\" alt=\"\" width=\"771\" height=\"581\" \/><\/p>\n<p><span style=\"font-weight: 400\">La tienda de Saint-Honor\u00e9, en particular, se cre\u00f3 para ser \u201cun portal a nuestro mundo de viajes y descubrimientos en constante expansi\u00f3n\u201d, continu\u00f3 el ejecutivo.<\/span><\/p>\n<p><span style=\"font-weight: 400\">La boutique de equipaje se distribuye en dos pisos inspirados en el apogeo de los viajes en tren durante la <\/span><i><span style=\"font-weight: 400\">Belle-\u00c9poque<\/span><\/i><span style=\"font-weight: 400\">, l\u00e1mparas antiguas y m\u00e1s. Los escaparates se inspiran en los carritos de equipaje, mientras que las superficies de lona de tonos neutros del interior y los muebles y acabados de nogal oscuro dan una impresi\u00f3n de opulencia muy transitada.<\/span><\/p>\n<p><span style=\"font-weight: 400\">La planta baja, por su parte, evoca a una estaci\u00f3n de tren, con la caja registradora disfrazada de mostrador de bienvenida y montones de equipaje como decoraci\u00f3n. Aqu\u00ed hay elementos esenciales de viaje como pijamas, antifaces, productos de belleza y accesorios para mascotas. Las versiones de piel ex\u00f3tica de su bolsa de fin de semana y sus exclusivos ba\u00fales tambi\u00e9n ocupan un lugar destacado.<\/span><\/p>\n<p><span style=\"font-weight: 400\">Finalmente, en el primer piso las estanter\u00edas de lat\u00f3n hacen referencia a los bastidores que se encuentran en los trenes antiguos, mientras que el techo sigue el modelo del techo arqueado de los vagones. Una alfombra tejida en telar con un motivo de tart\u00e1n y lujosos asientos tipo banqueta le dan un ambiente acogedor.<\/span><\/p>\n<p><iframe loading=\"lazy\" title=\"Ryan Gosling for Gucci Valigeria\" width=\"500\" height=\"281\" src=\"https:\/\/www.youtube.com\/embed\/752ACQaG0CY?feature=oembed\" frameborder=\"0\" allow=\"accelerometer; autoplay; clipboard-write; encrypted-media; gyroscope; picture-in-picture\" allowfullscreen><\/iframe><\/p>\n","protected":false},"author":11628,"featured_media":120047,"template":"","format":"standard","categories":[4],"acf":[],"yoast_head":"<!-- This site is optimized with the Yoast SEO Premium plugin v18.5 (Yoast SEO v20.4) - https:\/\/yoast.com\/wordpress\/plugins\/seo\/ -->\n<title>Gucci Valigeria abre su primera tienda en Par\u00eds | Grazia M\u00e9xico y Latinoam\u00e9rica<\/title>\n<meta name=\"description\" content=\"Gucci aterriz\u00f3 en la Rue Saint-Honor\u00e9 de Par\u00eds para inaugurar su primera boutique permanente dedicada a su l\u00ednea de viajes Gucci Valigeria, que incluye\" \/>\n<meta name=\"robots\" content=\"index, follow, max-snippet:-1, max-image-preview:large, max-video-preview:-1\" \/>\n<link rel=\"canonical\" href=\"https:\/\/graziamagazine.com\/mx\/articles\/gucci-valigeria-abre-su-primera-tienda-en-paris\/\" \/>\n<meta property=\"og:locale\" content=\"es_MX\" \/>\n<meta property=\"og:type\" content=\"article\" \/>\n<meta property=\"og:title\" content=\"Gucci Valigeria abre su primera tienda en Par\u00eds\" \/>\n<meta property=\"og:description\" content=\"Gucci aterriz\u00f3 en la Rue Saint-Honor\u00e9 de Par\u00eds para inaugurar su primera boutique permanente dedicada a su l\u00ednea de viajes Gucci Valigeria, que incluye\" \/>\n<meta property=\"og:url\" content=\"https:\/\/graziamagazine.com\/mx\/articles\/gucci-valigeria-abre-su-primera-tienda-en-paris\/\" \/>\n<meta property=\"og:site_name\" content=\"Grazia M\u00e9xico y Latinoam\u00e9rica\" \/>\n<meta property=\"article:modified_time\" content=\"2022-12-22T22:40:34+00:00\" \/>\n<meta property=\"og:image\" content=\"https:\/\/graziamagazine.com\/mx\/wp-content\/uploads\/sites\/13\/2022\/12\/Captura-de-Pantalla-2022-12-22-a-las-10.18.34.png\" \/>\n\t<meta property=\"og:image:width\" content=\"874\" \/>\n\t<meta property=\"og:image:height\" content=\"515\" \/>\n\t<meta property=\"og:image:type\" content=\"image\/png\" \/>\n<meta name=\"twitter:card\" content=\"summary_large_image\" \/>\n<meta name=\"twitter:label1\" content=\"Est. reading time\" \/>\n\t<meta name=\"twitter:data1\" content=\"3 minutos\" \/>\n<script type=\"application\/ld+json\" class=\"yoast-schema-graph\">{\"@context\":\"https:\/\/schema.org\",\"@graph\":[{\"@type\":\"WebPage\",\"@id\":\"https:\/\/graziamagazine.com\/mx\/articles\/gucci-valigeria-abre-su-primera-tienda-en-paris\/\",\"url\":\"https:\/\/graziamagazine.com\/mx\/articles\/gucci-valigeria-abre-su-primera-tienda-en-paris\/\",\"name\":\"Gucci Valigeria abre su primera tienda en Par\u00eds | Grazia M\u00e9xico y Latinoam\u00e9rica\",\"isPartOf\":{\"@id\":\"https:\/\/graziamagazine.com\/mx\/#website\"},\"datePublished\":\"2022-12-22T17:44:37+00:00\",\"dateModified\":\"2022-12-22T22:40:34+00:00\",\"description\":\"Gucci aterriz\u00f3 en la Rue Saint-Honor\u00e9 de Par\u00eds para inaugurar su primera boutique permanente dedicada a su l\u00ednea de viajes Gucci Valigeria, que incluye\",\"breadcrumb\":{\"@id\":\"https:\/\/graziamagazine.com\/mx\/articles\/gucci-valigeria-abre-su-primera-tienda-en-paris\/#breadcrumb\"},\"inLanguage\":\"es-MX\",\"potentialAction\":[{\"@type\":\"ReadAction\",\"target\":[\"https:\/\/graziamagazine.com\/mx\/articles\/gucci-valigeria-abre-su-primera-tienda-en-paris\/\"]}]},{\"@type\":\"BreadcrumbList\",\"@id\":\"https:\/\/graziamagazine.com\/mx\/articles\/gucci-valigeria-abre-su-primera-tienda-en-paris\/#breadcrumb\",\"itemListElement\":[{\"@type\":\"ListItem\",\"position\":1,\"name\":\"Home\",\"item\":\"https:\/\/graziamagazine.com\/mx\/\"},{\"@type\":\"ListItem\",\"position\":2,\"name\":\"Gucci Valigeria abre su primera tienda en Par\u00eds\"}]},{\"@type\":\"WebSite\",\"@id\":\"https:\/\/graziamagazine.com\/mx\/#website\",\"url\":\"https:\/\/graziamagazine.com\/mx\/\",\"name\":\"Grazia M\u00e9xico y Latinoam\u00e9rica\",\"description\":\"Grazia es moda, belleza y noticias  de actualidad \",\"potentialAction\":[{\"@type\":\"SearchAction\",\"target\":{\"@type\":\"EntryPoint\",\"urlTemplate\":\"https:\/\/graziamagazine.com\/mx\/?s={search_term_string}\"},\"query-input\":\"required name=search_term_string\"}],\"inLanguage\":\"es-MX\"}]}<\/script>\n<!-- \/ Yoast SEO Premium plugin. -->","yoast_head_json":{"title":"Gucci Valigeria abre su primera tienda en Par\u00eds | Grazia M\u00e9xico y Latinoam\u00e9rica","description":"Gucci aterriz\u00f3 en la Rue Saint-Honor\u00e9 de Par\u00eds para inaugurar su primera boutique permanente dedicada a su l\u00ednea de viajes Gucci Valigeria, que incluye","robots":{"index":"index","follow":"follow","max-snippet":"max-snippet:-1","max-image-preview":"max-image-preview:large","max-video-preview":"max-video-preview:-1"},"canonical":"https:\/\/graziamagazine.com\/mx\/articles\/gucci-valigeria-abre-su-primera-tienda-en-paris\/","og_locale":"es_MX","og_type":"article","og_title":"Gucci Valigeria abre su primera tienda en Par\u00eds","og_description":"Gucci aterriz\u00f3 en la Rue Saint-Honor\u00e9 de Par\u00eds para inaugurar su primera boutique permanente dedicada a su l\u00ednea de viajes Gucci Valigeria, que incluye","og_url":"https:\/\/graziamagazine.com\/mx\/articles\/gucci-valigeria-abre-su-primera-tienda-en-paris\/","og_site_name":"Grazia M\u00e9xico y Latinoam\u00e9rica","article_modified_time":"2022-12-22T22:40:34+00:00","og_image":[{"width":874,"height":515,"url":"https:\/\/graziamagazine.com\/mx\/wp-content\/uploads\/sites\/13\/2022\/12\/Captura-de-Pantalla-2022-12-22-a-las-10.18.34.png","type":"image\/png"}],"twitter_card":"summary_large_image","twitter_misc":{"Est. reading time":"3 minutos"},"schema":{"@context":"https:\/\/schema.org","@graph":[{"@type":"WebPage","@id":"https:\/\/graziamagazine.com\/mx\/articles\/gucci-valigeria-abre-su-primera-tienda-en-paris\/","url":"https:\/\/graziamagazine.com\/mx\/articles\/gucci-valigeria-abre-su-primera-tienda-en-paris\/","name":"Gucci Valigeria abre su primera tienda en Par\u00eds | Grazia M\u00e9xico y Latinoam\u00e9rica","isPartOf":{"@id":"https:\/\/graziamagazine.com\/mx\/#website"},"datePublished":"2022-12-22T17:44:37+00:00","dateModified":"2022-12-22T22:40:34+00:00","description":"Gucci aterriz\u00f3 en la Rue Saint-Honor\u00e9 de Par\u00eds para inaugurar su primera boutique permanente dedicada a su l\u00ednea de viajes Gucci Valigeria, que incluye","breadcrumb":{"@id":"https:\/\/graziamagazine.com\/mx\/articles\/gucci-valigeria-abre-su-primera-tienda-en-paris\/#breadcrumb"},"inLanguage":"es-MX","potentialAction":[{"@type":"ReadAction","target":["https:\/\/graziamagazine.com\/mx\/articles\/gucci-valigeria-abre-su-primera-tienda-en-paris\/"]}]},{"@type":"BreadcrumbList","@id":"https:\/\/graziamagazine.com\/mx\/articles\/gucci-valigeria-abre-su-primera-tienda-en-paris\/#breadcrumb","itemListElement":[{"@type":"ListItem","position":1,"name":"Home","item":"https:\/\/graziamagazine.com\/mx\/"},{"@type":"ListItem","position":2,"name":"Gucci Valigeria abre su primera tienda en Par\u00eds"}]},{"@type":"WebSite","@id":"https:\/\/graziamagazine.com\/mx\/#website","url":"https:\/\/graziamagazine.com\/mx\/","name":"Grazia M\u00e9xico y Latinoam\u00e9rica","description":"Grazia es moda, belleza y noticias  de actualidad ","potentialAction":[{"@type":"SearchAction","target":{"@type":"EntryPoint","urlTemplate":"https:\/\/graziamagazine.com\/mx\/?s={search_term_string}"},"query-input":"required name=search_term_string"}],"inLanguage":"es-MX"}]}},"jetpack_sharing_enabled":true,"distributor_meta":false,"distributor_terms":false,"distributor_media":false,"distributor_original_site_name":"Grazia M\u00e9xico y Latinoam\u00e9rica","distributor_original_site_url":"https:\/\/graziamagazine.com\/mx","push-errors":false,"_links":{"self":[{"href":"https:\/\/graziamagazine.com\/mx\/wp-json\/wp\/v2\/articles\/120045"}],"collection":[{"href":"https:\/\/graziamagazine.com\/mx\/wp-json\/wp\/v2\/articles"}],"about":[{"href":"https:\/\/graziamagazine.com\/mx\/wp-json\/wp\/v2\/types\/articles"}],"author":[{"embeddable":true,"href":"https:\/\/graziamagazine.com\/mx\/wp-json\/wp\/v2\/users\/11628"}],"wp:featuredmedia":[{"embeddable":true,"href":"https:\/\/graziamagazine.com\/mx\/wp-json\/wp\/v2\/media\/120047"}],"wp:attachment":[{"href":"https:\/\/graziamagazine.com\/mx\/wp-json\/wp\/v2\/media?parent=120045"}],"wp:term":[{"taxonomy":"category","embeddable":true,"href":"https:\/\/graziamagazine.com\/mx\/wp-json\/wp\/v2\/categories?post=120045"}],"curies":[{"name":"wp","href":"https:\/\/api.w.org\/{rel}","templated":true}]}}