{"id":119973,"date":"2022-12-21T00:16:28","date_gmt":"2022-12-21T05:16:28","guid":{"rendered":"https:\/\/graziamagazine.com\/mx\/?post_type=articles&#038;p=119973"},"modified":"2022-12-21T00:18:59","modified_gmt":"2022-12-21T05:18:59","slug":"harvey-weinstein-es-declarado-culpable-de-violacion-en-su-segundo-juicio","status":"publish","type":"articles","link":"https:\/\/graziamagazine.com\/mx\/articles\/harvey-weinstein-es-declarado-culpable-de-violacion-en-su-segundo-juicio\/","title":{"rendered":"Harvey Weinstein es declarado culpable de violaci\u00f3n en su segundo juicio"},"content":{"rendered":"<p><span style=\"font-weight: 400\">El productor de cine que fue acusado de acoso y decenas de abusos sexuales, <strong>Harvey Weinstein<\/strong>, fue <strong>declarado culpable de violaci\u00f3n<\/strong> este lunes 19 de diciembre en un juicio en Los \u00c1ngeles, cinco a\u00f1os despu\u00e9s de convertirse en el antagonista del movimiento <em><strong>#MeToo.<\/strong><\/em><\/span><\/p>\n<p><span style=\"font-weight: 400\">Despu\u00e9s de deliberar durante nueve d\u00edas, el jurado de ocho hombres y cuatro mujeres lleg\u00f3 a un veredicto en el <strong>segundo juicio penal que enfrenta Weinstein<\/strong>, tras estar cumpliendo ya dos a\u00f1os de la primera sentencia de 23 a\u00f1os por violaci\u00f3n y agresi\u00f3n sexual con condena en Nueva York.<\/span><span style=\"font-weight: 400\">\u00a0 \u00a0 \u00a0 \u00a0 \u00a0 \u00a0 \u00a0 \u00a0 \u00a0 \u00a0 \u00a0 \u00a0 \u00a0 \u00a0 \u00a0 \u00a0 \u00a0 \u00a0 \u00a0 \u00a0 \u00a0 \u00a0 \u00a0 \u00a0 \u00a0 \u00a0 \u00a0 \u00a0 \u00a0 \u00a0 \u00a0 \u00a0 \u00a0 \u00a0 \u00a0 \u00a0<\/span><\/p>\n<p><span style=\"font-weight: 400\">Harvey Weinstein, de 70 a\u00f1os, fue declarado culpable de violaci\u00f3n, sexo oral forzado y otro cargo de conducta sexual inapropiada que involucraba a una mujer conocida como Jane Doe 1. El jurado estuvo pendiente de varios cargos, en particular de los que involucran a Jennifer Siebel Newsom, la esposa del gobernador de California, Gavin Newsom.\u00a0<\/span><\/p>\n<p><span style=\"font-weight: 400\">El jurado inform\u00f3 que no pudo llegar a veredictos sobre sus alegatos y los alegatos de otra mujer, por lo que se declar\u00f3 un juicio nulo por esos cargos. El productor tambi\u00e9n fue absuelto de una acusaci\u00f3n de agresi\u00f3n sexual hecha por otra mujer.<\/span><\/p>\n<p><span style=\"font-weight: 400\">Con la culpabilidad emitida en este juicio, Weinstein enfrenta hasta 24 a\u00f1os de prisi\u00f3n, aunque falta la lectura de la sentencia.\u00a0<\/span><\/p>\n<p><span style=\"font-weight: 400\">&#8220;Harvey Weinstein nunca podr\u00e1 violar a otra mujer. Pasar\u00e1 el resto de su vida tras las rejas, donde pertenece. A lo largo del juicio, los abogados de Weinstein utilizaron t\u00e1cticas de sexismo, misoginia y acoso para intimidarnos, degradarnos y ridiculizarnos a los sobrevivientes. El juicio fue un claro recordatorio de que nosotros, como sociedad, tenemos trabajo que hacer&#8221;, dijo Jennifer Siebel Newsom en un comunicado.\u00a0<\/span><\/p>\n<p><span style=\"font-weight: 400\">&#8220;Es hora de que termine el reinado de terror del acusado. Es hora de que el hacedor de reyes sea llevado ante la justicia&#8221;, dijo por su parte la fiscal adjunta de distrito, Marlene Mart\u00ednez.<\/span><\/p>\n<p><span style=\"font-weight: 400\">A falta de pruebas forenses o relatos de testigos oculares de las agresiones que, seg\u00fan los acusadores de Weinstein, ocurrieron entre 2005 y 2013, el caso depend\u00eda en gran medida de las historias y la credibilidad de las cuatro mujeres en el centro de los cargos.<\/span><\/p>\n<p><span style=\"font-weight: 400\">Los fiscales llamaron a otros <strong>40 testigos en un intento de dar contexto y corroborar esas historias<\/strong>. Cuatro eran otras mujeres que no formaban parte de los cargos, pero que testificaron que Weinstein las viol\u00f3 o agredi\u00f3 sexualmente. Fueron llevadas al estrado para establecer un patr\u00f3n de depredaci\u00f3n sexual.<\/span><\/p>\n<p><span style=\"font-weight: 400\">Weinstein venci\u00f3 otros cuatro cargos por delitos graves incluso antes de que terminara el juicio cuando los fiscales dijeron que una mujer a la que fue acusado de violar dos veces y agredir sexualmente dos veces no comparecer\u00eda para testificar. La jueza Lisa Lench desestim\u00f3 esos cargos.<\/span><\/p>\n<p><span style=\"font-weight: 400\">La condena de Harvey Weinstein en Nueva York sobrevivi\u00f3 a una apelaci\u00f3n a la sentencia del primer juicio, pero el caso ser\u00e1 escuchado por el tribunal supremo del estado el pr\u00f3ximo a\u00f1o. La condena de California, que tambi\u00e9n es probable que sea apelada, significa que no saldr\u00e1 libre incluso si se anula la condena de la Costa Este.<\/span><\/p>\n","protected":false},"author":11628,"featured_media":81974,"template":"","format":"standard","categories":[12517],"acf":[],"yoast_head":"<!-- This site is optimized with the Yoast SEO Premium plugin v18.5 (Yoast SEO v20.4) - https:\/\/yoast.com\/wordpress\/plugins\/seo\/ -->\n<title>Harvey Weinstein es declarado culpable de violaci\u00f3n en su segundo juicio<\/title>\n<meta name=\"description\" content=\"El productor de cine que fue acusado de acoso y decenas de abusos sexuales, Harvey Weinstein, fue declarado culpable de violaci\u00f3n este lunes 19 de\" \/>\n<meta name=\"robots\" content=\"index, follow, max-snippet:-1, max-image-preview:large, max-video-preview:-1\" \/>\n<link rel=\"canonical\" href=\"https:\/\/graziamagazine.com\/mx\/articles\/harvey-weinstein-es-declarado-culpable-de-violacion-en-su-segundo-juicio\/\" \/>\n<meta property=\"og:locale\" content=\"es_MX\" \/>\n<meta property=\"og:type\" content=\"article\" \/>\n<meta property=\"og:title\" content=\"Harvey Weinstein es declarado culpable de violaci\u00f3n en su segundo juicio\" \/>\n<meta property=\"og:description\" content=\"El productor de cine que fue acusado de acoso y decenas de abusos sexuales, Harvey Weinstein, fue declarado culpable de violaci\u00f3n este lunes 19 de\" \/>\n<meta property=\"og:url\" content=\"https:\/\/graziamagazine.com\/mx\/articles\/harvey-weinstein-es-declarado-culpable-de-violacion-en-su-segundo-juicio\/\" \/>\n<meta property=\"og:site_name\" content=\"Grazia M\u00e9xico y Latinoam\u00e9rica\" \/>\n<meta property=\"article:modified_time\" content=\"2022-12-21T05:18:59+00:00\" \/>\n<meta property=\"og:image\" content=\"https:\/\/graziamagazine.com\/mx\/wp-content\/uploads\/sites\/13\/2020\/03\/harvey-weinstein-es-condenado-a-23-anos-de-carcel-destacadaa.jpg\" \/>\n\t<meta property=\"og:image:width\" content=\"1417\" \/>\n\t<meta property=\"og:image:height\" content=\"945\" \/>\n\t<meta property=\"og:image:type\" content=\"image\/jpeg\" \/>\n<meta name=\"twitter:card\" content=\"summary_large_image\" \/>\n<meta name=\"twitter:label1\" content=\"Est. reading time\" \/>\n\t<meta name=\"twitter:data1\" content=\"3 minutos\" \/>\n<script type=\"application\/ld+json\" class=\"yoast-schema-graph\">{\"@context\":\"https:\/\/schema.org\",\"@graph\":[{\"@type\":\"WebPage\",\"@id\":\"https:\/\/graziamagazine.com\/mx\/articles\/harvey-weinstein-es-declarado-culpable-de-violacion-en-su-segundo-juicio\/\",\"url\":\"https:\/\/graziamagazine.com\/mx\/articles\/harvey-weinstein-es-declarado-culpable-de-violacion-en-su-segundo-juicio\/\",\"name\":\"Harvey Weinstein es declarado culpable de violaci\u00f3n en su segundo juicio\",\"isPartOf\":{\"@id\":\"https:\/\/graziamagazine.com\/mx\/#website\"},\"datePublished\":\"2022-12-21T05:16:28+00:00\",\"dateModified\":\"2022-12-21T05:18:59+00:00\",\"description\":\"El productor de cine que fue acusado de acoso y decenas de abusos sexuales, Harvey Weinstein, fue declarado culpable de violaci\u00f3n este lunes 19 de\",\"breadcrumb\":{\"@id\":\"https:\/\/graziamagazine.com\/mx\/articles\/harvey-weinstein-es-declarado-culpable-de-violacion-en-su-segundo-juicio\/#breadcrumb\"},\"inLanguage\":\"es-MX\",\"potentialAction\":[{\"@type\":\"ReadAction\",\"target\":[\"https:\/\/graziamagazine.com\/mx\/articles\/harvey-weinstein-es-declarado-culpable-de-violacion-en-su-segundo-juicio\/\"]}]},{\"@type\":\"BreadcrumbList\",\"@id\":\"https:\/\/graziamagazine.com\/mx\/articles\/harvey-weinstein-es-declarado-culpable-de-violacion-en-su-segundo-juicio\/#breadcrumb\",\"itemListElement\":[{\"@type\":\"ListItem\",\"position\":1,\"name\":\"Home\",\"item\":\"https:\/\/graziamagazine.com\/mx\/\"},{\"@type\":\"ListItem\",\"position\":2,\"name\":\"Harvey Weinstein es declarado culpable de violaci\u00f3n en su segundo juicio\"}]},{\"@type\":\"WebSite\",\"@id\":\"https:\/\/graziamagazine.com\/mx\/#website\",\"url\":\"https:\/\/graziamagazine.com\/mx\/\",\"name\":\"Grazia M\u00e9xico y Latinoam\u00e9rica\",\"description\":\"Grazia es moda, belleza y noticias  de actualidad \",\"potentialAction\":[{\"@type\":\"SearchAction\",\"target\":{\"@type\":\"EntryPoint\",\"urlTemplate\":\"https:\/\/graziamagazine.com\/mx\/?s={search_term_string}\"},\"query-input\":\"required name=search_term_string\"}],\"inLanguage\":\"es-MX\"}]}<\/script>\n<!-- \/ Yoast SEO Premium plugin. -->","yoast_head_json":{"title":"Harvey Weinstein es declarado culpable de violaci\u00f3n en su segundo juicio","description":"El productor de cine que fue acusado de acoso y decenas de abusos sexuales, Harvey Weinstein, fue declarado culpable de violaci\u00f3n este lunes 19 de","robots":{"index":"index","follow":"follow","max-snippet":"max-snippet:-1","max-image-preview":"max-image-preview:large","max-video-preview":"max-video-preview:-1"},"canonical":"https:\/\/graziamagazine.com\/mx\/articles\/harvey-weinstein-es-declarado-culpable-de-violacion-en-su-segundo-juicio\/","og_locale":"es_MX","og_type":"article","og_title":"Harvey Weinstein es declarado culpable de violaci\u00f3n en su segundo juicio","og_description":"El productor de cine que fue acusado de acoso y decenas de abusos sexuales, Harvey Weinstein, fue declarado culpable de violaci\u00f3n este lunes 19 de","og_url":"https:\/\/graziamagazine.com\/mx\/articles\/harvey-weinstein-es-declarado-culpable-de-violacion-en-su-segundo-juicio\/","og_site_name":"Grazia M\u00e9xico y Latinoam\u00e9rica","article_modified_time":"2022-12-21T05:18:59+00:00","og_image":[{"width":1417,"height":945,"url":"https:\/\/graziamagazine.com\/mx\/wp-content\/uploads\/sites\/13\/2020\/03\/harvey-weinstein-es-condenado-a-23-anos-de-carcel-destacadaa.jpg","type":"image\/jpeg"}],"twitter_card":"summary_large_image","twitter_misc":{"Est. reading time":"3 minutos"},"schema":{"@context":"https:\/\/schema.org","@graph":[{"@type":"WebPage","@id":"https:\/\/graziamagazine.com\/mx\/articles\/harvey-weinstein-es-declarado-culpable-de-violacion-en-su-segundo-juicio\/","url":"https:\/\/graziamagazine.com\/mx\/articles\/harvey-weinstein-es-declarado-culpable-de-violacion-en-su-segundo-juicio\/","name":"Harvey Weinstein es declarado culpable de violaci\u00f3n en su segundo juicio","isPartOf":{"@id":"https:\/\/graziamagazine.com\/mx\/#website"},"datePublished":"2022-12-21T05:16:28+00:00","dateModified":"2022-12-21T05:18:59+00:00","description":"El productor de cine que fue acusado de acoso y decenas de abusos sexuales, Harvey Weinstein, fue declarado culpable de violaci\u00f3n este lunes 19 de","breadcrumb":{"@id":"https:\/\/graziamagazine.com\/mx\/articles\/harvey-weinstein-es-declarado-culpable-de-violacion-en-su-segundo-juicio\/#breadcrumb"},"inLanguage":"es-MX","potentialAction":[{"@type":"ReadAction","target":["https:\/\/graziamagazine.com\/mx\/articles\/harvey-weinstein-es-declarado-culpable-de-violacion-en-su-segundo-juicio\/"]}]},{"@type":"BreadcrumbList","@id":"https:\/\/graziamagazine.com\/mx\/articles\/harvey-weinstein-es-declarado-culpable-de-violacion-en-su-segundo-juicio\/#breadcrumb","itemListElement":[{"@type":"ListItem","position":1,"name":"Home","item":"https:\/\/graziamagazine.com\/mx\/"},{"@type":"ListItem","position":2,"name":"Harvey Weinstein es declarado culpable de violaci\u00f3n en su segundo juicio"}]},{"@type":"WebSite","@id":"https:\/\/graziamagazine.com\/mx\/#website","url":"https:\/\/graziamagazine.com\/mx\/","name":"Grazia M\u00e9xico y Latinoam\u00e9rica","description":"Grazia es moda, belleza y noticias  de actualidad ","potentialAction":[{"@type":"SearchAction","target":{"@type":"EntryPoint","urlTemplate":"https:\/\/graziamagazine.com\/mx\/?s={search_term_string}"},"query-input":"required name=search_term_string"}],"inLanguage":"es-MX"}]}},"jetpack_sharing_enabled":true,"distributor_meta":false,"distributor_terms":false,"distributor_media":false,"distributor_original_site_name":"Grazia M\u00e9xico y Latinoam\u00e9rica","distributor_original_site_url":"https:\/\/graziamagazine.com\/mx","push-errors":false,"_links":{"self":[{"href":"https:\/\/graziamagazine.com\/mx\/wp-json\/wp\/v2\/articles\/119973"}],"collection":[{"href":"https:\/\/graziamagazine.com\/mx\/wp-json\/wp\/v2\/articles"}],"about":[{"href":"https:\/\/graziamagazine.com\/mx\/wp-json\/wp\/v2\/types\/articles"}],"author":[{"embeddable":true,"href":"https:\/\/graziamagazine.com\/mx\/wp-json\/wp\/v2\/users\/11628"}],"wp:featuredmedia":[{"embeddable":true,"href":"https:\/\/graziamagazine.com\/mx\/wp-json\/wp\/v2\/media\/81974"}],"wp:attachment":[{"href":"https:\/\/graziamagazine.com\/mx\/wp-json\/wp\/v2\/media?parent=119973"}],"wp:term":[{"taxonomy":"category","embeddable":true,"href":"https:\/\/graziamagazine.com\/mx\/wp-json\/wp\/v2\/categories?post=119973"}],"curies":[{"name":"wp","href":"https:\/\/api.w.org\/{rel}","templated":true}]}}